{"id":247587,"date":"2025-10-24T03:38:56","date_gmt":"2025-10-24T06:38:56","guid":{"rendered":"https:\/\/www.manaus.am.gov.br\/semcom\/celebracao-gospel\/"},"modified":"2025-10-24T03:38:58","modified_gmt":"2025-10-24T06:38:58","slug":"celebracao-gospel","status":"publish","type":"post","link":"https:\/\/www.manaus.am.gov.br\/semcom\/celebracao-gospel\/","title":{"rendered":"Manaus completa 356 anos com celebra\u00e7\u00e3o gospel na Ponta Negra e show de Ana Paula Valad\u00e3o"},"content":{"rendered":"\n<p>A Prefeitura de Manaus, por meio da Funda\u00e7\u00e3o Municipal de Cultura, Turismo e Eventos (ManausCult), comemorou os 356 anos da capital amazonense, na noite desta quinta-feira, 23\/10, com uma celebra\u00e7\u00e3o gospel. A festa que reuniu muita f\u00e9, louvor e adora\u00e7\u00e3o teve shows realizados no anfiteatro da Ponta Negra, zona Oeste da capital, tendo Ana Paula Valad\u00e3o como grande atra\u00e7\u00e3o da noite.<\/p>\n\n\n\n<p>O prefeito David Almeida ressaltou que a celebra\u00e7\u00e3o gospel do anivers\u00e1rio de Manaus \u00e9 algo que foi institu\u00eddo pela sua gest\u00e3o e que neste ano tem uma das maiores atra\u00e7\u00f5es para o p\u00fablico crist\u00e3o.<\/p>\n\n\n\n<p>\u201c\u00c9 um dos maiores nomes de todos os tempos da m\u00fasica gospel no Brasil, nome que traz muita hist\u00f3ria na m\u00fasica crist\u00e3 e, sem d\u00favidas, \u00e9 uma atra\u00e7\u00e3o das mais importantes trazidas pela prefeitura. Desde que eu assumi a gest\u00e3o, n\u00f3s implementamos o anivers\u00e1rio tamb\u00e9m comemorado com o p\u00fablico gospel\u201d, disse o prefeito.&nbsp;&nbsp;&nbsp;<\/p>\n\n\n\n<p>O diretor-presidente da ManausCult, Jender Lobato, disse que o &#8220;Anivers\u00e1rio Gospel&#8221; da cidade \u00e9 uma oportunidade \u00fanica estabelecida pela prefeitura e que possibilita a vinda de artistas como Ana Paula Valad\u00e3o.&nbsp;<\/p>\n\n\n\n<p>\u201cEssa \u00e9 a iniciativa do prefeito David de criar o \u2018Anivers\u00e1rio Gospel\u2019 oportunizando as pessoas que s\u00e3o evang\u00e9licas de poder curtir esse evento. E a gente fica muito feliz e honrado, por meio da ManausCult, de poder trazer, na minha opini\u00e3o, uma das maiores bandas da hist\u00f3ria do Brasil. A popula\u00e7\u00e3o de Manaus merece, todos n\u00f3s merecemos ter eventos como este\u201d, afirmou.<\/p>\n\n\n\n<p>A celebra\u00e7\u00e3o no anfiteatro da Ponta Negra iniciou com shows de artistas locais, DJ Di Andrade, Suzy Correia, Peniel Music e J\u00f4 Souza abriram os louvores com muita adora\u00e7\u00e3o e alegria, aquecendo o p\u00fablico para o aguardado show de Ana Paula Valad\u00e3o, do minist\u00e9rio Diante do Trono. A cantora, acompanhada do filho Isaque, fechou com grande emo\u00e7\u00e3o uma noite repleta de b\u00ean\u00e7\u00e3os para os manauaras.&nbsp;<\/p>\n\n\n\n<p>A cantora contou que estava ansiosa pelo show em Manaus, por ter a oportunidade de cantar com o filho na cidade, sendo um marco para o minist\u00e9rio Diante do Trono.<\/p>\n\n\n\n<p>\u201cEst\u00e1vamos ansiosos para chegar o dia de virmos juntos. Eu creio que hoje estamos reescrevendo a hist\u00f3ria, \u00e9 um novo marco da vinda do Diante do Trono para Manaus, que \u00e9 exatamente a vinda do Isaque para falar para essa nova gera\u00e7\u00e3o que est\u00e1 amando Jesus. Ent\u00e3o, ver o meu filho e ver as novas gera\u00e7\u00f5es respondendo a Jesus, \u00e9 para isso que a gente vive\u201d, celebrou a cantora.<\/p>\n\n\n\n<p>Isaque Valad\u00e3o Bessa disse que espera que este novo ano da cidade de Manaus seja de reavivamento da chama do Evangelho nos cora\u00e7\u00f5es dos jovens da capital amazonense.&nbsp;<\/p>\n\n\n\n<p>\u201cEu creio que esse anivers\u00e1rio vai ser um marco para um novo ano, para a nova gera\u00e7\u00e3o, para os jovens, os adolescentes, at\u00e9 os pais. Vai ser um ano de reavivar, de reaquecer essa chama do Evangelho, que pode ter sido apagada, que pode ter esfriado, ent\u00e3o este novo ano vai ser um marco para todas essas pessoas\u201d, disse.<\/p>\n\n\n\n<p>O p\u00fablico gospel compareceu em grande n\u00famero para prestigiar os shows e participar deste momento de muita f\u00e9 e adora\u00e7\u00e3o com o minist\u00e9rio Diante do Trono.&nbsp;<\/p>\n\n\n\n<p>\u201c\u00c9 gratificante para a gente celebrar esse momento, porque n\u00e3o \u00e9 s\u00f3 um louvor, n\u00e3o \u00e9 s\u00f3 uma adora\u00e7\u00e3o, mas sim poder estar diante de um projeto lindo que \u00e9 o da Ana Paula Valad\u00e3o. E realmente para n\u00f3s, crist\u00e3os, \u00e9 gratificante viver esse momento\u201d, celebrou a empreendedora Jana\u00edna Santos.<\/p>\n\n\n\n<p>Nellyane, professora de educa\u00e7\u00e3o f\u00edsica, tamb\u00e9m destacou que o evento \u00e9 uma oportunidade de adorar a Deus e ainda agradeceu pela cidade de Manaus ser acolhedora.&nbsp;<\/p>\n\n\n\n<p>\u201c\u00c9 uma oportunidade de adorar a Deus. Manaus conheceu o verdadeiro criador, com a Ana Paula Valad\u00e3o. E assim, Manaus, 356 anos, s\u00e3o anos de acolhimento a minha fam\u00edlia. Eu s\u00f3 tenho a agradecer a essa cidade maravilhosa pelas grandes oportunidades que ela tem feito na minha vida\u201d, comemorou.&nbsp;<\/p>\n\n\n\n<p>Toda a estrutura para a festa de &#8220;Anivers\u00e1rio Gospel&#8221; contou com esquema especial de seguran\u00e7a, com apoio integrado dos \u00f3rg\u00e3os municipais, garantindo que o p\u00fablico aproveitasse os shows com tranquilidade e bem-estar.<\/p>\n\n\n\n<p>\u2014 \u2014 \u2014<br><strong>Texto &#8211; <\/strong>Geraldo Farias \/ Semcom<br><strong>Fotos &#8211;<\/strong> Jo\u00e3o Viana e Dhyeizo Lemos \/ Semcom-Prefeito<\/p>\n\n\n\n<p><\/p>\n","protected":false},"excerpt":{"rendered":"","protected":false},"author":68,"featured_media":247588,"comment_status":"closed","ping_status":"closed","sticky":false,"template":"","format":"standard","meta":{"footnotes":""},"categories":[1884],"tags":[7724,307,77],"acf":[],"yoast_head":"<!-- This site is optimized with the Yoast SEO plugin v23.0 - https:\/\/yoast.com\/wordpress\/plugins\/seo\/ -->\n<title>Manaus completa 356 anos com celebra\u00e7\u00e3o gospel<\/title>\n<meta name=\"description\" content=\"A Prefeitura de Manaus, comemorou os 356 anos da capital amazonense, na noite desta quinta-feira, 23\/10, com uma celebra\u00e7\u00e3o gospel.\" \/>\n<meta name=\"robots\" content=\"index, follow, max-snippet:-1, max-image-preview:large, max-video-preview:-1\" \/>\n<link rel=\"canonical\" href=\"https:\/\/www.manaus.am.gov.br\/semcom\/celebracao-gospel\/\" \/>\n<meta property=\"og:locale\" content=\"pt_BR\" \/>\n<meta property=\"og:type\" content=\"article\" \/>\n<meta property=\"og:title\" content=\"Manaus completa 356 anos com celebra\u00e7\u00e3o gospel\" \/>\n<meta property=\"og:description\" content=\"A Prefeitura de Manaus, comemorou os 356 anos da capital amazonense, na noite desta quinta-feira, 23\/10, com uma celebra\u00e7\u00e3o gospel.\" \/>\n<meta property=\"og:url\" content=\"https:\/\/www.manaus.am.gov.br\/semcom\/celebracao-gospel\/\" \/>\n<meta property=\"og:site_name\" content=\"SEMCOM\" \/>\n<meta property=\"article:published_time\" content=\"2025-10-24T06:38:56+00:00\" \/>\n<meta property=\"article:modified_time\" content=\"2025-10-24T06:38:58+00:00\" \/>\n<meta property=\"og:image\" content=\"https:\/\/www.manaus.am.gov.br\/semcom\/wp-content\/uploads\/sites\/5\/2025\/10\/WhatsApp-Image-2025-10-24-at-02.15.29.jpeg\" \/>\n\t<meta property=\"og:image:width\" content=\"1280\" \/>\n\t<meta property=\"og:image:height\" content=\"854\" \/>\n\t<meta property=\"og:image:type\" content=\"image\/jpeg\" \/>\n<meta name=\"author\" content=\"bvalente\" \/>\n<meta name=\"twitter:card\" content=\"summary_large_image\" \/>\n<meta name=\"twitter:label1\" content=\"Written by\" \/>\n\t<meta name=\"twitter:data1\" content=\"bvalente\" \/>\n\t<meta name=\"twitter:label2\" content=\"Est. reading time\" \/>\n\t<meta name=\"twitter:data2\" content=\"5 minutos\" \/>\n<script type=\"application\/ld+json\" class=\"yoast-schema-graph\">{\"@context\":\"https:\/\/schema.org\",\"@graph\":[{\"@type\":\"WebPage\",\"@id\":\"https:\/\/www.manaus.am.gov.br\/semcom\/celebracao-gospel\/\",\"url\":\"https:\/\/www.manaus.am.gov.br\/semcom\/celebracao-gospel\/\",\"name\":\"Manaus completa 356 anos com celebra\u00e7\u00e3o gospel\",\"isPartOf\":{\"@id\":\"https:\/\/www.manaus.am.gov.br\/semcom\/#website\"},\"primaryImageOfPage\":{\"@id\":\"https:\/\/www.manaus.am.gov.br\/semcom\/celebracao-gospel\/#primaryimage\"},\"image\":{\"@id\":\"https:\/\/www.manaus.am.gov.br\/semcom\/celebracao-gospel\/#primaryimage\"},\"thumbnailUrl\":\"https:\/\/www.manaus.am.gov.br\/semcom\/wp-content\/uploads\/sites\/5\/2025\/10\/WhatsApp-Image-2025-10-24-at-02.15.29.jpeg\",\"datePublished\":\"2025-10-24T06:38:56+00:00\",\"dateModified\":\"2025-10-24T06:38:58+00:00\",\"author\":{\"@id\":\"https:\/\/www.manaus.am.gov.br\/semcom\/#\/schema\/person\/466a0e03ae4b6062809046bd560ac955\"},\"description\":\"A Prefeitura de Manaus, comemorou os 356 anos da capital amazonense, na noite desta quinta-feira, 23\/10, com uma celebra\u00e7\u00e3o gospel.\",\"inLanguage\":\"pt-BR\",\"potentialAction\":[{\"@type\":\"ReadAction\",\"target\":[\"https:\/\/www.manaus.am.gov.br\/semcom\/celebracao-gospel\/\"]}]},{\"@type\":\"ImageObject\",\"inLanguage\":\"pt-BR\",\"@id\":\"https:\/\/www.manaus.am.gov.br\/semcom\/celebracao-gospel\/#primaryimage\",\"url\":\"https:\/\/www.manaus.am.gov.br\/semcom\/wp-content\/uploads\/sites\/5\/2025\/10\/WhatsApp-Image-2025-10-24-at-02.15.29.jpeg\",\"contentUrl\":\"https:\/\/www.manaus.am.gov.br\/semcom\/wp-content\/uploads\/sites\/5\/2025\/10\/WhatsApp-Image-2025-10-24-at-02.15.29.jpeg\",\"width\":1280,\"height\":854,\"caption\":\"#paratodosverem \u2013 Imagem a\u00e9rea de p\u00fablico na Ponta Negra\"},{\"@type\":\"WebSite\",\"@id\":\"https:\/\/www.manaus.am.gov.br\/semcom\/#website\",\"url\":\"https:\/\/www.manaus.am.gov.br\/semcom\/\",\"name\":\"SEMCOM\",\"description\":\"Secretaria Municipal de Comunica\u00e7\u00e3o\",\"potentialAction\":[{\"@type\":\"SearchAction\",\"target\":{\"@type\":\"EntryPoint\",\"urlTemplate\":\"https:\/\/www.manaus.am.gov.br\/semcom\/?s={search_term_string}\"},\"query-input\":\"required name=search_term_string\"}],\"inLanguage\":\"pt-BR\"},{\"@type\":\"Person\",\"@id\":\"https:\/\/www.manaus.am.gov.br\/semcom\/#\/schema\/person\/466a0e03ae4b6062809046bd560ac955\",\"name\":\"bvalente\",\"image\":{\"@type\":\"ImageObject\",\"inLanguage\":\"pt-BR\",\"@id\":\"https:\/\/www.manaus.am.gov.br\/semcom\/#\/schema\/person\/image\/\",\"url\":\"https:\/\/secure.gravatar.com\/avatar\/3e69bc2b014bdad41adfec3a39de07d2?s=96&d=mm&r=g\",\"contentUrl\":\"https:\/\/secure.gravatar.com\/avatar\/3e69bc2b014bdad41adfec3a39de07d2?s=96&d=mm&r=g\",\"caption\":\"bvalente\"}}]}<\/script>\n<!-- \/ Yoast SEO plugin. -->","yoast_head_json":{"title":"Manaus completa 356 anos com celebra\u00e7\u00e3o gospel","description":"A Prefeitura de Manaus, comemorou os 356 anos da capital amazonense, na noite desta quinta-feira, 23\/10, com uma celebra\u00e7\u00e3o gospel.","robots":{"index":"index","follow":"follow","max-snippet":"max-snippet:-1","max-image-preview":"max-image-preview:large","max-video-preview":"max-video-preview:-1"},"canonical":"https:\/\/www.manaus.am.gov.br\/semcom\/celebracao-gospel\/","og_locale":"pt_BR","og_type":"article","og_title":"Manaus completa 356 anos com celebra\u00e7\u00e3o gospel","og_description":"A Prefeitura de Manaus, comemorou os 356 anos da capital amazonense, na noite desta quinta-feira, 23\/10, com uma celebra\u00e7\u00e3o gospel.","og_url":"https:\/\/www.manaus.am.gov.br\/semcom\/celebracao-gospel\/","og_site_name":"SEMCOM","article_published_time":"2025-10-24T06:38:56+00:00","article_modified_time":"2025-10-24T06:38:58+00:00","og_image":[{"width":1280,"height":854,"url":"https:\/\/www.manaus.am.gov.br\/semcom\/wp-content\/uploads\/sites\/5\/2025\/10\/WhatsApp-Image-2025-10-24-at-02.15.29.jpeg","type":"image\/jpeg"}],"author":"bvalente","twitter_card":"summary_large_image","twitter_misc":{"Written by":"bvalente","Est. reading time":"5 minutos"},"schema":{"@context":"https:\/\/schema.org","@graph":[{"@type":"WebPage","@id":"https:\/\/www.manaus.am.gov.br\/semcom\/celebracao-gospel\/","url":"https:\/\/www.manaus.am.gov.br\/semcom\/celebracao-gospel\/","name":"Manaus completa 356 anos com celebra\u00e7\u00e3o gospel","isPartOf":{"@id":"https:\/\/www.manaus.am.gov.br\/semcom\/#website"},"primaryImageOfPage":{"@id":"https:\/\/www.manaus.am.gov.br\/semcom\/celebracao-gospel\/#primaryimage"},"image":{"@id":"https:\/\/www.manaus.am.gov.br\/semcom\/celebracao-gospel\/#primaryimage"},"thumbnailUrl":"https:\/\/www.manaus.am.gov.br\/semcom\/wp-content\/uploads\/sites\/5\/2025\/10\/WhatsApp-Image-2025-10-24-at-02.15.29.jpeg","datePublished":"2025-10-24T06:38:56+00:00","dateModified":"2025-10-24T06:38:58+00:00","author":{"@id":"https:\/\/www.manaus.am.gov.br\/semcom\/#\/schema\/person\/466a0e03ae4b6062809046bd560ac955"},"description":"A Prefeitura de Manaus, comemorou os 356 anos da capital amazonense, na noite desta quinta-feira, 23\/10, com uma celebra\u00e7\u00e3o gospel.","inLanguage":"pt-BR","potentialAction":[{"@type":"ReadAction","target":["https:\/\/www.manaus.am.gov.br\/semcom\/celebracao-gospel\/"]}]},{"@type":"ImageObject","inLanguage":"pt-BR","@id":"https:\/\/www.manaus.am.gov.br\/semcom\/celebracao-gospel\/#primaryimage","url":"https:\/\/www.manaus.am.gov.br\/semcom\/wp-content\/uploads\/sites\/5\/2025\/10\/WhatsApp-Image-2025-10-24-at-02.15.29.jpeg","contentUrl":"https:\/\/www.manaus.am.gov.br\/semcom\/wp-content\/uploads\/sites\/5\/2025\/10\/WhatsApp-Image-2025-10-24-at-02.15.29.jpeg","width":1280,"height":854,"caption":"#paratodosverem \u2013 Imagem a\u00e9rea de p\u00fablico na Ponta Negra"},{"@type":"WebSite","@id":"https:\/\/www.manaus.am.gov.br\/semcom\/#website","url":"https:\/\/www.manaus.am.gov.br\/semcom\/","name":"SEMCOM","description":"Secretaria Municipal de Comunica\u00e7\u00e3o","potentialAction":[{"@type":"SearchAction","target":{"@type":"EntryPoint","urlTemplate":"https:\/\/www.manaus.am.gov.br\/semcom\/?s={search_term_string}"},"query-input":"required name=search_term_string"}],"inLanguage":"pt-BR"},{"@type":"Person","@id":"https:\/\/www.manaus.am.gov.br\/semcom\/#\/schema\/person\/466a0e03ae4b6062809046bd560ac955","name":"bvalente","image":{"@type":"ImageObject","inLanguage":"pt-BR","@id":"https:\/\/www.manaus.am.gov.br\/semcom\/#\/schema\/person\/image\/","url":"https:\/\/secure.gravatar.com\/avatar\/3e69bc2b014bdad41adfec3a39de07d2?s=96&d=mm&r=g","contentUrl":"https:\/\/secure.gravatar.com\/avatar\/3e69bc2b014bdad41adfec3a39de07d2?s=96&d=mm&r=g","caption":"bvalente"}}]}},"_links":{"self":[{"href":"https:\/\/www.manaus.am.gov.br\/semcom\/wp-json\/wp\/v2\/posts\/247587"}],"collection":[{"href":"https:\/\/www.manaus.am.gov.br\/semcom\/wp-json\/wp\/v2\/posts"}],"about":[{"href":"https:\/\/www.manaus.am.gov.br\/semcom\/wp-json\/wp\/v2\/types\/post"}],"author":[{"embeddable":true,"href":"https:\/\/www.manaus.am.gov.br\/semcom\/wp-json\/wp\/v2\/users\/68"}],"replies":[{"embeddable":true,"href":"https:\/\/www.manaus.am.gov.br\/semcom\/wp-json\/wp\/v2\/comments?post=247587"}],"version-history":[{"count":0,"href":"https:\/\/www.manaus.am.gov.br\/semcom\/wp-json\/wp\/v2\/posts\/247587\/revisions"}],"wp:featuredmedia":[{"embeddable":true,"href":"https:\/\/www.manaus.am.gov.br\/semcom\/wp-json\/wp\/v2\/media\/247588"}],"wp:attachment":[{"href":"https:\/\/www.manaus.am.gov.br\/semcom\/wp-json\/wp\/v2\/media?parent=247587"}],"wp:term":[{"taxonomy":"category","embeddable":true,"href":"https:\/\/www.manaus.am.gov.br\/semcom\/wp-json\/wp\/v2\/categories?post=247587"},{"taxonomy":"post_tag","embeddable":true,"href":"https:\/\/www.manaus.am.gov.br\/semcom\/wp-json\/wp\/v2\/tags?post=247587"}],"curies":[{"name":"wp","href":"https:\/\/api.w.org\/{rel}","templated":true}]}}