{"id":247583,"date":"2025-10-24T00:27:34","date_gmt":"2025-10-24T03:27:34","guid":{"rendered":"https:\/\/www.manaus.am.gov.br\/semcom\/educacao-para-o-consumo\/"},"modified":"2025-10-24T00:27:36","modified_gmt":"2025-10-24T03:27:36","slug":"educacao-para-o-consumo","status":"publish","type":"post","link":"https:\/\/www.manaus.am.gov.br\/semcom\/educacao-para-o-consumo\/","title":{"rendered":"Prefeitura refor\u00e7a educa\u00e7\u00e3o para o consumo em escola na zona Leste"},"content":{"rendered":"\n<p>A Prefeitura de Manaus, por meio do Servi\u00e7o de Atendimento e Prote\u00e7\u00e3o ao Consumidor (Procon Manaus), promoveu, nesta quinta-feira, 23\/10, mais uma edi\u00e7\u00e3o do projeto \u201cProcon Manaus nas Escolas\u201d. A iniciativa chegou \u00e0 escola municipal Armando de Souza Mendes, localizada na zona Leste da capital, levando conhecimento e orienta\u00e7\u00f5es sobre os direitos do consumidor aos estudantes.<\/p>\n\n\n\n<p>Segundo a presidente do Procon Manaus, Onilda Abreu, a\u00e7\u00f5es como essa contribuem diretamente para a forma\u00e7\u00e3o cidad\u00e3 dos jovens. \u201cA educa\u00e7\u00e3o para o consumo \u00e9 uma ferramenta poderosa para formar cidad\u00e3os mais conscientes. Quando o jovem entende seus direitos e deveres, ele se torna um multiplicador de boas pr\u00e1ticas dentro e fora da escola, fortalecendo a rela\u00e7\u00e3o de respeito e responsabilidade no ato de consumir\u201d, declarou.<\/p>\n\n\n\n<p>Os alunos participaram de atividades educativas que abordaram temas como consumo consciente, deveres do consumidor e combate a pr\u00e1ticas abusivas. A metodologia inclui v\u00eddeos explicativos, din\u00e2micas, jogos e simula\u00e7\u00f5es que tornam o aprendizado mais envolvente e acess\u00edvel, aproximando o Procon Manaus da comunidade escolar de forma leve e educativa.<\/p>\n\n\n\n<p>Entre os participantes, a estudante Maria Eduarda, 14 anos, do 9\u00ba ano, destacou o aprendizado proporcionado pela a\u00e7\u00e3o. \u201cHoje, estive participando da palestra sobre os direitos do consumidor, que o Procon Manaus veio aqui na nossa escola dar para a gente. Nesta palestra, eu aprendi muitas coisas e eu gostei muito. Tenho certeza de que todas as informa\u00e7\u00f5es, todas as coisas que cada professor ensinou para a gente hoje aqui, eu vou levar n\u00e3o s\u00f3 para casa, mas para minha vida toda\u201d, afirmou.<\/p>\n\n\n\n<p>O \u00f3rg\u00e3o segue com o compromisso de levar o projeto a outras escolas, ampliando o alcance das a\u00e7\u00f5es educativas e contribuindo para a forma\u00e7\u00e3o de jovens mais conscientes sobre seus direitos e deveres como consumidores.<\/p>\n\n\n\n<p><strong>\u2014 \u2014 \u2014<\/strong><br><strong>Texto \u2013 <\/strong>Lara Bernardes\/ Procon<br><strong>Fotos \u2013 <\/strong>Divulga\u00e7\u00e3o\/ Procon<\/p>\n","protected":false},"excerpt":{"rendered":"","protected":false},"author":68,"featured_media":247584,"comment_status":"closed","ping_status":"closed","sticky":false,"template":"","format":"standard","meta":{"footnotes":""},"categories":[268],"tags":[17631,77,9825,17106],"acf":[],"yoast_head":"<!-- This site is optimized with the Yoast SEO plugin v23.0 - https:\/\/yoast.com\/wordpress\/plugins\/seo\/ -->\n<title>Prefeitura refor\u00e7a educa\u00e7\u00e3o para o consumo em escola<\/title>\n<meta name=\"description\" content=\"A Prefeitura de Manaus, promoveu, nesta quinta-feira, 23\/10, mais uma edi\u00e7\u00e3o do projeto \u201cProcon Manaus nas Escolas\u201d.\" \/>\n<meta name=\"robots\" content=\"index, follow, max-snippet:-1, max-image-preview:large, max-video-preview:-1\" \/>\n<link rel=\"canonical\" href=\"https:\/\/www.manaus.am.gov.br\/semcom\/educacao-para-o-consumo\/\" \/>\n<meta property=\"og:locale\" content=\"pt_BR\" \/>\n<meta property=\"og:type\" content=\"article\" \/>\n<meta property=\"og:title\" content=\"Prefeitura refor\u00e7a educa\u00e7\u00e3o para o consumo em escola\" \/>\n<meta property=\"og:description\" content=\"A Prefeitura de Manaus, promoveu, nesta quinta-feira, 23\/10, mais uma edi\u00e7\u00e3o do projeto \u201cProcon Manaus nas Escolas\u201d.\" \/>\n<meta property=\"og:url\" content=\"https:\/\/www.manaus.am.gov.br\/semcom\/educacao-para-o-consumo\/\" \/>\n<meta property=\"og:site_name\" content=\"SEMCOM\" \/>\n<meta property=\"article:published_time\" content=\"2025-10-24T03:27:34+00:00\" \/>\n<meta property=\"article:modified_time\" content=\"2025-10-24T03:27:36+00:00\" \/>\n<meta property=\"og:image\" content=\"https:\/\/www.manaus.am.gov.br\/semcom\/wp-content\/uploads\/sites\/5\/2025\/10\/Prefeitura-reforca-educacao-para-o-consumo-em-escola-na-zona-Leste-2.jpeg\" \/>\n\t<meta property=\"og:image:width\" content=\"1280\" \/>\n\t<meta property=\"og:image:height\" content=\"960\" \/>\n\t<meta property=\"og:image:type\" content=\"image\/jpeg\" \/>\n<meta name=\"author\" content=\"bvalente\" \/>\n<meta name=\"twitter:card\" content=\"summary_large_image\" \/>\n<meta name=\"twitter:label1\" content=\"Written by\" \/>\n\t<meta name=\"twitter:data1\" content=\"bvalente\" \/>\n\t<meta name=\"twitter:label2\" content=\"Est. reading time\" \/>\n\t<meta name=\"twitter:data2\" content=\"2 minutos\" \/>\n<script type=\"application\/ld+json\" class=\"yoast-schema-graph\">{\"@context\":\"https:\/\/schema.org\",\"@graph\":[{\"@type\":\"WebPage\",\"@id\":\"https:\/\/www.manaus.am.gov.br\/semcom\/educacao-para-o-consumo\/\",\"url\":\"https:\/\/www.manaus.am.gov.br\/semcom\/educacao-para-o-consumo\/\",\"name\":\"Prefeitura refor\u00e7a educa\u00e7\u00e3o para o consumo em escola\",\"isPartOf\":{\"@id\":\"https:\/\/www.manaus.am.gov.br\/semcom\/#website\"},\"primaryImageOfPage\":{\"@id\":\"https:\/\/www.manaus.am.gov.br\/semcom\/educacao-para-o-consumo\/#primaryimage\"},\"image\":{\"@id\":\"https:\/\/www.manaus.am.gov.br\/semcom\/educacao-para-o-consumo\/#primaryimage\"},\"thumbnailUrl\":\"https:\/\/www.manaus.am.gov.br\/semcom\/wp-content\/uploads\/sites\/5\/2025\/10\/Prefeitura-reforca-educacao-para-o-consumo-em-escola-na-zona-Leste-2.jpeg\",\"datePublished\":\"2025-10-24T03:27:34+00:00\",\"dateModified\":\"2025-10-24T03:27:36+00:00\",\"author\":{\"@id\":\"https:\/\/www.manaus.am.gov.br\/semcom\/#\/schema\/person\/466a0e03ae4b6062809046bd560ac955\"},\"description\":\"A Prefeitura de Manaus, promoveu, nesta quinta-feira, 23\/10, mais uma edi\u00e7\u00e3o do projeto \u201cProcon Manaus nas Escolas\u201d.\",\"inLanguage\":\"pt-BR\",\"potentialAction\":[{\"@type\":\"ReadAction\",\"target\":[\"https:\/\/www.manaus.am.gov.br\/semcom\/educacao-para-o-consumo\/\"]}]},{\"@type\":\"ImageObject\",\"inLanguage\":\"pt-BR\",\"@id\":\"https:\/\/www.manaus.am.gov.br\/semcom\/educacao-para-o-consumo\/#primaryimage\",\"url\":\"https:\/\/www.manaus.am.gov.br\/semcom\/wp-content\/uploads\/sites\/5\/2025\/10\/Prefeitura-reforca-educacao-para-o-consumo-em-escola-na-zona-Leste-2.jpeg\",\"contentUrl\":\"https:\/\/www.manaus.am.gov.br\/semcom\/wp-content\/uploads\/sites\/5\/2025\/10\/Prefeitura-reforca-educacao-para-o-consumo-em-escola-na-zona-Leste-2.jpeg\",\"width\":1280,\"height\":960,\"caption\":\"#paratodosverem \u2013 Servidora do Procon distribuindo panfleto informativo durante a\u00e7\u00e3o\"},{\"@type\":\"WebSite\",\"@id\":\"https:\/\/www.manaus.am.gov.br\/semcom\/#website\",\"url\":\"https:\/\/www.manaus.am.gov.br\/semcom\/\",\"name\":\"SEMCOM\",\"description\":\"Secretaria Municipal de Comunica\u00e7\u00e3o\",\"potentialAction\":[{\"@type\":\"SearchAction\",\"target\":{\"@type\":\"EntryPoint\",\"urlTemplate\":\"https:\/\/www.manaus.am.gov.br\/semcom\/?s={search_term_string}\"},\"query-input\":\"required name=search_term_string\"}],\"inLanguage\":\"pt-BR\"},{\"@type\":\"Person\",\"@id\":\"https:\/\/www.manaus.am.gov.br\/semcom\/#\/schema\/person\/466a0e03ae4b6062809046bd560ac955\",\"name\":\"bvalente\",\"image\":{\"@type\":\"ImageObject\",\"inLanguage\":\"pt-BR\",\"@id\":\"https:\/\/www.manaus.am.gov.br\/semcom\/#\/schema\/person\/image\/\",\"url\":\"https:\/\/secure.gravatar.com\/avatar\/3e69bc2b014bdad41adfec3a39de07d2?s=96&d=mm&r=g\",\"contentUrl\":\"https:\/\/secure.gravatar.com\/avatar\/3e69bc2b014bdad41adfec3a39de07d2?s=96&d=mm&r=g\",\"caption\":\"bvalente\"}}]}<\/script>\n<!-- \/ Yoast SEO plugin. -->","yoast_head_json":{"title":"Prefeitura refor\u00e7a educa\u00e7\u00e3o para o consumo em escola","description":"A Prefeitura de Manaus, promoveu, nesta quinta-feira, 23\/10, mais uma edi\u00e7\u00e3o do projeto \u201cProcon Manaus nas Escolas\u201d.","robots":{"index":"index","follow":"follow","max-snippet":"max-snippet:-1","max-image-preview":"max-image-preview:large","max-video-preview":"max-video-preview:-1"},"canonical":"https:\/\/www.manaus.am.gov.br\/semcom\/educacao-para-o-consumo\/","og_locale":"pt_BR","og_type":"article","og_title":"Prefeitura refor\u00e7a educa\u00e7\u00e3o para o consumo em escola","og_description":"A Prefeitura de Manaus, promoveu, nesta quinta-feira, 23\/10, mais uma edi\u00e7\u00e3o do projeto \u201cProcon Manaus nas Escolas\u201d.","og_url":"https:\/\/www.manaus.am.gov.br\/semcom\/educacao-para-o-consumo\/","og_site_name":"SEMCOM","article_published_time":"2025-10-24T03:27:34+00:00","article_modified_time":"2025-10-24T03:27:36+00:00","og_image":[{"width":1280,"height":960,"url":"https:\/\/www.manaus.am.gov.br\/semcom\/wp-content\/uploads\/sites\/5\/2025\/10\/Prefeitura-reforca-educacao-para-o-consumo-em-escola-na-zona-Leste-2.jpeg","type":"image\/jpeg"}],"author":"bvalente","twitter_card":"summary_large_image","twitter_misc":{"Written by":"bvalente","Est. reading time":"2 minutos"},"schema":{"@context":"https:\/\/schema.org","@graph":[{"@type":"WebPage","@id":"https:\/\/www.manaus.am.gov.br\/semcom\/educacao-para-o-consumo\/","url":"https:\/\/www.manaus.am.gov.br\/semcom\/educacao-para-o-consumo\/","name":"Prefeitura refor\u00e7a educa\u00e7\u00e3o para o consumo em escola","isPartOf":{"@id":"https:\/\/www.manaus.am.gov.br\/semcom\/#website"},"primaryImageOfPage":{"@id":"https:\/\/www.manaus.am.gov.br\/semcom\/educacao-para-o-consumo\/#primaryimage"},"image":{"@id":"https:\/\/www.manaus.am.gov.br\/semcom\/educacao-para-o-consumo\/#primaryimage"},"thumbnailUrl":"https:\/\/www.manaus.am.gov.br\/semcom\/wp-content\/uploads\/sites\/5\/2025\/10\/Prefeitura-reforca-educacao-para-o-consumo-em-escola-na-zona-Leste-2.jpeg","datePublished":"2025-10-24T03:27:34+00:00","dateModified":"2025-10-24T03:27:36+00:00","author":{"@id":"https:\/\/www.manaus.am.gov.br\/semcom\/#\/schema\/person\/466a0e03ae4b6062809046bd560ac955"},"description":"A Prefeitura de Manaus, promoveu, nesta quinta-feira, 23\/10, mais uma edi\u00e7\u00e3o do projeto \u201cProcon Manaus nas Escolas\u201d.","inLanguage":"pt-BR","potentialAction":[{"@type":"ReadAction","target":["https:\/\/www.manaus.am.gov.br\/semcom\/educacao-para-o-consumo\/"]}]},{"@type":"ImageObject","inLanguage":"pt-BR","@id":"https:\/\/www.manaus.am.gov.br\/semcom\/educacao-para-o-consumo\/#primaryimage","url":"https:\/\/www.manaus.am.gov.br\/semcom\/wp-content\/uploads\/sites\/5\/2025\/10\/Prefeitura-reforca-educacao-para-o-consumo-em-escola-na-zona-Leste-2.jpeg","contentUrl":"https:\/\/www.manaus.am.gov.br\/semcom\/wp-content\/uploads\/sites\/5\/2025\/10\/Prefeitura-reforca-educacao-para-o-consumo-em-escola-na-zona-Leste-2.jpeg","width":1280,"height":960,"caption":"#paratodosverem \u2013 Servidora do Procon distribuindo panfleto informativo durante a\u00e7\u00e3o"},{"@type":"WebSite","@id":"https:\/\/www.manaus.am.gov.br\/semcom\/#website","url":"https:\/\/www.manaus.am.gov.br\/semcom\/","name":"SEMCOM","description":"Secretaria Municipal de Comunica\u00e7\u00e3o","potentialAction":[{"@type":"SearchAction","target":{"@type":"EntryPoint","urlTemplate":"https:\/\/www.manaus.am.gov.br\/semcom\/?s={search_term_string}"},"query-input":"required name=search_term_string"}],"inLanguage":"pt-BR"},{"@type":"Person","@id":"https:\/\/www.manaus.am.gov.br\/semcom\/#\/schema\/person\/466a0e03ae4b6062809046bd560ac955","name":"bvalente","image":{"@type":"ImageObject","inLanguage":"pt-BR","@id":"https:\/\/www.manaus.am.gov.br\/semcom\/#\/schema\/person\/image\/","url":"https:\/\/secure.gravatar.com\/avatar\/3e69bc2b014bdad41adfec3a39de07d2?s=96&d=mm&r=g","contentUrl":"https:\/\/secure.gravatar.com\/avatar\/3e69bc2b014bdad41adfec3a39de07d2?s=96&d=mm&r=g","caption":"bvalente"}}]}},"_links":{"self":[{"href":"https:\/\/www.manaus.am.gov.br\/semcom\/wp-json\/wp\/v2\/posts\/247583"}],"collection":[{"href":"https:\/\/www.manaus.am.gov.br\/semcom\/wp-json\/wp\/v2\/posts"}],"about":[{"href":"https:\/\/www.manaus.am.gov.br\/semcom\/wp-json\/wp\/v2\/types\/post"}],"author":[{"embeddable":true,"href":"https:\/\/www.manaus.am.gov.br\/semcom\/wp-json\/wp\/v2\/users\/68"}],"replies":[{"embeddable":true,"href":"https:\/\/www.manaus.am.gov.br\/semcom\/wp-json\/wp\/v2\/comments?post=247583"}],"version-history":[{"count":0,"href":"https:\/\/www.manaus.am.gov.br\/semcom\/wp-json\/wp\/v2\/posts\/247583\/revisions"}],"wp:featuredmedia":[{"embeddable":true,"href":"https:\/\/www.manaus.am.gov.br\/semcom\/wp-json\/wp\/v2\/media\/247584"}],"wp:attachment":[{"href":"https:\/\/www.manaus.am.gov.br\/semcom\/wp-json\/wp\/v2\/media?parent=247583"}],"wp:term":[{"taxonomy":"category","embeddable":true,"href":"https:\/\/www.manaus.am.gov.br\/semcom\/wp-json\/wp\/v2\/categories?post=247583"},{"taxonomy":"post_tag","embeddable":true,"href":"https:\/\/www.manaus.am.gov.br\/semcom\/wp-json\/wp\/v2\/tags?post=247583"}],"curies":[{"name":"wp","href":"https:\/\/api.w.org\/{rel}","templated":true}]}}