{"id":247573,"date":"2025-10-23T22:50:43","date_gmt":"2025-10-24T01:50:43","guid":{"rendered":"https:\/\/www.manaus.am.gov.br\/semcom\/temporada-natalina-manaus\/"},"modified":"2025-10-23T22:50:45","modified_gmt":"2025-10-24T01:50:45","slug":"temporada-natalina-manaus","status":"publish","type":"post","link":"https:\/\/www.manaus.am.gov.br\/semcom\/temporada-natalina-manaus\/","title":{"rendered":"Prefeito David Almeida abre temporada natalina e refor\u00e7a compromisso de levar alegria e desenvolvimento \u00e0 toda Manaus"},"content":{"rendered":"\n<p>O prefeito de Manaus, David Almeida, abriu oficialmente, nesta quinta-feira, 23\/10, a temporada natalina da capital com o lan\u00e7amento do projeto \u201cUm Sonho M\u00e1gico de Natal\u201d. O evento, realizado no mirante L\u00facia Almeida, no centro hist\u00f3rico, marcou o acendimento das primeiras luzes natalinas de 2025, transformando o espa\u00e7o em cen\u00e1rio festivo e acolhedor para a popula\u00e7\u00e3o.<\/p>\n\n\n\n<p>A a\u00e7\u00e3o, coordenada pelo Fundo Manaus Solid\u00e1ria (FMS), contou com desfile de fanfarra, personagens natalinos e apresenta\u00e7\u00e3o de coral, inaugurando mais de 60 dias de programa\u00e7\u00e3o cultural e art\u00edstica que v\u00e3o colorir a cidade e aquecer o fim de ano dos manauaras.<\/p>\n\n\n\n<p>O prefeito destacou que o Natal ser\u00e1 vivido de forma intensa em todas as regi\u00f5es da cidade, alcan\u00e7ando tamb\u00e9m as comunidades ribeirinhas.<\/p>\n\n\n\n<p>\u201cN\u00f3s vamos ter mais de 60 dias com muitas luzes, cores e espet\u00e1culos. O \u2018Natal das \u00c1guas\u2019 volta este ano levando esperan\u00e7a, alegria e fraternidade para os nossos irm\u00e3os ribeirinhos. Estamos trabalhando para que Manaus viva o esp\u00edrito natalino com bondade, solidariedade e uni\u00e3o\u201d, afirmou David Almeida.<\/p>\n\n\n\n<p>A programa\u00e7\u00e3o inclui atra\u00e7\u00f5es como a \u00e1rvore gigante de Natal, a casa do Papai Noel no centro e na Ponta Negra, a tradicional neve artificial, al\u00e9m da pista de gelo para patina\u00e7\u00e3o. Parques, bairros e zonas distintas da cidade tamb\u00e9m receber\u00e3o decora\u00e7\u00f5es e atra\u00e7\u00f5es, consolidando Manaus como um dos maiores polos natalinos da regi\u00e3o Norte.<\/p>\n\n\n\n<p>O prefeito ressaltou que as a\u00e7\u00f5es natalinas se somam ao projeto \u201cNosso Centro\u201d, que busca requalificar e devolver \u00e0 popula\u00e7\u00e3o espa\u00e7os hist\u00f3ricos. \u201cQueremos atrair as pessoas para o centro de Manaus, tornando-o um lugar vivo e atrativo. Vamos inaugurar a pra\u00e7a dos Rem\u00e9dios, entregar o Centro Pop e a Casa de Passagem, resgatando pessoas em situa\u00e7\u00e3o de rua e aplicando na pr\u00e1tica os valores do Natal\u201d, destacou.<\/p>\n\n\n\n<p>A presidente do FMS, Viviana Lira, refor\u00e7ou o simbolismo da abertura das luzes no centro hist\u00f3rico. \u201cO mirante L\u00facia Almeida \u00e9 o nosso ponto de partida. E na pr\u00f3xima semana vamos acender tamb\u00e9m a pra\u00e7a dos Rem\u00e9dios, entregando um espa\u00e7o revitalizado \u00e0 popula\u00e7\u00e3o. Essa \u00e9 uma gest\u00e3o que trabalha e faz acontecer\u201d, afirmou.<\/p>\n\n\n\n<p>A vice-presidente do FMS, Gisele Menezes, destacou a retomada do \u201cNatal das \u00c1guas&#8221;. \u201cEste ano, a popula\u00e7\u00e3o pode esperar a volta da balsa iluminada, que vai levar acolhimento, solidariedade e carinho para os ribeirinhos, com toda a equipe do Fundo Manaus Solid\u00e1ria\u201d, disse.<\/p>\n\n\n\n<p>Com o in\u00edcio do \u201cUm Sonho M\u00e1gico de Natal\u201d, a gest\u00e3o David Almeida reafirma o compromisso de promover alegria, f\u00e9 e solidariedade, ao mesmo tempo em que fortalece a economia, valoriza o centro hist\u00f3rico e integra fam\u00edlias em torno do esp\u00edrito natalino.<\/p>\n\n\n\n<p>\u2014 \u2014 \u2014<br><strong>Texto &#8211; <\/strong>Emanuelle Baires \/ Semcom-Prefeito<br><strong>Fotos &#8211;<\/strong> Dhyeizo Lemos \/ Semcom-Prefeito<\/p>\n","protected":false},"excerpt":{"rendered":"","protected":false},"author":68,"featured_media":247574,"comment_status":"closed","ping_status":"closed","sticky":false,"template":"","format":"standard","meta":{"footnotes":""},"categories":[12730],"tags":[35,17623,77,17624],"acf":[],"yoast_head":"<!-- This site is optimized with the Yoast SEO plugin v23.0 - https:\/\/yoast.com\/wordpress\/plugins\/seo\/ -->\n<title>Prefeito David Almeida abre temporada natalina<\/title>\n<meta name=\"description\" content=\"O prefeito de Manaus, David Almeida, abriu a temporada natalina da capital com o lan\u00e7amento do projeto \u201cUm Sonho M\u00e1gico de Natal\u201d.\" \/>\n<meta name=\"robots\" content=\"index, follow, max-snippet:-1, max-image-preview:large, max-video-preview:-1\" \/>\n<link rel=\"canonical\" href=\"https:\/\/www.manaus.am.gov.br\/semcom\/temporada-natalina-manaus\/\" \/>\n<meta property=\"og:locale\" content=\"pt_BR\" \/>\n<meta property=\"og:type\" content=\"article\" \/>\n<meta property=\"og:title\" content=\"Prefeito David Almeida abre temporada natalina\" \/>\n<meta property=\"og:description\" content=\"O prefeito de Manaus, David Almeida, abriu a temporada natalina da capital com o lan\u00e7amento do projeto \u201cUm Sonho M\u00e1gico de Natal\u201d.\" \/>\n<meta property=\"og:url\" content=\"https:\/\/www.manaus.am.gov.br\/semcom\/temporada-natalina-manaus\/\" \/>\n<meta property=\"og:site_name\" content=\"SEMCOM\" \/>\n<meta property=\"article:published_time\" content=\"2025-10-24T01:50:43+00:00\" \/>\n<meta property=\"article:modified_time\" content=\"2025-10-24T01:50:45+00:00\" \/>\n<meta property=\"og:image\" content=\"https:\/\/www.manaus.am.gov.br\/semcom\/wp-content\/uploads\/sites\/5\/2025\/10\/Prefeito-David-Almeida-abre-temporada-natalina-e-reforca-compromisso-de-levar-alegria-e-desenvolvimento-a-toda-Manaus.jpeg\" \/>\n\t<meta property=\"og:image:width\" content=\"1600\" \/>\n\t<meta property=\"og:image:height\" content=\"1066\" \/>\n\t<meta property=\"og:image:type\" content=\"image\/jpeg\" \/>\n<meta name=\"author\" content=\"bvalente\" \/>\n<meta name=\"twitter:card\" content=\"summary_large_image\" \/>\n<meta name=\"twitter:label1\" content=\"Written by\" \/>\n\t<meta name=\"twitter:data1\" content=\"bvalente\" \/>\n\t<meta name=\"twitter:label2\" content=\"Est. reading time\" \/>\n\t<meta name=\"twitter:data2\" content=\"3 minutos\" \/>\n<script type=\"application\/ld+json\" class=\"yoast-schema-graph\">{\"@context\":\"https:\/\/schema.org\",\"@graph\":[{\"@type\":\"WebPage\",\"@id\":\"https:\/\/www.manaus.am.gov.br\/semcom\/temporada-natalina-manaus\/\",\"url\":\"https:\/\/www.manaus.am.gov.br\/semcom\/temporada-natalina-manaus\/\",\"name\":\"Prefeito David Almeida abre temporada natalina\",\"isPartOf\":{\"@id\":\"https:\/\/www.manaus.am.gov.br\/semcom\/#website\"},\"primaryImageOfPage\":{\"@id\":\"https:\/\/www.manaus.am.gov.br\/semcom\/temporada-natalina-manaus\/#primaryimage\"},\"image\":{\"@id\":\"https:\/\/www.manaus.am.gov.br\/semcom\/temporada-natalina-manaus\/#primaryimage\"},\"thumbnailUrl\":\"https:\/\/www.manaus.am.gov.br\/semcom\/wp-content\/uploads\/sites\/5\/2025\/10\/Prefeito-David-Almeida-abre-temporada-natalina-e-reforca-compromisso-de-levar-alegria-e-desenvolvimento-a-toda-Manaus.jpeg\",\"datePublished\":\"2025-10-24T01:50:43+00:00\",\"dateModified\":\"2025-10-24T01:50:45+00:00\",\"author\":{\"@id\":\"https:\/\/www.manaus.am.gov.br\/semcom\/#\/schema\/person\/466a0e03ae4b6062809046bd560ac955\"},\"description\":\"O prefeito de Manaus, David Almeida, abriu a temporada natalina da capital com o lan\u00e7amento do projeto \u201cUm Sonho M\u00e1gico de Natal\u201d.\",\"inLanguage\":\"pt-BR\",\"potentialAction\":[{\"@type\":\"ReadAction\",\"target\":[\"https:\/\/www.manaus.am.gov.br\/semcom\/temporada-natalina-manaus\/\"]}]},{\"@type\":\"ImageObject\",\"inLanguage\":\"pt-BR\",\"@id\":\"https:\/\/www.manaus.am.gov.br\/semcom\/temporada-natalina-manaus\/#primaryimage\",\"url\":\"https:\/\/www.manaus.am.gov.br\/semcom\/wp-content\/uploads\/sites\/5\/2025\/10\/Prefeito-David-Almeida-abre-temporada-natalina-e-reforca-compromisso-de-levar-alegria-e-desenvolvimento-a-toda-Manaus.jpeg\",\"contentUrl\":\"https:\/\/www.manaus.am.gov.br\/semcom\/wp-content\/uploads\/sites\/5\/2025\/10\/Prefeito-David-Almeida-abre-temporada-natalina-e-reforca-compromisso-de-levar-alegria-e-desenvolvimento-a-toda-Manaus.jpeg\",\"width\":1600,\"height\":1066,\"caption\":\"#paratodosverem \u2013 Prefeito e secret\u00e1rios em frente a decora\u00e7\u00e3o natalina\"},{\"@type\":\"WebSite\",\"@id\":\"https:\/\/www.manaus.am.gov.br\/semcom\/#website\",\"url\":\"https:\/\/www.manaus.am.gov.br\/semcom\/\",\"name\":\"SEMCOM\",\"description\":\"Secretaria Municipal de Comunica\u00e7\u00e3o\",\"potentialAction\":[{\"@type\":\"SearchAction\",\"target\":{\"@type\":\"EntryPoint\",\"urlTemplate\":\"https:\/\/www.manaus.am.gov.br\/semcom\/?s={search_term_string}\"},\"query-input\":\"required name=search_term_string\"}],\"inLanguage\":\"pt-BR\"},{\"@type\":\"Person\",\"@id\":\"https:\/\/www.manaus.am.gov.br\/semcom\/#\/schema\/person\/466a0e03ae4b6062809046bd560ac955\",\"name\":\"bvalente\",\"image\":{\"@type\":\"ImageObject\",\"inLanguage\":\"pt-BR\",\"@id\":\"https:\/\/www.manaus.am.gov.br\/semcom\/#\/schema\/person\/image\/\",\"url\":\"https:\/\/secure.gravatar.com\/avatar\/3e69bc2b014bdad41adfec3a39de07d2?s=96&d=mm&r=g\",\"contentUrl\":\"https:\/\/secure.gravatar.com\/avatar\/3e69bc2b014bdad41adfec3a39de07d2?s=96&d=mm&r=g\",\"caption\":\"bvalente\"}}]}<\/script>\n<!-- \/ Yoast SEO plugin. -->","yoast_head_json":{"title":"Prefeito David Almeida abre temporada natalina","description":"O prefeito de Manaus, David Almeida, abriu a temporada natalina da capital com o lan\u00e7amento do projeto \u201cUm Sonho M\u00e1gico de Natal\u201d.","robots":{"index":"index","follow":"follow","max-snippet":"max-snippet:-1","max-image-preview":"max-image-preview:large","max-video-preview":"max-video-preview:-1"},"canonical":"https:\/\/www.manaus.am.gov.br\/semcom\/temporada-natalina-manaus\/","og_locale":"pt_BR","og_type":"article","og_title":"Prefeito David Almeida abre temporada natalina","og_description":"O prefeito de Manaus, David Almeida, abriu a temporada natalina da capital com o lan\u00e7amento do projeto \u201cUm Sonho M\u00e1gico de Natal\u201d.","og_url":"https:\/\/www.manaus.am.gov.br\/semcom\/temporada-natalina-manaus\/","og_site_name":"SEMCOM","article_published_time":"2025-10-24T01:50:43+00:00","article_modified_time":"2025-10-24T01:50:45+00:00","og_image":[{"width":1600,"height":1066,"url":"https:\/\/www.manaus.am.gov.br\/semcom\/wp-content\/uploads\/sites\/5\/2025\/10\/Prefeito-David-Almeida-abre-temporada-natalina-e-reforca-compromisso-de-levar-alegria-e-desenvolvimento-a-toda-Manaus.jpeg","type":"image\/jpeg"}],"author":"bvalente","twitter_card":"summary_large_image","twitter_misc":{"Written by":"bvalente","Est. reading time":"3 minutos"},"schema":{"@context":"https:\/\/schema.org","@graph":[{"@type":"WebPage","@id":"https:\/\/www.manaus.am.gov.br\/semcom\/temporada-natalina-manaus\/","url":"https:\/\/www.manaus.am.gov.br\/semcom\/temporada-natalina-manaus\/","name":"Prefeito David Almeida abre temporada natalina","isPartOf":{"@id":"https:\/\/www.manaus.am.gov.br\/semcom\/#website"},"primaryImageOfPage":{"@id":"https:\/\/www.manaus.am.gov.br\/semcom\/temporada-natalina-manaus\/#primaryimage"},"image":{"@id":"https:\/\/www.manaus.am.gov.br\/semcom\/temporada-natalina-manaus\/#primaryimage"},"thumbnailUrl":"https:\/\/www.manaus.am.gov.br\/semcom\/wp-content\/uploads\/sites\/5\/2025\/10\/Prefeito-David-Almeida-abre-temporada-natalina-e-reforca-compromisso-de-levar-alegria-e-desenvolvimento-a-toda-Manaus.jpeg","datePublished":"2025-10-24T01:50:43+00:00","dateModified":"2025-10-24T01:50:45+00:00","author":{"@id":"https:\/\/www.manaus.am.gov.br\/semcom\/#\/schema\/person\/466a0e03ae4b6062809046bd560ac955"},"description":"O prefeito de Manaus, David Almeida, abriu a temporada natalina da capital com o lan\u00e7amento do projeto \u201cUm Sonho M\u00e1gico de Natal\u201d.","inLanguage":"pt-BR","potentialAction":[{"@type":"ReadAction","target":["https:\/\/www.manaus.am.gov.br\/semcom\/temporada-natalina-manaus\/"]}]},{"@type":"ImageObject","inLanguage":"pt-BR","@id":"https:\/\/www.manaus.am.gov.br\/semcom\/temporada-natalina-manaus\/#primaryimage","url":"https:\/\/www.manaus.am.gov.br\/semcom\/wp-content\/uploads\/sites\/5\/2025\/10\/Prefeito-David-Almeida-abre-temporada-natalina-e-reforca-compromisso-de-levar-alegria-e-desenvolvimento-a-toda-Manaus.jpeg","contentUrl":"https:\/\/www.manaus.am.gov.br\/semcom\/wp-content\/uploads\/sites\/5\/2025\/10\/Prefeito-David-Almeida-abre-temporada-natalina-e-reforca-compromisso-de-levar-alegria-e-desenvolvimento-a-toda-Manaus.jpeg","width":1600,"height":1066,"caption":"#paratodosverem \u2013 Prefeito e secret\u00e1rios em frente a decora\u00e7\u00e3o natalina"},{"@type":"WebSite","@id":"https:\/\/www.manaus.am.gov.br\/semcom\/#website","url":"https:\/\/www.manaus.am.gov.br\/semcom\/","name":"SEMCOM","description":"Secretaria Municipal de Comunica\u00e7\u00e3o","potentialAction":[{"@type":"SearchAction","target":{"@type":"EntryPoint","urlTemplate":"https:\/\/www.manaus.am.gov.br\/semcom\/?s={search_term_string}"},"query-input":"required name=search_term_string"}],"inLanguage":"pt-BR"},{"@type":"Person","@id":"https:\/\/www.manaus.am.gov.br\/semcom\/#\/schema\/person\/466a0e03ae4b6062809046bd560ac955","name":"bvalente","image":{"@type":"ImageObject","inLanguage":"pt-BR","@id":"https:\/\/www.manaus.am.gov.br\/semcom\/#\/schema\/person\/image\/","url":"https:\/\/secure.gravatar.com\/avatar\/3e69bc2b014bdad41adfec3a39de07d2?s=96&d=mm&r=g","contentUrl":"https:\/\/secure.gravatar.com\/avatar\/3e69bc2b014bdad41adfec3a39de07d2?s=96&d=mm&r=g","caption":"bvalente"}}]}},"_links":{"self":[{"href":"https:\/\/www.manaus.am.gov.br\/semcom\/wp-json\/wp\/v2\/posts\/247573"}],"collection":[{"href":"https:\/\/www.manaus.am.gov.br\/semcom\/wp-json\/wp\/v2\/posts"}],"about":[{"href":"https:\/\/www.manaus.am.gov.br\/semcom\/wp-json\/wp\/v2\/types\/post"}],"author":[{"embeddable":true,"href":"https:\/\/www.manaus.am.gov.br\/semcom\/wp-json\/wp\/v2\/users\/68"}],"replies":[{"embeddable":true,"href":"https:\/\/www.manaus.am.gov.br\/semcom\/wp-json\/wp\/v2\/comments?post=247573"}],"version-history":[{"count":0,"href":"https:\/\/www.manaus.am.gov.br\/semcom\/wp-json\/wp\/v2\/posts\/247573\/revisions"}],"wp:featuredmedia":[{"embeddable":true,"href":"https:\/\/www.manaus.am.gov.br\/semcom\/wp-json\/wp\/v2\/media\/247574"}],"wp:attachment":[{"href":"https:\/\/www.manaus.am.gov.br\/semcom\/wp-json\/wp\/v2\/media?parent=247573"}],"wp:term":[{"taxonomy":"category","embeddable":true,"href":"https:\/\/www.manaus.am.gov.br\/semcom\/wp-json\/wp\/v2\/categories?post=247573"},{"taxonomy":"post_tag","embeddable":true,"href":"https:\/\/www.manaus.am.gov.br\/semcom\/wp-json\/wp\/v2\/tags?post=247573"}],"curies":[{"name":"wp","href":"https:\/\/api.w.org\/{rel}","templated":true}]}}