{"id":247497,"date":"2025-10-23T09:00:00","date_gmt":"2025-10-23T12:00:00","guid":{"rendered":"https:\/\/www.manaus.am.gov.br\/semcom\/?p=247497"},"modified":"2025-10-23T00:54:40","modified_gmt":"2025-10-23T03:54:40","slug":"premio-igma","status":"publish","type":"post","link":"https:\/\/www.manaus.am.gov.br\/semcom\/premio-igma\/","title":{"rendered":"Pr\u00eamio IGMA Band Cidades Excelentes reconhece avan\u00e7os da Prefeitura de Manaus"},"content":{"rendered":"\n<p>Representando o prefeito de Manaus, David Almeida, o vice-prefeito Renato Junior, recebeu, na noite desta quarta-feira, 22\/10, o pr\u00eamio geral do \u00cdndice de Gest\u00e3o Municipal Aquila (IGMA), entregue no \u00e2mbito da etapa estadual do Pr\u00eamio Band Cidades Excelentes. O pr\u00eamio avalia e reconhece os resultados alcan\u00e7ados por munic\u00edpios brasileiros em mais de 70 indicadores de fontes p\u00fablicas e oficiais.<\/p>\n\n\n\n<p>Na ocasi\u00e3o, o vice-prefeito celebrou a conquista obtida por Manaus ao receber o pr\u00eamio.<\/p>\n\n\n\n<p>&#8220;Hoje \u00e9 um dia muito importante para Manaus. Estou aqui representando o prefeito David Almeida e todo o nosso secretariado. E saber que Manaus \u00e9 indicada e vitoriosa em v\u00e1rias categorias da premia\u00e7\u00e3o \u00e9 uma grande felicidade para nossa cidade&#8221;, relatou.<\/p>\n\n\n\n<p>A capital amazonense foi reconhecida em diversas categorias na noite de premia\u00e7\u00e3o, na faixa de cidades do estado com 100 mil ou mais habitantes. Manaus foi vitoriosa em eixos como Educa\u00e7\u00e3o, Sa\u00fade e Bem-Estar e Governan\u00e7a, Efici\u00eancia Fiscal e Transpar\u00eancia.<\/p>\n\n\n\n<p>Para a titular da Secretaria Municipal de Comunica\u00e7\u00e3o (Semcom), Camila Silva, os pr\u00eamios s\u00e3o resultados diretos do trabalho da gest\u00e3o municipal em diferentes linhas de atua\u00e7\u00e3o para tornar Manaus melhor para se viver.<\/p>\n\n\n\n<p>&#8220;\u00c9 uma satisfa\u00e7\u00e3o estar aqui representando a gest\u00e3o ao receber esses pr\u00eamios. Foram seis categorias al\u00e9m da premia\u00e7\u00e3o principal em disputa. E \u00e9 a comprova\u00e7\u00e3o que a gest\u00e3o do prefeito David Almeida tem feito mudan\u00e7as e transforma\u00e7\u00f5es ao ponto de sermos t\u00e3o reconhecidos&#8221;, celebrou.<\/p>\n\n\n\n<p>A maior metr\u00f3pole da Amaz\u00f4nia tamb\u00e9m foi premiada na categoria sustentabilidade. O titular da Secretaria Municipal de Meio Ambiente e Sustentabilidade (Semmas), Frasu\u00e1 Matos, elencou que a vit\u00f3ria mostra o desempenho da cidade na pol\u00edtica ambiental.<\/p>\n\n\n\n<p>&#8220;\u00c9 uma honra essa premia\u00e7\u00e3o que reconhece Manaus como uma cidade com&nbsp; pr\u00e1ticas sustent\u00e1veis. \u00c9 uma cidade que n\u00e3o v\u00ea apenas seus crescimento, mas o meio ambiente, a nossa floresta e as pessoas que vivem nela&#8221;, disse.<\/p>\n\n\n\n<p><strong>Reconhecimento p\u00fablico<\/strong><\/p>\n\n\n\n<p>O diretor-executivo da Band Amazonas, In\u00e1cio Santiago, comentou a relev\u00e2ncia e o objetivo central do pr\u00eamio.<\/p>\n\n\n\n<p>&#8220;Esse pr\u00eamio reconhece a boa gest\u00e3o p\u00fablica. \u00c9 mostrar o lado bom, o que tem de melhor nos munic\u00edpios brasileiros. Hoje \u00e9 a etapa estadual. Educa\u00e7\u00e3o, Saneamento B\u00e1sico e Seguran\u00e7a e tantos outros par\u00e2metros s\u00e3o avaliados para selecionar as cidades indicadas e premiadas&#8221;, apontou.<\/p>\n\n\n\n<p>A etapa nacional do Pr\u00eamio Band Cidades Excelentes est\u00e1 prevista para acontecer em dezembro, em Bras\u00edlia (DF).<\/p>\n\n\n\n<p>&#8212; &#8212; &#8212;<br><strong>Texto \u2013<\/strong> Tiago Auzier \/ Semcom<\/p>\n\n\n\n<p><strong>Fotos \u2013 <\/strong>Cl\u00f3vis Miranda \/ Semcom<br><strong>Dispon\u00edveis em &#8211; <\/strong><a href=\"https:\/\/flic.kr\/s\/aHBqjCyprq\">https:\/\/flic.kr\/s\/aHBqjCyprq<\/a>&nbsp;<\/p>\n","protected":false},"excerpt":{"rendered":"","protected":false},"author":68,"featured_media":247498,"comment_status":"closed","ping_status":"closed","sticky":false,"template":"","format":"standard","meta":{"footnotes":""},"categories":[925],"tags":[77,17600,13221],"acf":[],"yoast_head":"<!-- This site is optimized with the Yoast SEO plugin v23.0 - https:\/\/yoast.com\/wordpress\/plugins\/seo\/ -->\n<title>Pr\u00eamio IGMA reconhece avan\u00e7os da Prefeitura de Manaus<\/title>\n<meta name=\"description\" content=\"Representando o prefeito de Manaus, David Almeida, o vice-prefeito Renato Junior, recebeu, o pr\u00eamio geral do IGMA.\" \/>\n<meta name=\"robots\" content=\"index, follow, max-snippet:-1, max-image-preview:large, max-video-preview:-1\" \/>\n<link rel=\"canonical\" href=\"https:\/\/www.manaus.am.gov.br\/semcom\/premio-igma\/\" \/>\n<meta property=\"og:locale\" content=\"pt_BR\" \/>\n<meta property=\"og:type\" content=\"article\" \/>\n<meta property=\"og:title\" content=\"Pr\u00eamio IGMA reconhece avan\u00e7os da Prefeitura de Manaus\" \/>\n<meta property=\"og:description\" content=\"Representando o prefeito de Manaus, David Almeida, o vice-prefeito Renato Junior, recebeu, o pr\u00eamio geral do IGMA.\" \/>\n<meta property=\"og:url\" content=\"https:\/\/www.manaus.am.gov.br\/semcom\/premio-igma\/\" \/>\n<meta property=\"og:site_name\" content=\"SEMCOM\" \/>\n<meta property=\"article:published_time\" content=\"2025-10-23T12:00:00+00:00\" \/>\n<meta property=\"article:modified_time\" content=\"2025-10-23T03:54:40+00:00\" \/>\n<meta property=\"og:image\" content=\"https:\/\/www.manaus.am.gov.br\/semcom\/wp-content\/uploads\/sites\/5\/2025\/10\/54873956879_da77f732bb_c.jpg\" \/>\n\t<meta property=\"og:image:width\" content=\"799\" \/>\n\t<meta property=\"og:image:height\" content=\"533\" \/>\n\t<meta property=\"og:image:type\" content=\"image\/jpeg\" \/>\n<meta name=\"author\" content=\"bvalente\" \/>\n<meta name=\"twitter:card\" content=\"summary_large_image\" \/>\n<meta name=\"twitter:label1\" content=\"Written by\" \/>\n\t<meta name=\"twitter:data1\" content=\"bvalente\" \/>\n\t<meta name=\"twitter:label2\" content=\"Est. reading time\" \/>\n\t<meta name=\"twitter:data2\" content=\"3 minutos\" \/>\n<script type=\"application\/ld+json\" class=\"yoast-schema-graph\">{\"@context\":\"https:\/\/schema.org\",\"@graph\":[{\"@type\":\"WebPage\",\"@id\":\"https:\/\/www.manaus.am.gov.br\/semcom\/premio-igma\/\",\"url\":\"https:\/\/www.manaus.am.gov.br\/semcom\/premio-igma\/\",\"name\":\"Pr\u00eamio IGMA reconhece avan\u00e7os da Prefeitura de Manaus\",\"isPartOf\":{\"@id\":\"https:\/\/www.manaus.am.gov.br\/semcom\/#website\"},\"primaryImageOfPage\":{\"@id\":\"https:\/\/www.manaus.am.gov.br\/semcom\/premio-igma\/#primaryimage\"},\"image\":{\"@id\":\"https:\/\/www.manaus.am.gov.br\/semcom\/premio-igma\/#primaryimage\"},\"thumbnailUrl\":\"https:\/\/www.manaus.am.gov.br\/semcom\/wp-content\/uploads\/sites\/5\/2025\/10\/54873956879_da77f732bb_c.jpg\",\"datePublished\":\"2025-10-23T12:00:00+00:00\",\"dateModified\":\"2025-10-23T03:54:40+00:00\",\"author\":{\"@id\":\"https:\/\/www.manaus.am.gov.br\/semcom\/#\/schema\/person\/466a0e03ae4b6062809046bd560ac955\"},\"description\":\"Representando o prefeito de Manaus, David Almeida, o vice-prefeito Renato Junior, recebeu, o pr\u00eamio geral do IGMA.\",\"inLanguage\":\"pt-BR\",\"potentialAction\":[{\"@type\":\"ReadAction\",\"target\":[\"https:\/\/www.manaus.am.gov.br\/semcom\/premio-igma\/\"]}]},{\"@type\":\"ImageObject\",\"inLanguage\":\"pt-BR\",\"@id\":\"https:\/\/www.manaus.am.gov.br\/semcom\/premio-igma\/#primaryimage\",\"url\":\"https:\/\/www.manaus.am.gov.br\/semcom\/wp-content\/uploads\/sites\/5\/2025\/10\/54873956879_da77f732bb_c.jpg\",\"contentUrl\":\"https:\/\/www.manaus.am.gov.br\/semcom\/wp-content\/uploads\/sites\/5\/2025\/10\/54873956879_da77f732bb_c.jpg\",\"width\":799,\"height\":533,\"caption\":\"#paratodosverem \u2013 Vice-prefeito segurando pr\u00eamio de reconhecimento\"},{\"@type\":\"WebSite\",\"@id\":\"https:\/\/www.manaus.am.gov.br\/semcom\/#website\",\"url\":\"https:\/\/www.manaus.am.gov.br\/semcom\/\",\"name\":\"SEMCOM\",\"description\":\"Secretaria Municipal de Comunica\u00e7\u00e3o\",\"potentialAction\":[{\"@type\":\"SearchAction\",\"target\":{\"@type\":\"EntryPoint\",\"urlTemplate\":\"https:\/\/www.manaus.am.gov.br\/semcom\/?s={search_term_string}\"},\"query-input\":\"required name=search_term_string\"}],\"inLanguage\":\"pt-BR\"},{\"@type\":\"Person\",\"@id\":\"https:\/\/www.manaus.am.gov.br\/semcom\/#\/schema\/person\/466a0e03ae4b6062809046bd560ac955\",\"name\":\"bvalente\",\"image\":{\"@type\":\"ImageObject\",\"inLanguage\":\"pt-BR\",\"@id\":\"https:\/\/www.manaus.am.gov.br\/semcom\/#\/schema\/person\/image\/\",\"url\":\"https:\/\/secure.gravatar.com\/avatar\/3e69bc2b014bdad41adfec3a39de07d2?s=96&d=mm&r=g\",\"contentUrl\":\"https:\/\/secure.gravatar.com\/avatar\/3e69bc2b014bdad41adfec3a39de07d2?s=96&d=mm&r=g\",\"caption\":\"bvalente\"}}]}<\/script>\n<!-- \/ Yoast SEO plugin. -->","yoast_head_json":{"title":"Pr\u00eamio IGMA reconhece avan\u00e7os da Prefeitura de Manaus","description":"Representando o prefeito de Manaus, David Almeida, o vice-prefeito Renato Junior, recebeu, o pr\u00eamio geral do IGMA.","robots":{"index":"index","follow":"follow","max-snippet":"max-snippet:-1","max-image-preview":"max-image-preview:large","max-video-preview":"max-video-preview:-1"},"canonical":"https:\/\/www.manaus.am.gov.br\/semcom\/premio-igma\/","og_locale":"pt_BR","og_type":"article","og_title":"Pr\u00eamio IGMA reconhece avan\u00e7os da Prefeitura de Manaus","og_description":"Representando o prefeito de Manaus, David Almeida, o vice-prefeito Renato Junior, recebeu, o pr\u00eamio geral do IGMA.","og_url":"https:\/\/www.manaus.am.gov.br\/semcom\/premio-igma\/","og_site_name":"SEMCOM","article_published_time":"2025-10-23T12:00:00+00:00","article_modified_time":"2025-10-23T03:54:40+00:00","og_image":[{"width":799,"height":533,"url":"https:\/\/www.manaus.am.gov.br\/semcom\/wp-content\/uploads\/sites\/5\/2025\/10\/54873956879_da77f732bb_c.jpg","type":"image\/jpeg"}],"author":"bvalente","twitter_card":"summary_large_image","twitter_misc":{"Written by":"bvalente","Est. reading time":"3 minutos"},"schema":{"@context":"https:\/\/schema.org","@graph":[{"@type":"WebPage","@id":"https:\/\/www.manaus.am.gov.br\/semcom\/premio-igma\/","url":"https:\/\/www.manaus.am.gov.br\/semcom\/premio-igma\/","name":"Pr\u00eamio IGMA reconhece avan\u00e7os da Prefeitura de Manaus","isPartOf":{"@id":"https:\/\/www.manaus.am.gov.br\/semcom\/#website"},"primaryImageOfPage":{"@id":"https:\/\/www.manaus.am.gov.br\/semcom\/premio-igma\/#primaryimage"},"image":{"@id":"https:\/\/www.manaus.am.gov.br\/semcom\/premio-igma\/#primaryimage"},"thumbnailUrl":"https:\/\/www.manaus.am.gov.br\/semcom\/wp-content\/uploads\/sites\/5\/2025\/10\/54873956879_da77f732bb_c.jpg","datePublished":"2025-10-23T12:00:00+00:00","dateModified":"2025-10-23T03:54:40+00:00","author":{"@id":"https:\/\/www.manaus.am.gov.br\/semcom\/#\/schema\/person\/466a0e03ae4b6062809046bd560ac955"},"description":"Representando o prefeito de Manaus, David Almeida, o vice-prefeito Renato Junior, recebeu, o pr\u00eamio geral do IGMA.","inLanguage":"pt-BR","potentialAction":[{"@type":"ReadAction","target":["https:\/\/www.manaus.am.gov.br\/semcom\/premio-igma\/"]}]},{"@type":"ImageObject","inLanguage":"pt-BR","@id":"https:\/\/www.manaus.am.gov.br\/semcom\/premio-igma\/#primaryimage","url":"https:\/\/www.manaus.am.gov.br\/semcom\/wp-content\/uploads\/sites\/5\/2025\/10\/54873956879_da77f732bb_c.jpg","contentUrl":"https:\/\/www.manaus.am.gov.br\/semcom\/wp-content\/uploads\/sites\/5\/2025\/10\/54873956879_da77f732bb_c.jpg","width":799,"height":533,"caption":"#paratodosverem \u2013 Vice-prefeito segurando pr\u00eamio de reconhecimento"},{"@type":"WebSite","@id":"https:\/\/www.manaus.am.gov.br\/semcom\/#website","url":"https:\/\/www.manaus.am.gov.br\/semcom\/","name":"SEMCOM","description":"Secretaria Municipal de Comunica\u00e7\u00e3o","potentialAction":[{"@type":"SearchAction","target":{"@type":"EntryPoint","urlTemplate":"https:\/\/www.manaus.am.gov.br\/semcom\/?s={search_term_string}"},"query-input":"required name=search_term_string"}],"inLanguage":"pt-BR"},{"@type":"Person","@id":"https:\/\/www.manaus.am.gov.br\/semcom\/#\/schema\/person\/466a0e03ae4b6062809046bd560ac955","name":"bvalente","image":{"@type":"ImageObject","inLanguage":"pt-BR","@id":"https:\/\/www.manaus.am.gov.br\/semcom\/#\/schema\/person\/image\/","url":"https:\/\/secure.gravatar.com\/avatar\/3e69bc2b014bdad41adfec3a39de07d2?s=96&d=mm&r=g","contentUrl":"https:\/\/secure.gravatar.com\/avatar\/3e69bc2b014bdad41adfec3a39de07d2?s=96&d=mm&r=g","caption":"bvalente"}}]}},"_links":{"self":[{"href":"https:\/\/www.manaus.am.gov.br\/semcom\/wp-json\/wp\/v2\/posts\/247497"}],"collection":[{"href":"https:\/\/www.manaus.am.gov.br\/semcom\/wp-json\/wp\/v2\/posts"}],"about":[{"href":"https:\/\/www.manaus.am.gov.br\/semcom\/wp-json\/wp\/v2\/types\/post"}],"author":[{"embeddable":true,"href":"https:\/\/www.manaus.am.gov.br\/semcom\/wp-json\/wp\/v2\/users\/68"}],"replies":[{"embeddable":true,"href":"https:\/\/www.manaus.am.gov.br\/semcom\/wp-json\/wp\/v2\/comments?post=247497"}],"version-history":[{"count":1,"href":"https:\/\/www.manaus.am.gov.br\/semcom\/wp-json\/wp\/v2\/posts\/247497\/revisions"}],"predecessor-version":[{"id":247499,"href":"https:\/\/www.manaus.am.gov.br\/semcom\/wp-json\/wp\/v2\/posts\/247497\/revisions\/247499"}],"wp:featuredmedia":[{"embeddable":true,"href":"https:\/\/www.manaus.am.gov.br\/semcom\/wp-json\/wp\/v2\/media\/247498"}],"wp:attachment":[{"href":"https:\/\/www.manaus.am.gov.br\/semcom\/wp-json\/wp\/v2\/media?parent=247497"}],"wp:term":[{"taxonomy":"category","embeddable":true,"href":"https:\/\/www.manaus.am.gov.br\/semcom\/wp-json\/wp\/v2\/categories?post=247497"},{"taxonomy":"post_tag","embeddable":true,"href":"https:\/\/www.manaus.am.gov.br\/semcom\/wp-json\/wp\/v2\/tags?post=247497"}],"curies":[{"name":"wp","href":"https:\/\/api.w.org\/{rel}","templated":true}]}}