{"id":247487,"date":"2025-10-22T19:52:27","date_gmt":"2025-10-22T22:52:27","guid":{"rendered":"https:\/\/www.manaus.am.gov.br\/semcom\/estacao-de-tratamento-de-esgoto-raiz\/"},"modified":"2025-10-22T19:52:27","modified_gmt":"2025-10-22T22:52:27","slug":"estacao-de-tratamento-de-esgoto-raiz","status":"publish","type":"post","link":"https:\/\/www.manaus.am.gov.br\/semcom\/estacao-de-tratamento-de-esgoto-raiz\/","title":{"rendered":"Vice-prefeito Renato Junior realiza entrega da primeira etapa da Esta\u00e7\u00e3o de Tratamento de Esgoto Raiz"},"content":{"rendered":"\n<p>O vice-prefeito de Manaus, Renato Junior, realizou, nesta quarta-feira, 22\/10, a entrega da primeira etapa da Esta\u00e7\u00e3o de Tratamento de Esgoto (ETE) Raiz, localizada no bairro Raiz, zona Sul de Manaus. A esta\u00e7\u00e3o ter\u00e1 capacidade inicial de tratar mais de 230 milh\u00f5es de litros de esgoto por m\u00eas, beneficiando diretamente mais de 50 mil pessoas e contribuindo para a recupera\u00e7\u00e3o ambiental do igarap\u00e9 do 40.<\/p>\n\n\n\n<p>A ETE Raiz ser\u00e1 uma das maiores esta\u00e7\u00f5es da regi\u00e3o Norte, com uma \u00e1rea total de 9,6 mil metros quadrados. A obra \u00e9 fruto de uma parceria entre a concession\u00e1ria \u00c1guas de Manaus, a Prefeitura de Manaus e o governo do Amazonas.<\/p>\n\n\n\n<p>Al\u00e9m do vice-prefeito e secret\u00e1rio de Obras, Renato Junior, a entrega foi acompanhada pelo governador Wilson Lima, pelo diretor-presidente da \u00c1guas de Manaus, Pedro Augusto Freitas, e demais autoridades.<\/p>\n\n\n\n<p>O vice-prefeito enfatizou que a nova esta\u00e7\u00e3o \u00e9 um feito hist\u00f3rico para a zona Sul da capital, um presente pensando no futuro, na sa\u00fade da popula\u00e7\u00e3o.<\/p>\n\n\n\n<p>\u201cA zona Sul ganha mais do que um presente, porque a gente est\u00e1 cuidando da sa\u00fade das crian\u00e7as, da pr\u00f3xima gera\u00e7\u00e3o, dos idosos, dos adolescentes e dos adultos. Com essa esta\u00e7\u00e3o de tratamento de esgoto, a gente garante que toda esta \u00e1rea esteja contemplada. Agora, os dejetos que antes iam para o igarap\u00e9 do 40 e depois seguiam para o rio Negro, agora v\u00e3o ser tratados e para l\u00e1 ser\u00e1 destinado apenas \u00e1gua limpa\u201d, garantiu o vice-prefeito.<\/p>\n\n\n\n<p>A nova ETE tamb\u00e9m colabora com o aumento da cobertura da rede de tratamento de esgoto na capital, que duplicou na gest\u00e3o do prefeito David Almeida, j\u00e1 sendo a maior da regi\u00e3o Norte. \u201cA cidade de Manaus, quando o prefeito David assumiu em 2021, tinha 16% da sua cobertura em tratamento de esgoto, e agora s\u00e3o 35%, ou seja, em quatro anos e meio, mais do que dobrou, j\u00e1 \u00e9 a maior do norte do pa\u00eds em tratamento de dejetos de esgoto\u201d, informou o vice-prefeito.<\/p>\n\n\n\n<p>A primeira etapa da ETE Raiz representa cerca de 60% da estrutura total da esta\u00e7\u00e3o. As demais fases ser\u00e3o entregues gradualmente, com a conclus\u00e3o total prevista para 2027.<\/p>\n\n\n\n<p><strong>Fiscaliza\u00e7\u00e3o<\/strong><\/p>\n\n\n\n<p>A constru\u00e7\u00e3o da esta\u00e7\u00e3o foi fiscalizada pela Ag\u00eancia Reguladora dos Servi\u00e7os P\u00fablicos Delegados do Munic\u00edpio de Manaus (Ageman) que seguir\u00e1 acompanhando o in\u00edcio da opera\u00e7\u00e3o para garantir a qualidade da \u00e1gua.<\/p>\n\n\n\n<p>\u201cFaz parte do nosso escopo continuar fiscalizando, garantindo que a qualidade da \u00e1gua que vai sair dessa esta\u00e7\u00e3o de tratamento esteja dentro de todos os \u00edndices de qualidade estabelecidos pela Ag\u00eancia Nacional de \u00c1guas (ANA). N\u00f3s vamos assegurar que o servi\u00e7o continue sendo prestado com uma qualidade muito superior do que hoje existe\u201d, pontuou o diretor-presidente da Ageman, Elson J\u00fanior.<\/p>\n\n\n\n<p><strong>Opera\u00e7\u00e3o<\/strong><\/p>\n\n\n\n<p>Nesta fase inicial, a ETE Raiz ir\u00e1 tratar o esgoto coletado nos bairros Raiz, Petr\u00f3polis, Cachoeirinha e S\u00e3o Francisco, todos localizados na zona Sul. Com a conclus\u00e3o da obra prevista para 2027, a ETE ter\u00e1 capacidade para tratar mais de 230 milh\u00f5es de litros de esgoto por dia, ampliando sua cobertura para os bairros Japiim, Zumbi, Armando Mendes, Gilberto Mestrinho, Coroado, Distrito Industrial 1 e 2 e Mauazinho. A expectativa \u00e9 beneficiar mais de 220 mil pessoas nas zonas Sul e Leste da capital.<\/p>\n\n\n\n<p>\u201cA esta\u00e7\u00e3o que est\u00e1 sendo entregue hoje aqui na Raiz vai ser uma das mais modernas de Manaus. Ela vai ter capacidade, nessa primeira etapa, de tratar oito milh\u00f5es de litros de esgoto por dia e 240 milh\u00f5es de litros de esgoto por m\u00eas. Estamos falando de oito milh\u00f5es de litros de esgoto que deixam, por dia, de chegar ao igarap\u00e9 do 40\u201d, enfatizou o diretor-presidente da \u00c1guas de Manaus.<\/p>\n\n\n\n<p>Al\u00e9m da ETE, haver\u00e1, ainda, a constru\u00e7\u00e3o de mais de 60 quil\u00f4metros de rede coletora e de seis Esta\u00e7\u00f5es Elevat\u00f3rias de Esgoto (EEEs), nos bairros que comp\u00f5em a bacia do igarap\u00e9 do 40, como Japiim, comunidade da Sharp e Distrito Industrial.<\/p>\n\n\n\n<p>&#8212; &#8212; &#8212;<br><strong>Texto &#8211;<\/strong> Geraldo Farias\/Semcom e Divulga\u00e7\u00e3o\/\u00c1guas de Manaus\u00a0<br><strong>Fotos &#8211;<\/strong> Antonio Pereira\/Semcom<br><strong>Dispon\u00edveis em <\/strong>&#8211; <a href=\"https:\/\/flic.kr\/s\/aHBqjCycAc\">https:\/\/flic.kr\/s\/aHBqjCycAc<\/a>\u00a0<\/p>\n","protected":false},"excerpt":{"rendered":"","protected":false},"author":68,"featured_media":247488,"comment_status":"closed","ping_status":"closed","sticky":false,"template":"","format":"standard","meta":{"footnotes":""},"categories":[2371],"tags":[629,17596,77,7125],"acf":[],"yoast_head":"<!-- This site is optimized with the Yoast SEO plugin v23.0 - https:\/\/yoast.com\/wordpress\/plugins\/seo\/ -->\n<title>Renato Junior entrega primeira etapa da Esta\u00e7\u00e3o de Tratamento de Esgoto Raiz<\/title>\n<meta name=\"description\" content=\"O vice-prefeito, Renato Junior, realizou, nesta quarta-feira, a entrega da primeira etapa da Esta\u00e7\u00e3o de Tratamento de Esgoto (ETE) Raiz.\" \/>\n<meta name=\"robots\" content=\"index, follow, max-snippet:-1, max-image-preview:large, max-video-preview:-1\" \/>\n<link rel=\"canonical\" href=\"https:\/\/www.manaus.am.gov.br\/semcom\/estacao-de-tratamento-de-esgoto-raiz\/\" \/>\n<meta property=\"og:locale\" content=\"pt_BR\" \/>\n<meta property=\"og:type\" content=\"article\" \/>\n<meta property=\"og:title\" content=\"Renato Junior entrega primeira etapa da Esta\u00e7\u00e3o de Tratamento de Esgoto Raiz\" \/>\n<meta property=\"og:description\" content=\"O vice-prefeito, Renato Junior, realizou, nesta quarta-feira, a entrega da primeira etapa da Esta\u00e7\u00e3o de Tratamento de Esgoto (ETE) Raiz.\" \/>\n<meta property=\"og:url\" content=\"https:\/\/www.manaus.am.gov.br\/semcom\/estacao-de-tratamento-de-esgoto-raiz\/\" \/>\n<meta property=\"og:site_name\" content=\"SEMCOM\" \/>\n<meta property=\"article:published_time\" content=\"2025-10-22T22:52:27+00:00\" \/>\n<meta property=\"og:image\" content=\"https:\/\/www.manaus.am.gov.br\/semcom\/wp-content\/uploads\/sites\/5\/2025\/10\/WhatsApp-Image-2025-10-22-at-18.47.59.jpeg\" \/>\n\t<meta property=\"og:image:width\" content=\"1600\" \/>\n\t<meta property=\"og:image:height\" content=\"1066\" \/>\n\t<meta property=\"og:image:type\" content=\"image\/jpeg\" \/>\n<meta name=\"author\" content=\"bvalente\" \/>\n<meta name=\"twitter:card\" content=\"summary_large_image\" \/>\n<meta name=\"twitter:label1\" content=\"Written by\" \/>\n\t<meta name=\"twitter:data1\" content=\"bvalente\" \/>\n\t<meta name=\"twitter:label2\" content=\"Est. reading time\" \/>\n\t<meta name=\"twitter:data2\" content=\"4 minutos\" \/>\n<script type=\"application\/ld+json\" class=\"yoast-schema-graph\">{\"@context\":\"https:\/\/schema.org\",\"@graph\":[{\"@type\":\"WebPage\",\"@id\":\"https:\/\/www.manaus.am.gov.br\/semcom\/estacao-de-tratamento-de-esgoto-raiz\/\",\"url\":\"https:\/\/www.manaus.am.gov.br\/semcom\/estacao-de-tratamento-de-esgoto-raiz\/\",\"name\":\"Renato Junior entrega primeira etapa da Esta\u00e7\u00e3o de Tratamento de Esgoto Raiz\",\"isPartOf\":{\"@id\":\"https:\/\/www.manaus.am.gov.br\/semcom\/#website\"},\"primaryImageOfPage\":{\"@id\":\"https:\/\/www.manaus.am.gov.br\/semcom\/estacao-de-tratamento-de-esgoto-raiz\/#primaryimage\"},\"image\":{\"@id\":\"https:\/\/www.manaus.am.gov.br\/semcom\/estacao-de-tratamento-de-esgoto-raiz\/#primaryimage\"},\"thumbnailUrl\":\"https:\/\/www.manaus.am.gov.br\/semcom\/wp-content\/uploads\/sites\/5\/2025\/10\/WhatsApp-Image-2025-10-22-at-18.47.59.jpeg\",\"datePublished\":\"2025-10-22T22:52:27+00:00\",\"dateModified\":\"2025-10-22T22:52:27+00:00\",\"author\":{\"@id\":\"https:\/\/www.manaus.am.gov.br\/semcom\/#\/schema\/person\/466a0e03ae4b6062809046bd560ac955\"},\"description\":\"O vice-prefeito, Renato Junior, realizou, nesta quarta-feira, a entrega da primeira etapa da Esta\u00e7\u00e3o de Tratamento de Esgoto (ETE) Raiz.\",\"inLanguage\":\"pt-BR\",\"potentialAction\":[{\"@type\":\"ReadAction\",\"target\":[\"https:\/\/www.manaus.am.gov.br\/semcom\/estacao-de-tratamento-de-esgoto-raiz\/\"]}]},{\"@type\":\"ImageObject\",\"inLanguage\":\"pt-BR\",\"@id\":\"https:\/\/www.manaus.am.gov.br\/semcom\/estacao-de-tratamento-de-esgoto-raiz\/#primaryimage\",\"url\":\"https:\/\/www.manaus.am.gov.br\/semcom\/wp-content\/uploads\/sites\/5\/2025\/10\/WhatsApp-Image-2025-10-22-at-18.47.59.jpeg\",\"contentUrl\":\"https:\/\/www.manaus.am.gov.br\/semcom\/wp-content\/uploads\/sites\/5\/2025\/10\/WhatsApp-Image-2025-10-22-at-18.47.59.jpeg\",\"width\":1600,\"height\":1066,\"caption\":\"#paratodosverem \u2013 Vice-prefeito e autoridades inaugurando esta\u00e7\u00e3o\"},{\"@type\":\"WebSite\",\"@id\":\"https:\/\/www.manaus.am.gov.br\/semcom\/#website\",\"url\":\"https:\/\/www.manaus.am.gov.br\/semcom\/\",\"name\":\"SEMCOM\",\"description\":\"Secretaria Municipal de Comunica\u00e7\u00e3o\",\"potentialAction\":[{\"@type\":\"SearchAction\",\"target\":{\"@type\":\"EntryPoint\",\"urlTemplate\":\"https:\/\/www.manaus.am.gov.br\/semcom\/?s={search_term_string}\"},\"query-input\":\"required name=search_term_string\"}],\"inLanguage\":\"pt-BR\"},{\"@type\":\"Person\",\"@id\":\"https:\/\/www.manaus.am.gov.br\/semcom\/#\/schema\/person\/466a0e03ae4b6062809046bd560ac955\",\"name\":\"bvalente\",\"image\":{\"@type\":\"ImageObject\",\"inLanguage\":\"pt-BR\",\"@id\":\"https:\/\/www.manaus.am.gov.br\/semcom\/#\/schema\/person\/image\/\",\"url\":\"https:\/\/secure.gravatar.com\/avatar\/3e69bc2b014bdad41adfec3a39de07d2?s=96&d=mm&r=g\",\"contentUrl\":\"https:\/\/secure.gravatar.com\/avatar\/3e69bc2b014bdad41adfec3a39de07d2?s=96&d=mm&r=g\",\"caption\":\"bvalente\"}}]}<\/script>\n<!-- \/ Yoast SEO plugin. -->","yoast_head_json":{"title":"Renato Junior entrega primeira etapa da Esta\u00e7\u00e3o de Tratamento de Esgoto Raiz","description":"O vice-prefeito, Renato Junior, realizou, nesta quarta-feira, a entrega da primeira etapa da Esta\u00e7\u00e3o de Tratamento de Esgoto (ETE) Raiz.","robots":{"index":"index","follow":"follow","max-snippet":"max-snippet:-1","max-image-preview":"max-image-preview:large","max-video-preview":"max-video-preview:-1"},"canonical":"https:\/\/www.manaus.am.gov.br\/semcom\/estacao-de-tratamento-de-esgoto-raiz\/","og_locale":"pt_BR","og_type":"article","og_title":"Renato Junior entrega primeira etapa da Esta\u00e7\u00e3o de Tratamento de Esgoto Raiz","og_description":"O vice-prefeito, Renato Junior, realizou, nesta quarta-feira, a entrega da primeira etapa da Esta\u00e7\u00e3o de Tratamento de Esgoto (ETE) Raiz.","og_url":"https:\/\/www.manaus.am.gov.br\/semcom\/estacao-de-tratamento-de-esgoto-raiz\/","og_site_name":"SEMCOM","article_published_time":"2025-10-22T22:52:27+00:00","og_image":[{"width":1600,"height":1066,"url":"https:\/\/www.manaus.am.gov.br\/semcom\/wp-content\/uploads\/sites\/5\/2025\/10\/WhatsApp-Image-2025-10-22-at-18.47.59.jpeg","type":"image\/jpeg"}],"author":"bvalente","twitter_card":"summary_large_image","twitter_misc":{"Written by":"bvalente","Est. reading time":"4 minutos"},"schema":{"@context":"https:\/\/schema.org","@graph":[{"@type":"WebPage","@id":"https:\/\/www.manaus.am.gov.br\/semcom\/estacao-de-tratamento-de-esgoto-raiz\/","url":"https:\/\/www.manaus.am.gov.br\/semcom\/estacao-de-tratamento-de-esgoto-raiz\/","name":"Renato Junior entrega primeira etapa da Esta\u00e7\u00e3o de Tratamento de Esgoto Raiz","isPartOf":{"@id":"https:\/\/www.manaus.am.gov.br\/semcom\/#website"},"primaryImageOfPage":{"@id":"https:\/\/www.manaus.am.gov.br\/semcom\/estacao-de-tratamento-de-esgoto-raiz\/#primaryimage"},"image":{"@id":"https:\/\/www.manaus.am.gov.br\/semcom\/estacao-de-tratamento-de-esgoto-raiz\/#primaryimage"},"thumbnailUrl":"https:\/\/www.manaus.am.gov.br\/semcom\/wp-content\/uploads\/sites\/5\/2025\/10\/WhatsApp-Image-2025-10-22-at-18.47.59.jpeg","datePublished":"2025-10-22T22:52:27+00:00","dateModified":"2025-10-22T22:52:27+00:00","author":{"@id":"https:\/\/www.manaus.am.gov.br\/semcom\/#\/schema\/person\/466a0e03ae4b6062809046bd560ac955"},"description":"O vice-prefeito, Renato Junior, realizou, nesta quarta-feira, a entrega da primeira etapa da Esta\u00e7\u00e3o de Tratamento de Esgoto (ETE) Raiz.","inLanguage":"pt-BR","potentialAction":[{"@type":"ReadAction","target":["https:\/\/www.manaus.am.gov.br\/semcom\/estacao-de-tratamento-de-esgoto-raiz\/"]}]},{"@type":"ImageObject","inLanguage":"pt-BR","@id":"https:\/\/www.manaus.am.gov.br\/semcom\/estacao-de-tratamento-de-esgoto-raiz\/#primaryimage","url":"https:\/\/www.manaus.am.gov.br\/semcom\/wp-content\/uploads\/sites\/5\/2025\/10\/WhatsApp-Image-2025-10-22-at-18.47.59.jpeg","contentUrl":"https:\/\/www.manaus.am.gov.br\/semcom\/wp-content\/uploads\/sites\/5\/2025\/10\/WhatsApp-Image-2025-10-22-at-18.47.59.jpeg","width":1600,"height":1066,"caption":"#paratodosverem \u2013 Vice-prefeito e autoridades inaugurando esta\u00e7\u00e3o"},{"@type":"WebSite","@id":"https:\/\/www.manaus.am.gov.br\/semcom\/#website","url":"https:\/\/www.manaus.am.gov.br\/semcom\/","name":"SEMCOM","description":"Secretaria Municipal de Comunica\u00e7\u00e3o","potentialAction":[{"@type":"SearchAction","target":{"@type":"EntryPoint","urlTemplate":"https:\/\/www.manaus.am.gov.br\/semcom\/?s={search_term_string}"},"query-input":"required name=search_term_string"}],"inLanguage":"pt-BR"},{"@type":"Person","@id":"https:\/\/www.manaus.am.gov.br\/semcom\/#\/schema\/person\/466a0e03ae4b6062809046bd560ac955","name":"bvalente","image":{"@type":"ImageObject","inLanguage":"pt-BR","@id":"https:\/\/www.manaus.am.gov.br\/semcom\/#\/schema\/person\/image\/","url":"https:\/\/secure.gravatar.com\/avatar\/3e69bc2b014bdad41adfec3a39de07d2?s=96&d=mm&r=g","contentUrl":"https:\/\/secure.gravatar.com\/avatar\/3e69bc2b014bdad41adfec3a39de07d2?s=96&d=mm&r=g","caption":"bvalente"}}]}},"_links":{"self":[{"href":"https:\/\/www.manaus.am.gov.br\/semcom\/wp-json\/wp\/v2\/posts\/247487"}],"collection":[{"href":"https:\/\/www.manaus.am.gov.br\/semcom\/wp-json\/wp\/v2\/posts"}],"about":[{"href":"https:\/\/www.manaus.am.gov.br\/semcom\/wp-json\/wp\/v2\/types\/post"}],"author":[{"embeddable":true,"href":"https:\/\/www.manaus.am.gov.br\/semcom\/wp-json\/wp\/v2\/users\/68"}],"replies":[{"embeddable":true,"href":"https:\/\/www.manaus.am.gov.br\/semcom\/wp-json\/wp\/v2\/comments?post=247487"}],"version-history":[{"count":0,"href":"https:\/\/www.manaus.am.gov.br\/semcom\/wp-json\/wp\/v2\/posts\/247487\/revisions"}],"wp:featuredmedia":[{"embeddable":true,"href":"https:\/\/www.manaus.am.gov.br\/semcom\/wp-json\/wp\/v2\/media\/247488"}],"wp:attachment":[{"href":"https:\/\/www.manaus.am.gov.br\/semcom\/wp-json\/wp\/v2\/media?parent=247487"}],"wp:term":[{"taxonomy":"category","embeddable":true,"href":"https:\/\/www.manaus.am.gov.br\/semcom\/wp-json\/wp\/v2\/categories?post=247487"},{"taxonomy":"post_tag","embeddable":true,"href":"https:\/\/www.manaus.am.gov.br\/semcom\/wp-json\/wp\/v2\/tags?post=247487"}],"curies":[{"name":"wp","href":"https:\/\/api.w.org\/{rel}","templated":true}]}}