{"id":247465,"date":"2025-10-22T15:37:56","date_gmt":"2025-10-22T19:37:56","guid":{"rendered":"https:\/\/www.manaus.am.gov.br\/semcom\/anuncio-entrega-habitacional-mario-haddad\/"},"modified":"2025-10-22T15:37:56","modified_gmt":"2025-10-22T19:37:56","slug":"anuncio-entrega-habitacional-mario-haddad","status":"publish","type":"post","link":"https:\/\/www.manaus.am.gov.br\/semcom\/anuncio-entrega-habitacional-mario-haddad\/","title":{"rendered":"Prefeito David Almeida anuncia entrega do\u00a0habitacional\u00a0M\u00e1rio Haddad para fevereiro e prev\u00ea novas moradias at\u00e9 julho de 2026"},"content":{"rendered":"\n<p>O prefeito de Manaus, David Almeida, anunciou, nesta quarta-feira, 22\/10, que o&nbsp;habitacional M\u00e1rio Haddad, localizado na avenida do Turismo, zona Oeste, ser\u00e1 entregue no final de fevereiro de 2026. A obra j\u00e1 conta com 90% dos pr\u00e9dios erguidos e at\u00e9 o dia 15\/11 deste ano ter\u00e1 todas as estruturas conclu\u00eddas, entrando na fase de acabamento fino.<\/p>\n\n\n\n<p>Durante vistoria \u00e0s frentes de trabalho, o prefeito destacou a import\u00e2ncia de reduzir o d\u00e9ficit habitacional e melhorar a qualidade de vida das fam\u00edlias manauaras.<\/p>\n\n\n\n<p>\u201cEsse aqui \u00e9 o deputado M\u00e1rio Haddad, segundo habitacional que n\u00f3s vamos entregar no final de fevereiro do pr\u00f3ximo ano. O habitacional que n\u00f3s fomos visitar, mais cedo, no Cidad\u00e3o 10, \u00e9 o habitacional Leonardo Santos. As nossas a\u00e7\u00f5es em rela\u00e7\u00e3o \u00e0 habita\u00e7\u00e3o s\u00e3o cont\u00ednuas na parceria que temos com o governo federal, atrav\u00e9s do programa \u2018Minha Casa Minha Vida\u2019. Fica aqui essa gratid\u00e3o, porque n\u00f3s temos a interlocu\u00e7\u00e3o dos senadores Eduardo Braga e Omar Aziz, com o governo federal, para conseguirmos recursos para a constru\u00e7\u00e3o dessas moradias que visam diminuir o d\u00e9ficit habitacional da cidade de Manaus\u201d, afirmou Almeida.<\/p>\n\n\n\n<p>Al\u00e9m do M\u00e1rio Haddad, o prefeito tamb\u00e9m vistoriou o residencial Leonardo Santos, no conjunto Cidad\u00e3o 10, na zona Norte, que ter\u00e1 36 pr\u00e9dios e 576 apartamentos. O empreendimento j\u00e1 avan\u00e7ou da funda\u00e7\u00e3o para a fase estrutural, com radiers conclu\u00eddos e o primeiro bloco em execu\u00e7\u00e3o. A previs\u00e3o de conclus\u00e3o \u00e9 para julho de 2026, consolidando um dos maiores investimentos habitacionais j\u00e1 realizados em Manaus.<\/p>\n\n\n\n<p><strong>Diferencial: moradia pronta para morar<\/strong><\/p>\n\n\n\n<p>Segundo o prefeito David Almeida, tanto o M\u00e1rio Haddad quanto o Leonardo Santos seguir\u00e3o o modelo inovador de acolhimento \u00e0s fam\u00edlias atingidas por calamidades, j\u00e1 aplicado em um dos habitacionais erguidos no Parque das Tribos, no Tarum\u00e3, que ter\u00e1 as primeiras unidades entregues em novembro, com apartamentos semiequipados com mob\u00edlias e eletrodom\u00e9sticos.<\/p>\n\n\n\n<p>\u201cN\u00f3s vamos entregar aqueles 576 primeiros apartamentos no Parque das Tribos, j\u00e1 com algumas mob\u00edlias, com alguns eletrodom\u00e9sticos. O segundo habitacional que \u00e9 esse aqui que n\u00f3s estamos, o habitacional M\u00e1rio Haddad, tamb\u00e9m, n\u00f3s vamos ter a mesma modalidade. Ainda estamos buscando recursos para que a gente possa, a partir do momento que a gente entregue o habitacional, tamb\u00e9m equip\u00e1-los com algumas mob\u00edlias. E a\u00ed voc\u00ea melhora a autoestima, a dignidade e d\u00e1 a eles uma boa qualidade de vida\u201d, concluiu o prefeito.<\/p>\n\n\n\n<p><strong>Cuidar da cidade e das pessoas<\/strong><\/p>\n\n\n\n<p>Essas obras fazem parte do eixo da gest\u00e3o municipal que une desenvolvimento urbano e cuidado social, em parceria com o programa \u201cMinha Casa, Minha Vida\u201d e apoio do governo federal. Para David Almeida, a habita\u00e7\u00e3o popular \u00e9 um instrumento de transforma\u00e7\u00e3o social, que garante seguran\u00e7a, dignidade e novas perspectivas para milhares de fam\u00edlias da capital amazonense.<\/p>\n\n\n\n<figure class=\"wp-block-image size-large\"><img loading=\"lazy\" decoding=\"async\" width=\"1024\" height=\"690\" src=\"https:\/\/www.manaus.am.gov.br\/semcom\/wp-content\/uploads\/sites\/5\/2025\/10\/54872042257_a8ed8e3640_k-1024x690.jpg\" alt=\"\" class=\"wp-image-247467\" srcset=\"https:\/\/www.manaus.am.gov.br\/semcom\/wp-content\/uploads\/sites\/5\/2025\/10\/54872042257_a8ed8e3640_k-1024x690.jpg 1024w, https:\/\/www.manaus.am.gov.br\/semcom\/wp-content\/uploads\/sites\/5\/2025\/10\/54872042257_a8ed8e3640_k-300x202.jpg 300w, https:\/\/www.manaus.am.gov.br\/semcom\/wp-content\/uploads\/sites\/5\/2025\/10\/54872042257_a8ed8e3640_k-768x518.jpg 768w, https:\/\/www.manaus.am.gov.br\/semcom\/wp-content\/uploads\/sites\/5\/2025\/10\/54872042257_a8ed8e3640_k-1536x1035.jpg 1536w, https:\/\/www.manaus.am.gov.br\/semcom\/wp-content\/uploads\/sites\/5\/2025\/10\/54872042257_a8ed8e3640_k.jpg 2048w\" sizes=\"(max-width: 1024px) 100vw, 1024px\" \/><\/figure>\n\n\n\n<p>&#8212; &#8212; &#8212;<\/p>\n\n\n\n<p><strong>Texto &#8211;<\/strong>&nbsp;Emanuelle Baires\/Semcom<\/p>\n\n\n\n<p><strong>Fotos <\/strong>&#8211; Dhyeizo Lemos\/Semcom<\/p>\n\n\n\n<p><strong>Dispon\u00edveis em &#8211; <\/strong><a href=\"https:\/\/flic.kr\/s\/aHBqjCyn1P\">https:\/\/flic.kr\/s\/aHBqjCyn1P<\/a><\/p>\n","protected":false},"excerpt":{"rendered":"","protected":false},"author":39,"featured_media":247466,"comment_status":"closed","ping_status":"closed","sticky":false,"template":"","format":"standard","meta":{"footnotes":""},"categories":[400],"tags":[35,17585,17586,17587,77],"acf":[],"yoast_head":"<!-- This site is optimized with the Yoast SEO plugin v23.0 - https:\/\/yoast.com\/wordpress\/plugins\/seo\/ -->\n<title>Prefeito anuncia entrega do habitacional M\u00e1rio Haddad para fevereiro<\/title>\n<meta name=\"description\" content=\"Prefeito David Almeida anuncia entrega do habitacional M\u00e1rio Haddad para fevereiro e prev\u00ea novas moradias at\u00e9 julho de 2026.\" \/>\n<meta name=\"robots\" content=\"index, follow, max-snippet:-1, max-image-preview:large, max-video-preview:-1\" \/>\n<link rel=\"canonical\" href=\"https:\/\/www.manaus.am.gov.br\/semcom\/anuncio-entrega-habitacional-mario-haddad\/\" \/>\n<meta property=\"og:locale\" content=\"pt_BR\" \/>\n<meta property=\"og:type\" content=\"article\" \/>\n<meta property=\"og:title\" content=\"Prefeito anuncia entrega do habitacional M\u00e1rio Haddad para fevereiro\" \/>\n<meta property=\"og:description\" content=\"Prefeito David Almeida anuncia entrega do habitacional M\u00e1rio Haddad para fevereiro e prev\u00ea novas moradias at\u00e9 julho de 2026.\" \/>\n<meta property=\"og:url\" content=\"https:\/\/www.manaus.am.gov.br\/semcom\/anuncio-entrega-habitacional-mario-haddad\/\" \/>\n<meta property=\"og:site_name\" content=\"SEMCOM\" \/>\n<meta property=\"article:published_time\" content=\"2025-10-22T19:37:56+00:00\" \/>\n<meta property=\"og:image\" content=\"https:\/\/www.manaus.am.gov.br\/semcom\/wp-content\/uploads\/sites\/5\/2025\/10\/54873153889_9bccbc203a_k.jpg\" \/>\n\t<meta property=\"og:image:width\" content=\"2048\" \/>\n\t<meta property=\"og:image:height\" content=\"1365\" \/>\n\t<meta property=\"og:image:type\" content=\"image\/jpeg\" \/>\n<meta name=\"author\" content=\"Bruna Greco\" \/>\n<meta name=\"twitter:card\" content=\"summary_large_image\" \/>\n<meta name=\"twitter:label1\" content=\"Written by\" \/>\n\t<meta name=\"twitter:data1\" content=\"Bruna Greco\" \/>\n\t<meta name=\"twitter:label2\" content=\"Est. reading time\" \/>\n\t<meta name=\"twitter:data2\" content=\"3 minutos\" \/>\n<script type=\"application\/ld+json\" class=\"yoast-schema-graph\">{\"@context\":\"https:\/\/schema.org\",\"@graph\":[{\"@type\":\"WebPage\",\"@id\":\"https:\/\/www.manaus.am.gov.br\/semcom\/anuncio-entrega-habitacional-mario-haddad\/\",\"url\":\"https:\/\/www.manaus.am.gov.br\/semcom\/anuncio-entrega-habitacional-mario-haddad\/\",\"name\":\"Prefeito anuncia entrega do habitacional M\u00e1rio Haddad para fevereiro\",\"isPartOf\":{\"@id\":\"https:\/\/www.manaus.am.gov.br\/semcom\/#website\"},\"primaryImageOfPage\":{\"@id\":\"https:\/\/www.manaus.am.gov.br\/semcom\/anuncio-entrega-habitacional-mario-haddad\/#primaryimage\"},\"image\":{\"@id\":\"https:\/\/www.manaus.am.gov.br\/semcom\/anuncio-entrega-habitacional-mario-haddad\/#primaryimage\"},\"thumbnailUrl\":\"https:\/\/www.manaus.am.gov.br\/semcom\/wp-content\/uploads\/sites\/5\/2025\/10\/54873153889_9bccbc203a_k.jpg\",\"datePublished\":\"2025-10-22T19:37:56+00:00\",\"dateModified\":\"2025-10-22T19:37:56+00:00\",\"author\":{\"@id\":\"https:\/\/www.manaus.am.gov.br\/semcom\/#\/schema\/person\/05d223aea2bf115f9883a6ff3683d81b\"},\"description\":\"Prefeito David Almeida anuncia entrega do habitacional M\u00e1rio Haddad para fevereiro e prev\u00ea novas moradias at\u00e9 julho de 2026.\",\"inLanguage\":\"pt-BR\",\"potentialAction\":[{\"@type\":\"ReadAction\",\"target\":[\"https:\/\/www.manaus.am.gov.br\/semcom\/anuncio-entrega-habitacional-mario-haddad\/\"]}]},{\"@type\":\"ImageObject\",\"inLanguage\":\"pt-BR\",\"@id\":\"https:\/\/www.manaus.am.gov.br\/semcom\/anuncio-entrega-habitacional-mario-haddad\/#primaryimage\",\"url\":\"https:\/\/www.manaus.am.gov.br\/semcom\/wp-content\/uploads\/sites\/5\/2025\/10\/54873153889_9bccbc203a_k.jpg\",\"contentUrl\":\"https:\/\/www.manaus.am.gov.br\/semcom\/wp-content\/uploads\/sites\/5\/2025\/10\/54873153889_9bccbc203a_k.jpg\",\"width\":2048,\"height\":1365,\"caption\":\"#paratodosverem - Prefeito de Manaus, David Almeida, fiscalizando obras do habitacional M\u00e1rio Haddad, localizado na avenida do Turismo\"},{\"@type\":\"WebSite\",\"@id\":\"https:\/\/www.manaus.am.gov.br\/semcom\/#website\",\"url\":\"https:\/\/www.manaus.am.gov.br\/semcom\/\",\"name\":\"SEMCOM\",\"description\":\"Secretaria Municipal de Comunica\u00e7\u00e3o\",\"potentialAction\":[{\"@type\":\"SearchAction\",\"target\":{\"@type\":\"EntryPoint\",\"urlTemplate\":\"https:\/\/www.manaus.am.gov.br\/semcom\/?s={search_term_string}\"},\"query-input\":\"required name=search_term_string\"}],\"inLanguage\":\"pt-BR\"},{\"@type\":\"Person\",\"@id\":\"https:\/\/www.manaus.am.gov.br\/semcom\/#\/schema\/person\/05d223aea2bf115f9883a6ff3683d81b\",\"name\":\"Bruna Greco\",\"image\":{\"@type\":\"ImageObject\",\"inLanguage\":\"pt-BR\",\"@id\":\"https:\/\/www.manaus.am.gov.br\/semcom\/#\/schema\/person\/image\/\",\"url\":\"https:\/\/secure.gravatar.com\/avatar\/9c877d1a6adc2a055330e5c09a8653ce?s=96&d=mm&r=g\",\"contentUrl\":\"https:\/\/secure.gravatar.com\/avatar\/9c877d1a6adc2a055330e5c09a8653ce?s=96&d=mm&r=g\",\"caption\":\"Bruna Greco\"}}]}<\/script>\n<!-- \/ Yoast SEO plugin. -->","yoast_head_json":{"title":"Prefeito anuncia entrega do habitacional M\u00e1rio Haddad para fevereiro","description":"Prefeito David Almeida anuncia entrega do habitacional M\u00e1rio Haddad para fevereiro e prev\u00ea novas moradias at\u00e9 julho de 2026.","robots":{"index":"index","follow":"follow","max-snippet":"max-snippet:-1","max-image-preview":"max-image-preview:large","max-video-preview":"max-video-preview:-1"},"canonical":"https:\/\/www.manaus.am.gov.br\/semcom\/anuncio-entrega-habitacional-mario-haddad\/","og_locale":"pt_BR","og_type":"article","og_title":"Prefeito anuncia entrega do habitacional M\u00e1rio Haddad para fevereiro","og_description":"Prefeito David Almeida anuncia entrega do habitacional M\u00e1rio Haddad para fevereiro e prev\u00ea novas moradias at\u00e9 julho de 2026.","og_url":"https:\/\/www.manaus.am.gov.br\/semcom\/anuncio-entrega-habitacional-mario-haddad\/","og_site_name":"SEMCOM","article_published_time":"2025-10-22T19:37:56+00:00","og_image":[{"width":2048,"height":1365,"url":"https:\/\/www.manaus.am.gov.br\/semcom\/wp-content\/uploads\/sites\/5\/2025\/10\/54873153889_9bccbc203a_k.jpg","type":"image\/jpeg"}],"author":"Bruna Greco","twitter_card":"summary_large_image","twitter_misc":{"Written by":"Bruna Greco","Est. reading time":"3 minutos"},"schema":{"@context":"https:\/\/schema.org","@graph":[{"@type":"WebPage","@id":"https:\/\/www.manaus.am.gov.br\/semcom\/anuncio-entrega-habitacional-mario-haddad\/","url":"https:\/\/www.manaus.am.gov.br\/semcom\/anuncio-entrega-habitacional-mario-haddad\/","name":"Prefeito anuncia entrega do habitacional M\u00e1rio Haddad para fevereiro","isPartOf":{"@id":"https:\/\/www.manaus.am.gov.br\/semcom\/#website"},"primaryImageOfPage":{"@id":"https:\/\/www.manaus.am.gov.br\/semcom\/anuncio-entrega-habitacional-mario-haddad\/#primaryimage"},"image":{"@id":"https:\/\/www.manaus.am.gov.br\/semcom\/anuncio-entrega-habitacional-mario-haddad\/#primaryimage"},"thumbnailUrl":"https:\/\/www.manaus.am.gov.br\/semcom\/wp-content\/uploads\/sites\/5\/2025\/10\/54873153889_9bccbc203a_k.jpg","datePublished":"2025-10-22T19:37:56+00:00","dateModified":"2025-10-22T19:37:56+00:00","author":{"@id":"https:\/\/www.manaus.am.gov.br\/semcom\/#\/schema\/person\/05d223aea2bf115f9883a6ff3683d81b"},"description":"Prefeito David Almeida anuncia entrega do habitacional M\u00e1rio Haddad para fevereiro e prev\u00ea novas moradias at\u00e9 julho de 2026.","inLanguage":"pt-BR","potentialAction":[{"@type":"ReadAction","target":["https:\/\/www.manaus.am.gov.br\/semcom\/anuncio-entrega-habitacional-mario-haddad\/"]}]},{"@type":"ImageObject","inLanguage":"pt-BR","@id":"https:\/\/www.manaus.am.gov.br\/semcom\/anuncio-entrega-habitacional-mario-haddad\/#primaryimage","url":"https:\/\/www.manaus.am.gov.br\/semcom\/wp-content\/uploads\/sites\/5\/2025\/10\/54873153889_9bccbc203a_k.jpg","contentUrl":"https:\/\/www.manaus.am.gov.br\/semcom\/wp-content\/uploads\/sites\/5\/2025\/10\/54873153889_9bccbc203a_k.jpg","width":2048,"height":1365,"caption":"#paratodosverem - Prefeito de Manaus, David Almeida, fiscalizando obras do habitacional M\u00e1rio Haddad, localizado na avenida do Turismo"},{"@type":"WebSite","@id":"https:\/\/www.manaus.am.gov.br\/semcom\/#website","url":"https:\/\/www.manaus.am.gov.br\/semcom\/","name":"SEMCOM","description":"Secretaria Municipal de Comunica\u00e7\u00e3o","potentialAction":[{"@type":"SearchAction","target":{"@type":"EntryPoint","urlTemplate":"https:\/\/www.manaus.am.gov.br\/semcom\/?s={search_term_string}"},"query-input":"required name=search_term_string"}],"inLanguage":"pt-BR"},{"@type":"Person","@id":"https:\/\/www.manaus.am.gov.br\/semcom\/#\/schema\/person\/05d223aea2bf115f9883a6ff3683d81b","name":"Bruna Greco","image":{"@type":"ImageObject","inLanguage":"pt-BR","@id":"https:\/\/www.manaus.am.gov.br\/semcom\/#\/schema\/person\/image\/","url":"https:\/\/secure.gravatar.com\/avatar\/9c877d1a6adc2a055330e5c09a8653ce?s=96&d=mm&r=g","contentUrl":"https:\/\/secure.gravatar.com\/avatar\/9c877d1a6adc2a055330e5c09a8653ce?s=96&d=mm&r=g","caption":"Bruna Greco"}}]}},"_links":{"self":[{"href":"https:\/\/www.manaus.am.gov.br\/semcom\/wp-json\/wp\/v2\/posts\/247465"}],"collection":[{"href":"https:\/\/www.manaus.am.gov.br\/semcom\/wp-json\/wp\/v2\/posts"}],"about":[{"href":"https:\/\/www.manaus.am.gov.br\/semcom\/wp-json\/wp\/v2\/types\/post"}],"author":[{"embeddable":true,"href":"https:\/\/www.manaus.am.gov.br\/semcom\/wp-json\/wp\/v2\/users\/39"}],"replies":[{"embeddable":true,"href":"https:\/\/www.manaus.am.gov.br\/semcom\/wp-json\/wp\/v2\/comments?post=247465"}],"version-history":[{"count":1,"href":"https:\/\/www.manaus.am.gov.br\/semcom\/wp-json\/wp\/v2\/posts\/247465\/revisions"}],"predecessor-version":[{"id":247468,"href":"https:\/\/www.manaus.am.gov.br\/semcom\/wp-json\/wp\/v2\/posts\/247465\/revisions\/247468"}],"wp:featuredmedia":[{"embeddable":true,"href":"https:\/\/www.manaus.am.gov.br\/semcom\/wp-json\/wp\/v2\/media\/247466"}],"wp:attachment":[{"href":"https:\/\/www.manaus.am.gov.br\/semcom\/wp-json\/wp\/v2\/media?parent=247465"}],"wp:term":[{"taxonomy":"category","embeddable":true,"href":"https:\/\/www.manaus.am.gov.br\/semcom\/wp-json\/wp\/v2\/categories?post=247465"},{"taxonomy":"post_tag","embeddable":true,"href":"https:\/\/www.manaus.am.gov.br\/semcom\/wp-json\/wp\/v2\/tags?post=247465"}],"curies":[{"name":"wp","href":"https:\/\/api.w.org\/{rel}","templated":true}]}}