{"id":247387,"date":"2025-10-21T11:19:04","date_gmt":"2025-10-21T15:19:04","guid":{"rendered":"https:\/\/www.manaus.am.gov.br\/semcom\/10-mil-cits-emitidas-implurb\/"},"modified":"2025-10-21T12:22:50","modified_gmt":"2025-10-21T15:22:50","slug":"10-mil-cits-emitidas-implurb","status":"publish","type":"post","link":"https:\/\/www.manaus.am.gov.br\/semcom\/10-mil-cits-emitidas-implurb\/","title":{"rendered":"Prefeitura de Manaus passa de 10 mil\u00a0Certid\u00f5es de Informa\u00e7\u00e3o T\u00e9cnica\u00a0emitidas pelo Implurb"},"content":{"rendered":"\n<p>Com quase dois mil documentos emitidos de janeiro a setembro deste ano, a Prefeitura de Manaus passa de 10,4 mil Certid\u00f5es de Informa\u00e7\u00e3o T\u00e9cnica (CITs) expedidas pelo Instituto Municipal de Planejamento Urbano (Implurb) durante a gest\u00e3o do prefeito David Almeida. Foram 1.959 CITs expedidas este ano, contra 1.922 de 2024, uma alta no per\u00edodo de 2%. Em setembro foram 205 certid\u00f5es, contra 194 (incremento de 6%).<\/p>\n\n\n\n<p>Com base na lei complementar 003\/2014, do Plano Diretor de Manaus, no artigo 14, as informa\u00e7\u00f5es relativas ao uso e \u00e0 ocupa\u00e7\u00e3o do solo ser\u00e3o \u201cfornecidas ao interessado que a solicitar, com a exata localiza\u00e7\u00e3o do im\u00f3vel\u201d. A certid\u00e3o n\u00e3o garante o direito de construir e ela n\u00e3o tem validade, sendo dividida em tr\u00eas&nbsp;tipos: de informa\u00e7\u00e3o t\u00e9cnica gera, para uso e ocupa\u00e7\u00e3o do solo, e de informa\u00e7\u00e3o para uso do solo.<\/p>\n\n\n\n<p>O processo de CIT \u00e9 baseado principalmente na localiza\u00e7\u00e3o do lote, sendo necess\u00e1ria a apresenta\u00e7\u00e3o de documentos como matr\u00edcula do IPTU, croqui de localiza\u00e7\u00e3o e o endere\u00e7o correto.<\/p>\n\n\n\n<p>\u201cPara fazermos a an\u00e1lise \u00e9 preciso que o requerente deixe bem claro as atividades requisitadas, seguindo o padr\u00e3o de informa\u00e7\u00e3o do Cadastro Nacional de Atividades Econ\u00f4micas (Cnae). Quanto mais dados forem preenchidos, mais r\u00e1pida tamb\u00e9m \u00e9 a an\u00e1lise\u201d, explicou a engenheira e gerente de Informa\u00e7\u00e3o T\u00e9cnica da Diretoria de Opera\u00e7\u00f5es (Diop), Islane Rodrigues.<\/p>\n\n\n\n<p><strong>Indeferimento<\/strong><\/p>\n\n\n\n<p>Um problema bastante comum para indeferimentos das CITs ocorre quando o requerente faz uma solicita\u00e7\u00e3o de atividade n\u00e3o permitida para determinado local, por seu tipo, impacto ou porte; ou quando o local j\u00e1 tem um uso definido pela legisla\u00e7\u00e3o diferente do solicitado.<\/p>\n\n\n\n<p>\u201cAp\u00f3s o indeferimento inicial \u00e9 poss\u00edvel entrar com um recurso junto aos \u00f3rg\u00e3os deliberativos, como a Comiss\u00e3o T\u00e9cnica de Planejamento e Controle Urbano (CTPCU) e Comiss\u00e3o Municipal de Desenvolvimento Urbano (CMDU), que tem poder para apreciar exce\u00e7\u00f5es, a partir de nova an\u00e1lise e informa\u00e7\u00f5es prestadas pelo requerente\u201d, afirmou a gerente.<\/p>\n\n\n\n<p>Para facilitar&nbsp;ainda mais a formaliza\u00e7\u00e3o de processos e acesso a servi\u00e7os de licenciamento da Prefeitura de Manaus, via&nbsp;Implurb, a Diretoria de Opera\u00e7\u00f5es (Diop) produziu um roteiro com o passo a passo para os requerentes que precisam da&nbsp;CIT, um dos instrumentos necess\u00e1rios para abertura de empresas ou mudan\u00e7a de atividade na cidade de Manaus.<\/p>\n\n\n\n<p>O documento informa ao cidad\u00e3o se determinado uso para setores urbanos \u00e9 permitido conforme tabelas e par\u00e2metros urban\u00edsticos no Plano Diretor.<\/p>\n\n\n\n<p>\u201cO objetivo da certid\u00e3o \u00e9 possibilitar expedi\u00e7\u00e3o de alvar\u00e1 de funcionamento e entrada no pedido de licen\u00e7a ambiental.&nbsp;Tudo \u00e9 100% on-line pelo Sistema de Licenciamento Integrador Municipal (Slim)\u201d, explica a diretora da Diop, a arquiteta e urbanista Jeane Mota.<\/p>\n\n\n\n<p>O primeiro passo \u00e9 acessar o site&nbsp;<a href=\"http:\/\/portalservicos.jucea.am.gov.br\/\" target=\"_blank\" rel=\"noreferrer noopener\">portalservicos.jucea.am.gov.br<\/a>. Para os casos em que n\u00e3o for poss\u00edvel obter a an\u00e1lise on-line, ou se o pedido for indeferido, o interessado pode formalizar um processo no&nbsp;Implurb&nbsp;pelo sistema de Fiscaliza\u00e7\u00e3o Urbana (FU).<\/p>\n\n\n\n<p><strong>Outras certid\u00f5es<\/strong><\/p>\n\n\n\n<p>As Certid\u00f5es de Informa\u00e7\u00e3o T\u00e9cnica para Uso e Ocupa\u00e7\u00e3o do Solo trazem, al\u00e9m da informa\u00e7\u00e3o se o uso solicitado \u00e9 permitido, os par\u00e2metros legais exigidos para o local, tais como a testada m\u00ednima para verticaliza\u00e7\u00e3o; n\u00famero de pavimentos m\u00e1ximo permitido; afastamentos exigidos; taxa de permeabiliza\u00e7\u00e3o m\u00ednima; vagas de estacionamento exigidas e Coeficiente de Aproveitamento M\u00e1ximo do Terreno (Camt).<\/p>\n\n\n\n<p>E existe a Certid\u00e3o de Informa\u00e7\u00e3o T\u00e9cnica em Geral, que informa os par\u00e2metros gerais de uso do solo especificados pela legisla\u00e7\u00e3o para o endere\u00e7o informado, sendo esta meramente informativa, para que o interessado saiba os usos permitidos para o endere\u00e7o de pesquisa.<\/p>\n\n\n\n<p>A legisla\u00e7\u00e3o em vigor, como o Plano Diretor de Manaus, j\u00e1 aponta setores, subsetores, eixos de atividades, diretrizes, usos e atividades permitidas nos bairros da capital e classifica\u00e7\u00e3o por escala e risco. A classifica\u00e7\u00e3o com a tabela de risco consta do decreto lei 4.648\/2019.<\/p>\n\n\n\n<figure class=\"wp-block-image size-large\"><img loading=\"lazy\" decoding=\"async\" width=\"1024\" height=\"768\" src=\"https:\/\/www.manaus.am.gov.br\/semcom\/wp-content\/uploads\/sites\/5\/2025\/10\/CIT-2-1024x768.jpeg\" alt=\"\" class=\"wp-image-247388\" srcset=\"https:\/\/www.manaus.am.gov.br\/semcom\/wp-content\/uploads\/sites\/5\/2025\/10\/CIT-2-1024x768.jpeg 1024w, https:\/\/www.manaus.am.gov.br\/semcom\/wp-content\/uploads\/sites\/5\/2025\/10\/CIT-2-300x225.jpeg 300w, https:\/\/www.manaus.am.gov.br\/semcom\/wp-content\/uploads\/sites\/5\/2025\/10\/CIT-2-768x576.jpeg 768w, https:\/\/www.manaus.am.gov.br\/semcom\/wp-content\/uploads\/sites\/5\/2025\/10\/CIT-2-1536x1152.jpeg 1536w, https:\/\/www.manaus.am.gov.br\/semcom\/wp-content\/uploads\/sites\/5\/2025\/10\/CIT-2.jpeg 1600w\" sizes=\"(max-width: 1024px) 100vw, 1024px\" \/><\/figure>\n\n\n\n<p>&#8212; &#8212; &#8212;<\/p>\n\n\n\n<p><strong>Texto<\/strong>\u00a0\u2013 Claudia do Valle\/Implurb<\/p>\n\n\n\n<p><strong>Fotos<\/strong>\u00a0\u2013 Maxwell Oliveira\/Implurb<\/p>\n","protected":false},"excerpt":{"rendered":"","protected":false},"author":39,"featured_media":247389,"comment_status":"closed","ping_status":"closed","sticky":false,"template":"","format":"standard","meta":{"footnotes":""},"categories":[890],"tags":[17556,35,17557,892,77],"acf":[],"yoast_head":"<!-- This site is optimized with the Yoast SEO plugin v23.0 - https:\/\/yoast.com\/wordpress\/plugins\/seo\/ -->\n<title>Prefeitura passa de 10 mil CITs a emitidas pelo Implurb<\/title>\n<meta name=\"description\" content=\"Prefeitura de Manaus passa de 10 mil Certid\u00f5es de Informa\u00e7\u00e3o T\u00e9cnica (CITs) emitidas pelo Implurb neste ano.\" \/>\n<meta name=\"robots\" content=\"index, follow, max-snippet:-1, max-image-preview:large, max-video-preview:-1\" \/>\n<link rel=\"canonical\" href=\"https:\/\/www.manaus.am.gov.br\/semcom\/10-mil-cits-emitidas-implurb\/\" \/>\n<meta property=\"og:locale\" content=\"pt_BR\" \/>\n<meta property=\"og:type\" content=\"article\" \/>\n<meta property=\"og:title\" content=\"Prefeitura passa de 10 mil CITs a emitidas pelo Implurb\" \/>\n<meta property=\"og:description\" content=\"Prefeitura de Manaus passa de 10 mil Certid\u00f5es de Informa\u00e7\u00e3o T\u00e9cnica (CITs) emitidas pelo Implurb neste ano.\" \/>\n<meta property=\"og:url\" content=\"https:\/\/www.manaus.am.gov.br\/semcom\/10-mil-cits-emitidas-implurb\/\" \/>\n<meta property=\"og:site_name\" content=\"SEMCOM\" \/>\n<meta property=\"article:published_time\" content=\"2025-10-21T15:19:04+00:00\" \/>\n<meta property=\"article:modified_time\" content=\"2025-10-21T15:22:50+00:00\" \/>\n<meta property=\"og:image\" content=\"https:\/\/www.manaus.am.gov.br\/semcom\/wp-content\/uploads\/sites\/5\/2025\/10\/CIT-3.jpeg\" \/>\n\t<meta property=\"og:image:width\" content=\"1600\" \/>\n\t<meta property=\"og:image:height\" content=\"1200\" \/>\n\t<meta property=\"og:image:type\" content=\"image\/jpeg\" \/>\n<meta name=\"author\" content=\"Bruna Greco\" \/>\n<meta name=\"twitter:card\" content=\"summary_large_image\" \/>\n<meta name=\"twitter:label1\" content=\"Written by\" \/>\n\t<meta name=\"twitter:data1\" content=\"Bruna Greco\" \/>\n\t<meta name=\"twitter:label2\" content=\"Est. reading time\" \/>\n\t<meta name=\"twitter:data2\" content=\"4 minutos\" \/>\n<script type=\"application\/ld+json\" class=\"yoast-schema-graph\">{\"@context\":\"https:\/\/schema.org\",\"@graph\":[{\"@type\":\"WebPage\",\"@id\":\"https:\/\/www.manaus.am.gov.br\/semcom\/10-mil-cits-emitidas-implurb\/\",\"url\":\"https:\/\/www.manaus.am.gov.br\/semcom\/10-mil-cits-emitidas-implurb\/\",\"name\":\"Prefeitura passa de 10 mil CITs a emitidas pelo Implurb\",\"isPartOf\":{\"@id\":\"https:\/\/www.manaus.am.gov.br\/semcom\/#website\"},\"primaryImageOfPage\":{\"@id\":\"https:\/\/www.manaus.am.gov.br\/semcom\/10-mil-cits-emitidas-implurb\/#primaryimage\"},\"image\":{\"@id\":\"https:\/\/www.manaus.am.gov.br\/semcom\/10-mil-cits-emitidas-implurb\/#primaryimage\"},\"thumbnailUrl\":\"https:\/\/www.manaus.am.gov.br\/semcom\/wp-content\/uploads\/sites\/5\/2025\/10\/CIT-3.jpeg\",\"datePublished\":\"2025-10-21T15:19:04+00:00\",\"dateModified\":\"2025-10-21T15:22:50+00:00\",\"author\":{\"@id\":\"https:\/\/www.manaus.am.gov.br\/semcom\/#\/schema\/person\/05d223aea2bf115f9883a6ff3683d81b\"},\"description\":\"Prefeitura de Manaus passa de 10 mil Certid\u00f5es de Informa\u00e7\u00e3o T\u00e9cnica (CITs) emitidas pelo Implurb neste ano.\",\"inLanguage\":\"pt-BR\",\"potentialAction\":[{\"@type\":\"ReadAction\",\"target\":[\"https:\/\/www.manaus.am.gov.br\/semcom\/10-mil-cits-emitidas-implurb\/\"]}]},{\"@type\":\"ImageObject\",\"inLanguage\":\"pt-BR\",\"@id\":\"https:\/\/www.manaus.am.gov.br\/semcom\/10-mil-cits-emitidas-implurb\/#primaryimage\",\"url\":\"https:\/\/www.manaus.am.gov.br\/semcom\/wp-content\/uploads\/sites\/5\/2025\/10\/CIT-3.jpeg\",\"contentUrl\":\"https:\/\/www.manaus.am.gov.br\/semcom\/wp-content\/uploads\/sites\/5\/2025\/10\/CIT-3.jpeg\",\"width\":1600,\"height\":1200,\"caption\":\"#paratodosverem - Servidora do Implurb no departamento de Certid\u00f5es de Informa\u00e7\u00e3o T\u00e9cnica (CITs) realizando suas atividades internas\"},{\"@type\":\"WebSite\",\"@id\":\"https:\/\/www.manaus.am.gov.br\/semcom\/#website\",\"url\":\"https:\/\/www.manaus.am.gov.br\/semcom\/\",\"name\":\"SEMCOM\",\"description\":\"Secretaria Municipal de Comunica\u00e7\u00e3o\",\"potentialAction\":[{\"@type\":\"SearchAction\",\"target\":{\"@type\":\"EntryPoint\",\"urlTemplate\":\"https:\/\/www.manaus.am.gov.br\/semcom\/?s={search_term_string}\"},\"query-input\":\"required name=search_term_string\"}],\"inLanguage\":\"pt-BR\"},{\"@type\":\"Person\",\"@id\":\"https:\/\/www.manaus.am.gov.br\/semcom\/#\/schema\/person\/05d223aea2bf115f9883a6ff3683d81b\",\"name\":\"Bruna Greco\",\"image\":{\"@type\":\"ImageObject\",\"inLanguage\":\"pt-BR\",\"@id\":\"https:\/\/www.manaus.am.gov.br\/semcom\/#\/schema\/person\/image\/\",\"url\":\"https:\/\/secure.gravatar.com\/avatar\/9c877d1a6adc2a055330e5c09a8653ce?s=96&d=mm&r=g\",\"contentUrl\":\"https:\/\/secure.gravatar.com\/avatar\/9c877d1a6adc2a055330e5c09a8653ce?s=96&d=mm&r=g\",\"caption\":\"Bruna Greco\"}}]}<\/script>\n<!-- \/ Yoast SEO plugin. -->","yoast_head_json":{"title":"Prefeitura passa de 10 mil CITs a emitidas pelo Implurb","description":"Prefeitura de Manaus passa de 10 mil Certid\u00f5es de Informa\u00e7\u00e3o T\u00e9cnica (CITs) emitidas pelo Implurb neste ano.","robots":{"index":"index","follow":"follow","max-snippet":"max-snippet:-1","max-image-preview":"max-image-preview:large","max-video-preview":"max-video-preview:-1"},"canonical":"https:\/\/www.manaus.am.gov.br\/semcom\/10-mil-cits-emitidas-implurb\/","og_locale":"pt_BR","og_type":"article","og_title":"Prefeitura passa de 10 mil CITs a emitidas pelo Implurb","og_description":"Prefeitura de Manaus passa de 10 mil Certid\u00f5es de Informa\u00e7\u00e3o T\u00e9cnica (CITs) emitidas pelo Implurb neste ano.","og_url":"https:\/\/www.manaus.am.gov.br\/semcom\/10-mil-cits-emitidas-implurb\/","og_site_name":"SEMCOM","article_published_time":"2025-10-21T15:19:04+00:00","article_modified_time":"2025-10-21T15:22:50+00:00","og_image":[{"width":1600,"height":1200,"url":"https:\/\/www.manaus.am.gov.br\/semcom\/wp-content\/uploads\/sites\/5\/2025\/10\/CIT-3.jpeg","type":"image\/jpeg"}],"author":"Bruna Greco","twitter_card":"summary_large_image","twitter_misc":{"Written by":"Bruna Greco","Est. reading time":"4 minutos"},"schema":{"@context":"https:\/\/schema.org","@graph":[{"@type":"WebPage","@id":"https:\/\/www.manaus.am.gov.br\/semcom\/10-mil-cits-emitidas-implurb\/","url":"https:\/\/www.manaus.am.gov.br\/semcom\/10-mil-cits-emitidas-implurb\/","name":"Prefeitura passa de 10 mil CITs a emitidas pelo Implurb","isPartOf":{"@id":"https:\/\/www.manaus.am.gov.br\/semcom\/#website"},"primaryImageOfPage":{"@id":"https:\/\/www.manaus.am.gov.br\/semcom\/10-mil-cits-emitidas-implurb\/#primaryimage"},"image":{"@id":"https:\/\/www.manaus.am.gov.br\/semcom\/10-mil-cits-emitidas-implurb\/#primaryimage"},"thumbnailUrl":"https:\/\/www.manaus.am.gov.br\/semcom\/wp-content\/uploads\/sites\/5\/2025\/10\/CIT-3.jpeg","datePublished":"2025-10-21T15:19:04+00:00","dateModified":"2025-10-21T15:22:50+00:00","author":{"@id":"https:\/\/www.manaus.am.gov.br\/semcom\/#\/schema\/person\/05d223aea2bf115f9883a6ff3683d81b"},"description":"Prefeitura de Manaus passa de 10 mil Certid\u00f5es de Informa\u00e7\u00e3o T\u00e9cnica (CITs) emitidas pelo Implurb neste ano.","inLanguage":"pt-BR","potentialAction":[{"@type":"ReadAction","target":["https:\/\/www.manaus.am.gov.br\/semcom\/10-mil-cits-emitidas-implurb\/"]}]},{"@type":"ImageObject","inLanguage":"pt-BR","@id":"https:\/\/www.manaus.am.gov.br\/semcom\/10-mil-cits-emitidas-implurb\/#primaryimage","url":"https:\/\/www.manaus.am.gov.br\/semcom\/wp-content\/uploads\/sites\/5\/2025\/10\/CIT-3.jpeg","contentUrl":"https:\/\/www.manaus.am.gov.br\/semcom\/wp-content\/uploads\/sites\/5\/2025\/10\/CIT-3.jpeg","width":1600,"height":1200,"caption":"#paratodosverem - Servidora do Implurb no departamento de Certid\u00f5es de Informa\u00e7\u00e3o T\u00e9cnica (CITs) realizando suas atividades internas"},{"@type":"WebSite","@id":"https:\/\/www.manaus.am.gov.br\/semcom\/#website","url":"https:\/\/www.manaus.am.gov.br\/semcom\/","name":"SEMCOM","description":"Secretaria Municipal de Comunica\u00e7\u00e3o","potentialAction":[{"@type":"SearchAction","target":{"@type":"EntryPoint","urlTemplate":"https:\/\/www.manaus.am.gov.br\/semcom\/?s={search_term_string}"},"query-input":"required name=search_term_string"}],"inLanguage":"pt-BR"},{"@type":"Person","@id":"https:\/\/www.manaus.am.gov.br\/semcom\/#\/schema\/person\/05d223aea2bf115f9883a6ff3683d81b","name":"Bruna Greco","image":{"@type":"ImageObject","inLanguage":"pt-BR","@id":"https:\/\/www.manaus.am.gov.br\/semcom\/#\/schema\/person\/image\/","url":"https:\/\/secure.gravatar.com\/avatar\/9c877d1a6adc2a055330e5c09a8653ce?s=96&d=mm&r=g","contentUrl":"https:\/\/secure.gravatar.com\/avatar\/9c877d1a6adc2a055330e5c09a8653ce?s=96&d=mm&r=g","caption":"Bruna Greco"}}]}},"_links":{"self":[{"href":"https:\/\/www.manaus.am.gov.br\/semcom\/wp-json\/wp\/v2\/posts\/247387"}],"collection":[{"href":"https:\/\/www.manaus.am.gov.br\/semcom\/wp-json\/wp\/v2\/posts"}],"about":[{"href":"https:\/\/www.manaus.am.gov.br\/semcom\/wp-json\/wp\/v2\/types\/post"}],"author":[{"embeddable":true,"href":"https:\/\/www.manaus.am.gov.br\/semcom\/wp-json\/wp\/v2\/users\/39"}],"replies":[{"embeddable":true,"href":"https:\/\/www.manaus.am.gov.br\/semcom\/wp-json\/wp\/v2\/comments?post=247387"}],"version-history":[{"count":3,"href":"https:\/\/www.manaus.am.gov.br\/semcom\/wp-json\/wp\/v2\/posts\/247387\/revisions"}],"predecessor-version":[{"id":247392,"href":"https:\/\/www.manaus.am.gov.br\/semcom\/wp-json\/wp\/v2\/posts\/247387\/revisions\/247392"}],"wp:featuredmedia":[{"embeddable":true,"href":"https:\/\/www.manaus.am.gov.br\/semcom\/wp-json\/wp\/v2\/media\/247389"}],"wp:attachment":[{"href":"https:\/\/www.manaus.am.gov.br\/semcom\/wp-json\/wp\/v2\/media?parent=247387"}],"wp:term":[{"taxonomy":"category","embeddable":true,"href":"https:\/\/www.manaus.am.gov.br\/semcom\/wp-json\/wp\/v2\/categories?post=247387"},{"taxonomy":"post_tag","embeddable":true,"href":"https:\/\/www.manaus.am.gov.br\/semcom\/wp-json\/wp\/v2\/tags?post=247387"}],"curies":[{"name":"wp","href":"https:\/\/api.w.org\/{rel}","templated":true}]}}