{"id":247370,"date":"2025-10-20T22:48:18","date_gmt":"2025-10-21T01:48:18","guid":{"rendered":"https:\/\/www.manaus.am.gov.br\/semcom\/programacao-do-aniversario-de-manaus\/"},"modified":"2025-10-20T22:48:20","modified_gmt":"2025-10-21T01:48:20","slug":"programacao-do-aniversario-de-manaus","status":"publish","type":"post","link":"https:\/\/www.manaus.am.gov.br\/semcom\/programacao-do-aniversario-de-manaus\/","title":{"rendered":"Prefeito David Almeida anuncia programa\u00e7\u00e3o oficial do anivers\u00e1rio de Manaus com shows nacionais"},"content":{"rendered":"\n<p>O prefeito de Manaus, David Almeida, anunciou, na noite desta segunda-feira, 20\/10, a programa\u00e7\u00e3o oficial em comemora\u00e7\u00e3o ao anivers\u00e1rio de 356 anos da capital amazonense, que contar\u00e1 com atra\u00e7\u00f5es nacionais e eventos gratuitos em diferentes zonas da cidade. A agenda cultural ser\u00e1 realizada pela Funda\u00e7\u00e3o Municipal de Cultura, Turismo e Eventos (ManausCult) e inclui shows de Ana Paula Valad\u00e3o, Nadson \u201cO Ferinha\u201d e Klessinha, al\u00e9m do tradicional \u201cBoi Manaus&#8221;, no centro de conven\u00e7\u00f5es Professor Gilberto Mestrinho, o samb\u00f3dromo, zona Centro-Sul.&nbsp;<\/p>\n\n\n\n<p>Na quinta-feira, 23\/10, v\u00e9spera do feriado, a partir das 19h, a zona Leste e a zona Norte da cidade receber\u00e3o o show da cantora Klessinha e do cantor Nadson \u201cO Ferinha\u201d, na alameda Alphaville. No mesmo dia, o p\u00fablico tamb\u00e9m poder\u00e1 participar do evento gospel, no anfiteatro da Ponta Negra, na zona Oeste, com apresenta\u00e7\u00e3o especial da cantora Ana Paula Valad\u00e3o, do minist\u00e9rio Diante do Trono.<\/p>\n\n\n\n<p>As celebra\u00e7\u00f5es continuam na sexta-feira e no s\u00e1bado, 24 e 25\/10, com o \u201cBoi Manaus 2025\u201d, no samb\u00f3dromo, reunindo os bois-bumb\u00e1s de Parintins e de Manaus, al\u00e9m dos grupos locais que celebram a cultura popular e a tradi\u00e7\u00e3o folcl\u00f3rica da cidade.<\/p>\n\n\n\n<p>De acordo com o prefeito David Almeida, a programa\u00e7\u00e3o foi pensada para atender a todos os p\u00fablicos e fortalecer o sentimento de pertencimento e amor pela capital amazonense.<\/p>\n\n\n\n<p>\u201cN\u00f3s queremos celebrar Manaus com o povo, com alegria, com f\u00e9 e com muita cultura. Na quinta, teremos o evento gospel com a Ana Paula Valad\u00e3o, e tamb\u00e9m grandes atra\u00e7\u00f5es nas zonas Leste e Norte. E na sexta e s\u00e1bado, o nosso tradicional \u2018Boi Manaus\u2019, com toda a energia dos bois de Parintins, Caprichoso e Garantido, que dividir\u00e3o o palco com os seis bois-bumb\u00e1s de Manaus, o Brilhante, Tira Prosa, Corre Campo, Clamor de Um Povo, Galante e Garanh\u00e3o. Todos est\u00e3o convidados para viver essa grande festa da nossa cidade\u201d, destacou o prefeito.<\/p>\n\n\n\n<p>As a\u00e7\u00f5es contam com o apoio de diversas secretarias municipais, coordenadas pela ManausCult e pelo Centro de Coopera\u00e7\u00e3o da Cidade (CCC), para garantir infraestrutura, seguran\u00e7a, mobilidade e servi\u00e7os de apoio durante os dias de comemora\u00e7\u00e3o.<\/p>\n\n\n\n<p>As informa\u00e7\u00f5es oficiais est\u00e3o dispon\u00edveis no site da Prefeitura de Manaus (<a href=\"https:\/\/www.manaus.am.gov.br\/\">https:\/\/www.manaus.am.gov.br\/<\/a>), que refor\u00e7a o convite \u00e0 popula\u00e7\u00e3o para celebrar com responsabilidade e orgulho mais um anivers\u00e1rio da capital amazonense.<\/p>\n\n\n\n<p>\u2014 \u2014 \u2014<br><strong>Texto &#8211;\u00a0 <\/strong>Emanuelle Baires \/ Semcom-Prefeito<br><strong>Fotos &#8211;<\/strong> Divulga\u00e7\u00e3o \/ ManausCult<\/p>\n","protected":false},"excerpt":{"rendered":"","protected":false},"author":68,"featured_media":247371,"comment_status":"closed","ping_status":"closed","sticky":false,"template":"","format":"standard","meta":{"footnotes":""},"categories":[1884],"tags":[17550,35,77,17551],"acf":[],"yoast_head":"<!-- This site is optimized with the Yoast SEO plugin v23.0 - https:\/\/yoast.com\/wordpress\/plugins\/seo\/ -->\n<title>Prefeito anuncia programa\u00e7\u00e3o do anivers\u00e1rio de Manaus<\/title>\n<meta name=\"description\" content=\"O prefeito de Manaus, David Almeida, anunciou a programa\u00e7\u00e3o oficial em comemora\u00e7\u00e3o ao anivers\u00e1rio de 356 anos da capital.\" \/>\n<meta name=\"robots\" content=\"index, follow, max-snippet:-1, max-image-preview:large, max-video-preview:-1\" \/>\n<link rel=\"canonical\" href=\"https:\/\/www.manaus.am.gov.br\/semcom\/programacao-do-aniversario-de-manaus\/\" \/>\n<meta property=\"og:locale\" content=\"pt_BR\" \/>\n<meta property=\"og:type\" content=\"article\" \/>\n<meta property=\"og:title\" content=\"Prefeito anuncia programa\u00e7\u00e3o do anivers\u00e1rio de Manaus\" \/>\n<meta property=\"og:description\" content=\"O prefeito de Manaus, David Almeida, anunciou a programa\u00e7\u00e3o oficial em comemora\u00e7\u00e3o ao anivers\u00e1rio de 356 anos da capital.\" \/>\n<meta property=\"og:url\" content=\"https:\/\/www.manaus.am.gov.br\/semcom\/programacao-do-aniversario-de-manaus\/\" \/>\n<meta property=\"og:site_name\" content=\"SEMCOM\" \/>\n<meta property=\"article:published_time\" content=\"2025-10-21T01:48:18+00:00\" \/>\n<meta property=\"article:modified_time\" content=\"2025-10-21T01:48:20+00:00\" \/>\n<meta property=\"og:image\" content=\"https:\/\/www.manaus.am.gov.br\/semcom\/wp-content\/uploads\/sites\/5\/2025\/10\/WhatsApp-Image-2025-10-20-at-20.37.41.jpeg\" \/>\n\t<meta property=\"og:image:width\" content=\"480\" \/>\n\t<meta property=\"og:image:height\" content=\"323\" \/>\n\t<meta property=\"og:image:type\" content=\"image\/jpeg\" \/>\n<meta name=\"author\" content=\"bvalente\" \/>\n<meta name=\"twitter:card\" content=\"summary_large_image\" \/>\n<meta name=\"twitter:label1\" content=\"Written by\" \/>\n\t<meta name=\"twitter:data1\" content=\"bvalente\" \/>\n\t<meta name=\"twitter:label2\" content=\"Est. reading time\" \/>\n\t<meta name=\"twitter:data2\" content=\"3 minutos\" \/>\n<script type=\"application\/ld+json\" class=\"yoast-schema-graph\">{\"@context\":\"https:\/\/schema.org\",\"@graph\":[{\"@type\":\"WebPage\",\"@id\":\"https:\/\/www.manaus.am.gov.br\/semcom\/programacao-do-aniversario-de-manaus\/\",\"url\":\"https:\/\/www.manaus.am.gov.br\/semcom\/programacao-do-aniversario-de-manaus\/\",\"name\":\"Prefeito anuncia programa\u00e7\u00e3o do anivers\u00e1rio de Manaus\",\"isPartOf\":{\"@id\":\"https:\/\/www.manaus.am.gov.br\/semcom\/#website\"},\"primaryImageOfPage\":{\"@id\":\"https:\/\/www.manaus.am.gov.br\/semcom\/programacao-do-aniversario-de-manaus\/#primaryimage\"},\"image\":{\"@id\":\"https:\/\/www.manaus.am.gov.br\/semcom\/programacao-do-aniversario-de-manaus\/#primaryimage\"},\"thumbnailUrl\":\"https:\/\/www.manaus.am.gov.br\/semcom\/wp-content\/uploads\/sites\/5\/2025\/10\/WhatsApp-Image-2025-10-20-at-20.37.41.jpeg\",\"datePublished\":\"2025-10-21T01:48:18+00:00\",\"dateModified\":\"2025-10-21T01:48:20+00:00\",\"author\":{\"@id\":\"https:\/\/www.manaus.am.gov.br\/semcom\/#\/schema\/person\/466a0e03ae4b6062809046bd560ac955\"},\"description\":\"O prefeito de Manaus, David Almeida, anunciou a programa\u00e7\u00e3o oficial em comemora\u00e7\u00e3o ao anivers\u00e1rio de 356 anos da capital.\",\"inLanguage\":\"pt-BR\",\"potentialAction\":[{\"@type\":\"ReadAction\",\"target\":[\"https:\/\/www.manaus.am.gov.br\/semcom\/programacao-do-aniversario-de-manaus\/\"]}]},{\"@type\":\"ImageObject\",\"inLanguage\":\"pt-BR\",\"@id\":\"https:\/\/www.manaus.am.gov.br\/semcom\/programacao-do-aniversario-de-manaus\/#primaryimage\",\"url\":\"https:\/\/www.manaus.am.gov.br\/semcom\/wp-content\/uploads\/sites\/5\/2025\/10\/WhatsApp-Image-2025-10-20-at-20.37.41.jpeg\",\"contentUrl\":\"https:\/\/www.manaus.am.gov.br\/semcom\/wp-content\/uploads\/sites\/5\/2025\/10\/WhatsApp-Image-2025-10-20-at-20.37.41.jpeg\",\"width\":480,\"height\":323,\"caption\":\"#paratodosverem \u2013 Prefeito ao lado do diretor-presidente da ManausCult durante an\u00fancio\"},{\"@type\":\"WebSite\",\"@id\":\"https:\/\/www.manaus.am.gov.br\/semcom\/#website\",\"url\":\"https:\/\/www.manaus.am.gov.br\/semcom\/\",\"name\":\"SEMCOM\",\"description\":\"Secretaria Municipal de Comunica\u00e7\u00e3o\",\"potentialAction\":[{\"@type\":\"SearchAction\",\"target\":{\"@type\":\"EntryPoint\",\"urlTemplate\":\"https:\/\/www.manaus.am.gov.br\/semcom\/?s={search_term_string}\"},\"query-input\":\"required name=search_term_string\"}],\"inLanguage\":\"pt-BR\"},{\"@type\":\"Person\",\"@id\":\"https:\/\/www.manaus.am.gov.br\/semcom\/#\/schema\/person\/466a0e03ae4b6062809046bd560ac955\",\"name\":\"bvalente\",\"image\":{\"@type\":\"ImageObject\",\"inLanguage\":\"pt-BR\",\"@id\":\"https:\/\/www.manaus.am.gov.br\/semcom\/#\/schema\/person\/image\/\",\"url\":\"https:\/\/secure.gravatar.com\/avatar\/3e69bc2b014bdad41adfec3a39de07d2?s=96&d=mm&r=g\",\"contentUrl\":\"https:\/\/secure.gravatar.com\/avatar\/3e69bc2b014bdad41adfec3a39de07d2?s=96&d=mm&r=g\",\"caption\":\"bvalente\"}}]}<\/script>\n<!-- \/ Yoast SEO plugin. -->","yoast_head_json":{"title":"Prefeito anuncia programa\u00e7\u00e3o do anivers\u00e1rio de Manaus","description":"O prefeito de Manaus, David Almeida, anunciou a programa\u00e7\u00e3o oficial em comemora\u00e7\u00e3o ao anivers\u00e1rio de 356 anos da capital.","robots":{"index":"index","follow":"follow","max-snippet":"max-snippet:-1","max-image-preview":"max-image-preview:large","max-video-preview":"max-video-preview:-1"},"canonical":"https:\/\/www.manaus.am.gov.br\/semcom\/programacao-do-aniversario-de-manaus\/","og_locale":"pt_BR","og_type":"article","og_title":"Prefeito anuncia programa\u00e7\u00e3o do anivers\u00e1rio de Manaus","og_description":"O prefeito de Manaus, David Almeida, anunciou a programa\u00e7\u00e3o oficial em comemora\u00e7\u00e3o ao anivers\u00e1rio de 356 anos da capital.","og_url":"https:\/\/www.manaus.am.gov.br\/semcom\/programacao-do-aniversario-de-manaus\/","og_site_name":"SEMCOM","article_published_time":"2025-10-21T01:48:18+00:00","article_modified_time":"2025-10-21T01:48:20+00:00","og_image":[{"width":480,"height":323,"url":"https:\/\/www.manaus.am.gov.br\/semcom\/wp-content\/uploads\/sites\/5\/2025\/10\/WhatsApp-Image-2025-10-20-at-20.37.41.jpeg","type":"image\/jpeg"}],"author":"bvalente","twitter_card":"summary_large_image","twitter_misc":{"Written by":"bvalente","Est. reading time":"3 minutos"},"schema":{"@context":"https:\/\/schema.org","@graph":[{"@type":"WebPage","@id":"https:\/\/www.manaus.am.gov.br\/semcom\/programacao-do-aniversario-de-manaus\/","url":"https:\/\/www.manaus.am.gov.br\/semcom\/programacao-do-aniversario-de-manaus\/","name":"Prefeito anuncia programa\u00e7\u00e3o do anivers\u00e1rio de Manaus","isPartOf":{"@id":"https:\/\/www.manaus.am.gov.br\/semcom\/#website"},"primaryImageOfPage":{"@id":"https:\/\/www.manaus.am.gov.br\/semcom\/programacao-do-aniversario-de-manaus\/#primaryimage"},"image":{"@id":"https:\/\/www.manaus.am.gov.br\/semcom\/programacao-do-aniversario-de-manaus\/#primaryimage"},"thumbnailUrl":"https:\/\/www.manaus.am.gov.br\/semcom\/wp-content\/uploads\/sites\/5\/2025\/10\/WhatsApp-Image-2025-10-20-at-20.37.41.jpeg","datePublished":"2025-10-21T01:48:18+00:00","dateModified":"2025-10-21T01:48:20+00:00","author":{"@id":"https:\/\/www.manaus.am.gov.br\/semcom\/#\/schema\/person\/466a0e03ae4b6062809046bd560ac955"},"description":"O prefeito de Manaus, David Almeida, anunciou a programa\u00e7\u00e3o oficial em comemora\u00e7\u00e3o ao anivers\u00e1rio de 356 anos da capital.","inLanguage":"pt-BR","potentialAction":[{"@type":"ReadAction","target":["https:\/\/www.manaus.am.gov.br\/semcom\/programacao-do-aniversario-de-manaus\/"]}]},{"@type":"ImageObject","inLanguage":"pt-BR","@id":"https:\/\/www.manaus.am.gov.br\/semcom\/programacao-do-aniversario-de-manaus\/#primaryimage","url":"https:\/\/www.manaus.am.gov.br\/semcom\/wp-content\/uploads\/sites\/5\/2025\/10\/WhatsApp-Image-2025-10-20-at-20.37.41.jpeg","contentUrl":"https:\/\/www.manaus.am.gov.br\/semcom\/wp-content\/uploads\/sites\/5\/2025\/10\/WhatsApp-Image-2025-10-20-at-20.37.41.jpeg","width":480,"height":323,"caption":"#paratodosverem \u2013 Prefeito ao lado do diretor-presidente da ManausCult durante an\u00fancio"},{"@type":"WebSite","@id":"https:\/\/www.manaus.am.gov.br\/semcom\/#website","url":"https:\/\/www.manaus.am.gov.br\/semcom\/","name":"SEMCOM","description":"Secretaria Municipal de Comunica\u00e7\u00e3o","potentialAction":[{"@type":"SearchAction","target":{"@type":"EntryPoint","urlTemplate":"https:\/\/www.manaus.am.gov.br\/semcom\/?s={search_term_string}"},"query-input":"required name=search_term_string"}],"inLanguage":"pt-BR"},{"@type":"Person","@id":"https:\/\/www.manaus.am.gov.br\/semcom\/#\/schema\/person\/466a0e03ae4b6062809046bd560ac955","name":"bvalente","image":{"@type":"ImageObject","inLanguage":"pt-BR","@id":"https:\/\/www.manaus.am.gov.br\/semcom\/#\/schema\/person\/image\/","url":"https:\/\/secure.gravatar.com\/avatar\/3e69bc2b014bdad41adfec3a39de07d2?s=96&d=mm&r=g","contentUrl":"https:\/\/secure.gravatar.com\/avatar\/3e69bc2b014bdad41adfec3a39de07d2?s=96&d=mm&r=g","caption":"bvalente"}}]}},"_links":{"self":[{"href":"https:\/\/www.manaus.am.gov.br\/semcom\/wp-json\/wp\/v2\/posts\/247370"}],"collection":[{"href":"https:\/\/www.manaus.am.gov.br\/semcom\/wp-json\/wp\/v2\/posts"}],"about":[{"href":"https:\/\/www.manaus.am.gov.br\/semcom\/wp-json\/wp\/v2\/types\/post"}],"author":[{"embeddable":true,"href":"https:\/\/www.manaus.am.gov.br\/semcom\/wp-json\/wp\/v2\/users\/68"}],"replies":[{"embeddable":true,"href":"https:\/\/www.manaus.am.gov.br\/semcom\/wp-json\/wp\/v2\/comments?post=247370"}],"version-history":[{"count":0,"href":"https:\/\/www.manaus.am.gov.br\/semcom\/wp-json\/wp\/v2\/posts\/247370\/revisions"}],"wp:featuredmedia":[{"embeddable":true,"href":"https:\/\/www.manaus.am.gov.br\/semcom\/wp-json\/wp\/v2\/media\/247371"}],"wp:attachment":[{"href":"https:\/\/www.manaus.am.gov.br\/semcom\/wp-json\/wp\/v2\/media?parent=247370"}],"wp:term":[{"taxonomy":"category","embeddable":true,"href":"https:\/\/www.manaus.am.gov.br\/semcom\/wp-json\/wp\/v2\/categories?post=247370"},{"taxonomy":"post_tag","embeddable":true,"href":"https:\/\/www.manaus.am.gov.br\/semcom\/wp-json\/wp\/v2\/tags?post=247370"}],"curies":[{"name":"wp","href":"https:\/\/api.w.org\/{rel}","templated":true}]}}