{"id":247368,"date":"2025-10-20T22:42:29","date_gmt":"2025-10-21T01:42:29","guid":{"rendered":"https:\/\/www.manaus.am.gov.br\/semcom\/premios-literarios-cidade-de-manaus-2\/"},"modified":"2025-10-20T23:04:31","modified_gmt":"2025-10-21T02:04:31","slug":"premios-literarios-cidade-de-manaus-2","status":"publish","type":"post","link":"https:\/\/www.manaus.am.gov.br\/semcom\/premios-literarios-cidade-de-manaus-2\/","title":{"rendered":"Prefeitura lan\u00e7a 14\u00aa edi\u00e7\u00e3o dos \u2018Pr\u00eamios Liter\u00e1rios Cidade de Manaus\u2019 e homenageia escritor Elson Farias"},"content":{"rendered":"\n<p><br>A Prefeitura de Manaus, por meio do Conselho Municipal de Cultura (Concultura), lan\u00e7ou, na noite desta segunda-feira, 20\/10, a 14\u00aa edi\u00e7\u00e3o dos \u201cPr\u00eamios Liter\u00e1rios Cidade de Manaus 2025\u201d, durante cerim\u00f4nia realizada no Luso Sporting Clube, localizado no Centro, zona Sul. A iniciativa busca valorizar a produ\u00e7\u00e3o liter\u00e1ria e incentivar o surgimento de novos escritores amazonenses.<\/p>\n\n\n\n<p>O evento marcou mais uma a\u00e7\u00e3o de fomento \u00e0 cultura liter\u00e1ria promovida pela gest\u00e3o municipal. Nesta edi\u00e7\u00e3o, o pr\u00eamio vai distribuir R$ 80 mil entre os vencedores de dez g\u00eaneros liter\u00e1rios, como romance, contos, poesia, teatro e jornalismo liter\u00e1rio. Cada categoria leva o nome de uma personalidade de destaque da literatura amazonense, entre elas \u00c1lvaro Maia, Violeta Branca e M\u00e1rio Ypiranga Monteiro.<\/p>\n\n\n\n<p>Durante a cerim\u00f4nia, o presidente do Concultura, Tony Medeiros, destacou a import\u00e2ncia da premia\u00e7\u00e3o para o fortalecimento da cultura local.<\/p>\n\n\n\n<p>\u201cOs \u2018Pr\u00eamios Liter\u00e1rios Cidade de Manaus\u2019 s\u00e3o uma vitrine para os autores do Amazonas. Nosso objetivo \u00e9 reconhecer e incentivar o talento dos escritores que ajudam a preservar e difundir a identidade cultural da nossa cidade\u201d, afirmou.<\/p>\n\n\n\n<p>O grande homenageado da 14\u00aa edi\u00e7\u00e3o \u00e9 o escritor Elson Farias, reconhecido pela trajet\u00f3ria dedicada \u00e0 literatura e \u00e0 cultura amazonense. \u201cReceber essa homenagem \u00e9 uma grande honra. A literatura \u00e9 parte viva da nossa identidade e precisa ser continuamente incentivada\u201d, disse o autor.<\/p>\n\n\n\n<p>Entre os representantes do segmento liter\u00e1rio, tamb\u00e9m participou da cerim\u00f4nia o escritor Bosquinho Poeta, conselheiro do Concultura e defensor ativo da valoriza\u00e7\u00e3o dos escritores regionais.<\/p>\n\n\n\n<p>\u201cEsta premia\u00e7\u00e3o \u00e9 um est\u00edmulo fundamental para quem produz arte e palavra na Amaz\u00f4nia. \u00c9 o reconhecimento de um trabalho que mant\u00e9m viva a nossa cultura\u201d, ressaltou Bosquinho.<\/p>\n\n\n\n<p>Cada vencedor das dez categorias receber\u00e1 R$ 8 mil e o reconhecimento p\u00fablico pelo trabalho art\u00edstico. Os \u201cPr\u00eamios Liter\u00e1rios Cidade de Manaus\u201d seguem como uma das mais tradicionais celebra\u00e7\u00f5es da literatura na regi\u00e3o Norte, reafirmando o compromisso da prefeitura com o incentivo \u00e0 cultura.<\/p>\n\n\n\n<p>\u2014 \u2014 \u2014<br><strong>Texto \u2013 <\/strong>Deborah Azevedo \/ Semcom<br><strong>Fotos \u2013 <\/strong>Cl\u00f3vis Miranda \/ Semcom<br><strong>Dispon\u00edveis em &#8211;<\/strong> <a href=\"https:\/\/flic.kr\/s\/aHBqjCy2Yo\">https:\/\/flic.kr\/s\/aHBqjCy2Yo<\/a>&nbsp;<\/p>\n","protected":false},"excerpt":{"rendered":"","protected":false},"author":68,"featured_media":247369,"comment_status":"closed","ping_status":"closed","sticky":false,"template":"","format":"standard","meta":{"footnotes":""},"categories":[1969],"tags":[17549,695,77],"acf":[],"yoast_head":"<!-- This site is optimized with the Yoast SEO plugin v23.0 - https:\/\/yoast.com\/wordpress\/plugins\/seo\/ -->\n<title>Prefeitura lan\u00e7a \u2018Pr\u00eamios Liter\u00e1rios Cidade de Manaus\u2019<\/title>\n<meta name=\"description\" content=\"A Prefeitura lan\u00e7ou a 14\u00aa edi\u00e7\u00e3o dos \u201cPr\u00eamios Liter\u00e1rios Cidade de Manaus 2025\u201d, durante cerim\u00f4nia realizada no Luso Sporting Clube.\" \/>\n<meta name=\"robots\" content=\"index, follow, max-snippet:-1, max-image-preview:large, max-video-preview:-1\" \/>\n<link rel=\"canonical\" href=\"https:\/\/www.manaus.am.gov.br\/semcom\/premios-literarios-cidade-de-manaus-2\/\" \/>\n<meta property=\"og:locale\" content=\"pt_BR\" \/>\n<meta property=\"og:type\" content=\"article\" \/>\n<meta property=\"og:title\" content=\"Prefeitura lan\u00e7a \u2018Pr\u00eamios Liter\u00e1rios Cidade de Manaus\u2019\" \/>\n<meta property=\"og:description\" content=\"A Prefeitura lan\u00e7ou a 14\u00aa edi\u00e7\u00e3o dos \u201cPr\u00eamios Liter\u00e1rios Cidade de Manaus 2025\u201d, durante cerim\u00f4nia realizada no Luso Sporting Clube.\" \/>\n<meta property=\"og:url\" content=\"https:\/\/www.manaus.am.gov.br\/semcom\/premios-literarios-cidade-de-manaus-2\/\" \/>\n<meta property=\"og:site_name\" content=\"SEMCOM\" \/>\n<meta property=\"article:published_time\" content=\"2025-10-21T01:42:29+00:00\" \/>\n<meta property=\"article:modified_time\" content=\"2025-10-21T02:04:31+00:00\" \/>\n<meta property=\"og:image\" content=\"https:\/\/www.manaus.am.gov.br\/semcom\/wp-content\/uploads\/sites\/5\/2025\/10\/54868518601_f9feeac5e9_c.jpg\" \/>\n\t<meta property=\"og:image:width\" content=\"799\" \/>\n\t<meta property=\"og:image:height\" content=\"533\" \/>\n\t<meta property=\"og:image:type\" content=\"image\/jpeg\" \/>\n<meta name=\"author\" content=\"bvalente\" \/>\n<meta name=\"twitter:card\" content=\"summary_large_image\" \/>\n<meta name=\"twitter:label1\" content=\"Written by\" \/>\n\t<meta name=\"twitter:data1\" content=\"bvalente\" \/>\n\t<meta name=\"twitter:label2\" content=\"Est. reading time\" \/>\n\t<meta name=\"twitter:data2\" content=\"3 minutos\" \/>\n<script type=\"application\/ld+json\" class=\"yoast-schema-graph\">{\"@context\":\"https:\/\/schema.org\",\"@graph\":[{\"@type\":\"WebPage\",\"@id\":\"https:\/\/www.manaus.am.gov.br\/semcom\/premios-literarios-cidade-de-manaus-2\/\",\"url\":\"https:\/\/www.manaus.am.gov.br\/semcom\/premios-literarios-cidade-de-manaus-2\/\",\"name\":\"Prefeitura lan\u00e7a \u2018Pr\u00eamios Liter\u00e1rios Cidade de Manaus\u2019\",\"isPartOf\":{\"@id\":\"https:\/\/www.manaus.am.gov.br\/semcom\/#website\"},\"primaryImageOfPage\":{\"@id\":\"https:\/\/www.manaus.am.gov.br\/semcom\/premios-literarios-cidade-de-manaus-2\/#primaryimage\"},\"image\":{\"@id\":\"https:\/\/www.manaus.am.gov.br\/semcom\/premios-literarios-cidade-de-manaus-2\/#primaryimage\"},\"thumbnailUrl\":\"https:\/\/www.manaus.am.gov.br\/semcom\/wp-content\/uploads\/sites\/5\/2025\/10\/54868518601_f9feeac5e9_c.jpg\",\"datePublished\":\"2025-10-21T01:42:29+00:00\",\"dateModified\":\"2025-10-21T02:04:31+00:00\",\"author\":{\"@id\":\"https:\/\/www.manaus.am.gov.br\/semcom\/#\/schema\/person\/466a0e03ae4b6062809046bd560ac955\"},\"description\":\"A Prefeitura lan\u00e7ou a 14\u00aa edi\u00e7\u00e3o dos \u201cPr\u00eamios Liter\u00e1rios Cidade de Manaus 2025\u201d, durante cerim\u00f4nia realizada no Luso Sporting Clube.\",\"inLanguage\":\"pt-BR\",\"potentialAction\":[{\"@type\":\"ReadAction\",\"target\":[\"https:\/\/www.manaus.am.gov.br\/semcom\/premios-literarios-cidade-de-manaus-2\/\"]}]},{\"@type\":\"ImageObject\",\"inLanguage\":\"pt-BR\",\"@id\":\"https:\/\/www.manaus.am.gov.br\/semcom\/premios-literarios-cidade-de-manaus-2\/#primaryimage\",\"url\":\"https:\/\/www.manaus.am.gov.br\/semcom\/wp-content\/uploads\/sites\/5\/2025\/10\/54868518601_f9feeac5e9_c.jpg\",\"contentUrl\":\"https:\/\/www.manaus.am.gov.br\/semcom\/wp-content\/uploads\/sites\/5\/2025\/10\/54868518601_f9feeac5e9_c.jpg\",\"width\":799,\"height\":533,\"caption\":\"#paratodosverem \u2013 Diretor-presidente do Concultura e homenageado\"},{\"@type\":\"WebSite\",\"@id\":\"https:\/\/www.manaus.am.gov.br\/semcom\/#website\",\"url\":\"https:\/\/www.manaus.am.gov.br\/semcom\/\",\"name\":\"SEMCOM\",\"description\":\"Secretaria Municipal de Comunica\u00e7\u00e3o\",\"potentialAction\":[{\"@type\":\"SearchAction\",\"target\":{\"@type\":\"EntryPoint\",\"urlTemplate\":\"https:\/\/www.manaus.am.gov.br\/semcom\/?s={search_term_string}\"},\"query-input\":\"required name=search_term_string\"}],\"inLanguage\":\"pt-BR\"},{\"@type\":\"Person\",\"@id\":\"https:\/\/www.manaus.am.gov.br\/semcom\/#\/schema\/person\/466a0e03ae4b6062809046bd560ac955\",\"name\":\"bvalente\",\"image\":{\"@type\":\"ImageObject\",\"inLanguage\":\"pt-BR\",\"@id\":\"https:\/\/www.manaus.am.gov.br\/semcom\/#\/schema\/person\/image\/\",\"url\":\"https:\/\/secure.gravatar.com\/avatar\/3e69bc2b014bdad41adfec3a39de07d2?s=96&d=mm&r=g\",\"contentUrl\":\"https:\/\/secure.gravatar.com\/avatar\/3e69bc2b014bdad41adfec3a39de07d2?s=96&d=mm&r=g\",\"caption\":\"bvalente\"}}]}<\/script>\n<!-- \/ Yoast SEO plugin. -->","yoast_head_json":{"title":"Prefeitura lan\u00e7a \u2018Pr\u00eamios Liter\u00e1rios Cidade de Manaus\u2019","description":"A Prefeitura lan\u00e7ou a 14\u00aa edi\u00e7\u00e3o dos \u201cPr\u00eamios Liter\u00e1rios Cidade de Manaus 2025\u201d, durante cerim\u00f4nia realizada no Luso Sporting Clube.","robots":{"index":"index","follow":"follow","max-snippet":"max-snippet:-1","max-image-preview":"max-image-preview:large","max-video-preview":"max-video-preview:-1"},"canonical":"https:\/\/www.manaus.am.gov.br\/semcom\/premios-literarios-cidade-de-manaus-2\/","og_locale":"pt_BR","og_type":"article","og_title":"Prefeitura lan\u00e7a \u2018Pr\u00eamios Liter\u00e1rios Cidade de Manaus\u2019","og_description":"A Prefeitura lan\u00e7ou a 14\u00aa edi\u00e7\u00e3o dos \u201cPr\u00eamios Liter\u00e1rios Cidade de Manaus 2025\u201d, durante cerim\u00f4nia realizada no Luso Sporting Clube.","og_url":"https:\/\/www.manaus.am.gov.br\/semcom\/premios-literarios-cidade-de-manaus-2\/","og_site_name":"SEMCOM","article_published_time":"2025-10-21T01:42:29+00:00","article_modified_time":"2025-10-21T02:04:31+00:00","og_image":[{"width":799,"height":533,"url":"https:\/\/www.manaus.am.gov.br\/semcom\/wp-content\/uploads\/sites\/5\/2025\/10\/54868518601_f9feeac5e9_c.jpg","type":"image\/jpeg"}],"author":"bvalente","twitter_card":"summary_large_image","twitter_misc":{"Written by":"bvalente","Est. reading time":"3 minutos"},"schema":{"@context":"https:\/\/schema.org","@graph":[{"@type":"WebPage","@id":"https:\/\/www.manaus.am.gov.br\/semcom\/premios-literarios-cidade-de-manaus-2\/","url":"https:\/\/www.manaus.am.gov.br\/semcom\/premios-literarios-cidade-de-manaus-2\/","name":"Prefeitura lan\u00e7a \u2018Pr\u00eamios Liter\u00e1rios Cidade de Manaus\u2019","isPartOf":{"@id":"https:\/\/www.manaus.am.gov.br\/semcom\/#website"},"primaryImageOfPage":{"@id":"https:\/\/www.manaus.am.gov.br\/semcom\/premios-literarios-cidade-de-manaus-2\/#primaryimage"},"image":{"@id":"https:\/\/www.manaus.am.gov.br\/semcom\/premios-literarios-cidade-de-manaus-2\/#primaryimage"},"thumbnailUrl":"https:\/\/www.manaus.am.gov.br\/semcom\/wp-content\/uploads\/sites\/5\/2025\/10\/54868518601_f9feeac5e9_c.jpg","datePublished":"2025-10-21T01:42:29+00:00","dateModified":"2025-10-21T02:04:31+00:00","author":{"@id":"https:\/\/www.manaus.am.gov.br\/semcom\/#\/schema\/person\/466a0e03ae4b6062809046bd560ac955"},"description":"A Prefeitura lan\u00e7ou a 14\u00aa edi\u00e7\u00e3o dos \u201cPr\u00eamios Liter\u00e1rios Cidade de Manaus 2025\u201d, durante cerim\u00f4nia realizada no Luso Sporting Clube.","inLanguage":"pt-BR","potentialAction":[{"@type":"ReadAction","target":["https:\/\/www.manaus.am.gov.br\/semcom\/premios-literarios-cidade-de-manaus-2\/"]}]},{"@type":"ImageObject","inLanguage":"pt-BR","@id":"https:\/\/www.manaus.am.gov.br\/semcom\/premios-literarios-cidade-de-manaus-2\/#primaryimage","url":"https:\/\/www.manaus.am.gov.br\/semcom\/wp-content\/uploads\/sites\/5\/2025\/10\/54868518601_f9feeac5e9_c.jpg","contentUrl":"https:\/\/www.manaus.am.gov.br\/semcom\/wp-content\/uploads\/sites\/5\/2025\/10\/54868518601_f9feeac5e9_c.jpg","width":799,"height":533,"caption":"#paratodosverem \u2013 Diretor-presidente do Concultura e homenageado"},{"@type":"WebSite","@id":"https:\/\/www.manaus.am.gov.br\/semcom\/#website","url":"https:\/\/www.manaus.am.gov.br\/semcom\/","name":"SEMCOM","description":"Secretaria Municipal de Comunica\u00e7\u00e3o","potentialAction":[{"@type":"SearchAction","target":{"@type":"EntryPoint","urlTemplate":"https:\/\/www.manaus.am.gov.br\/semcom\/?s={search_term_string}"},"query-input":"required name=search_term_string"}],"inLanguage":"pt-BR"},{"@type":"Person","@id":"https:\/\/www.manaus.am.gov.br\/semcom\/#\/schema\/person\/466a0e03ae4b6062809046bd560ac955","name":"bvalente","image":{"@type":"ImageObject","inLanguage":"pt-BR","@id":"https:\/\/www.manaus.am.gov.br\/semcom\/#\/schema\/person\/image\/","url":"https:\/\/secure.gravatar.com\/avatar\/3e69bc2b014bdad41adfec3a39de07d2?s=96&d=mm&r=g","contentUrl":"https:\/\/secure.gravatar.com\/avatar\/3e69bc2b014bdad41adfec3a39de07d2?s=96&d=mm&r=g","caption":"bvalente"}}]}},"_links":{"self":[{"href":"https:\/\/www.manaus.am.gov.br\/semcom\/wp-json\/wp\/v2\/posts\/247368"}],"collection":[{"href":"https:\/\/www.manaus.am.gov.br\/semcom\/wp-json\/wp\/v2\/posts"}],"about":[{"href":"https:\/\/www.manaus.am.gov.br\/semcom\/wp-json\/wp\/v2\/types\/post"}],"author":[{"embeddable":true,"href":"https:\/\/www.manaus.am.gov.br\/semcom\/wp-json\/wp\/v2\/users\/68"}],"replies":[{"embeddable":true,"href":"https:\/\/www.manaus.am.gov.br\/semcom\/wp-json\/wp\/v2\/comments?post=247368"}],"version-history":[{"count":1,"href":"https:\/\/www.manaus.am.gov.br\/semcom\/wp-json\/wp\/v2\/posts\/247368\/revisions"}],"predecessor-version":[{"id":247372,"href":"https:\/\/www.manaus.am.gov.br\/semcom\/wp-json\/wp\/v2\/posts\/247368\/revisions\/247372"}],"wp:featuredmedia":[{"embeddable":true,"href":"https:\/\/www.manaus.am.gov.br\/semcom\/wp-json\/wp\/v2\/media\/247369"}],"wp:attachment":[{"href":"https:\/\/www.manaus.am.gov.br\/semcom\/wp-json\/wp\/v2\/media?parent=247368"}],"wp:term":[{"taxonomy":"category","embeddable":true,"href":"https:\/\/www.manaus.am.gov.br\/semcom\/wp-json\/wp\/v2\/categories?post=247368"},{"taxonomy":"post_tag","embeddable":true,"href":"https:\/\/www.manaus.am.gov.br\/semcom\/wp-json\/wp\/v2\/tags?post=247368"}],"curies":[{"name":"wp","href":"https:\/\/api.w.org\/{rel}","templated":true}]}}