{"id":247351,"date":"2025-10-20T18:01:18","date_gmt":"2025-10-20T21:01:18","guid":{"rendered":"https:\/\/www.manaus.am.gov.br\/semcom\/estudo-selecionadoconferencia-latino-americana\/"},"modified":"2025-10-20T18:01:19","modified_gmt":"2025-10-20T21:01:19","slug":"estudo-selecionadoconferencia-latino-americana","status":"publish","type":"post","link":"https:\/\/www.manaus.am.gov.br\/semcom\/estudo-selecionadoconferencia-latino-americana\/","title":{"rendered":"Estudo de boas pr\u00e1ticas de sustentabilidade e efici\u00eancia fiscal de servidores da Prefeitura de Manaus \u00e9 selecionado para apresenta\u00e7\u00e3o em confer\u00eancia latino-americana"},"content":{"rendered":"\n<p>As iniciativas sustent\u00e1veis adotadas pela gest\u00e3o do prefeito David Almeida ganham destaque em n\u00edvel internacional por meio do reconhecimento do estudo \u201c<em>Compliance<\/em>&nbsp;Verde na Amaz\u00f4nia: Relat\u00f3rios de Sustentabilidade e Economia de Custos \u2013 Case da Prefeitura de Manaus\/AM\u201d,&nbsp;de autoria de servidores da Controladoria-Geral do Munic\u00edpio (CGM). As boas pr\u00e1ticas ser\u00e3o apresentadas na 36\u00aa Confer\u00eancia Interamericana de Contabilidade, ap\u00f3s aprova\u00e7\u00e3o pelo comit\u00ea t\u00e9cnico do evento a ser realizado em Assun\u00e7\u00e3o, no Paraguai, nos dias 22, 23 e 24\/10.<\/p>\n\n\n\n<p>O estudo, realizado pelo diretor de Departamento de Controladoria, Joabe Riker; pelo diretor de \u00c1rea de Apoio \u00e0 Gest\u00e3o, Gleuson Chaves; e pela controladora-geral adjunta do munic\u00edpio, Lucilene Viana, aborda sobre a necessidade de desenvolver relat\u00f3rios de sustentabilidade que quantifiquem os impactos ambientais e sociais e usa a implementa\u00e7\u00e3o das ecobarreiras e o Programa Manaus Mais Limpa como objetos de pesquisa, demonstrando a redu\u00e7\u00e3o de custos e o retorno financeiro de investimentos em gest\u00e3o de res\u00edduos e saneamento.<\/p>\n\n\n\n<p>\u201cA aprova\u00e7\u00e3o do estudo realizado pela Prefeitura de Manaus \u00e9 um passo significativo para a cidade e sua popula\u00e7\u00e3o, especialmente quando se trata de um tema t\u00e3o relevante como a sustentabilidade e a preocupa\u00e7\u00e3o ambiental. Manaus, com sua rica biodiversidade e os desafios associados ao desenvolvimento urbano, necessita de iniciativas que promovam um crescimento equilibrado e sustent\u00e1vel\u201d, destaca Lucilene Viana, ao comentar sobre o desafio de equilibrar o desenvolvimento urbano e a consci\u00eancia ambiental.<\/p>\n\n\n\n<p>A controladora-adjunta do munic\u00edpio ratifica o compromisso em promover projetos que atendam ao bem-estar social e que contem com a participa\u00e7\u00e3o da popula\u00e7\u00e3o.<\/p>\n\n\n\n<p>\u201cEste estudo demonstra a vis\u00e3o da gest\u00e3o em alinhar as a\u00e7\u00f5es p\u00fablicas \u00e0s necessidades da sociedade, contribuindo para a preserva\u00e7\u00e3o ambiental enquanto busca retorno positivo em termos de aprova\u00e7\u00e3o social. A participa\u00e7\u00e3o da comunidade nas discuss\u00f5es e decis\u00f5es acerca de projetos sustent\u00e1veis \u00e9 fundamental para garantir que as iniciativas reflitam os interesses da popula\u00e7\u00e3o. Al\u00e9m disso, os investimentos direcionados a esses projetos n\u00e3o apenas potencializam iniciativas que favorecem a sustentabilidade, mas tamb\u00e9m promovem o desenvolvimento econ\u00f4mico local. Quando a gest\u00e3o municipal prioriza projetos que integram pr\u00e1ticas sustent\u00e1veis, ela n\u00e3o apenas melhora a qualidade de vida dos cidad\u00e3os, mas tamb\u00e9m valoriza a imagem de Manaus como um exemplo de comprometimento com a causa ambiental\u201d, pontuou Lucilene Viana.<\/p>\n\n\n\n<p>Para a gestora da CGM, o estudo confirma o potencial para atrair investimentos que ir\u00e3o impactar positivamente a capital amazonense e a vida do cidad\u00e3o, a longo prazo.<\/p>\n\n\n\n<p>\u201cEm s\u00edntese, a aprova\u00e7\u00e3o deste estudo \u00e9 um reflexo de um compromisso cont\u00ednuo com o futuro de Manaus, que busca harmonizar crescimento econ\u00f4mico com a responsabilidade ambiental, beneficiando tanto a sociedade quanto o meio ambiente. Essa trajet\u00f3ria pode atrair mais investimentos, resultando em uma cidade mais saud\u00e1vel e pr\u00f3spera para as futuras gera\u00e7\u00f5es\u201d, exaltou.<\/p>\n\n\n\n<p>Joabe Riker destacou a import\u00e2ncia do estudo para a prefeitura, refor\u00e7ando o compromisso da gest\u00e3o em trabalhar pol\u00edticas p\u00fablicas e projetos que levem Manaus ao reconhecimento internacional na pauta da sustentabilidade.<\/p>\n\n\n\n<p>\u201cEste trabalho \u00e9 a materializa\u00e7\u00e3o do compromisso inegoci\u00e1vel da nossa gest\u00e3o em elevar os padr\u00f5es dos projetos desenvolvidos pela prefeitura em um cen\u00e1rio interamericano, pautando-os pela inova\u00e7\u00e3o e, acima de tudo, pela sustentabilidade. A import\u00e2ncia do estudo para a prefeitura reside justamente em munir nossas pol\u00edticas p\u00fablicas de dados, vis\u00e3o estrat\u00e9gica e excel\u00eancia t\u00e9cnica, pavimentando o caminho para que Manaus alcance o merecido reconhecimento internacional na pauta da sustentabilidade\u201d, concluiu.<\/p>\n\n\n\n<p>&#8212; &#8212; &#8212;<\/p>\n\n\n\n<p><strong>Texto e foto<\/strong>\u00a0&#8211; Oliveira Junior\/CGM<\/p>\n","protected":false},"excerpt":{"rendered":"","protected":false},"author":39,"featured_media":247352,"comment_status":"closed","ping_status":"closed","sticky":false,"template":"","format":"standard","meta":{"footnotes":""},"categories":[166],"tags":[17541,7367,5145,17542,17543,77],"acf":[],"yoast_head":"<!-- This site is optimized with the Yoast SEO plugin v23.0 - https:\/\/yoast.com\/wordpress\/plugins\/seo\/ -->\n<title>Estudo da prefeitura \u00e9 selecionado para confer\u00eancia latino-americana<\/title>\n<meta name=\"description\" content=\"Estudo de boas pr\u00e1ticas de sustentabilidade e efici\u00eancia fiscal de servidores da prefeitura \u00e9 selecionado para confer\u00eancia latino-americana.\" \/>\n<meta name=\"robots\" content=\"index, follow, max-snippet:-1, max-image-preview:large, max-video-preview:-1\" \/>\n<link rel=\"canonical\" href=\"https:\/\/www.manaus.am.gov.br\/semcom\/estudo-selecionadoconferencia-latino-americana\/\" \/>\n<meta property=\"og:locale\" content=\"pt_BR\" \/>\n<meta property=\"og:type\" content=\"article\" \/>\n<meta property=\"og:title\" content=\"Estudo da prefeitura \u00e9 selecionado para confer\u00eancia latino-americana\" \/>\n<meta property=\"og:description\" content=\"Estudo de boas pr\u00e1ticas de sustentabilidade e efici\u00eancia fiscal de servidores da prefeitura \u00e9 selecionado para confer\u00eancia latino-americana.\" \/>\n<meta property=\"og:url\" content=\"https:\/\/www.manaus.am.gov.br\/semcom\/estudo-selecionadoconferencia-latino-americana\/\" \/>\n<meta property=\"og:site_name\" content=\"SEMCOM\" \/>\n<meta property=\"article:published_time\" content=\"2025-10-20T21:01:18+00:00\" \/>\n<meta property=\"article:modified_time\" content=\"2025-10-20T21:01:19+00:00\" \/>\n<meta property=\"og:image\" content=\"https:\/\/www.manaus.am.gov.br\/semcom\/wp-content\/uploads\/sites\/5\/2025\/10\/Destaque-2.jpeg\" \/>\n\t<meta property=\"og:image:width\" content=\"1600\" \/>\n\t<meta property=\"og:image:height\" content=\"1200\" \/>\n\t<meta property=\"og:image:type\" content=\"image\/jpeg\" \/>\n<meta name=\"author\" content=\"Bruna Greco\" \/>\n<meta name=\"twitter:card\" content=\"summary_large_image\" \/>\n<meta name=\"twitter:label1\" content=\"Written by\" \/>\n\t<meta name=\"twitter:data1\" content=\"Bruna Greco\" \/>\n\t<meta name=\"twitter:label2\" content=\"Est. reading time\" \/>\n\t<meta name=\"twitter:data2\" content=\"4 minutos\" \/>\n<script type=\"application\/ld+json\" class=\"yoast-schema-graph\">{\"@context\":\"https:\/\/schema.org\",\"@graph\":[{\"@type\":\"WebPage\",\"@id\":\"https:\/\/www.manaus.am.gov.br\/semcom\/estudo-selecionadoconferencia-latino-americana\/\",\"url\":\"https:\/\/www.manaus.am.gov.br\/semcom\/estudo-selecionadoconferencia-latino-americana\/\",\"name\":\"Estudo da prefeitura \u00e9 selecionado para confer\u00eancia latino-americana\",\"isPartOf\":{\"@id\":\"https:\/\/www.manaus.am.gov.br\/semcom\/#website\"},\"primaryImageOfPage\":{\"@id\":\"https:\/\/www.manaus.am.gov.br\/semcom\/estudo-selecionadoconferencia-latino-americana\/#primaryimage\"},\"image\":{\"@id\":\"https:\/\/www.manaus.am.gov.br\/semcom\/estudo-selecionadoconferencia-latino-americana\/#primaryimage\"},\"thumbnailUrl\":\"https:\/\/www.manaus.am.gov.br\/semcom\/wp-content\/uploads\/sites\/5\/2025\/10\/Destaque-2.jpeg\",\"datePublished\":\"2025-10-20T21:01:18+00:00\",\"dateModified\":\"2025-10-20T21:01:19+00:00\",\"author\":{\"@id\":\"https:\/\/www.manaus.am.gov.br\/semcom\/#\/schema\/person\/05d223aea2bf115f9883a6ff3683d81b\"},\"description\":\"Estudo de boas pr\u00e1ticas de sustentabilidade e efici\u00eancia fiscal de servidores da prefeitura \u00e9 selecionado para confer\u00eancia latino-americana.\",\"inLanguage\":\"pt-BR\",\"potentialAction\":[{\"@type\":\"ReadAction\",\"target\":[\"https:\/\/www.manaus.am.gov.br\/semcom\/estudo-selecionadoconferencia-latino-americana\/\"]}]},{\"@type\":\"ImageObject\",\"inLanguage\":\"pt-BR\",\"@id\":\"https:\/\/www.manaus.am.gov.br\/semcom\/estudo-selecionadoconferencia-latino-americana\/#primaryimage\",\"url\":\"https:\/\/www.manaus.am.gov.br\/semcom\/wp-content\/uploads\/sites\/5\/2025\/10\/Destaque-2.jpeg\",\"contentUrl\":\"https:\/\/www.manaus.am.gov.br\/semcom\/wp-content\/uploads\/sites\/5\/2025\/10\/Destaque-2.jpeg\",\"width\":1600,\"height\":1200,\"caption\":\"#pratodosverem - Representantes da CGM com o convite para a 36\u00aa Confer\u00eancia Interamericana de Contabilidade (CIC) em Assun\u00e7\u00e3o, no Paraguai\"},{\"@type\":\"WebSite\",\"@id\":\"https:\/\/www.manaus.am.gov.br\/semcom\/#website\",\"url\":\"https:\/\/www.manaus.am.gov.br\/semcom\/\",\"name\":\"SEMCOM\",\"description\":\"Secretaria Municipal de Comunica\u00e7\u00e3o\",\"potentialAction\":[{\"@type\":\"SearchAction\",\"target\":{\"@type\":\"EntryPoint\",\"urlTemplate\":\"https:\/\/www.manaus.am.gov.br\/semcom\/?s={search_term_string}\"},\"query-input\":\"required name=search_term_string\"}],\"inLanguage\":\"pt-BR\"},{\"@type\":\"Person\",\"@id\":\"https:\/\/www.manaus.am.gov.br\/semcom\/#\/schema\/person\/05d223aea2bf115f9883a6ff3683d81b\",\"name\":\"Bruna Greco\",\"image\":{\"@type\":\"ImageObject\",\"inLanguage\":\"pt-BR\",\"@id\":\"https:\/\/www.manaus.am.gov.br\/semcom\/#\/schema\/person\/image\/\",\"url\":\"https:\/\/secure.gravatar.com\/avatar\/9c877d1a6adc2a055330e5c09a8653ce?s=96&d=mm&r=g\",\"contentUrl\":\"https:\/\/secure.gravatar.com\/avatar\/9c877d1a6adc2a055330e5c09a8653ce?s=96&d=mm&r=g\",\"caption\":\"Bruna Greco\"}}]}<\/script>\n<!-- \/ Yoast SEO plugin. -->","yoast_head_json":{"title":"Estudo da prefeitura \u00e9 selecionado para confer\u00eancia latino-americana","description":"Estudo de boas pr\u00e1ticas de sustentabilidade e efici\u00eancia fiscal de servidores da prefeitura \u00e9 selecionado para confer\u00eancia latino-americana.","robots":{"index":"index","follow":"follow","max-snippet":"max-snippet:-1","max-image-preview":"max-image-preview:large","max-video-preview":"max-video-preview:-1"},"canonical":"https:\/\/www.manaus.am.gov.br\/semcom\/estudo-selecionadoconferencia-latino-americana\/","og_locale":"pt_BR","og_type":"article","og_title":"Estudo da prefeitura \u00e9 selecionado para confer\u00eancia latino-americana","og_description":"Estudo de boas pr\u00e1ticas de sustentabilidade e efici\u00eancia fiscal de servidores da prefeitura \u00e9 selecionado para confer\u00eancia latino-americana.","og_url":"https:\/\/www.manaus.am.gov.br\/semcom\/estudo-selecionadoconferencia-latino-americana\/","og_site_name":"SEMCOM","article_published_time":"2025-10-20T21:01:18+00:00","article_modified_time":"2025-10-20T21:01:19+00:00","og_image":[{"width":1600,"height":1200,"url":"https:\/\/www.manaus.am.gov.br\/semcom\/wp-content\/uploads\/sites\/5\/2025\/10\/Destaque-2.jpeg","type":"image\/jpeg"}],"author":"Bruna Greco","twitter_card":"summary_large_image","twitter_misc":{"Written by":"Bruna Greco","Est. reading time":"4 minutos"},"schema":{"@context":"https:\/\/schema.org","@graph":[{"@type":"WebPage","@id":"https:\/\/www.manaus.am.gov.br\/semcom\/estudo-selecionadoconferencia-latino-americana\/","url":"https:\/\/www.manaus.am.gov.br\/semcom\/estudo-selecionadoconferencia-latino-americana\/","name":"Estudo da prefeitura \u00e9 selecionado para confer\u00eancia latino-americana","isPartOf":{"@id":"https:\/\/www.manaus.am.gov.br\/semcom\/#website"},"primaryImageOfPage":{"@id":"https:\/\/www.manaus.am.gov.br\/semcom\/estudo-selecionadoconferencia-latino-americana\/#primaryimage"},"image":{"@id":"https:\/\/www.manaus.am.gov.br\/semcom\/estudo-selecionadoconferencia-latino-americana\/#primaryimage"},"thumbnailUrl":"https:\/\/www.manaus.am.gov.br\/semcom\/wp-content\/uploads\/sites\/5\/2025\/10\/Destaque-2.jpeg","datePublished":"2025-10-20T21:01:18+00:00","dateModified":"2025-10-20T21:01:19+00:00","author":{"@id":"https:\/\/www.manaus.am.gov.br\/semcom\/#\/schema\/person\/05d223aea2bf115f9883a6ff3683d81b"},"description":"Estudo de boas pr\u00e1ticas de sustentabilidade e efici\u00eancia fiscal de servidores da prefeitura \u00e9 selecionado para confer\u00eancia latino-americana.","inLanguage":"pt-BR","potentialAction":[{"@type":"ReadAction","target":["https:\/\/www.manaus.am.gov.br\/semcom\/estudo-selecionadoconferencia-latino-americana\/"]}]},{"@type":"ImageObject","inLanguage":"pt-BR","@id":"https:\/\/www.manaus.am.gov.br\/semcom\/estudo-selecionadoconferencia-latino-americana\/#primaryimage","url":"https:\/\/www.manaus.am.gov.br\/semcom\/wp-content\/uploads\/sites\/5\/2025\/10\/Destaque-2.jpeg","contentUrl":"https:\/\/www.manaus.am.gov.br\/semcom\/wp-content\/uploads\/sites\/5\/2025\/10\/Destaque-2.jpeg","width":1600,"height":1200,"caption":"#pratodosverem - Representantes da CGM com o convite para a 36\u00aa Confer\u00eancia Interamericana de Contabilidade (CIC) em Assun\u00e7\u00e3o, no Paraguai"},{"@type":"WebSite","@id":"https:\/\/www.manaus.am.gov.br\/semcom\/#website","url":"https:\/\/www.manaus.am.gov.br\/semcom\/","name":"SEMCOM","description":"Secretaria Municipal de Comunica\u00e7\u00e3o","potentialAction":[{"@type":"SearchAction","target":{"@type":"EntryPoint","urlTemplate":"https:\/\/www.manaus.am.gov.br\/semcom\/?s={search_term_string}"},"query-input":"required name=search_term_string"}],"inLanguage":"pt-BR"},{"@type":"Person","@id":"https:\/\/www.manaus.am.gov.br\/semcom\/#\/schema\/person\/05d223aea2bf115f9883a6ff3683d81b","name":"Bruna Greco","image":{"@type":"ImageObject","inLanguage":"pt-BR","@id":"https:\/\/www.manaus.am.gov.br\/semcom\/#\/schema\/person\/image\/","url":"https:\/\/secure.gravatar.com\/avatar\/9c877d1a6adc2a055330e5c09a8653ce?s=96&d=mm&r=g","contentUrl":"https:\/\/secure.gravatar.com\/avatar\/9c877d1a6adc2a055330e5c09a8653ce?s=96&d=mm&r=g","caption":"Bruna Greco"}}]}},"_links":{"self":[{"href":"https:\/\/www.manaus.am.gov.br\/semcom\/wp-json\/wp\/v2\/posts\/247351"}],"collection":[{"href":"https:\/\/www.manaus.am.gov.br\/semcom\/wp-json\/wp\/v2\/posts"}],"about":[{"href":"https:\/\/www.manaus.am.gov.br\/semcom\/wp-json\/wp\/v2\/types\/post"}],"author":[{"embeddable":true,"href":"https:\/\/www.manaus.am.gov.br\/semcom\/wp-json\/wp\/v2\/users\/39"}],"replies":[{"embeddable":true,"href":"https:\/\/www.manaus.am.gov.br\/semcom\/wp-json\/wp\/v2\/comments?post=247351"}],"version-history":[{"count":0,"href":"https:\/\/www.manaus.am.gov.br\/semcom\/wp-json\/wp\/v2\/posts\/247351\/revisions"}],"wp:featuredmedia":[{"embeddable":true,"href":"https:\/\/www.manaus.am.gov.br\/semcom\/wp-json\/wp\/v2\/media\/247352"}],"wp:attachment":[{"href":"https:\/\/www.manaus.am.gov.br\/semcom\/wp-json\/wp\/v2\/media?parent=247351"}],"wp:term":[{"taxonomy":"category","embeddable":true,"href":"https:\/\/www.manaus.am.gov.br\/semcom\/wp-json\/wp\/v2\/categories?post=247351"},{"taxonomy":"post_tag","embeddable":true,"href":"https:\/\/www.manaus.am.gov.br\/semcom\/wp-json\/wp\/v2\/tags?post=247351"}],"curies":[{"name":"wp","href":"https:\/\/api.w.org\/{rel}","templated":true}]}}