{"id":247205,"date":"2025-10-16T22:22:39","date_gmt":"2025-10-17T01:22:39","guid":{"rendered":"https:\/\/www.manaus.am.gov.br\/semcom\/atracao-gospel\/"},"modified":"2025-10-16T22:22:41","modified_gmt":"2025-10-17T01:22:41","slug":"atracao-gospel","status":"publish","type":"post","link":"https:\/\/www.manaus.am.gov.br\/semcom\/atracao-gospel\/","title":{"rendered":"Prefeito David Almeida anuncia Ana Paula Valad\u00e3o como atra\u00e7\u00e3o gospel do anivers\u00e1rio de 356 de Manaus"},"content":{"rendered":"\n<p>O prefeito de Manaus, David Almeida, anunciou, no fim da tarde desta quinta-feira, 16\/10, no Centro de Coopera\u00e7\u00e3o da Cidade (CCC), zona Centro-Sul, a presen\u00e7a da cantora Ana Paula Valad\u00e3o, l\u00edder do grupo Diante do Trono, como atra\u00e7\u00e3o gospel nas comemora\u00e7\u00f5es do anivers\u00e1rio da cidade, que acontecem no dia 23 de outubro, no anfiteatro da Ponta Negra.<\/p>\n\n\n\n<p>\u201cA atra\u00e7\u00e3o gospel da nossa festa vai ser a Ana Paula Valad\u00e3o, \u00e9 isso mesmo, Diante do Trono, dia 23, l\u00e1 no anfiteatro da Ponta Negra. E o Gabriel Guedes, que estava programado para vir, vir\u00e1 agora para o R\u00e9veillon Gospel\u201d, destacou o prefeito, refor\u00e7ando que o cantor Gabriel Guedes, inicialmente previsto para este evento, far\u00e1 sua apresenta\u00e7\u00e3o apenas no R\u00e9veillon Gospel.<\/p>\n\n\n\n<p>Em v\u00eddeo divulgado nas redes sociais do prefeito, Ana Paula Valad\u00e3o tamb\u00e9m se manifestou. \u201cEu vou estar a\u00ed dia 23 de outubro, para a festa de Anivers\u00e1rio de Manaus. Vai ser no anfiteatro da Ponta Negra e eu mal posso esperar, eu estou com saudade de estar com voc\u00eas. Temos tantas lembran\u00e7as boas do Diante do Trono a\u00ed em Manaus, que eu quero colecionar mais uma santa mem\u00f3ria com os manauaras, e \u00e9 algo que eu amo tanto. Espero que voc\u00eas venham com toda a fam\u00edlia. Vai ser festa santa, ao nosso Deus, na terra do avivamento\u201d.<\/p>\n\n\n\n<p>A cantora anunciou ainda que estar\u00e1 acompanhada de seu filho Isaac e convidou a popula\u00e7\u00e3o a participar do evento, destacando a import\u00e2ncia da unidade das igrejas e da juventude. \u201cAvise a galera jovem, chame todo mundo que voc\u00ea conhece, as igrejas em unidade no anfiteatro da Ponta Negra, dia 23 de outubro\u201d.<\/p>\n\n\n\n<p>A programa\u00e7\u00e3o do Anivers\u00e1rio de Manaus promete reunir atra\u00e7\u00f5es para todas as fam\u00edlias, celebrando a cultura, a m\u00fasica e a f\u00e9 da popula\u00e7\u00e3o manauara.<\/p>\n\n\n\n<p><strong>Manaus celebra 356 anos com shows gospel, seresta e Boi Manaus<\/strong><\/p>\n\n\n\n<p>Manaus completa 356 anos no dia 24 de outubro de 2025 e as comemora\u00e7\u00f5es contar\u00e3o com atra\u00e7\u00f5es para toda a fam\u00edlia. No dia 23 de outubro, a cantora Ana Paula Valad\u00e3o, l\u00edder do grupo Diante do Trono, se apresenta no anfiteatro da Ponta Negra, trazendo uma celebra\u00e7\u00e3o gospel, enquanto a cantora Klessinha da Seresta se apresenta na zona Leste, na alameda Alphaville, prometendo momentos especiais para os f\u00e3s de seresta e m\u00fasica rom\u00e2ntica. J\u00e1 nos dias 24 e 25 de outubro, o tradicional \u201cBoi Manaus 2025\u201d ocupar\u00e1 o samb\u00f3dromo, reunindo bois-bumb\u00e1s de Manaus e de Parintins, como Garantido e Caprichoso, em uma grande festa cultural e musical.<\/p>\n\n\n\n<p>\u2014 \u2014 \u2014<br><strong>Texto &#8211; <\/strong>\u00a0Emanuelle Baires \/ Semcom-Prefeito<br><strong>Fotos &#8211; <\/strong>Dhyeizo Lemos \/ Semcom-Prefeito e Divulga\u00e7\u00e3o\u00a0<\/p>\n","protected":false},"excerpt":{"rendered":"","protected":false},"author":68,"featured_media":247206,"comment_status":"closed","ping_status":"closed","sticky":false,"template":"","format":"standard","meta":{"footnotes":""},"categories":[1884],"tags":[17473,35,17474,77,17475],"acf":[],"yoast_head":"<!-- This site is optimized with the Yoast SEO plugin v23.0 - https:\/\/yoast.com\/wordpress\/plugins\/seo\/ -->\n<title>Prefeito anuncia Ana Paula Valad\u00e3o como atra\u00e7\u00e3o gospel<\/title>\n<meta name=\"description\" content=\"O prefeito de Manaus, David Almeida, anunciou, a presen\u00e7a da cantora Ana Paula Valad\u00e3o, l\u00edder do grupo Diante do Trono.\" \/>\n<meta name=\"robots\" content=\"index, follow, max-snippet:-1, max-image-preview:large, max-video-preview:-1\" \/>\n<link rel=\"canonical\" href=\"https:\/\/www.manaus.am.gov.br\/semcom\/atracao-gospel\/\" \/>\n<meta property=\"og:locale\" content=\"pt_BR\" \/>\n<meta property=\"og:type\" content=\"article\" \/>\n<meta property=\"og:title\" content=\"Prefeito anuncia Ana Paula Valad\u00e3o como atra\u00e7\u00e3o gospel\" \/>\n<meta property=\"og:description\" content=\"O prefeito de Manaus, David Almeida, anunciou, a presen\u00e7a da cantora Ana Paula Valad\u00e3o, l\u00edder do grupo Diante do Trono.\" \/>\n<meta property=\"og:url\" content=\"https:\/\/www.manaus.am.gov.br\/semcom\/atracao-gospel\/\" \/>\n<meta property=\"og:site_name\" content=\"SEMCOM\" \/>\n<meta property=\"article:published_time\" content=\"2025-10-17T01:22:39+00:00\" \/>\n<meta property=\"article:modified_time\" content=\"2025-10-17T01:22:41+00:00\" \/>\n<meta property=\"og:image\" content=\"https:\/\/www.manaus.am.gov.br\/semcom\/wp-content\/uploads\/sites\/5\/2025\/10\/WhatsApp-Image-2025-10-16-at-20.24.25.jpeg\" \/>\n\t<meta property=\"og:image:width\" content=\"4160\" \/>\n\t<meta property=\"og:image:height\" content=\"2796\" \/>\n\t<meta property=\"og:image:type\" content=\"image\/jpeg\" \/>\n<meta name=\"author\" content=\"bvalente\" \/>\n<meta name=\"twitter:card\" content=\"summary_large_image\" \/>\n<meta name=\"twitter:label1\" content=\"Written by\" \/>\n\t<meta name=\"twitter:data1\" content=\"bvalente\" \/>\n\t<meta name=\"twitter:label2\" content=\"Est. reading time\" \/>\n\t<meta name=\"twitter:data2\" content=\"3 minutos\" \/>\n<script type=\"application\/ld+json\" class=\"yoast-schema-graph\">{\"@context\":\"https:\/\/schema.org\",\"@graph\":[{\"@type\":\"WebPage\",\"@id\":\"https:\/\/www.manaus.am.gov.br\/semcom\/atracao-gospel\/\",\"url\":\"https:\/\/www.manaus.am.gov.br\/semcom\/atracao-gospel\/\",\"name\":\"Prefeito anuncia Ana Paula Valad\u00e3o como atra\u00e7\u00e3o gospel\",\"isPartOf\":{\"@id\":\"https:\/\/www.manaus.am.gov.br\/semcom\/#website\"},\"primaryImageOfPage\":{\"@id\":\"https:\/\/www.manaus.am.gov.br\/semcom\/atracao-gospel\/#primaryimage\"},\"image\":{\"@id\":\"https:\/\/www.manaus.am.gov.br\/semcom\/atracao-gospel\/#primaryimage\"},\"thumbnailUrl\":\"https:\/\/www.manaus.am.gov.br\/semcom\/wp-content\/uploads\/sites\/5\/2025\/10\/WhatsApp-Image-2025-10-16-at-20.24.25.jpeg\",\"datePublished\":\"2025-10-17T01:22:39+00:00\",\"dateModified\":\"2025-10-17T01:22:41+00:00\",\"author\":{\"@id\":\"https:\/\/www.manaus.am.gov.br\/semcom\/#\/schema\/person\/466a0e03ae4b6062809046bd560ac955\"},\"description\":\"O prefeito de Manaus, David Almeida, anunciou, a presen\u00e7a da cantora Ana Paula Valad\u00e3o, l\u00edder do grupo Diante do Trono.\",\"inLanguage\":\"pt-BR\",\"potentialAction\":[{\"@type\":\"ReadAction\",\"target\":[\"https:\/\/www.manaus.am.gov.br\/semcom\/atracao-gospel\/\"]}]},{\"@type\":\"ImageObject\",\"inLanguage\":\"pt-BR\",\"@id\":\"https:\/\/www.manaus.am.gov.br\/semcom\/atracao-gospel\/#primaryimage\",\"url\":\"https:\/\/www.manaus.am.gov.br\/semcom\/wp-content\/uploads\/sites\/5\/2025\/10\/WhatsApp-Image-2025-10-16-at-20.24.25.jpeg\",\"contentUrl\":\"https:\/\/www.manaus.am.gov.br\/semcom\/wp-content\/uploads\/sites\/5\/2025\/10\/WhatsApp-Image-2025-10-16-at-20.24.25.jpeg\",\"width\":4160,\"height\":2796,\"caption\":\"#paratodosverem \u2013 Prefeito sorrindo durante an\u00fancio\"},{\"@type\":\"WebSite\",\"@id\":\"https:\/\/www.manaus.am.gov.br\/semcom\/#website\",\"url\":\"https:\/\/www.manaus.am.gov.br\/semcom\/\",\"name\":\"SEMCOM\",\"description\":\"Secretaria Municipal de Comunica\u00e7\u00e3o\",\"potentialAction\":[{\"@type\":\"SearchAction\",\"target\":{\"@type\":\"EntryPoint\",\"urlTemplate\":\"https:\/\/www.manaus.am.gov.br\/semcom\/?s={search_term_string}\"},\"query-input\":\"required name=search_term_string\"}],\"inLanguage\":\"pt-BR\"},{\"@type\":\"Person\",\"@id\":\"https:\/\/www.manaus.am.gov.br\/semcom\/#\/schema\/person\/466a0e03ae4b6062809046bd560ac955\",\"name\":\"bvalente\",\"image\":{\"@type\":\"ImageObject\",\"inLanguage\":\"pt-BR\",\"@id\":\"https:\/\/www.manaus.am.gov.br\/semcom\/#\/schema\/person\/image\/\",\"url\":\"https:\/\/secure.gravatar.com\/avatar\/3e69bc2b014bdad41adfec3a39de07d2?s=96&d=mm&r=g\",\"contentUrl\":\"https:\/\/secure.gravatar.com\/avatar\/3e69bc2b014bdad41adfec3a39de07d2?s=96&d=mm&r=g\",\"caption\":\"bvalente\"}}]}<\/script>\n<!-- \/ Yoast SEO plugin. -->","yoast_head_json":{"title":"Prefeito anuncia Ana Paula Valad\u00e3o como atra\u00e7\u00e3o gospel","description":"O prefeito de Manaus, David Almeida, anunciou, a presen\u00e7a da cantora Ana Paula Valad\u00e3o, l\u00edder do grupo Diante do Trono.","robots":{"index":"index","follow":"follow","max-snippet":"max-snippet:-1","max-image-preview":"max-image-preview:large","max-video-preview":"max-video-preview:-1"},"canonical":"https:\/\/www.manaus.am.gov.br\/semcom\/atracao-gospel\/","og_locale":"pt_BR","og_type":"article","og_title":"Prefeito anuncia Ana Paula Valad\u00e3o como atra\u00e7\u00e3o gospel","og_description":"O prefeito de Manaus, David Almeida, anunciou, a presen\u00e7a da cantora Ana Paula Valad\u00e3o, l\u00edder do grupo Diante do Trono.","og_url":"https:\/\/www.manaus.am.gov.br\/semcom\/atracao-gospel\/","og_site_name":"SEMCOM","article_published_time":"2025-10-17T01:22:39+00:00","article_modified_time":"2025-10-17T01:22:41+00:00","og_image":[{"width":4160,"height":2796,"url":"https:\/\/www.manaus.am.gov.br\/semcom\/wp-content\/uploads\/sites\/5\/2025\/10\/WhatsApp-Image-2025-10-16-at-20.24.25.jpeg","type":"image\/jpeg"}],"author":"bvalente","twitter_card":"summary_large_image","twitter_misc":{"Written by":"bvalente","Est. reading time":"3 minutos"},"schema":{"@context":"https:\/\/schema.org","@graph":[{"@type":"WebPage","@id":"https:\/\/www.manaus.am.gov.br\/semcom\/atracao-gospel\/","url":"https:\/\/www.manaus.am.gov.br\/semcom\/atracao-gospel\/","name":"Prefeito anuncia Ana Paula Valad\u00e3o como atra\u00e7\u00e3o gospel","isPartOf":{"@id":"https:\/\/www.manaus.am.gov.br\/semcom\/#website"},"primaryImageOfPage":{"@id":"https:\/\/www.manaus.am.gov.br\/semcom\/atracao-gospel\/#primaryimage"},"image":{"@id":"https:\/\/www.manaus.am.gov.br\/semcom\/atracao-gospel\/#primaryimage"},"thumbnailUrl":"https:\/\/www.manaus.am.gov.br\/semcom\/wp-content\/uploads\/sites\/5\/2025\/10\/WhatsApp-Image-2025-10-16-at-20.24.25.jpeg","datePublished":"2025-10-17T01:22:39+00:00","dateModified":"2025-10-17T01:22:41+00:00","author":{"@id":"https:\/\/www.manaus.am.gov.br\/semcom\/#\/schema\/person\/466a0e03ae4b6062809046bd560ac955"},"description":"O prefeito de Manaus, David Almeida, anunciou, a presen\u00e7a da cantora Ana Paula Valad\u00e3o, l\u00edder do grupo Diante do Trono.","inLanguage":"pt-BR","potentialAction":[{"@type":"ReadAction","target":["https:\/\/www.manaus.am.gov.br\/semcom\/atracao-gospel\/"]}]},{"@type":"ImageObject","inLanguage":"pt-BR","@id":"https:\/\/www.manaus.am.gov.br\/semcom\/atracao-gospel\/#primaryimage","url":"https:\/\/www.manaus.am.gov.br\/semcom\/wp-content\/uploads\/sites\/5\/2025\/10\/WhatsApp-Image-2025-10-16-at-20.24.25.jpeg","contentUrl":"https:\/\/www.manaus.am.gov.br\/semcom\/wp-content\/uploads\/sites\/5\/2025\/10\/WhatsApp-Image-2025-10-16-at-20.24.25.jpeg","width":4160,"height":2796,"caption":"#paratodosverem \u2013 Prefeito sorrindo durante an\u00fancio"},{"@type":"WebSite","@id":"https:\/\/www.manaus.am.gov.br\/semcom\/#website","url":"https:\/\/www.manaus.am.gov.br\/semcom\/","name":"SEMCOM","description":"Secretaria Municipal de Comunica\u00e7\u00e3o","potentialAction":[{"@type":"SearchAction","target":{"@type":"EntryPoint","urlTemplate":"https:\/\/www.manaus.am.gov.br\/semcom\/?s={search_term_string}"},"query-input":"required name=search_term_string"}],"inLanguage":"pt-BR"},{"@type":"Person","@id":"https:\/\/www.manaus.am.gov.br\/semcom\/#\/schema\/person\/466a0e03ae4b6062809046bd560ac955","name":"bvalente","image":{"@type":"ImageObject","inLanguage":"pt-BR","@id":"https:\/\/www.manaus.am.gov.br\/semcom\/#\/schema\/person\/image\/","url":"https:\/\/secure.gravatar.com\/avatar\/3e69bc2b014bdad41adfec3a39de07d2?s=96&d=mm&r=g","contentUrl":"https:\/\/secure.gravatar.com\/avatar\/3e69bc2b014bdad41adfec3a39de07d2?s=96&d=mm&r=g","caption":"bvalente"}}]}},"_links":{"self":[{"href":"https:\/\/www.manaus.am.gov.br\/semcom\/wp-json\/wp\/v2\/posts\/247205"}],"collection":[{"href":"https:\/\/www.manaus.am.gov.br\/semcom\/wp-json\/wp\/v2\/posts"}],"about":[{"href":"https:\/\/www.manaus.am.gov.br\/semcom\/wp-json\/wp\/v2\/types\/post"}],"author":[{"embeddable":true,"href":"https:\/\/www.manaus.am.gov.br\/semcom\/wp-json\/wp\/v2\/users\/68"}],"replies":[{"embeddable":true,"href":"https:\/\/www.manaus.am.gov.br\/semcom\/wp-json\/wp\/v2\/comments?post=247205"}],"version-history":[{"count":0,"href":"https:\/\/www.manaus.am.gov.br\/semcom\/wp-json\/wp\/v2\/posts\/247205\/revisions"}],"wp:featuredmedia":[{"embeddable":true,"href":"https:\/\/www.manaus.am.gov.br\/semcom\/wp-json\/wp\/v2\/media\/247206"}],"wp:attachment":[{"href":"https:\/\/www.manaus.am.gov.br\/semcom\/wp-json\/wp\/v2\/media?parent=247205"}],"wp:term":[{"taxonomy":"category","embeddable":true,"href":"https:\/\/www.manaus.am.gov.br\/semcom\/wp-json\/wp\/v2\/categories?post=247205"},{"taxonomy":"post_tag","embeddable":true,"href":"https:\/\/www.manaus.am.gov.br\/semcom\/wp-json\/wp\/v2\/tags?post=247205"}],"curies":[{"name":"wp","href":"https:\/\/api.w.org\/{rel}","templated":true}]}}