{"id":247201,"date":"2025-10-16T22:09:10","date_gmt":"2025-10-17T01:09:10","guid":{"rendered":"https:\/\/www.manaus.am.gov.br\/semcom\/dia-de-autocuidado\/"},"modified":"2025-10-16T22:09:12","modified_gmt":"2025-10-17T01:09:12","slug":"dia-de-autocuidado","status":"publish","type":"post","link":"https:\/\/www.manaus.am.gov.br\/semcom\/dia-de-autocuidado\/","title":{"rendered":"Prefeitura de Manaus promove dia de autocuidado para mulheres em tratamento contra o c\u00e2ncer"},"content":{"rendered":"\n<p><br>Em alus\u00e3o ao \u201cOutubro Rosa\u201d, m\u00eas de conscientiza\u00e7\u00e3o e combate ao c\u00e2ncer de mama, a Prefeitura de Manaus, por meio do Fundo Manaus Solid\u00e1ria (FMS), promoveu, nesta quinta-feira, 16\/10, o evento intitulado &#8220;Almas que Florescem&#8221;, que reuniu mulheres em tratamento oncol\u00f3gico para um momento de autocuidado, acolhimento e uni\u00e3o. O encontro foi realizado no mirante L\u00facia Almeida, localizado na avenida 7 de Setembro, no Centro.<br><br>As participantes de diversas institui\u00e7\u00f5es apoiadas pelo FMS desfrutaram de servi\u00e7os de embelezamento, como manicure, maquiagem, design de sobrancelha, soltura de bal\u00f5es rosas, al\u00e9m de um caf\u00e9 da manh\u00e3 e sorteio de brindes. A paciente Sebastiana Amorim, de 70 anos, falou da alegria de participar do evento.<\/p>\n\n\n\n<p>&#8220;Estamos felizes com tudo que vai ser ofertado, embelezamento, um lanche. Estamos felizes e agradecemos \u00e0 Prefeitura de Manaus\u201d.\u00a0<\/p>\n\n\n\n<p>De acordo com a presidente do FMS, Viviana Lira, o encontro foi criado para acolher, inspirar e fortalecer a autoestima feminina, com a entrega de um presente especial, um modelo de <em>lace<\/em> (peruca). No total, 55 mulheres foram contempladas com esse item simb\u00f3lico de apoio e solidariedade.<\/p>\n\n\n\n<p>&#8220;Estamos aqui hoje trazendo essa pr\u00f3tese capilar, que \u00e9 um momento hist\u00f3rico, nunca foi feita a entrega e dessa vez vai ser. Isso vai resgatar a autoestima naquele momento que a mulher se sente fragilizada por ainda estar em tratamento, mas n\u00f3s estamos aqui para acolh\u00ea-las e hoje elas v\u00e3o se sentir abra\u00e7adas com certeza\u201d, afirmou a presidente.\u00a0<\/p>\n\n\n\n<p>As institui\u00e7\u00f5es contempladas foram: Instituto Preservando Vidas, Lar das Marias, Instituto Gloriosas, Rede Feminina de Combate ao C\u00e2ncer do Amazonas e FCecon.<\/p>\n\n\n\n<p>&#8220;Essa \u00e9 uma oportunidade incr\u00edvel. Muitas delas na hora de serem chamadas ficaram emocionadas, porque j\u00e1 era o sonho delas. Elas j\u00e1 est\u00e3o nessa jornada h\u00e1 muito tempo, e elas v\u00e3o ser contempladas com uma peruca <em>lacefront<\/em> incr\u00edvel, n\u00e3o \u00e9 uma peruca normal, \u00e9 um cabelo incr\u00edvel&#8221;, ressaltou a vice-presidente do Instituto Preservando Vidas, Andressa Lemos.<\/p>\n\n\n\n<p>Jaqueline Brito, uma das pacientes que recebeu a pr\u00f3tese capilar n\u00e3o conseguiu conter a alegria. Ela perdeu o cabelo durante o tratamento e descreveu a emo\u00e7\u00e3o em ser contemplada.<\/p>\n\n\n\n<p>&#8220;Quem n\u00e3o gostaria de ganhar uma <em>lace<\/em> maravilhosa e ficar com a autoestima ainda mais al\u00e9m do que n\u00f3s temos?. N\u00e3o perca a f\u00e9, nunca pare de lutar, autoestima \u00e9 tudo, Deus na frente sempre. O apoio da fam\u00edlia \u00e9 muito importante e o apoio das institui\u00e7\u00f5es tamb\u00e9m \u00e9 muito importante. Nos leva a crer num amanh\u00e3 melhor, com uma vida mais de prop\u00f3sito&#8221;, concluiu a paciente, feliz por estar fortalecida e animada para viver.<\/p>\n\n\n\n<p>O evento &#8220;Almas que Florescem&#8221; refor\u00e7a o compromisso da Prefeitura de Manaus em oferecer acolhimento e suporte integral \u00e0s mulheres em tratamento, transformando a luta contra o c\u00e2ncer de mama em um caminho de carinho, dignidade e muita esperan\u00e7a.<\/p>\n\n\n\n<p>\u2014 \u2014 \u2014\u00a0<br><strong>Texto &#8211;<\/strong> Marcilene Frutuoso\/ Semcom e Divulga\u00e7\u00e3o \/ FMS<\/p>\n\n\n\n<p><strong>Fotos- <\/strong>Jo\u00e3o Viana\/ Semcom<br><strong>Dispon\u00edveis em &#8211;<\/strong> <a href=\"https:\/\/flic.kr\/s\/aHBqjCxBCz\">https:\/\/flic.kr\/s\/aHBqjCxBCz<\/a>&nbsp;<\/p>\n","protected":false},"excerpt":{"rendered":"","protected":false},"author":68,"featured_media":247202,"comment_status":"closed","ping_status":"closed","sticky":false,"template":"","format":"standard","meta":{"footnotes":""},"categories":[1700],"tags":[17470,7695,77,17471],"acf":[],"yoast_head":"<!-- This site is optimized with the Yoast SEO plugin v23.0 - https:\/\/yoast.com\/wordpress\/plugins\/seo\/ -->\n<title>Prefeitura de Manaus promove dia de autocuidado<\/title>\n<meta name=\"description\" content=\"A Prefeitura de Manaus, por meio do Fundo Manaus Solid\u00e1ria, promoveu, nesta quinta-feira, 16\/10, o evento intitulado &quot;Almas que Florescem&quot;,\" \/>\n<meta name=\"robots\" content=\"index, follow, max-snippet:-1, max-image-preview:large, max-video-preview:-1\" \/>\n<link rel=\"canonical\" href=\"https:\/\/www.manaus.am.gov.br\/semcom\/dia-de-autocuidado\/\" \/>\n<meta property=\"og:locale\" content=\"pt_BR\" \/>\n<meta property=\"og:type\" content=\"article\" \/>\n<meta property=\"og:title\" content=\"Prefeitura de Manaus promove dia de autocuidado\" \/>\n<meta property=\"og:description\" content=\"A Prefeitura de Manaus, por meio do Fundo Manaus Solid\u00e1ria, promoveu, nesta quinta-feira, 16\/10, o evento intitulado &quot;Almas que Florescem&quot;,\" \/>\n<meta property=\"og:url\" content=\"https:\/\/www.manaus.am.gov.br\/semcom\/dia-de-autocuidado\/\" \/>\n<meta property=\"og:site_name\" content=\"SEMCOM\" \/>\n<meta property=\"article:published_time\" content=\"2025-10-17T01:09:10+00:00\" \/>\n<meta property=\"article:modified_time\" content=\"2025-10-17T01:09:12+00:00\" \/>\n<meta property=\"og:image\" content=\"https:\/\/www.manaus.am.gov.br\/semcom\/wp-content\/uploads\/sites\/5\/2025\/10\/54859381825_72c4749e18_c.jpg\" \/>\n\t<meta property=\"og:image:width\" content=\"799\" \/>\n\t<meta property=\"og:image:height\" content=\"533\" \/>\n\t<meta property=\"og:image:type\" content=\"image\/jpeg\" \/>\n<meta name=\"author\" content=\"bvalente\" \/>\n<meta name=\"twitter:card\" content=\"summary_large_image\" \/>\n<meta name=\"twitter:label1\" content=\"Written by\" \/>\n\t<meta name=\"twitter:data1\" content=\"bvalente\" \/>\n\t<meta name=\"twitter:label2\" content=\"Est. reading time\" \/>\n\t<meta name=\"twitter:data2\" content=\"3 minutos\" \/>\n<script type=\"application\/ld+json\" class=\"yoast-schema-graph\">{\"@context\":\"https:\/\/schema.org\",\"@graph\":[{\"@type\":\"WebPage\",\"@id\":\"https:\/\/www.manaus.am.gov.br\/semcom\/dia-de-autocuidado\/\",\"url\":\"https:\/\/www.manaus.am.gov.br\/semcom\/dia-de-autocuidado\/\",\"name\":\"Prefeitura de Manaus promove dia de autocuidado\",\"isPartOf\":{\"@id\":\"https:\/\/www.manaus.am.gov.br\/semcom\/#website\"},\"primaryImageOfPage\":{\"@id\":\"https:\/\/www.manaus.am.gov.br\/semcom\/dia-de-autocuidado\/#primaryimage\"},\"image\":{\"@id\":\"https:\/\/www.manaus.am.gov.br\/semcom\/dia-de-autocuidado\/#primaryimage\"},\"thumbnailUrl\":\"https:\/\/www.manaus.am.gov.br\/semcom\/wp-content\/uploads\/sites\/5\/2025\/10\/54859381825_72c4749e18_c.jpg\",\"datePublished\":\"2025-10-17T01:09:10+00:00\",\"dateModified\":\"2025-10-17T01:09:12+00:00\",\"author\":{\"@id\":\"https:\/\/www.manaus.am.gov.br\/semcom\/#\/schema\/person\/466a0e03ae4b6062809046bd560ac955\"},\"description\":\"A Prefeitura de Manaus, por meio do Fundo Manaus Solid\u00e1ria, promoveu, nesta quinta-feira, 16\/10, o evento intitulado \\\"Almas que Florescem\\\",\",\"inLanguage\":\"pt-BR\",\"potentialAction\":[{\"@type\":\"ReadAction\",\"target\":[\"https:\/\/www.manaus.am.gov.br\/semcom\/dia-de-autocuidado\/\"]}]},{\"@type\":\"ImageObject\",\"inLanguage\":\"pt-BR\",\"@id\":\"https:\/\/www.manaus.am.gov.br\/semcom\/dia-de-autocuidado\/#primaryimage\",\"url\":\"https:\/\/www.manaus.am.gov.br\/semcom\/wp-content\/uploads\/sites\/5\/2025\/10\/54859381825_72c4749e18_c.jpg\",\"contentUrl\":\"https:\/\/www.manaus.am.gov.br\/semcom\/wp-content\/uploads\/sites\/5\/2025\/10\/54859381825_72c4749e18_c.jpg\",\"width\":799,\"height\":533,\"caption\":\"#paratodosverem \u2013 Paciente recebendo modelo de lace (peruca) durante evento\"},{\"@type\":\"WebSite\",\"@id\":\"https:\/\/www.manaus.am.gov.br\/semcom\/#website\",\"url\":\"https:\/\/www.manaus.am.gov.br\/semcom\/\",\"name\":\"SEMCOM\",\"description\":\"Secretaria Municipal de Comunica\u00e7\u00e3o\",\"potentialAction\":[{\"@type\":\"SearchAction\",\"target\":{\"@type\":\"EntryPoint\",\"urlTemplate\":\"https:\/\/www.manaus.am.gov.br\/semcom\/?s={search_term_string}\"},\"query-input\":\"required name=search_term_string\"}],\"inLanguage\":\"pt-BR\"},{\"@type\":\"Person\",\"@id\":\"https:\/\/www.manaus.am.gov.br\/semcom\/#\/schema\/person\/466a0e03ae4b6062809046bd560ac955\",\"name\":\"bvalente\",\"image\":{\"@type\":\"ImageObject\",\"inLanguage\":\"pt-BR\",\"@id\":\"https:\/\/www.manaus.am.gov.br\/semcom\/#\/schema\/person\/image\/\",\"url\":\"https:\/\/secure.gravatar.com\/avatar\/3e69bc2b014bdad41adfec3a39de07d2?s=96&d=mm&r=g\",\"contentUrl\":\"https:\/\/secure.gravatar.com\/avatar\/3e69bc2b014bdad41adfec3a39de07d2?s=96&d=mm&r=g\",\"caption\":\"bvalente\"}}]}<\/script>\n<!-- \/ Yoast SEO plugin. -->","yoast_head_json":{"title":"Prefeitura de Manaus promove dia de autocuidado","description":"A Prefeitura de Manaus, por meio do Fundo Manaus Solid\u00e1ria, promoveu, nesta quinta-feira, 16\/10, o evento intitulado \"Almas que Florescem\",","robots":{"index":"index","follow":"follow","max-snippet":"max-snippet:-1","max-image-preview":"max-image-preview:large","max-video-preview":"max-video-preview:-1"},"canonical":"https:\/\/www.manaus.am.gov.br\/semcom\/dia-de-autocuidado\/","og_locale":"pt_BR","og_type":"article","og_title":"Prefeitura de Manaus promove dia de autocuidado","og_description":"A Prefeitura de Manaus, por meio do Fundo Manaus Solid\u00e1ria, promoveu, nesta quinta-feira, 16\/10, o evento intitulado \"Almas que Florescem\",","og_url":"https:\/\/www.manaus.am.gov.br\/semcom\/dia-de-autocuidado\/","og_site_name":"SEMCOM","article_published_time":"2025-10-17T01:09:10+00:00","article_modified_time":"2025-10-17T01:09:12+00:00","og_image":[{"width":799,"height":533,"url":"https:\/\/www.manaus.am.gov.br\/semcom\/wp-content\/uploads\/sites\/5\/2025\/10\/54859381825_72c4749e18_c.jpg","type":"image\/jpeg"}],"author":"bvalente","twitter_card":"summary_large_image","twitter_misc":{"Written by":"bvalente","Est. reading time":"3 minutos"},"schema":{"@context":"https:\/\/schema.org","@graph":[{"@type":"WebPage","@id":"https:\/\/www.manaus.am.gov.br\/semcom\/dia-de-autocuidado\/","url":"https:\/\/www.manaus.am.gov.br\/semcom\/dia-de-autocuidado\/","name":"Prefeitura de Manaus promove dia de autocuidado","isPartOf":{"@id":"https:\/\/www.manaus.am.gov.br\/semcom\/#website"},"primaryImageOfPage":{"@id":"https:\/\/www.manaus.am.gov.br\/semcom\/dia-de-autocuidado\/#primaryimage"},"image":{"@id":"https:\/\/www.manaus.am.gov.br\/semcom\/dia-de-autocuidado\/#primaryimage"},"thumbnailUrl":"https:\/\/www.manaus.am.gov.br\/semcom\/wp-content\/uploads\/sites\/5\/2025\/10\/54859381825_72c4749e18_c.jpg","datePublished":"2025-10-17T01:09:10+00:00","dateModified":"2025-10-17T01:09:12+00:00","author":{"@id":"https:\/\/www.manaus.am.gov.br\/semcom\/#\/schema\/person\/466a0e03ae4b6062809046bd560ac955"},"description":"A Prefeitura de Manaus, por meio do Fundo Manaus Solid\u00e1ria, promoveu, nesta quinta-feira, 16\/10, o evento intitulado \"Almas que Florescem\",","inLanguage":"pt-BR","potentialAction":[{"@type":"ReadAction","target":["https:\/\/www.manaus.am.gov.br\/semcom\/dia-de-autocuidado\/"]}]},{"@type":"ImageObject","inLanguage":"pt-BR","@id":"https:\/\/www.manaus.am.gov.br\/semcom\/dia-de-autocuidado\/#primaryimage","url":"https:\/\/www.manaus.am.gov.br\/semcom\/wp-content\/uploads\/sites\/5\/2025\/10\/54859381825_72c4749e18_c.jpg","contentUrl":"https:\/\/www.manaus.am.gov.br\/semcom\/wp-content\/uploads\/sites\/5\/2025\/10\/54859381825_72c4749e18_c.jpg","width":799,"height":533,"caption":"#paratodosverem \u2013 Paciente recebendo modelo de lace (peruca) durante evento"},{"@type":"WebSite","@id":"https:\/\/www.manaus.am.gov.br\/semcom\/#website","url":"https:\/\/www.manaus.am.gov.br\/semcom\/","name":"SEMCOM","description":"Secretaria Municipal de Comunica\u00e7\u00e3o","potentialAction":[{"@type":"SearchAction","target":{"@type":"EntryPoint","urlTemplate":"https:\/\/www.manaus.am.gov.br\/semcom\/?s={search_term_string}"},"query-input":"required name=search_term_string"}],"inLanguage":"pt-BR"},{"@type":"Person","@id":"https:\/\/www.manaus.am.gov.br\/semcom\/#\/schema\/person\/466a0e03ae4b6062809046bd560ac955","name":"bvalente","image":{"@type":"ImageObject","inLanguage":"pt-BR","@id":"https:\/\/www.manaus.am.gov.br\/semcom\/#\/schema\/person\/image\/","url":"https:\/\/secure.gravatar.com\/avatar\/3e69bc2b014bdad41adfec3a39de07d2?s=96&d=mm&r=g","contentUrl":"https:\/\/secure.gravatar.com\/avatar\/3e69bc2b014bdad41adfec3a39de07d2?s=96&d=mm&r=g","caption":"bvalente"}}]}},"_links":{"self":[{"href":"https:\/\/www.manaus.am.gov.br\/semcom\/wp-json\/wp\/v2\/posts\/247201"}],"collection":[{"href":"https:\/\/www.manaus.am.gov.br\/semcom\/wp-json\/wp\/v2\/posts"}],"about":[{"href":"https:\/\/www.manaus.am.gov.br\/semcom\/wp-json\/wp\/v2\/types\/post"}],"author":[{"embeddable":true,"href":"https:\/\/www.manaus.am.gov.br\/semcom\/wp-json\/wp\/v2\/users\/68"}],"replies":[{"embeddable":true,"href":"https:\/\/www.manaus.am.gov.br\/semcom\/wp-json\/wp\/v2\/comments?post=247201"}],"version-history":[{"count":0,"href":"https:\/\/www.manaus.am.gov.br\/semcom\/wp-json\/wp\/v2\/posts\/247201\/revisions"}],"wp:featuredmedia":[{"embeddable":true,"href":"https:\/\/www.manaus.am.gov.br\/semcom\/wp-json\/wp\/v2\/media\/247202"}],"wp:attachment":[{"href":"https:\/\/www.manaus.am.gov.br\/semcom\/wp-json\/wp\/v2\/media?parent=247201"}],"wp:term":[{"taxonomy":"category","embeddable":true,"href":"https:\/\/www.manaus.am.gov.br\/semcom\/wp-json\/wp\/v2\/categories?post=247201"},{"taxonomy":"post_tag","embeddable":true,"href":"https:\/\/www.manaus.am.gov.br\/semcom\/wp-json\/wp\/v2\/tags?post=247201"}],"curies":[{"name":"wp","href":"https:\/\/api.w.org\/{rel}","templated":true}]}}