{"id":247197,"date":"2025-10-16T20:34:37","date_gmt":"2025-10-16T23:34:37","guid":{"rendered":"https:\/\/www.manaus.am.gov.br\/semcom\/nova-sede-do-implurb-2\/"},"modified":"2025-10-16T20:34:38","modified_gmt":"2025-10-16T23:34:38","slug":"nova-sede-do-implurb-2","status":"publish","type":"post","link":"https:\/\/www.manaus.am.gov.br\/semcom\/nova-sede-do-implurb-2\/","title":{"rendered":"Prefeito David Almeida fiscaliza obras da nova sede do Implurb no parque Mosaico"},"content":{"rendered":"\n<p>O prefeito de Manaus, David Almeida, fiscalizou, nesta quinta-feira, 16\/10, as obras da nova sede do Instituto Municipal de Planejamento Urbano (Implurb), localizada no parque Mosaico, uma das \u00e1reas em expans\u00e3o da capital, na zona Oeste. A constru\u00e7\u00e3o da nova estrutura est\u00e1 em fase avan\u00e7ada e representa um marco na moderniza\u00e7\u00e3o dos espa\u00e7os administrativos da Prefeitura de Manaus.<\/p>\n\n\n\n<p>Durante a visita, o prefeito esteve acompanhado do vice-presidente do Implurb, Ant\u00f4nio Peixoto, e do diretor de Planejamento Urbano, Pedro Paulo Cordeiro, refor\u00e7ando a import\u00e2ncia do trabalho conjunto entre a gest\u00e3o e os especialistas do \u00f3rg\u00e3o.<\/p>\n\n\n\n<p>\u201cN\u00f3s estamos aqui no parque Mosaico, onde vai funcionar a nova sede do Implurb, um pr\u00e9dio totalmente moderno, novo, para receber os nossos servidores e tamb\u00e9m a popula\u00e7\u00e3o. A prefeitura tem avan\u00e7ado em melhorar suas estruturas para melhor servir a cidade. S\u00e3o 4.500 metros quadrados dentro de uma \u00e1rea de expans\u00e3o, o que representa um diferencial em estrutura tanto para os servidores quanto para quem utiliza os servi\u00e7os do \u00f3rg\u00e3o\u201d, afirmou David Almeida.<\/p>\n\n\n\n<p>A nova sede contar\u00e1 com 4.500 metros quadrados de \u00e1rea constru\u00edda, estacionamento amplo, recep\u00e7\u00e3o moderna e jardim interno com 260 mudas, incluindo Ip\u00eas, Jutairana, pau-pretinho e pata-de-vaca, todas aprovadas pela equipe de arquitetura do Implurb e pela equipe de engenheiros florestais da prefeitura, refor\u00e7ando o compromisso com a sustentabilidade e a arboriza\u00e7\u00e3o urbana.<\/p>\n\n\n\n<p>Segundo o vice-presidente Ant\u00f4nio Peixoto, a previs\u00e3o \u00e9 que o pr\u00e9dio seja entregue at\u00e9 o fim deste ano.<\/p>\n\n\n\n<p>\u201cA expectativa \u00e9 entregar a nova sede conforme a determina\u00e7\u00e3o do prefeito. \u00c9 um pr\u00e9dio tecnol\u00f3gico, contempor\u00e2neo, com fachada de vanguarda e que rompe o padr\u00e3o tradicional de pr\u00e9dios p\u00fablicos. Al\u00e9m da acessibilidade completa, teremos um ambiente acolhedor, sustent\u00e1vel e funcional\u201d, destacou Peixoto.<\/p>\n\n\n\n<p>O novo pr\u00e9dio impressionou representantes de outros Estados que participaram recentemente do 11\u00ba Encontro da Rede Nacional dos Institutos de Planejamento Urbano, realizado em Manaus. Delega\u00e7\u00f5es de cidades como Paran\u00e1, Rio de Janeiro, Niter\u00f3i e Macei\u00f3 elogiaram o projeto arquitet\u00f4nico e a proposta inovadora da nova estrutura.<\/p>\n\n\n\n<p>Com essa obra, a gest\u00e3o do prefeito David Almeida refor\u00e7a seu compromisso com a moderniza\u00e7\u00e3o da m\u00e1quina p\u00fablica, a valoriza\u00e7\u00e3o dos servidores municipais e a expans\u00e3o de servi\u00e7os p\u00fablicos em \u00e1reas estrat\u00e9gicas da cidade, mantendo a sustentabilidade como prioridade.<\/p>\n\n\n\n<p>\u2014 \u2014 \u2014<br><strong>Texto &#8211;<\/strong> Emanuelle Baires \/ Semcom-Prefeito<br><strong>Fotos &#8211;<\/strong> Dhyeizo Lemos \/ Semcom-Prefeito<\/p>\n","protected":false},"excerpt":{"rendered":"","protected":false},"author":68,"featured_media":247198,"comment_status":"closed","ping_status":"closed","sticky":false,"template":"","format":"standard","meta":{"footnotes":""},"categories":[94],"tags":[35,3458,13432,77],"acf":[],"yoast_head":"<!-- This site is optimized with the Yoast SEO plugin v23.0 - https:\/\/yoast.com\/wordpress\/plugins\/seo\/ -->\n<title>David Almeida fiscaliza obras da nova sede do Implurb<\/title>\n<meta name=\"description\" content=\"O prefeito de Manaus, David Almeida, fiscalizou, nesta quinta, as obras da nova sede do Instituto Municipal de Planejamento Urbano Implurb.\" \/>\n<meta name=\"robots\" content=\"index, follow, max-snippet:-1, max-image-preview:large, max-video-preview:-1\" \/>\n<link rel=\"canonical\" href=\"https:\/\/www.manaus.am.gov.br\/semcom\/nova-sede-do-implurb-2\/\" \/>\n<meta property=\"og:locale\" content=\"pt_BR\" \/>\n<meta property=\"og:type\" content=\"article\" \/>\n<meta property=\"og:title\" content=\"David Almeida fiscaliza obras da nova sede do Implurb\" \/>\n<meta property=\"og:description\" content=\"O prefeito de Manaus, David Almeida, fiscalizou, nesta quinta, as obras da nova sede do Instituto Municipal de Planejamento Urbano Implurb.\" \/>\n<meta property=\"og:url\" content=\"https:\/\/www.manaus.am.gov.br\/semcom\/nova-sede-do-implurb-2\/\" \/>\n<meta property=\"og:site_name\" content=\"SEMCOM\" \/>\n<meta property=\"article:published_time\" content=\"2025-10-16T23:34:37+00:00\" \/>\n<meta property=\"article:modified_time\" content=\"2025-10-16T23:34:38+00:00\" \/>\n<meta property=\"og:image\" content=\"https:\/\/www.manaus.am.gov.br\/semcom\/wp-content\/uploads\/sites\/5\/2025\/10\/WhatsApp-Image-2025-10-16-at-18.50.51.jpeg\" \/>\n\t<meta property=\"og:image:width\" content=\"1600\" \/>\n\t<meta property=\"og:image:height\" content=\"1066\" \/>\n\t<meta property=\"og:image:type\" content=\"image\/jpeg\" \/>\n<meta name=\"author\" content=\"bvalente\" \/>\n<meta name=\"twitter:card\" content=\"summary_large_image\" \/>\n<meta name=\"twitter:label1\" content=\"Written by\" \/>\n\t<meta name=\"twitter:data1\" content=\"bvalente\" \/>\n\t<meta name=\"twitter:label2\" content=\"Est. reading time\" \/>\n\t<meta name=\"twitter:data2\" content=\"3 minutos\" \/>\n<script type=\"application\/ld+json\" class=\"yoast-schema-graph\">{\"@context\":\"https:\/\/schema.org\",\"@graph\":[{\"@type\":\"WebPage\",\"@id\":\"https:\/\/www.manaus.am.gov.br\/semcom\/nova-sede-do-implurb-2\/\",\"url\":\"https:\/\/www.manaus.am.gov.br\/semcom\/nova-sede-do-implurb-2\/\",\"name\":\"David Almeida fiscaliza obras da nova sede do Implurb\",\"isPartOf\":{\"@id\":\"https:\/\/www.manaus.am.gov.br\/semcom\/#website\"},\"primaryImageOfPage\":{\"@id\":\"https:\/\/www.manaus.am.gov.br\/semcom\/nova-sede-do-implurb-2\/#primaryimage\"},\"image\":{\"@id\":\"https:\/\/www.manaus.am.gov.br\/semcom\/nova-sede-do-implurb-2\/#primaryimage\"},\"thumbnailUrl\":\"https:\/\/www.manaus.am.gov.br\/semcom\/wp-content\/uploads\/sites\/5\/2025\/10\/WhatsApp-Image-2025-10-16-at-18.50.51.jpeg\",\"datePublished\":\"2025-10-16T23:34:37+00:00\",\"dateModified\":\"2025-10-16T23:34:38+00:00\",\"author\":{\"@id\":\"https:\/\/www.manaus.am.gov.br\/semcom\/#\/schema\/person\/466a0e03ae4b6062809046bd560ac955\"},\"description\":\"O prefeito de Manaus, David Almeida, fiscalizou, nesta quinta, as obras da nova sede do Instituto Municipal de Planejamento Urbano Implurb.\",\"inLanguage\":\"pt-BR\",\"potentialAction\":[{\"@type\":\"ReadAction\",\"target\":[\"https:\/\/www.manaus.am.gov.br\/semcom\/nova-sede-do-implurb-2\/\"]}]},{\"@type\":\"ImageObject\",\"inLanguage\":\"pt-BR\",\"@id\":\"https:\/\/www.manaus.am.gov.br\/semcom\/nova-sede-do-implurb-2\/#primaryimage\",\"url\":\"https:\/\/www.manaus.am.gov.br\/semcom\/wp-content\/uploads\/sites\/5\/2025\/10\/WhatsApp-Image-2025-10-16-at-18.50.51.jpeg\",\"contentUrl\":\"https:\/\/www.manaus.am.gov.br\/semcom\/wp-content\/uploads\/sites\/5\/2025\/10\/WhatsApp-Image-2025-10-16-at-18.50.51.jpeg\",\"width\":1600,\"height\":1066,\"caption\":\"#paratodosverem \u2013 Prefeito vistoriando nova sede do Implurb\"},{\"@type\":\"WebSite\",\"@id\":\"https:\/\/www.manaus.am.gov.br\/semcom\/#website\",\"url\":\"https:\/\/www.manaus.am.gov.br\/semcom\/\",\"name\":\"SEMCOM\",\"description\":\"Secretaria Municipal de Comunica\u00e7\u00e3o\",\"potentialAction\":[{\"@type\":\"SearchAction\",\"target\":{\"@type\":\"EntryPoint\",\"urlTemplate\":\"https:\/\/www.manaus.am.gov.br\/semcom\/?s={search_term_string}\"},\"query-input\":\"required name=search_term_string\"}],\"inLanguage\":\"pt-BR\"},{\"@type\":\"Person\",\"@id\":\"https:\/\/www.manaus.am.gov.br\/semcom\/#\/schema\/person\/466a0e03ae4b6062809046bd560ac955\",\"name\":\"bvalente\",\"image\":{\"@type\":\"ImageObject\",\"inLanguage\":\"pt-BR\",\"@id\":\"https:\/\/www.manaus.am.gov.br\/semcom\/#\/schema\/person\/image\/\",\"url\":\"https:\/\/secure.gravatar.com\/avatar\/3e69bc2b014bdad41adfec3a39de07d2?s=96&d=mm&r=g\",\"contentUrl\":\"https:\/\/secure.gravatar.com\/avatar\/3e69bc2b014bdad41adfec3a39de07d2?s=96&d=mm&r=g\",\"caption\":\"bvalente\"}}]}<\/script>\n<!-- \/ Yoast SEO plugin. -->","yoast_head_json":{"title":"David Almeida fiscaliza obras da nova sede do Implurb","description":"O prefeito de Manaus, David Almeida, fiscalizou, nesta quinta, as obras da nova sede do Instituto Municipal de Planejamento Urbano Implurb.","robots":{"index":"index","follow":"follow","max-snippet":"max-snippet:-1","max-image-preview":"max-image-preview:large","max-video-preview":"max-video-preview:-1"},"canonical":"https:\/\/www.manaus.am.gov.br\/semcom\/nova-sede-do-implurb-2\/","og_locale":"pt_BR","og_type":"article","og_title":"David Almeida fiscaliza obras da nova sede do Implurb","og_description":"O prefeito de Manaus, David Almeida, fiscalizou, nesta quinta, as obras da nova sede do Instituto Municipal de Planejamento Urbano Implurb.","og_url":"https:\/\/www.manaus.am.gov.br\/semcom\/nova-sede-do-implurb-2\/","og_site_name":"SEMCOM","article_published_time":"2025-10-16T23:34:37+00:00","article_modified_time":"2025-10-16T23:34:38+00:00","og_image":[{"width":1600,"height":1066,"url":"https:\/\/www.manaus.am.gov.br\/semcom\/wp-content\/uploads\/sites\/5\/2025\/10\/WhatsApp-Image-2025-10-16-at-18.50.51.jpeg","type":"image\/jpeg"}],"author":"bvalente","twitter_card":"summary_large_image","twitter_misc":{"Written by":"bvalente","Est. reading time":"3 minutos"},"schema":{"@context":"https:\/\/schema.org","@graph":[{"@type":"WebPage","@id":"https:\/\/www.manaus.am.gov.br\/semcom\/nova-sede-do-implurb-2\/","url":"https:\/\/www.manaus.am.gov.br\/semcom\/nova-sede-do-implurb-2\/","name":"David Almeida fiscaliza obras da nova sede do Implurb","isPartOf":{"@id":"https:\/\/www.manaus.am.gov.br\/semcom\/#website"},"primaryImageOfPage":{"@id":"https:\/\/www.manaus.am.gov.br\/semcom\/nova-sede-do-implurb-2\/#primaryimage"},"image":{"@id":"https:\/\/www.manaus.am.gov.br\/semcom\/nova-sede-do-implurb-2\/#primaryimage"},"thumbnailUrl":"https:\/\/www.manaus.am.gov.br\/semcom\/wp-content\/uploads\/sites\/5\/2025\/10\/WhatsApp-Image-2025-10-16-at-18.50.51.jpeg","datePublished":"2025-10-16T23:34:37+00:00","dateModified":"2025-10-16T23:34:38+00:00","author":{"@id":"https:\/\/www.manaus.am.gov.br\/semcom\/#\/schema\/person\/466a0e03ae4b6062809046bd560ac955"},"description":"O prefeito de Manaus, David Almeida, fiscalizou, nesta quinta, as obras da nova sede do Instituto Municipal de Planejamento Urbano Implurb.","inLanguage":"pt-BR","potentialAction":[{"@type":"ReadAction","target":["https:\/\/www.manaus.am.gov.br\/semcom\/nova-sede-do-implurb-2\/"]}]},{"@type":"ImageObject","inLanguage":"pt-BR","@id":"https:\/\/www.manaus.am.gov.br\/semcom\/nova-sede-do-implurb-2\/#primaryimage","url":"https:\/\/www.manaus.am.gov.br\/semcom\/wp-content\/uploads\/sites\/5\/2025\/10\/WhatsApp-Image-2025-10-16-at-18.50.51.jpeg","contentUrl":"https:\/\/www.manaus.am.gov.br\/semcom\/wp-content\/uploads\/sites\/5\/2025\/10\/WhatsApp-Image-2025-10-16-at-18.50.51.jpeg","width":1600,"height":1066,"caption":"#paratodosverem \u2013 Prefeito vistoriando nova sede do Implurb"},{"@type":"WebSite","@id":"https:\/\/www.manaus.am.gov.br\/semcom\/#website","url":"https:\/\/www.manaus.am.gov.br\/semcom\/","name":"SEMCOM","description":"Secretaria Municipal de Comunica\u00e7\u00e3o","potentialAction":[{"@type":"SearchAction","target":{"@type":"EntryPoint","urlTemplate":"https:\/\/www.manaus.am.gov.br\/semcom\/?s={search_term_string}"},"query-input":"required name=search_term_string"}],"inLanguage":"pt-BR"},{"@type":"Person","@id":"https:\/\/www.manaus.am.gov.br\/semcom\/#\/schema\/person\/466a0e03ae4b6062809046bd560ac955","name":"bvalente","image":{"@type":"ImageObject","inLanguage":"pt-BR","@id":"https:\/\/www.manaus.am.gov.br\/semcom\/#\/schema\/person\/image\/","url":"https:\/\/secure.gravatar.com\/avatar\/3e69bc2b014bdad41adfec3a39de07d2?s=96&d=mm&r=g","contentUrl":"https:\/\/secure.gravatar.com\/avatar\/3e69bc2b014bdad41adfec3a39de07d2?s=96&d=mm&r=g","caption":"bvalente"}}]}},"_links":{"self":[{"href":"https:\/\/www.manaus.am.gov.br\/semcom\/wp-json\/wp\/v2\/posts\/247197"}],"collection":[{"href":"https:\/\/www.manaus.am.gov.br\/semcom\/wp-json\/wp\/v2\/posts"}],"about":[{"href":"https:\/\/www.manaus.am.gov.br\/semcom\/wp-json\/wp\/v2\/types\/post"}],"author":[{"embeddable":true,"href":"https:\/\/www.manaus.am.gov.br\/semcom\/wp-json\/wp\/v2\/users\/68"}],"replies":[{"embeddable":true,"href":"https:\/\/www.manaus.am.gov.br\/semcom\/wp-json\/wp\/v2\/comments?post=247197"}],"version-history":[{"count":0,"href":"https:\/\/www.manaus.am.gov.br\/semcom\/wp-json\/wp\/v2\/posts\/247197\/revisions"}],"wp:featuredmedia":[{"embeddable":true,"href":"https:\/\/www.manaus.am.gov.br\/semcom\/wp-json\/wp\/v2\/media\/247198"}],"wp:attachment":[{"href":"https:\/\/www.manaus.am.gov.br\/semcom\/wp-json\/wp\/v2\/media?parent=247197"}],"wp:term":[{"taxonomy":"category","embeddable":true,"href":"https:\/\/www.manaus.am.gov.br\/semcom\/wp-json\/wp\/v2\/categories?post=247197"},{"taxonomy":"post_tag","embeddable":true,"href":"https:\/\/www.manaus.am.gov.br\/semcom\/wp-json\/wp\/v2\/tags?post=247197"}],"curies":[{"name":"wp","href":"https:\/\/api.w.org\/{rel}","templated":true}]}}