{"id":247180,"date":"2025-10-16T17:10:07","date_gmt":"2025-10-16T21:10:07","guid":{"rendered":"https:\/\/www.manaus.am.gov.br\/semcom\/acao-outubro-rosa-servidoras-seminf\/"},"modified":"2025-10-16T17:10:07","modified_gmt":"2025-10-16T21:10:07","slug":"acao-outubro-rosa-servidoras-seminf","status":"publish","type":"post","link":"https:\/\/www.manaus.am.gov.br\/semcom\/acao-outubro-rosa-servidoras-seminf\/","title":{"rendered":"Prefeitura promove a\u00e7\u00f5es de conscientiza\u00e7\u00e3o no \u2018Outubro Rosa\u2019 e refor\u00e7a cuidado de cerca de 250 servidoras da Seminf"},"content":{"rendered":"\n<p>Em um gesto de cuidado e conscientiza\u00e7\u00e3o, a Prefeitura de Manaus, por meio da Secretaria Municipal de Infraestrutura (Seminf), promoveu, nesta quinta-feira, 16\/10, uma manh\u00e3 dedicada ao \u201cOutubro Rosa\u201d, com palestras, atendimentos m\u00e9dicos, aferi\u00e7\u00e3o de press\u00e3o arterial e orienta\u00e7\u00f5es sobre a import\u00e2ncia da preven\u00e7\u00e3o e do autocuidado com a sa\u00fade da mulher.<\/p>\n\n\n\n<p>A iniciativa, realizada na sede da secretaria, reuniu servidoras em um ambiente de acolhimento e aprendizado, refor\u00e7ando o compromisso da gest\u00e3o municipal com o bem-estar de quem trabalha todos os dias para cuidar da cidade.<\/p>\n\n\n\n<p>O vice-prefeito e secret\u00e1rio de Obras, Renato Junior, destacou a import\u00e2ncia de a\u00e7\u00f5es como essa dentro das secretarias, valorizando o lado humano da gest\u00e3o do prefeito David Almeida.<\/p>\n\n\n\n<p>\u201cO \u2018Outubro Rosa\u2019 \u00e9 um momento de reflex\u00e3o e conscientiza\u00e7\u00e3o, e n\u00f3s, enquanto gest\u00e3o, temos o dever de cuidar de quem ajuda a cuidar de Manaus. Promover a sa\u00fade, oferecer informa\u00e7\u00e3o e acolhimento \u00e9 uma forma de demonstrar respeito e amor ao pr\u00f3ximo. A gest\u00e3o do prefeito David Almeida \u00e9 humana e est\u00e1 sempre atenta a isso\u201d, afirmou Renato Junior.<\/p>\n\n\n\n<p>Cerca de 250 servidoras da Seminf participaram da programa\u00e7\u00e3o, que contou com orienta\u00e7\u00f5es da enfermeira da Secretaria Municipal de Sa\u00fade (Semsa), Nathalia Barbosa, sobre a realiza\u00e7\u00e3o correta do autoexame das mamas e a import\u00e2ncia dos exames preventivos.<\/p>\n\n\n\n<p>\u201cA mamografia \u00e9 indicada para mulheres de 50 a 74 anos e o exame preventivo, para quem tem entre 25 e 64 anos. Mas, mesmo fora dessas faixas, \u00e9 importante procurar o m\u00e9dico regularmente. O toque salva vidas. Conhecer o pr\u00f3prio corpo \u00e9 o primeiro passo para se prevenir\u201d, explicou Nathalia.<\/p>\n\n\n\n<p>Entre as participantes, a auxiliar de limpeza Janeth Marques, de 69 anos, comemorou a oportunidade de participar da a\u00e7\u00e3o e ressaltou o cuidado da prefeitura com seus servidores.<\/p>\n\n\n\n<p>\u201cAchei maravilhoso ter um m\u00e9dico aqui na Seminf. \u00c9 uma \u00f3tima oportunidade para n\u00f3s, mulheres, cuidarmos da sa\u00fade. Essa gest\u00e3o \u00e9 diferente, tem um olhar humano, e isso faz toda a diferen\u00e7a\u201d, destacou Janeth.<\/p>\n\n\n\n<p>Com iniciativas como essa, a Prefeitura de Manaus reafirma seu compromisso em promover sa\u00fade, empatia e valoriza\u00e7\u00e3o das pessoas, lembrando que cada gesto de cuidado pode salvar vidas.\u00a0<\/p>\n\n\n\n<figure class=\"wp-block-image size-full\"><img loading=\"lazy\" decoding=\"async\" width=\"871\" height=\"488\" src=\"https:\/\/www.manaus.am.gov.br\/semcom\/wp-content\/uploads\/sites\/5\/2025\/10\/Acao-3.jpg\" alt=\"\" class=\"wp-image-247182\" srcset=\"https:\/\/www.manaus.am.gov.br\/semcom\/wp-content\/uploads\/sites\/5\/2025\/10\/Acao-3.jpg 871w, https:\/\/www.manaus.am.gov.br\/semcom\/wp-content\/uploads\/sites\/5\/2025\/10\/Acao-3-300x168.jpg 300w, https:\/\/www.manaus.am.gov.br\/semcom\/wp-content\/uploads\/sites\/5\/2025\/10\/Acao-3-768x430.jpg 768w\" sizes=\"(max-width: 871px) 100vw, 871px\" \/><\/figure>\n\n\n\n<p>&#8212; &#8212; &#8212;<\/p>\n\n\n\n<p><strong>Texto&nbsp;<\/strong>&#8211; Rayana Coutinho\/Seminf<\/p>\n\n\n\n<p><strong>Fotos &#8211;<\/strong> M\u00e1rcio Melo\/Seminf<\/p>\n","protected":false},"excerpt":{"rendered":"","protected":false},"author":39,"featured_media":247181,"comment_status":"closed","ping_status":"closed","sticky":false,"template":"","format":"standard","meta":{"footnotes":""},"categories":[3135],"tags":[7092,17464,3175,77,33],"acf":[],"yoast_head":"<!-- This site is optimized with the Yoast SEO plugin v23.0 - https:\/\/yoast.com\/wordpress\/plugins\/seo\/ -->\n<title>A\u00e7\u00f5es no \u2018Outubro Rosa\u2019 para cerca de 250 servidoras da Seminf<\/title>\n<meta name=\"description\" content=\"Prefeitura promove a\u00e7\u00f5es de conscientiza\u00e7\u00e3o no \u2018Outubro Rosa\u2019 e refor\u00e7a cuidado de cerca de 250 servidoras da Seminf.\" \/>\n<meta name=\"robots\" content=\"index, follow, max-snippet:-1, max-image-preview:large, max-video-preview:-1\" \/>\n<link rel=\"canonical\" href=\"https:\/\/www.manaus.am.gov.br\/semcom\/acao-outubro-rosa-servidoras-seminf\/\" \/>\n<meta property=\"og:locale\" content=\"pt_BR\" \/>\n<meta property=\"og:type\" content=\"article\" \/>\n<meta property=\"og:title\" content=\"A\u00e7\u00f5es no \u2018Outubro Rosa\u2019 para cerca de 250 servidoras da Seminf\" \/>\n<meta property=\"og:description\" content=\"Prefeitura promove a\u00e7\u00f5es de conscientiza\u00e7\u00e3o no \u2018Outubro Rosa\u2019 e refor\u00e7a cuidado de cerca de 250 servidoras da Seminf.\" \/>\n<meta property=\"og:url\" content=\"https:\/\/www.manaus.am.gov.br\/semcom\/acao-outubro-rosa-servidoras-seminf\/\" \/>\n<meta property=\"og:site_name\" content=\"SEMCOM\" \/>\n<meta property=\"article:published_time\" content=\"2025-10-16T21:10:07+00:00\" \/>\n<meta property=\"og:image\" content=\"https:\/\/www.manaus.am.gov.br\/semcom\/wp-content\/uploads\/sites\/5\/2025\/10\/Acao-4.jpg\" \/>\n\t<meta property=\"og:image:width\" content=\"872\" \/>\n\t<meta property=\"og:image:height\" content=\"487\" \/>\n\t<meta property=\"og:image:type\" content=\"image\/jpeg\" \/>\n<meta name=\"author\" content=\"Bruna Greco\" \/>\n<meta name=\"twitter:card\" content=\"summary_large_image\" \/>\n<meta name=\"twitter:label1\" content=\"Written by\" \/>\n\t<meta name=\"twitter:data1\" content=\"Bruna Greco\" \/>\n\t<meta name=\"twitter:label2\" content=\"Est. reading time\" \/>\n\t<meta name=\"twitter:data2\" content=\"3 minutos\" \/>\n<script type=\"application\/ld+json\" class=\"yoast-schema-graph\">{\"@context\":\"https:\/\/schema.org\",\"@graph\":[{\"@type\":\"WebPage\",\"@id\":\"https:\/\/www.manaus.am.gov.br\/semcom\/acao-outubro-rosa-servidoras-seminf\/\",\"url\":\"https:\/\/www.manaus.am.gov.br\/semcom\/acao-outubro-rosa-servidoras-seminf\/\",\"name\":\"A\u00e7\u00f5es no \u2018Outubro Rosa\u2019 para cerca de 250 servidoras da Seminf\",\"isPartOf\":{\"@id\":\"https:\/\/www.manaus.am.gov.br\/semcom\/#website\"},\"primaryImageOfPage\":{\"@id\":\"https:\/\/www.manaus.am.gov.br\/semcom\/acao-outubro-rosa-servidoras-seminf\/#primaryimage\"},\"image\":{\"@id\":\"https:\/\/www.manaus.am.gov.br\/semcom\/acao-outubro-rosa-servidoras-seminf\/#primaryimage\"},\"thumbnailUrl\":\"https:\/\/www.manaus.am.gov.br\/semcom\/wp-content\/uploads\/sites\/5\/2025\/10\/Acao-4.jpg\",\"datePublished\":\"2025-10-16T21:10:07+00:00\",\"dateModified\":\"2025-10-16T21:10:07+00:00\",\"author\":{\"@id\":\"https:\/\/www.manaus.am.gov.br\/semcom\/#\/schema\/person\/05d223aea2bf115f9883a6ff3683d81b\"},\"description\":\"Prefeitura promove a\u00e7\u00f5es de conscientiza\u00e7\u00e3o no \u2018Outubro Rosa\u2019 e refor\u00e7a cuidado de cerca de 250 servidoras da Seminf.\",\"inLanguage\":\"pt-BR\",\"potentialAction\":[{\"@type\":\"ReadAction\",\"target\":[\"https:\/\/www.manaus.am.gov.br\/semcom\/acao-outubro-rosa-servidoras-seminf\/\"]}]},{\"@type\":\"ImageObject\",\"inLanguage\":\"pt-BR\",\"@id\":\"https:\/\/www.manaus.am.gov.br\/semcom\/acao-outubro-rosa-servidoras-seminf\/#primaryimage\",\"url\":\"https:\/\/www.manaus.am.gov.br\/semcom\/wp-content\/uploads\/sites\/5\/2025\/10\/Acao-4.jpg\",\"contentUrl\":\"https:\/\/www.manaus.am.gov.br\/semcom\/wp-content\/uploads\/sites\/5\/2025\/10\/Acao-4.jpg\",\"width\":872,\"height\":487,\"caption\":\"#paratodosverem - Servidora da Seminf recebendo atendimento de profissionais da Semsa durante a\u00e7\u00f5es do \\\"Outubro Rosa\\\"\"},{\"@type\":\"WebSite\",\"@id\":\"https:\/\/www.manaus.am.gov.br\/semcom\/#website\",\"url\":\"https:\/\/www.manaus.am.gov.br\/semcom\/\",\"name\":\"SEMCOM\",\"description\":\"Secretaria Municipal de Comunica\u00e7\u00e3o\",\"potentialAction\":[{\"@type\":\"SearchAction\",\"target\":{\"@type\":\"EntryPoint\",\"urlTemplate\":\"https:\/\/www.manaus.am.gov.br\/semcom\/?s={search_term_string}\"},\"query-input\":\"required name=search_term_string\"}],\"inLanguage\":\"pt-BR\"},{\"@type\":\"Person\",\"@id\":\"https:\/\/www.manaus.am.gov.br\/semcom\/#\/schema\/person\/05d223aea2bf115f9883a6ff3683d81b\",\"name\":\"Bruna Greco\",\"image\":{\"@type\":\"ImageObject\",\"inLanguage\":\"pt-BR\",\"@id\":\"https:\/\/www.manaus.am.gov.br\/semcom\/#\/schema\/person\/image\/\",\"url\":\"https:\/\/secure.gravatar.com\/avatar\/9c877d1a6adc2a055330e5c09a8653ce?s=96&d=mm&r=g\",\"contentUrl\":\"https:\/\/secure.gravatar.com\/avatar\/9c877d1a6adc2a055330e5c09a8653ce?s=96&d=mm&r=g\",\"caption\":\"Bruna Greco\"}}]}<\/script>\n<!-- \/ Yoast SEO plugin. -->","yoast_head_json":{"title":"A\u00e7\u00f5es no \u2018Outubro Rosa\u2019 para cerca de 250 servidoras da Seminf","description":"Prefeitura promove a\u00e7\u00f5es de conscientiza\u00e7\u00e3o no \u2018Outubro Rosa\u2019 e refor\u00e7a cuidado de cerca de 250 servidoras da Seminf.","robots":{"index":"index","follow":"follow","max-snippet":"max-snippet:-1","max-image-preview":"max-image-preview:large","max-video-preview":"max-video-preview:-1"},"canonical":"https:\/\/www.manaus.am.gov.br\/semcom\/acao-outubro-rosa-servidoras-seminf\/","og_locale":"pt_BR","og_type":"article","og_title":"A\u00e7\u00f5es no \u2018Outubro Rosa\u2019 para cerca de 250 servidoras da Seminf","og_description":"Prefeitura promove a\u00e7\u00f5es de conscientiza\u00e7\u00e3o no \u2018Outubro Rosa\u2019 e refor\u00e7a cuidado de cerca de 250 servidoras da Seminf.","og_url":"https:\/\/www.manaus.am.gov.br\/semcom\/acao-outubro-rosa-servidoras-seminf\/","og_site_name":"SEMCOM","article_published_time":"2025-10-16T21:10:07+00:00","og_image":[{"width":872,"height":487,"url":"https:\/\/www.manaus.am.gov.br\/semcom\/wp-content\/uploads\/sites\/5\/2025\/10\/Acao-4.jpg","type":"image\/jpeg"}],"author":"Bruna Greco","twitter_card":"summary_large_image","twitter_misc":{"Written by":"Bruna Greco","Est. reading time":"3 minutos"},"schema":{"@context":"https:\/\/schema.org","@graph":[{"@type":"WebPage","@id":"https:\/\/www.manaus.am.gov.br\/semcom\/acao-outubro-rosa-servidoras-seminf\/","url":"https:\/\/www.manaus.am.gov.br\/semcom\/acao-outubro-rosa-servidoras-seminf\/","name":"A\u00e7\u00f5es no \u2018Outubro Rosa\u2019 para cerca de 250 servidoras da Seminf","isPartOf":{"@id":"https:\/\/www.manaus.am.gov.br\/semcom\/#website"},"primaryImageOfPage":{"@id":"https:\/\/www.manaus.am.gov.br\/semcom\/acao-outubro-rosa-servidoras-seminf\/#primaryimage"},"image":{"@id":"https:\/\/www.manaus.am.gov.br\/semcom\/acao-outubro-rosa-servidoras-seminf\/#primaryimage"},"thumbnailUrl":"https:\/\/www.manaus.am.gov.br\/semcom\/wp-content\/uploads\/sites\/5\/2025\/10\/Acao-4.jpg","datePublished":"2025-10-16T21:10:07+00:00","dateModified":"2025-10-16T21:10:07+00:00","author":{"@id":"https:\/\/www.manaus.am.gov.br\/semcom\/#\/schema\/person\/05d223aea2bf115f9883a6ff3683d81b"},"description":"Prefeitura promove a\u00e7\u00f5es de conscientiza\u00e7\u00e3o no \u2018Outubro Rosa\u2019 e refor\u00e7a cuidado de cerca de 250 servidoras da Seminf.","inLanguage":"pt-BR","potentialAction":[{"@type":"ReadAction","target":["https:\/\/www.manaus.am.gov.br\/semcom\/acao-outubro-rosa-servidoras-seminf\/"]}]},{"@type":"ImageObject","inLanguage":"pt-BR","@id":"https:\/\/www.manaus.am.gov.br\/semcom\/acao-outubro-rosa-servidoras-seminf\/#primaryimage","url":"https:\/\/www.manaus.am.gov.br\/semcom\/wp-content\/uploads\/sites\/5\/2025\/10\/Acao-4.jpg","contentUrl":"https:\/\/www.manaus.am.gov.br\/semcom\/wp-content\/uploads\/sites\/5\/2025\/10\/Acao-4.jpg","width":872,"height":487,"caption":"#paratodosverem - Servidora da Seminf recebendo atendimento de profissionais da Semsa durante a\u00e7\u00f5es do \"Outubro Rosa\""},{"@type":"WebSite","@id":"https:\/\/www.manaus.am.gov.br\/semcom\/#website","url":"https:\/\/www.manaus.am.gov.br\/semcom\/","name":"SEMCOM","description":"Secretaria Municipal de Comunica\u00e7\u00e3o","potentialAction":[{"@type":"SearchAction","target":{"@type":"EntryPoint","urlTemplate":"https:\/\/www.manaus.am.gov.br\/semcom\/?s={search_term_string}"},"query-input":"required name=search_term_string"}],"inLanguage":"pt-BR"},{"@type":"Person","@id":"https:\/\/www.manaus.am.gov.br\/semcom\/#\/schema\/person\/05d223aea2bf115f9883a6ff3683d81b","name":"Bruna Greco","image":{"@type":"ImageObject","inLanguage":"pt-BR","@id":"https:\/\/www.manaus.am.gov.br\/semcom\/#\/schema\/person\/image\/","url":"https:\/\/secure.gravatar.com\/avatar\/9c877d1a6adc2a055330e5c09a8653ce?s=96&d=mm&r=g","contentUrl":"https:\/\/secure.gravatar.com\/avatar\/9c877d1a6adc2a055330e5c09a8653ce?s=96&d=mm&r=g","caption":"Bruna Greco"}}]}},"_links":{"self":[{"href":"https:\/\/www.manaus.am.gov.br\/semcom\/wp-json\/wp\/v2\/posts\/247180"}],"collection":[{"href":"https:\/\/www.manaus.am.gov.br\/semcom\/wp-json\/wp\/v2\/posts"}],"about":[{"href":"https:\/\/www.manaus.am.gov.br\/semcom\/wp-json\/wp\/v2\/types\/post"}],"author":[{"embeddable":true,"href":"https:\/\/www.manaus.am.gov.br\/semcom\/wp-json\/wp\/v2\/users\/39"}],"replies":[{"embeddable":true,"href":"https:\/\/www.manaus.am.gov.br\/semcom\/wp-json\/wp\/v2\/comments?post=247180"}],"version-history":[{"count":1,"href":"https:\/\/www.manaus.am.gov.br\/semcom\/wp-json\/wp\/v2\/posts\/247180\/revisions"}],"predecessor-version":[{"id":247183,"href":"https:\/\/www.manaus.am.gov.br\/semcom\/wp-json\/wp\/v2\/posts\/247180\/revisions\/247183"}],"wp:featuredmedia":[{"embeddable":true,"href":"https:\/\/www.manaus.am.gov.br\/semcom\/wp-json\/wp\/v2\/media\/247181"}],"wp:attachment":[{"href":"https:\/\/www.manaus.am.gov.br\/semcom\/wp-json\/wp\/v2\/media?parent=247180"}],"wp:term":[{"taxonomy":"category","embeddable":true,"href":"https:\/\/www.manaus.am.gov.br\/semcom\/wp-json\/wp\/v2\/categories?post=247180"},{"taxonomy":"post_tag","embeddable":true,"href":"https:\/\/www.manaus.am.gov.br\/semcom\/wp-json\/wp\/v2\/tags?post=247180"}],"curies":[{"name":"wp","href":"https:\/\/api.w.org\/{rel}","templated":true}]}}