{"id":247158,"date":"2025-10-16T17:03:29","date_gmt":"2025-10-16T20:03:29","guid":{"rendered":"https:\/\/www.manaus.am.gov.br\/semcom\/acao-itinerante-de-educacao-especial\/"},"modified":"2025-10-16T17:03:31","modified_gmt":"2025-10-16T20:03:31","slug":"acao-itinerante-de-educacao-especial","status":"publish","type":"post","link":"https:\/\/www.manaus.am.gov.br\/semcom\/acao-itinerante-de-educacao-especial\/","title":{"rendered":"Prefeitura de Manaus encerra \u2018A\u00e7\u00e3o Itinerante de Educa\u00e7\u00e3o Especial\u2019 no rio Negro\u00a0"},"content":{"rendered":"\n<p>A Prefeitura de Manaus, por meio da Secretaria Municipal de Educa\u00e7\u00e3o (Semed) e Ger\u00eancia de Educa\u00e7\u00e3o Especial (GEE), encerrou, nesta quinta-feira, 16\/10, a \u201cA\u00e7\u00e3o Itinerante da Educa\u00e7\u00e3o Especial\u201d no rio Negro, na escola ind\u00edgena municipal Puranga Pisasu, localizada na comunidade Nova Esperan\u00e7a, zona ribeirinha da capital.&nbsp; Essa etapa \u00e9 a devolutiva para os pais ou respons\u00e1veis dos estudantes das Escolas do Campo no Munic\u00edpio de Manaus, que foram avaliados pela equipe Multiprofissional da Educa\u00e7\u00e3o Especial do Centro Municipal de Educa\u00e7\u00e3o Especial (CMEE).&nbsp;<\/p>\n\n\n\n<p>A a\u00e7\u00e3o iniciou no m\u00eas de agosto, com o objetivo de orientar cerca de 50 fam\u00edlias e de assegurar que todos os estudantes, independentemente de suas especificidades, tenham acesso a um ensino de qualidade e \u00e0s oportunidades de desenvolvimento pleno, promovendo a inclus\u00e3o social, o acesso aos servi\u00e7os especializados e o cumprimento das pol\u00edticas p\u00fablicas de educa\u00e7\u00e3o especial na rede municipal. Durante a atividade, tamb\u00e9m foram entregues pareceres t\u00e9cnicos psicopedag\u00f3gicos \u00e0s fam\u00edlias.&nbsp;<\/p>\n\n\n\n<p>Na oportunidade, o secret\u00e1rio municipal de Educa\u00e7\u00e3o, J\u00fanior Mar, destacou a import\u00e2ncia da atua\u00e7\u00e3o dos profissionais da educa\u00e7\u00e3o especial nessa a\u00e7\u00e3o pioneira e ressaltou que o trabalho ser\u00e1 ampliado para outras escolas da zona ribeirinha. \u201cA a\u00e7\u00e3o representa o compromisso da Semed em garantir que nenhuma crian\u00e7a fique sem atendimento, independentemente de onde viva. Estamos levando a inclus\u00e3o at\u00e9 as comunidades mais distantes, com um olhar humano e especializado\u201d, afirmou o secret\u00e1rio.&nbsp;<\/p>\n\n\n\n<p>A gerente da Educa\u00e7\u00e3o Especial da Semed, Amanda Macanoni, explicou que a iniciativa \u00e9 pioneira e marca o in\u00edcio de uma s\u00e9rie de a\u00e7\u00f5es planejadas para o pr\u00f3ximo ano letivo. \u201cEssa a\u00e7\u00e3o \u00e9 apenas uma das etapas. Estamos organizando novas edi\u00e7\u00f5es em outras comunidades, fortalecendo a inclus\u00e3o e aproximando cada vez mais os servi\u00e7os da rede municipal das fam\u00edlias que vivem \u00e0s margens dos rios\u201d, disse.&nbsp;&nbsp;<\/p>\n\n\n\n<p>A moradora da comunidade Nova Cana\u00e3, Judith de Lima, m\u00e3e do estudante Paulo Emerson, 7 anos, expressou satisfa\u00e7\u00e3o com o atendimento recebido. \u201cMeu filho tem dificuldade de aprendizagem e n\u00e3o estava conseguindo acompanhar o ritmo da turma. Aproveitei a a\u00e7\u00e3o para conversar com a psic\u00f3loga e entender melhor essa quest\u00e3o, e, se for preciso, iniciar um acompanhamento mais pr\u00f3ximo com ele\u201d, relatou Judith.&nbsp;<br><\/p>\n\n\n\n<p>\u2014 \u2014 \u2014&nbsp;<br><strong>Texto &#8211; <\/strong>Thalia Rodrigues\/ Semed<br><strong>Fotos &#8211;<\/strong> Divulga\u00e7\u00e3o\/ Semed&nbsp;<\/p>\n","protected":false},"excerpt":{"rendered":"","protected":false},"author":68,"featured_media":247159,"comment_status":"closed","ping_status":"closed","sticky":false,"template":"","format":"standard","meta":{"footnotes":""},"categories":[1625],"tags":[17453,11962,77,62],"acf":[],"yoast_head":"<!-- This site is optimized with the Yoast SEO plugin v23.0 - https:\/\/yoast.com\/wordpress\/plugins\/seo\/ -->\n<title>PMM encerra \u2018A\u00e7\u00e3o Itinerante de Educa\u00e7\u00e3o Especial\u2019 no rio Negro\u00a0<\/title>\n<meta name=\"description\" content=\"A Prefeitura de Manaus encerrou, nesta quinta-feira, 16\/10, a \u201cA\u00e7\u00e3o Itinerante da Educa\u00e7\u00e3o Especial\u201d no rio Negro.\" \/>\n<meta name=\"robots\" content=\"index, follow, max-snippet:-1, max-image-preview:large, max-video-preview:-1\" \/>\n<link rel=\"canonical\" href=\"https:\/\/www.manaus.am.gov.br\/semcom\/acao-itinerante-de-educacao-especial\/\" \/>\n<meta property=\"og:locale\" content=\"pt_BR\" \/>\n<meta property=\"og:type\" content=\"article\" \/>\n<meta property=\"og:title\" content=\"PMM encerra \u2018A\u00e7\u00e3o Itinerante de Educa\u00e7\u00e3o Especial\u2019 no rio Negro\u00a0\" \/>\n<meta property=\"og:description\" content=\"A Prefeitura de Manaus encerrou, nesta quinta-feira, 16\/10, a \u201cA\u00e7\u00e3o Itinerante da Educa\u00e7\u00e3o Especial\u201d no rio Negro.\" \/>\n<meta property=\"og:url\" content=\"https:\/\/www.manaus.am.gov.br\/semcom\/acao-itinerante-de-educacao-especial\/\" \/>\n<meta property=\"og:site_name\" content=\"SEMCOM\" \/>\n<meta property=\"article:published_time\" content=\"2025-10-16T20:03:29+00:00\" \/>\n<meta property=\"article:modified_time\" content=\"2025-10-16T20:03:31+00:00\" \/>\n<meta property=\"og:image\" content=\"https:\/\/www.manaus.am.gov.br\/semcom\/wp-content\/uploads\/sites\/5\/2025\/10\/acao-itinerante-1-1024x768.jpeg\" \/>\n\t<meta property=\"og:image:width\" content=\"1024\" \/>\n\t<meta property=\"og:image:height\" content=\"768\" \/>\n\t<meta property=\"og:image:type\" content=\"image\/jpeg\" \/>\n<meta name=\"author\" content=\"bvalente\" \/>\n<meta name=\"twitter:card\" content=\"summary_large_image\" \/>\n<meta name=\"twitter:label1\" content=\"Written by\" \/>\n\t<meta name=\"twitter:data1\" content=\"bvalente\" \/>\n\t<meta name=\"twitter:label2\" content=\"Est. reading time\" \/>\n\t<meta name=\"twitter:data2\" content=\"3 minutos\" \/>\n<script type=\"application\/ld+json\" class=\"yoast-schema-graph\">{\"@context\":\"https:\/\/schema.org\",\"@graph\":[{\"@type\":\"WebPage\",\"@id\":\"https:\/\/www.manaus.am.gov.br\/semcom\/acao-itinerante-de-educacao-especial\/\",\"url\":\"https:\/\/www.manaus.am.gov.br\/semcom\/acao-itinerante-de-educacao-especial\/\",\"name\":\"PMM encerra \u2018A\u00e7\u00e3o Itinerante de Educa\u00e7\u00e3o Especial\u2019 no rio Negro\u00a0\",\"isPartOf\":{\"@id\":\"https:\/\/www.manaus.am.gov.br\/semcom\/#website\"},\"primaryImageOfPage\":{\"@id\":\"https:\/\/www.manaus.am.gov.br\/semcom\/acao-itinerante-de-educacao-especial\/#primaryimage\"},\"image\":{\"@id\":\"https:\/\/www.manaus.am.gov.br\/semcom\/acao-itinerante-de-educacao-especial\/#primaryimage\"},\"thumbnailUrl\":\"https:\/\/www.manaus.am.gov.br\/semcom\/wp-content\/uploads\/sites\/5\/2025\/10\/acao-itinerante-1.jpeg\",\"datePublished\":\"2025-10-16T20:03:29+00:00\",\"dateModified\":\"2025-10-16T20:03:31+00:00\",\"author\":{\"@id\":\"https:\/\/www.manaus.am.gov.br\/semcom\/#\/schema\/person\/466a0e03ae4b6062809046bd560ac955\"},\"description\":\"A Prefeitura de Manaus encerrou, nesta quinta-feira, 16\/10, a \u201cA\u00e7\u00e3o Itinerante da Educa\u00e7\u00e3o Especial\u201d no rio Negro.\",\"inLanguage\":\"pt-BR\",\"potentialAction\":[{\"@type\":\"ReadAction\",\"target\":[\"https:\/\/www.manaus.am.gov.br\/semcom\/acao-itinerante-de-educacao-especial\/\"]}]},{\"@type\":\"ImageObject\",\"inLanguage\":\"pt-BR\",\"@id\":\"https:\/\/www.manaus.am.gov.br\/semcom\/acao-itinerante-de-educacao-especial\/#primaryimage\",\"url\":\"https:\/\/www.manaus.am.gov.br\/semcom\/wp-content\/uploads\/sites\/5\/2025\/10\/acao-itinerante-1.jpeg\",\"contentUrl\":\"https:\/\/www.manaus.am.gov.br\/semcom\/wp-content\/uploads\/sites\/5\/2025\/10\/acao-itinerante-1.jpeg\",\"width\":4032,\"height\":3024,\"caption\":\"#paratodosverem \u2013 Servidora da Semed realizando explica\u00e7\u00e3o, enquanto pai de aluna assina documentos\"},{\"@type\":\"WebSite\",\"@id\":\"https:\/\/www.manaus.am.gov.br\/semcom\/#website\",\"url\":\"https:\/\/www.manaus.am.gov.br\/semcom\/\",\"name\":\"SEMCOM\",\"description\":\"Secretaria Municipal de Comunica\u00e7\u00e3o\",\"potentialAction\":[{\"@type\":\"SearchAction\",\"target\":{\"@type\":\"EntryPoint\",\"urlTemplate\":\"https:\/\/www.manaus.am.gov.br\/semcom\/?s={search_term_string}\"},\"query-input\":\"required name=search_term_string\"}],\"inLanguage\":\"pt-BR\"},{\"@type\":\"Person\",\"@id\":\"https:\/\/www.manaus.am.gov.br\/semcom\/#\/schema\/person\/466a0e03ae4b6062809046bd560ac955\",\"name\":\"bvalente\",\"image\":{\"@type\":\"ImageObject\",\"inLanguage\":\"pt-BR\",\"@id\":\"https:\/\/www.manaus.am.gov.br\/semcom\/#\/schema\/person\/image\/\",\"url\":\"https:\/\/secure.gravatar.com\/avatar\/3e69bc2b014bdad41adfec3a39de07d2?s=96&d=mm&r=g\",\"contentUrl\":\"https:\/\/secure.gravatar.com\/avatar\/3e69bc2b014bdad41adfec3a39de07d2?s=96&d=mm&r=g\",\"caption\":\"bvalente\"}}]}<\/script>\n<!-- \/ Yoast SEO plugin. -->","yoast_head_json":{"title":"PMM encerra \u2018A\u00e7\u00e3o Itinerante de Educa\u00e7\u00e3o Especial\u2019 no rio Negro\u00a0","description":"A Prefeitura de Manaus encerrou, nesta quinta-feira, 16\/10, a \u201cA\u00e7\u00e3o Itinerante da Educa\u00e7\u00e3o Especial\u201d no rio Negro.","robots":{"index":"index","follow":"follow","max-snippet":"max-snippet:-1","max-image-preview":"max-image-preview:large","max-video-preview":"max-video-preview:-1"},"canonical":"https:\/\/www.manaus.am.gov.br\/semcom\/acao-itinerante-de-educacao-especial\/","og_locale":"pt_BR","og_type":"article","og_title":"PMM encerra \u2018A\u00e7\u00e3o Itinerante de Educa\u00e7\u00e3o Especial\u2019 no rio Negro\u00a0","og_description":"A Prefeitura de Manaus encerrou, nesta quinta-feira, 16\/10, a \u201cA\u00e7\u00e3o Itinerante da Educa\u00e7\u00e3o Especial\u201d no rio Negro.","og_url":"https:\/\/www.manaus.am.gov.br\/semcom\/acao-itinerante-de-educacao-especial\/","og_site_name":"SEMCOM","article_published_time":"2025-10-16T20:03:29+00:00","article_modified_time":"2025-10-16T20:03:31+00:00","og_image":[{"width":1024,"height":768,"url":"https:\/\/www.manaus.am.gov.br\/semcom\/wp-content\/uploads\/sites\/5\/2025\/10\/acao-itinerante-1-1024x768.jpeg","type":"image\/jpeg"}],"author":"bvalente","twitter_card":"summary_large_image","twitter_misc":{"Written by":"bvalente","Est. reading time":"3 minutos"},"schema":{"@context":"https:\/\/schema.org","@graph":[{"@type":"WebPage","@id":"https:\/\/www.manaus.am.gov.br\/semcom\/acao-itinerante-de-educacao-especial\/","url":"https:\/\/www.manaus.am.gov.br\/semcom\/acao-itinerante-de-educacao-especial\/","name":"PMM encerra \u2018A\u00e7\u00e3o Itinerante de Educa\u00e7\u00e3o Especial\u2019 no rio Negro\u00a0","isPartOf":{"@id":"https:\/\/www.manaus.am.gov.br\/semcom\/#website"},"primaryImageOfPage":{"@id":"https:\/\/www.manaus.am.gov.br\/semcom\/acao-itinerante-de-educacao-especial\/#primaryimage"},"image":{"@id":"https:\/\/www.manaus.am.gov.br\/semcom\/acao-itinerante-de-educacao-especial\/#primaryimage"},"thumbnailUrl":"https:\/\/www.manaus.am.gov.br\/semcom\/wp-content\/uploads\/sites\/5\/2025\/10\/acao-itinerante-1.jpeg","datePublished":"2025-10-16T20:03:29+00:00","dateModified":"2025-10-16T20:03:31+00:00","author":{"@id":"https:\/\/www.manaus.am.gov.br\/semcom\/#\/schema\/person\/466a0e03ae4b6062809046bd560ac955"},"description":"A Prefeitura de Manaus encerrou, nesta quinta-feira, 16\/10, a \u201cA\u00e7\u00e3o Itinerante da Educa\u00e7\u00e3o Especial\u201d no rio Negro.","inLanguage":"pt-BR","potentialAction":[{"@type":"ReadAction","target":["https:\/\/www.manaus.am.gov.br\/semcom\/acao-itinerante-de-educacao-especial\/"]}]},{"@type":"ImageObject","inLanguage":"pt-BR","@id":"https:\/\/www.manaus.am.gov.br\/semcom\/acao-itinerante-de-educacao-especial\/#primaryimage","url":"https:\/\/www.manaus.am.gov.br\/semcom\/wp-content\/uploads\/sites\/5\/2025\/10\/acao-itinerante-1.jpeg","contentUrl":"https:\/\/www.manaus.am.gov.br\/semcom\/wp-content\/uploads\/sites\/5\/2025\/10\/acao-itinerante-1.jpeg","width":4032,"height":3024,"caption":"#paratodosverem \u2013 Servidora da Semed realizando explica\u00e7\u00e3o, enquanto pai de aluna assina documentos"},{"@type":"WebSite","@id":"https:\/\/www.manaus.am.gov.br\/semcom\/#website","url":"https:\/\/www.manaus.am.gov.br\/semcom\/","name":"SEMCOM","description":"Secretaria Municipal de Comunica\u00e7\u00e3o","potentialAction":[{"@type":"SearchAction","target":{"@type":"EntryPoint","urlTemplate":"https:\/\/www.manaus.am.gov.br\/semcom\/?s={search_term_string}"},"query-input":"required name=search_term_string"}],"inLanguage":"pt-BR"},{"@type":"Person","@id":"https:\/\/www.manaus.am.gov.br\/semcom\/#\/schema\/person\/466a0e03ae4b6062809046bd560ac955","name":"bvalente","image":{"@type":"ImageObject","inLanguage":"pt-BR","@id":"https:\/\/www.manaus.am.gov.br\/semcom\/#\/schema\/person\/image\/","url":"https:\/\/secure.gravatar.com\/avatar\/3e69bc2b014bdad41adfec3a39de07d2?s=96&d=mm&r=g","contentUrl":"https:\/\/secure.gravatar.com\/avatar\/3e69bc2b014bdad41adfec3a39de07d2?s=96&d=mm&r=g","caption":"bvalente"}}]}},"_links":{"self":[{"href":"https:\/\/www.manaus.am.gov.br\/semcom\/wp-json\/wp\/v2\/posts\/247158"}],"collection":[{"href":"https:\/\/www.manaus.am.gov.br\/semcom\/wp-json\/wp\/v2\/posts"}],"about":[{"href":"https:\/\/www.manaus.am.gov.br\/semcom\/wp-json\/wp\/v2\/types\/post"}],"author":[{"embeddable":true,"href":"https:\/\/www.manaus.am.gov.br\/semcom\/wp-json\/wp\/v2\/users\/68"}],"replies":[{"embeddable":true,"href":"https:\/\/www.manaus.am.gov.br\/semcom\/wp-json\/wp\/v2\/comments?post=247158"}],"version-history":[{"count":0,"href":"https:\/\/www.manaus.am.gov.br\/semcom\/wp-json\/wp\/v2\/posts\/247158\/revisions"}],"wp:featuredmedia":[{"embeddable":true,"href":"https:\/\/www.manaus.am.gov.br\/semcom\/wp-json\/wp\/v2\/media\/247159"}],"wp:attachment":[{"href":"https:\/\/www.manaus.am.gov.br\/semcom\/wp-json\/wp\/v2\/media?parent=247158"}],"wp:term":[{"taxonomy":"category","embeddable":true,"href":"https:\/\/www.manaus.am.gov.br\/semcom\/wp-json\/wp\/v2\/categories?post=247158"},{"taxonomy":"post_tag","embeddable":true,"href":"https:\/\/www.manaus.am.gov.br\/semcom\/wp-json\/wp\/v2\/tags?post=247158"}],"curies":[{"name":"wp","href":"https:\/\/api.w.org\/{rel}","templated":true}]}}