{"id":247147,"date":"2025-10-16T15:59:40","date_gmt":"2025-10-16T18:59:40","guid":{"rendered":"https:\/\/www.manaus.am.gov.br\/semcom\/prefeitura-implurb-retiradafios-centro\/"},"modified":"2025-10-16T15:59:42","modified_gmt":"2025-10-16T18:59:42","slug":"prefeitura-implurb-retiradafios-centro","status":"publish","type":"post","link":"https:\/\/www.manaus.am.gov.br\/semcom\/prefeitura-implurb-retiradafios-centro\/","title":{"rendered":"Prefeitura faz novo cronograma para a\u00e7\u00f5es de retirada de fios e cabos no centro da capital"},"content":{"rendered":"\n<p>As chuvas intensas de outubro levaram a Prefeitura de Manaus, via Instituto Municipal de Planejamento Urbano (Implurb), a fazer um novo cronograma de opera\u00e7\u00f5es para a retirada de fios e cabos da rede el\u00e9trica no centro da capital, dentro do programa \u201cMutir\u00e3o no Bairro\u201d, lan\u00e7ado em agosto pela gest\u00e3o p\u00fablica.<\/p>\n\n\n\n<p>Com o retorno previsto para os pr\u00f3ximos dias, os servi\u00e7os j\u00e1 removeram do bairro mais de 6,5 toneladas de material obsoleto, que apenas prejudicava a paisagem urbana e poderia oferecer risco \u00e0 seguran\u00e7a, em caso de algum sinistro.<\/p>\n\n\n\n<p>Diversas ruas receberam as a\u00e7\u00f5es de limpeza e despolui\u00e7\u00e3o visual, somando 13 opera\u00e7\u00f5es. As equipes atuam de forma coordenada com a concession\u00e1ria Amazonas Energia, empresas de telefonia e internet, em vias emblem\u00e1ticas como a avenida Eduardo Ribeiro, rua Marc\u00edlio Dias, Marechal Deodoro, Guilherme Moreira e travessa do Com\u00e9rcio.<\/p>\n\n\n\n<p>\u201cEssa \u00e9 uma a\u00e7\u00e3o in\u00e9dita da Prefeitura de Manaus, que coloca em pr\u00e1tica o conceito de planejamento urbano integrado e ordenamento da paisagem. Cada fio retirado \u00e9 um risco a menos para a popula\u00e7\u00e3o. Estamos falando de seguran\u00e7a, de devolver o visual limpo das nossas ruas e de fortalecer o com\u00e9rcio e o turismo do Centro\u201d, comentou o vice-presidente do Implurb, Antonio Peixoto.<\/p>\n\n\n\n<p>Para Peixoto, a mudan\u00e7a \u00e9 percebida quando se passa pelas vias onde foi feita a remo\u00e7\u00e3o. \u201cE a determina\u00e7\u00e3o do prefeito David Almeida \u00e9 avan\u00e7ar mais, fazendo a despolui\u00e7\u00e3o in\u00e9dita. Nunca, em nenhuma outra gest\u00e3o, se fez algo parecido. Quem passava por essas vias e avenidas at\u00e9 dois meses atr\u00e1s e passa, hoje, vai notar a diferen\u00e7a, ap\u00f3s praticamente 60 dias de servi\u00e7os, incluindo dias de semana, s\u00e1bados e domingos\u201d, confirmou o vice-presidente.<\/p>\n\n\n\n<p>A retirada dos cabos tamb\u00e9m tem impacto direto no com\u00e9rcio e no turismo. O presidente da Associa\u00e7\u00e3o Comercial do Amazonas (ACA), Bruno Loureiro Pinheiro, refor\u00e7ou que o trabalho vem valorizando a paisagem e aumentando a atratividade econ\u00f4mica da regi\u00e3o. \u201cO impacto \u00e9 imediato: ruas mais bonitas e seguras significam mais movimento, visitantes e oportunidades para os neg\u00f3cios locais\u201d, afirmou.<\/p>\n\n\n\n<p>Compromisso<\/p>\n\n\n\n<p>Al\u00e9m da melhoria est\u00e9tica&nbsp;e da seguran\u00e7a, a a\u00e7\u00e3o reflete o compromisso da gest\u00e3o do prefeito David Almeida com a moderniza\u00e7\u00e3o da infraestrutura urbana e com o fortalecimento das \u00e1reas hist\u00f3ricas de Manaus. O trabalho faz parte de uma agenda mais ampla de revitaliza\u00e7\u00e3o do centro hist\u00f3rico, envolvendo 16 secretarias e mais de 1.100 servidores, com foco em urbanismo, sustentabilidade e reocupa\u00e7\u00e3o ordenada dos espa\u00e7os p\u00fablicos.<\/p>\n\n\n\n<p>Ap\u00f3s concluir os trabalhos no centro da capital, a ideia \u00e9 que os servi\u00e7os sejam realizados em outros bairros, j\u00e1 monitorados pela prefeitura.<\/p>\n\n\n\n<p>&#8212; &#8212; &#8212;<\/p>\n\n\n\n<p><strong>Texto<\/strong>&nbsp;\u2013 Claudia do Valle\/ Implurb<\/p>\n\n\n\n<p><strong>Fotos<\/strong>&nbsp;&#8211; Valdo Le\u00e3o\/ Semcom<\/p>\n\n\n\n<p><strong>Dispon\u00edveis em<\/strong> &#8211; <a href=\"https:\/\/flic.kr\/s\/aHBqjCsdsi\">https:\/\/flic.kr\/s\/aHBqjCsdsi<\/a><\/p>\n","protected":false},"excerpt":{"rendered":"","protected":false},"author":23,"featured_media":247148,"comment_status":"closed","ping_status":"closed","sticky":false,"template":"","format":"standard","meta":{"footnotes":""},"categories":[63],"tags":[414,721,65,15027,77,17449],"acf":[],"yoast_head":"<!-- This site is optimized with the Yoast SEO plugin v23.0 - https:\/\/yoast.com\/wordpress\/plugins\/seo\/ -->\n<title>Prefeitura faz novo cronograma para a\u00e7\u00f5es de retirada de fios e cabos no centro da capital<\/title>\n<meta name=\"description\" content=\"As chuvas intensas de outubro levaram a Prefeitura de Manaus, via Instituto Municipal de Planejamento Urbano (Implurb), a fazer um novo cronograma de opera\u00e7\u00f5es para a retirada de fios e cabos da rede el\u00e9trica no centro da capital, dentro do programa \u201cMutir\u00e3o no Bairro\u201d, lan\u00e7ado em agosto pela gest\u00e3o p\u00fablica.\" \/>\n<meta name=\"robots\" content=\"index, follow, max-snippet:-1, max-image-preview:large, max-video-preview:-1\" \/>\n<link rel=\"canonical\" href=\"https:\/\/www.manaus.am.gov.br\/semcom\/prefeitura-implurb-retiradafios-centro\/\" \/>\n<meta property=\"og:locale\" content=\"pt_BR\" \/>\n<meta property=\"og:type\" content=\"article\" \/>\n<meta property=\"og:title\" content=\"Prefeitura faz novo cronograma para a\u00e7\u00f5es de retirada de fios e cabos no centro da capital\" \/>\n<meta property=\"og:description\" content=\"As chuvas intensas de outubro levaram a Prefeitura de Manaus, via Instituto Municipal de Planejamento Urbano (Implurb), a fazer um novo cronograma de opera\u00e7\u00f5es para a retirada de fios e cabos da rede el\u00e9trica no centro da capital, dentro do programa \u201cMutir\u00e3o no Bairro\u201d, lan\u00e7ado em agosto pela gest\u00e3o p\u00fablica.\" \/>\n<meta property=\"og:url\" content=\"https:\/\/www.manaus.am.gov.br\/semcom\/prefeitura-implurb-retiradafios-centro\/\" \/>\n<meta property=\"og:site_name\" content=\"SEMCOM\" \/>\n<meta property=\"article:published_time\" content=\"2025-10-16T18:59:40+00:00\" \/>\n<meta property=\"article:modified_time\" content=\"2025-10-16T18:59:42+00:00\" \/>\n<meta property=\"og:image\" content=\"https:\/\/www.manaus.am.gov.br\/semcom\/wp-content\/uploads\/sites\/5\/2025\/10\/54748455906_a2d28e25bf_c.jpg\" \/>\n\t<meta property=\"og:image:width\" content=\"799\" \/>\n\t<meta property=\"og:image:height\" content=\"533\" \/>\n\t<meta property=\"og:image:type\" content=\"image\/jpeg\" \/>\n<meta name=\"author\" content=\"Adriana Costa\" \/>\n<meta name=\"twitter:card\" content=\"summary_large_image\" \/>\n<meta name=\"twitter:label1\" content=\"Written by\" \/>\n\t<meta name=\"twitter:data1\" content=\"Adriana Costa\" \/>\n\t<meta name=\"twitter:label2\" content=\"Est. reading time\" \/>\n\t<meta name=\"twitter:data2\" content=\"3 minutos\" \/>\n<script type=\"application\/ld+json\" class=\"yoast-schema-graph\">{\"@context\":\"https:\/\/schema.org\",\"@graph\":[{\"@type\":\"WebPage\",\"@id\":\"https:\/\/www.manaus.am.gov.br\/semcom\/prefeitura-implurb-retiradafios-centro\/\",\"url\":\"https:\/\/www.manaus.am.gov.br\/semcom\/prefeitura-implurb-retiradafios-centro\/\",\"name\":\"Prefeitura faz novo cronograma para a\u00e7\u00f5es de retirada de fios e cabos no centro da capital\",\"isPartOf\":{\"@id\":\"https:\/\/www.manaus.am.gov.br\/semcom\/#website\"},\"primaryImageOfPage\":{\"@id\":\"https:\/\/www.manaus.am.gov.br\/semcom\/prefeitura-implurb-retiradafios-centro\/#primaryimage\"},\"image\":{\"@id\":\"https:\/\/www.manaus.am.gov.br\/semcom\/prefeitura-implurb-retiradafios-centro\/#primaryimage\"},\"thumbnailUrl\":\"https:\/\/www.manaus.am.gov.br\/semcom\/wp-content\/uploads\/sites\/5\/2025\/10\/54748455906_a2d28e25bf_c.jpg\",\"datePublished\":\"2025-10-16T18:59:40+00:00\",\"dateModified\":\"2025-10-16T18:59:42+00:00\",\"author\":{\"@id\":\"https:\/\/www.manaus.am.gov.br\/semcom\/#\/schema\/person\/4e49f4e267757a06ca072ec61b2b9968\"},\"description\":\"As chuvas intensas de outubro levaram a Prefeitura de Manaus, via Instituto Municipal de Planejamento Urbano (Implurb), a fazer um novo cronograma de opera\u00e7\u00f5es para a retirada de fios e cabos da rede el\u00e9trica no centro da capital, dentro do programa \u201cMutir\u00e3o no Bairro\u201d, lan\u00e7ado em agosto pela gest\u00e3o p\u00fablica.\",\"inLanguage\":\"pt-BR\",\"potentialAction\":[{\"@type\":\"ReadAction\",\"target\":[\"https:\/\/www.manaus.am.gov.br\/semcom\/prefeitura-implurb-retiradafios-centro\/\"]}]},{\"@type\":\"ImageObject\",\"inLanguage\":\"pt-BR\",\"@id\":\"https:\/\/www.manaus.am.gov.br\/semcom\/prefeitura-implurb-retiradafios-centro\/#primaryimage\",\"url\":\"https:\/\/www.manaus.am.gov.br\/semcom\/wp-content\/uploads\/sites\/5\/2025\/10\/54748455906_a2d28e25bf_c.jpg\",\"contentUrl\":\"https:\/\/www.manaus.am.gov.br\/semcom\/wp-content\/uploads\/sites\/5\/2025\/10\/54748455906_a2d28e25bf_c.jpg\",\"width\":799,\"height\":533,\"caption\":\"#paratodosverem - Trabalhadores pendurados em escada e com equipamentos de seguran\u00e7a fazem o trabalho de retirada de fios obsoletos de poste\"},{\"@type\":\"WebSite\",\"@id\":\"https:\/\/www.manaus.am.gov.br\/semcom\/#website\",\"url\":\"https:\/\/www.manaus.am.gov.br\/semcom\/\",\"name\":\"SEMCOM\",\"description\":\"Secretaria Municipal de Comunica\u00e7\u00e3o\",\"potentialAction\":[{\"@type\":\"SearchAction\",\"target\":{\"@type\":\"EntryPoint\",\"urlTemplate\":\"https:\/\/www.manaus.am.gov.br\/semcom\/?s={search_term_string}\"},\"query-input\":\"required name=search_term_string\"}],\"inLanguage\":\"pt-BR\"},{\"@type\":\"Person\",\"@id\":\"https:\/\/www.manaus.am.gov.br\/semcom\/#\/schema\/person\/4e49f4e267757a06ca072ec61b2b9968\",\"name\":\"Adriana Costa\",\"image\":{\"@type\":\"ImageObject\",\"inLanguage\":\"pt-BR\",\"@id\":\"https:\/\/www.manaus.am.gov.br\/semcom\/#\/schema\/person\/image\/\",\"url\":\"https:\/\/secure.gravatar.com\/avatar\/576258617ef7194f718179e766d57bd4?s=96&d=mm&r=g\",\"contentUrl\":\"https:\/\/secure.gravatar.com\/avatar\/576258617ef7194f718179e766d57bd4?s=96&d=mm&r=g\",\"caption\":\"Adriana Costa\"}}]}<\/script>\n<!-- \/ Yoast SEO plugin. -->","yoast_head_json":{"title":"Prefeitura faz novo cronograma para a\u00e7\u00f5es de retirada de fios e cabos no centro da capital","description":"As chuvas intensas de outubro levaram a Prefeitura de Manaus, via Instituto Municipal de Planejamento Urbano (Implurb), a fazer um novo cronograma de opera\u00e7\u00f5es para a retirada de fios e cabos da rede el\u00e9trica no centro da capital, dentro do programa \u201cMutir\u00e3o no Bairro\u201d, lan\u00e7ado em agosto pela gest\u00e3o p\u00fablica.","robots":{"index":"index","follow":"follow","max-snippet":"max-snippet:-1","max-image-preview":"max-image-preview:large","max-video-preview":"max-video-preview:-1"},"canonical":"https:\/\/www.manaus.am.gov.br\/semcom\/prefeitura-implurb-retiradafios-centro\/","og_locale":"pt_BR","og_type":"article","og_title":"Prefeitura faz novo cronograma para a\u00e7\u00f5es de retirada de fios e cabos no centro da capital","og_description":"As chuvas intensas de outubro levaram a Prefeitura de Manaus, via Instituto Municipal de Planejamento Urbano (Implurb), a fazer um novo cronograma de opera\u00e7\u00f5es para a retirada de fios e cabos da rede el\u00e9trica no centro da capital, dentro do programa \u201cMutir\u00e3o no Bairro\u201d, lan\u00e7ado em agosto pela gest\u00e3o p\u00fablica.","og_url":"https:\/\/www.manaus.am.gov.br\/semcom\/prefeitura-implurb-retiradafios-centro\/","og_site_name":"SEMCOM","article_published_time":"2025-10-16T18:59:40+00:00","article_modified_time":"2025-10-16T18:59:42+00:00","og_image":[{"width":799,"height":533,"url":"https:\/\/www.manaus.am.gov.br\/semcom\/wp-content\/uploads\/sites\/5\/2025\/10\/54748455906_a2d28e25bf_c.jpg","type":"image\/jpeg"}],"author":"Adriana Costa","twitter_card":"summary_large_image","twitter_misc":{"Written by":"Adriana Costa","Est. reading time":"3 minutos"},"schema":{"@context":"https:\/\/schema.org","@graph":[{"@type":"WebPage","@id":"https:\/\/www.manaus.am.gov.br\/semcom\/prefeitura-implurb-retiradafios-centro\/","url":"https:\/\/www.manaus.am.gov.br\/semcom\/prefeitura-implurb-retiradafios-centro\/","name":"Prefeitura faz novo cronograma para a\u00e7\u00f5es de retirada de fios e cabos no centro da capital","isPartOf":{"@id":"https:\/\/www.manaus.am.gov.br\/semcom\/#website"},"primaryImageOfPage":{"@id":"https:\/\/www.manaus.am.gov.br\/semcom\/prefeitura-implurb-retiradafios-centro\/#primaryimage"},"image":{"@id":"https:\/\/www.manaus.am.gov.br\/semcom\/prefeitura-implurb-retiradafios-centro\/#primaryimage"},"thumbnailUrl":"https:\/\/www.manaus.am.gov.br\/semcom\/wp-content\/uploads\/sites\/5\/2025\/10\/54748455906_a2d28e25bf_c.jpg","datePublished":"2025-10-16T18:59:40+00:00","dateModified":"2025-10-16T18:59:42+00:00","author":{"@id":"https:\/\/www.manaus.am.gov.br\/semcom\/#\/schema\/person\/4e49f4e267757a06ca072ec61b2b9968"},"description":"As chuvas intensas de outubro levaram a Prefeitura de Manaus, via Instituto Municipal de Planejamento Urbano (Implurb), a fazer um novo cronograma de opera\u00e7\u00f5es para a retirada de fios e cabos da rede el\u00e9trica no centro da capital, dentro do programa \u201cMutir\u00e3o no Bairro\u201d, lan\u00e7ado em agosto pela gest\u00e3o p\u00fablica.","inLanguage":"pt-BR","potentialAction":[{"@type":"ReadAction","target":["https:\/\/www.manaus.am.gov.br\/semcom\/prefeitura-implurb-retiradafios-centro\/"]}]},{"@type":"ImageObject","inLanguage":"pt-BR","@id":"https:\/\/www.manaus.am.gov.br\/semcom\/prefeitura-implurb-retiradafios-centro\/#primaryimage","url":"https:\/\/www.manaus.am.gov.br\/semcom\/wp-content\/uploads\/sites\/5\/2025\/10\/54748455906_a2d28e25bf_c.jpg","contentUrl":"https:\/\/www.manaus.am.gov.br\/semcom\/wp-content\/uploads\/sites\/5\/2025\/10\/54748455906_a2d28e25bf_c.jpg","width":799,"height":533,"caption":"#paratodosverem - Trabalhadores pendurados em escada e com equipamentos de seguran\u00e7a fazem o trabalho de retirada de fios obsoletos de poste"},{"@type":"WebSite","@id":"https:\/\/www.manaus.am.gov.br\/semcom\/#website","url":"https:\/\/www.manaus.am.gov.br\/semcom\/","name":"SEMCOM","description":"Secretaria Municipal de Comunica\u00e7\u00e3o","potentialAction":[{"@type":"SearchAction","target":{"@type":"EntryPoint","urlTemplate":"https:\/\/www.manaus.am.gov.br\/semcom\/?s={search_term_string}"},"query-input":"required name=search_term_string"}],"inLanguage":"pt-BR"},{"@type":"Person","@id":"https:\/\/www.manaus.am.gov.br\/semcom\/#\/schema\/person\/4e49f4e267757a06ca072ec61b2b9968","name":"Adriana Costa","image":{"@type":"ImageObject","inLanguage":"pt-BR","@id":"https:\/\/www.manaus.am.gov.br\/semcom\/#\/schema\/person\/image\/","url":"https:\/\/secure.gravatar.com\/avatar\/576258617ef7194f718179e766d57bd4?s=96&d=mm&r=g","contentUrl":"https:\/\/secure.gravatar.com\/avatar\/576258617ef7194f718179e766d57bd4?s=96&d=mm&r=g","caption":"Adriana Costa"}}]}},"_links":{"self":[{"href":"https:\/\/www.manaus.am.gov.br\/semcom\/wp-json\/wp\/v2\/posts\/247147"}],"collection":[{"href":"https:\/\/www.manaus.am.gov.br\/semcom\/wp-json\/wp\/v2\/posts"}],"about":[{"href":"https:\/\/www.manaus.am.gov.br\/semcom\/wp-json\/wp\/v2\/types\/post"}],"author":[{"embeddable":true,"href":"https:\/\/www.manaus.am.gov.br\/semcom\/wp-json\/wp\/v2\/users\/23"}],"replies":[{"embeddable":true,"href":"https:\/\/www.manaus.am.gov.br\/semcom\/wp-json\/wp\/v2\/comments?post=247147"}],"version-history":[{"count":0,"href":"https:\/\/www.manaus.am.gov.br\/semcom\/wp-json\/wp\/v2\/posts\/247147\/revisions"}],"wp:featuredmedia":[{"embeddable":true,"href":"https:\/\/www.manaus.am.gov.br\/semcom\/wp-json\/wp\/v2\/media\/247148"}],"wp:attachment":[{"href":"https:\/\/www.manaus.am.gov.br\/semcom\/wp-json\/wp\/v2\/media?parent=247147"}],"wp:term":[{"taxonomy":"category","embeddable":true,"href":"https:\/\/www.manaus.am.gov.br\/semcom\/wp-json\/wp\/v2\/categories?post=247147"},{"taxonomy":"post_tag","embeddable":true,"href":"https:\/\/www.manaus.am.gov.br\/semcom\/wp-json\/wp\/v2\/tags?post=247147"}],"curies":[{"name":"wp","href":"https:\/\/api.w.org\/{rel}","templated":true}]}}