{"id":247140,"date":"2025-10-16T14:22:44","date_gmt":"2025-10-16T17:22:44","guid":{"rendered":"https:\/\/www.manaus.am.gov.br\/semcom\/prefeitura-ageman-notifica-concessionaria\/"},"modified":"2025-10-16T14:22:45","modified_gmt":"2025-10-16T17:22:45","slug":"prefeitura-ageman-notifica-concessionaria","status":"publish","type":"post","link":"https:\/\/www.manaus.am.gov.br\/semcom\/prefeitura-ageman-notifica-concessionaria\/","title":{"rendered":"Ageman notifica concession\u00e1ria por desabastecimento de \u00e1gua no Viver Melhor 4"},"content":{"rendered":"\n<p>A Ag\u00eancia Reguladora dos Servi\u00e7os P\u00fablicos Delegados do Munic\u00edpio de Manaus (Ageman) notificou, na manh\u00e3 desta quinta-feira, 16\/10, a empresa \u00c1guas de Manaus pela falta d&#8217;\u00e1gua registrada no residencial Viver Melhor 4, no bairro Col\u00f4nia Terra Nova, zona Norte da cidade.<\/p>\n\n\n\n<p>Usu\u00e1rios prejudicados acionaram o \u00f3rg\u00e3o regulador municipal por meio das redes sociais e relataram que o problema de desabastecimento na localidade estava ocorrendo com frequ\u00eancia e que, ap\u00f3s registrarem a situa\u00e7\u00e3o junto aos canais oficiais da concession\u00e1ria, receberam v\u00e1rias informa\u00e7\u00f5es divergentes sobre o hor\u00e1rio da retomada do servi\u00e7o.<\/p>\n\n\n\n<p>Segundo os moradores, o problema come\u00e7ou no domingo (12) e s\u00f3 normalizou na ter\u00e7a-feira \u00e0 noite (14). Eles relataram ainda que, em agosto, foram registrados outros tr\u00eas epis\u00f3dios semelhantes, quando chegaram a ficar 72 horas sem \u00e1gua e a concession\u00e1ria enviou carro-pipa para ajudar os moradores.<\/p>\n\n\n\n<p>\u201cA gente liga para a empresa e s\u00f3 dizem que o abastecimento est\u00e1 normal. Como &#8216;normal&#8217;? As equipes da empresa vivem aqui dentro olhando o po\u00e7o, a esta\u00e7\u00e3o de esgoto, mas nunca conseguem resolver essa situa\u00e7\u00e3o de forma definitiva\u201d, informou a usu\u00e1ria Yolanda Bastos. &nbsp;<\/p>\n\n\n\n<p>Conforme a notifica\u00e7\u00e3o emitida pela Ageman, a concession\u00e1ria dever\u00e1 adotar provid\u00eancias corretivas imediatas e mitigadoras, at\u00e9 a solu\u00e7\u00e3o definitiva dos problemas envolvendo o abastecimento de \u00e1gua na localidade.<\/p>\n\n\n\n<p>A Ageman concedeu prazo de 48 horas para que a empresa se manifeste sobre as medidas adotadas, a fim de sanar as ocorr\u00eancias.<\/p>\n\n\n\n<p>&#8212; &#8212; &#8212;<\/p>\n\n\n\n<p><strong>Texto\u00a0<\/strong>&#8211; Tereza Te\u00f3filo\/Ageman <\/p>\n\n\n\n<p><strong>Fotos\u00a0<\/strong>&#8211; Divulga\u00e7\u00e3o\u00a0<\/p>\n","protected":false},"excerpt":{"rendered":"","protected":false},"author":23,"featured_media":247141,"comment_status":"closed","ping_status":"closed","sticky":false,"template":"","format":"standard","meta":{"footnotes":""},"categories":[2807],"tags":[215,13578,6311,77,3403],"acf":[],"yoast_head":"<!-- This site is optimized with the Yoast SEO plugin v23.0 - https:\/\/yoast.com\/wordpress\/plugins\/seo\/ -->\n<title>Ageman notifica concession\u00e1ria por desabastecimento de \u00e1gua no Viver Melhor 4<\/title>\n<meta name=\"description\" content=\"A Ag\u00eancia Reguladora dos Servi\u00e7os P\u00fablicos Delegados do Munic\u00edpio de Manaus (Ageman) notificou, na manh\u00e3 desta quinta-feira, 16\/10, a empresa \u00c1guas de Manaus pela falta d&#039;\u00e1gua registrada no residencial Viver Melhor 4, no bairro Col\u00f4nia Terra Nova, zona Norte da cidade.\" \/>\n<meta name=\"robots\" content=\"index, follow, max-snippet:-1, max-image-preview:large, max-video-preview:-1\" \/>\n<link rel=\"canonical\" href=\"https:\/\/www.manaus.am.gov.br\/semcom\/prefeitura-ageman-notifica-concessionaria\/\" \/>\n<meta property=\"og:locale\" content=\"pt_BR\" \/>\n<meta property=\"og:type\" content=\"article\" \/>\n<meta property=\"og:title\" content=\"Ageman notifica concession\u00e1ria por desabastecimento de \u00e1gua no Viver Melhor 4\" \/>\n<meta property=\"og:description\" content=\"A Ag\u00eancia Reguladora dos Servi\u00e7os P\u00fablicos Delegados do Munic\u00edpio de Manaus (Ageman) notificou, na manh\u00e3 desta quinta-feira, 16\/10, a empresa \u00c1guas de Manaus pela falta d&#039;\u00e1gua registrada no residencial Viver Melhor 4, no bairro Col\u00f4nia Terra Nova, zona Norte da cidade.\" \/>\n<meta property=\"og:url\" content=\"https:\/\/www.manaus.am.gov.br\/semcom\/prefeitura-ageman-notifica-concessionaria\/\" \/>\n<meta property=\"og:site_name\" content=\"SEMCOM\" \/>\n<meta property=\"article:published_time\" content=\"2025-10-16T17:22:44+00:00\" \/>\n<meta property=\"article:modified_time\" content=\"2025-10-16T17:22:45+00:00\" \/>\n<meta property=\"og:image\" content=\"https:\/\/www.manaus.am.gov.br\/semcom\/wp-content\/uploads\/sites\/5\/2025\/10\/foto_viver_melhor.jpg-1.webp\" \/>\n\t<meta property=\"og:image:width\" content=\"620\" \/>\n\t<meta property=\"og:image:height\" content=\"465\" \/>\n\t<meta property=\"og:image:type\" content=\"image\/webp\" \/>\n<meta name=\"author\" content=\"Adriana Costa\" \/>\n<meta name=\"twitter:card\" content=\"summary_large_image\" \/>\n<meta name=\"twitter:label1\" content=\"Written by\" \/>\n\t<meta name=\"twitter:data1\" content=\"Adriana Costa\" \/>\n\t<meta name=\"twitter:label2\" content=\"Est. reading time\" \/>\n\t<meta name=\"twitter:data2\" content=\"2 minutos\" \/>\n<script type=\"application\/ld+json\" class=\"yoast-schema-graph\">{\"@context\":\"https:\/\/schema.org\",\"@graph\":[{\"@type\":\"WebPage\",\"@id\":\"https:\/\/www.manaus.am.gov.br\/semcom\/prefeitura-ageman-notifica-concessionaria\/\",\"url\":\"https:\/\/www.manaus.am.gov.br\/semcom\/prefeitura-ageman-notifica-concessionaria\/\",\"name\":\"Ageman notifica concession\u00e1ria por desabastecimento de \u00e1gua no Viver Melhor 4\",\"isPartOf\":{\"@id\":\"https:\/\/www.manaus.am.gov.br\/semcom\/#website\"},\"primaryImageOfPage\":{\"@id\":\"https:\/\/www.manaus.am.gov.br\/semcom\/prefeitura-ageman-notifica-concessionaria\/#primaryimage\"},\"image\":{\"@id\":\"https:\/\/www.manaus.am.gov.br\/semcom\/prefeitura-ageman-notifica-concessionaria\/#primaryimage\"},\"thumbnailUrl\":\"https:\/\/www.manaus.am.gov.br\/semcom\/wp-content\/uploads\/sites\/5\/2025\/10\/foto_viver_melhor.jpg-1.webp\",\"datePublished\":\"2025-10-16T17:22:44+00:00\",\"dateModified\":\"2025-10-16T17:22:45+00:00\",\"author\":{\"@id\":\"https:\/\/www.manaus.am.gov.br\/semcom\/#\/schema\/person\/4e49f4e267757a06ca072ec61b2b9968\"},\"description\":\"A Ag\u00eancia Reguladora dos Servi\u00e7os P\u00fablicos Delegados do Munic\u00edpio de Manaus (Ageman) notificou, na manh\u00e3 desta quinta-feira, 16\/10, a empresa \u00c1guas de Manaus pela falta d'\u00e1gua registrada no residencial Viver Melhor 4, no bairro Col\u00f4nia Terra Nova, zona Norte da cidade.\",\"inLanguage\":\"pt-BR\",\"potentialAction\":[{\"@type\":\"ReadAction\",\"target\":[\"https:\/\/www.manaus.am.gov.br\/semcom\/prefeitura-ageman-notifica-concessionaria\/\"]}]},{\"@type\":\"ImageObject\",\"inLanguage\":\"pt-BR\",\"@id\":\"https:\/\/www.manaus.am.gov.br\/semcom\/prefeitura-ageman-notifica-concessionaria\/#primaryimage\",\"url\":\"https:\/\/www.manaus.am.gov.br\/semcom\/wp-content\/uploads\/sites\/5\/2025\/10\/foto_viver_melhor.jpg-1.webp\",\"contentUrl\":\"https:\/\/www.manaus.am.gov.br\/semcom\/wp-content\/uploads\/sites\/5\/2025\/10\/foto_viver_melhor.jpg-1.webp\",\"width\":620,\"height\":465,\"caption\":\"#paratodosverem - Imagem do conjunto Viver Melhor 4\"},{\"@type\":\"WebSite\",\"@id\":\"https:\/\/www.manaus.am.gov.br\/semcom\/#website\",\"url\":\"https:\/\/www.manaus.am.gov.br\/semcom\/\",\"name\":\"SEMCOM\",\"description\":\"Secretaria Municipal de Comunica\u00e7\u00e3o\",\"potentialAction\":[{\"@type\":\"SearchAction\",\"target\":{\"@type\":\"EntryPoint\",\"urlTemplate\":\"https:\/\/www.manaus.am.gov.br\/semcom\/?s={search_term_string}\"},\"query-input\":\"required name=search_term_string\"}],\"inLanguage\":\"pt-BR\"},{\"@type\":\"Person\",\"@id\":\"https:\/\/www.manaus.am.gov.br\/semcom\/#\/schema\/person\/4e49f4e267757a06ca072ec61b2b9968\",\"name\":\"Adriana Costa\",\"image\":{\"@type\":\"ImageObject\",\"inLanguage\":\"pt-BR\",\"@id\":\"https:\/\/www.manaus.am.gov.br\/semcom\/#\/schema\/person\/image\/\",\"url\":\"https:\/\/secure.gravatar.com\/avatar\/576258617ef7194f718179e766d57bd4?s=96&d=mm&r=g\",\"contentUrl\":\"https:\/\/secure.gravatar.com\/avatar\/576258617ef7194f718179e766d57bd4?s=96&d=mm&r=g\",\"caption\":\"Adriana Costa\"}}]}<\/script>\n<!-- \/ Yoast SEO plugin. -->","yoast_head_json":{"title":"Ageman notifica concession\u00e1ria por desabastecimento de \u00e1gua no Viver Melhor 4","description":"A Ag\u00eancia Reguladora dos Servi\u00e7os P\u00fablicos Delegados do Munic\u00edpio de Manaus (Ageman) notificou, na manh\u00e3 desta quinta-feira, 16\/10, a empresa \u00c1guas de Manaus pela falta d'\u00e1gua registrada no residencial Viver Melhor 4, no bairro Col\u00f4nia Terra Nova, zona Norte da cidade.","robots":{"index":"index","follow":"follow","max-snippet":"max-snippet:-1","max-image-preview":"max-image-preview:large","max-video-preview":"max-video-preview:-1"},"canonical":"https:\/\/www.manaus.am.gov.br\/semcom\/prefeitura-ageman-notifica-concessionaria\/","og_locale":"pt_BR","og_type":"article","og_title":"Ageman notifica concession\u00e1ria por desabastecimento de \u00e1gua no Viver Melhor 4","og_description":"A Ag\u00eancia Reguladora dos Servi\u00e7os P\u00fablicos Delegados do Munic\u00edpio de Manaus (Ageman) notificou, na manh\u00e3 desta quinta-feira, 16\/10, a empresa \u00c1guas de Manaus pela falta d'\u00e1gua registrada no residencial Viver Melhor 4, no bairro Col\u00f4nia Terra Nova, zona Norte da cidade.","og_url":"https:\/\/www.manaus.am.gov.br\/semcom\/prefeitura-ageman-notifica-concessionaria\/","og_site_name":"SEMCOM","article_published_time":"2025-10-16T17:22:44+00:00","article_modified_time":"2025-10-16T17:22:45+00:00","og_image":[{"width":620,"height":465,"url":"https:\/\/www.manaus.am.gov.br\/semcom\/wp-content\/uploads\/sites\/5\/2025\/10\/foto_viver_melhor.jpg-1.webp","type":"image\/webp"}],"author":"Adriana Costa","twitter_card":"summary_large_image","twitter_misc":{"Written by":"Adriana Costa","Est. reading time":"2 minutos"},"schema":{"@context":"https:\/\/schema.org","@graph":[{"@type":"WebPage","@id":"https:\/\/www.manaus.am.gov.br\/semcom\/prefeitura-ageman-notifica-concessionaria\/","url":"https:\/\/www.manaus.am.gov.br\/semcom\/prefeitura-ageman-notifica-concessionaria\/","name":"Ageman notifica concession\u00e1ria por desabastecimento de \u00e1gua no Viver Melhor 4","isPartOf":{"@id":"https:\/\/www.manaus.am.gov.br\/semcom\/#website"},"primaryImageOfPage":{"@id":"https:\/\/www.manaus.am.gov.br\/semcom\/prefeitura-ageman-notifica-concessionaria\/#primaryimage"},"image":{"@id":"https:\/\/www.manaus.am.gov.br\/semcom\/prefeitura-ageman-notifica-concessionaria\/#primaryimage"},"thumbnailUrl":"https:\/\/www.manaus.am.gov.br\/semcom\/wp-content\/uploads\/sites\/5\/2025\/10\/foto_viver_melhor.jpg-1.webp","datePublished":"2025-10-16T17:22:44+00:00","dateModified":"2025-10-16T17:22:45+00:00","author":{"@id":"https:\/\/www.manaus.am.gov.br\/semcom\/#\/schema\/person\/4e49f4e267757a06ca072ec61b2b9968"},"description":"A Ag\u00eancia Reguladora dos Servi\u00e7os P\u00fablicos Delegados do Munic\u00edpio de Manaus (Ageman) notificou, na manh\u00e3 desta quinta-feira, 16\/10, a empresa \u00c1guas de Manaus pela falta d'\u00e1gua registrada no residencial Viver Melhor 4, no bairro Col\u00f4nia Terra Nova, zona Norte da cidade.","inLanguage":"pt-BR","potentialAction":[{"@type":"ReadAction","target":["https:\/\/www.manaus.am.gov.br\/semcom\/prefeitura-ageman-notifica-concessionaria\/"]}]},{"@type":"ImageObject","inLanguage":"pt-BR","@id":"https:\/\/www.manaus.am.gov.br\/semcom\/prefeitura-ageman-notifica-concessionaria\/#primaryimage","url":"https:\/\/www.manaus.am.gov.br\/semcom\/wp-content\/uploads\/sites\/5\/2025\/10\/foto_viver_melhor.jpg-1.webp","contentUrl":"https:\/\/www.manaus.am.gov.br\/semcom\/wp-content\/uploads\/sites\/5\/2025\/10\/foto_viver_melhor.jpg-1.webp","width":620,"height":465,"caption":"#paratodosverem - Imagem do conjunto Viver Melhor 4"},{"@type":"WebSite","@id":"https:\/\/www.manaus.am.gov.br\/semcom\/#website","url":"https:\/\/www.manaus.am.gov.br\/semcom\/","name":"SEMCOM","description":"Secretaria Municipal de Comunica\u00e7\u00e3o","potentialAction":[{"@type":"SearchAction","target":{"@type":"EntryPoint","urlTemplate":"https:\/\/www.manaus.am.gov.br\/semcom\/?s={search_term_string}"},"query-input":"required name=search_term_string"}],"inLanguage":"pt-BR"},{"@type":"Person","@id":"https:\/\/www.manaus.am.gov.br\/semcom\/#\/schema\/person\/4e49f4e267757a06ca072ec61b2b9968","name":"Adriana Costa","image":{"@type":"ImageObject","inLanguage":"pt-BR","@id":"https:\/\/www.manaus.am.gov.br\/semcom\/#\/schema\/person\/image\/","url":"https:\/\/secure.gravatar.com\/avatar\/576258617ef7194f718179e766d57bd4?s=96&d=mm&r=g","contentUrl":"https:\/\/secure.gravatar.com\/avatar\/576258617ef7194f718179e766d57bd4?s=96&d=mm&r=g","caption":"Adriana Costa"}}]}},"_links":{"self":[{"href":"https:\/\/www.manaus.am.gov.br\/semcom\/wp-json\/wp\/v2\/posts\/247140"}],"collection":[{"href":"https:\/\/www.manaus.am.gov.br\/semcom\/wp-json\/wp\/v2\/posts"}],"about":[{"href":"https:\/\/www.manaus.am.gov.br\/semcom\/wp-json\/wp\/v2\/types\/post"}],"author":[{"embeddable":true,"href":"https:\/\/www.manaus.am.gov.br\/semcom\/wp-json\/wp\/v2\/users\/23"}],"replies":[{"embeddable":true,"href":"https:\/\/www.manaus.am.gov.br\/semcom\/wp-json\/wp\/v2\/comments?post=247140"}],"version-history":[{"count":0,"href":"https:\/\/www.manaus.am.gov.br\/semcom\/wp-json\/wp\/v2\/posts\/247140\/revisions"}],"wp:featuredmedia":[{"embeddable":true,"href":"https:\/\/www.manaus.am.gov.br\/semcom\/wp-json\/wp\/v2\/media\/247141"}],"wp:attachment":[{"href":"https:\/\/www.manaus.am.gov.br\/semcom\/wp-json\/wp\/v2\/media?parent=247140"}],"wp:term":[{"taxonomy":"category","embeddable":true,"href":"https:\/\/www.manaus.am.gov.br\/semcom\/wp-json\/wp\/v2\/categories?post=247140"},{"taxonomy":"post_tag","embeddable":true,"href":"https:\/\/www.manaus.am.gov.br\/semcom\/wp-json\/wp\/v2\/tags?post=247140"}],"curies":[{"name":"wp","href":"https:\/\/api.w.org\/{rel}","templated":true}]}}