{"id":247118,"date":"2025-10-15T19:07:15","date_gmt":"2025-10-15T22:07:15","guid":{"rendered":"https:\/\/www.manaus.am.gov.br\/semcom\/intervencao-emergencial\/"},"modified":"2025-10-15T19:07:17","modified_gmt":"2025-10-15T22:07:17","slug":"intervencao-emergencial","status":"publish","type":"post","link":"https:\/\/www.manaus.am.gov.br\/semcom\/intervencao-emergencial\/","title":{"rendered":"Prefeitura realiza interven\u00e7\u00e3o emergencial na rua Luiz Antony e devolve fluidez do sistema de drenagem"},"content":{"rendered":"\n<p><br>Ap\u00f3s as fortes chuvas que atingiram a capital nos \u00faltimos dias, a Prefeitura de Manaus mobilizou uma for\u00e7a-tarefa da Secretaria Municipal de Infraestrutura (Seminf) para atuar emergencialmente na recupera\u00e7\u00e3o do sistema de drenagem da rua Luiz Antony, uma das principais vias do Centro, zona Sul. A a\u00e7\u00e3o foi executada de forma emergencial, para restabelecer o escoamento das \u00e1guas pluviais e garantir mais seguran\u00e7a \u00e0 popula\u00e7\u00e3o e ao tr\u00e2nsito da \u00e1rea.<\/p>\n\n\n\n<p>No local, o ac\u00famulo de lixo descartado de forma irregular tem sido uma das principais causas que prejudicam o sistema de drenagem. Res\u00edduos s\u00f3lidos obstruem as tubula\u00e7\u00f5es e caixas coletoras, impedindo o fluxo normal da \u00e1gua e sobrecarregando as redes subterr\u00e2neas. Com o volume intenso das chuvas, parte da tubula\u00e7\u00e3o acabou rompendo e se desanelando, comprometendo a estrutura e causando transtornos no entorno.<\/p>\n\n\n\n<p>Atendendo \u00e0 determina\u00e7\u00e3o do prefeito David Almeida, as equipes do distrito de obras da Seminf entraram em a\u00e7\u00e3o imediata para restabelecer o funcionamento da rede. O vice-prefeito e secret\u00e1rio de Obras, Renato Junior, acompanhou os trabalhos e destacou a import\u00e2ncia da resposta r\u00e1pida.<\/p>\n\n\n\n<p>\u201cManaus vem enfrentando um per\u00edodo de chuvas fortes e antecipadas, e por isso intensificamos nossas a\u00e7\u00f5es em todos os pontos cr\u00edticos da cidade. Quando a chuva chega, a prefeitura chega junto. Nossas equipes est\u00e3o nas ruas dia e noite, trabalhando com agilidade e compromisso para garantir que a popula\u00e7\u00e3o tenha uma cidade segura, funcional e preparada\u201d, afirmou o vice-prefeito.<\/p>\n\n\n\n<p>A opera\u00e7\u00e3o emergencial na Luiz Antony \u00e9 parte de um esfor\u00e7o cont\u00ednuo da Prefeitura de Manaus, que ampliou as frentes de trabalho em drenagem, priorizando a manuten\u00e7\u00e3o, limpeza e desobstru\u00e7\u00e3o de caixas coletoras e redes subterr\u00e2neas em todas as zonas da capital. A a\u00e7\u00e3o tem como foco minimizar os impactos do inverno amaz\u00f4nico e assegurar que o sistema de escoamento suporte o alto volume de \u00e1guas pluviais sem causar alagamentos.<\/p>\n\n\n\n<p>Quem passa pelo local j\u00e1 nota o resultado do trabalho. \u201cEsse momento \u00e9 muito gratificante para n\u00f3s, que passamos pelo Centro e vemos essa a\u00e7\u00e3o acontecendo aqui na rua Luiz Antony. \u00c9 bom saber que a prefeitura est\u00e1 atenta e agindo r\u00e1pido\u201d, destacou o t\u00e9cnico em eletr\u00f4nica, Cipriano da Silva, de 55 anos.<\/p>\n\n\n\n<p>Com a\u00e7\u00f5es coordenadas e respostas imediatas \u00e0s demandas da cidade, a Prefeitura de Manaus segue atuando de forma firme, para garantir infraestrutura de qualidade e prote\u00e7\u00e3o aos manauaras durante o per\u00edodo de fortes chuvas.<\/p>\n\n\n\n<p>\u2014 \u2014 \u2014<br><strong>Texto e fotos &#8211; <\/strong>Maria Amed \/ Seminf<\/p>\n","protected":false},"excerpt":{"rendered":"","protected":false},"author":68,"featured_media":247119,"comment_status":"closed","ping_status":"closed","sticky":false,"template":"","format":"standard","meta":{"footnotes":""},"categories":[198],"tags":[17436,77,17437,33],"acf":[],"yoast_head":"<!-- This site is optimized with the Yoast SEO plugin v23.0 - https:\/\/yoast.com\/wordpress\/plugins\/seo\/ -->\n<title>Prefeitura realiza interven\u00e7\u00e3o emergencial na rua Luiz Antony<\/title>\n<meta name=\"description\" content=\"A Prefeitura de Manaus mobilizou uma for\u00e7a-tarefa para atuar emergencialmente na recupera\u00e7\u00e3o do sistema de drenagem da rua Luiz Antony.\" \/>\n<meta name=\"robots\" content=\"index, follow, max-snippet:-1, max-image-preview:large, max-video-preview:-1\" \/>\n<link rel=\"canonical\" href=\"https:\/\/www.manaus.am.gov.br\/semcom\/intervencao-emergencial\/\" \/>\n<meta property=\"og:locale\" content=\"pt_BR\" \/>\n<meta property=\"og:type\" content=\"article\" \/>\n<meta property=\"og:title\" content=\"Prefeitura realiza interven\u00e7\u00e3o emergencial na rua Luiz Antony\" \/>\n<meta property=\"og:description\" content=\"A Prefeitura de Manaus mobilizou uma for\u00e7a-tarefa para atuar emergencialmente na recupera\u00e7\u00e3o do sistema de drenagem da rua Luiz Antony.\" \/>\n<meta property=\"og:url\" content=\"https:\/\/www.manaus.am.gov.br\/semcom\/intervencao-emergencial\/\" \/>\n<meta property=\"og:site_name\" content=\"SEMCOM\" \/>\n<meta property=\"article:published_time\" content=\"2025-10-15T22:07:15+00:00\" \/>\n<meta property=\"article:modified_time\" content=\"2025-10-15T22:07:17+00:00\" \/>\n<meta property=\"og:image\" content=\"https:\/\/www.manaus.am.gov.br\/semcom\/wp-content\/uploads\/sites\/5\/2025\/10\/Prefeitura-realiza-intervencao-emergencial-na-rua-Luiz-Antony-e-devolve-fluidez-do-sistema-de-drenagem-4.jpg\" \/>\n\t<meta property=\"og:image:width\" content=\"1600\" \/>\n\t<meta property=\"og:image:height\" content=\"1200\" \/>\n\t<meta property=\"og:image:type\" content=\"image\/jpeg\" \/>\n<meta name=\"author\" content=\"bvalente\" \/>\n<meta name=\"twitter:card\" content=\"summary_large_image\" \/>\n<meta name=\"twitter:label1\" content=\"Written by\" \/>\n\t<meta name=\"twitter:data1\" content=\"bvalente\" \/>\n\t<meta name=\"twitter:label2\" content=\"Est. reading time\" \/>\n\t<meta name=\"twitter:data2\" content=\"3 minutos\" \/>\n<script type=\"application\/ld+json\" class=\"yoast-schema-graph\">{\"@context\":\"https:\/\/schema.org\",\"@graph\":[{\"@type\":\"WebPage\",\"@id\":\"https:\/\/www.manaus.am.gov.br\/semcom\/intervencao-emergencial\/\",\"url\":\"https:\/\/www.manaus.am.gov.br\/semcom\/intervencao-emergencial\/\",\"name\":\"Prefeitura realiza interven\u00e7\u00e3o emergencial na rua Luiz Antony\",\"isPartOf\":{\"@id\":\"https:\/\/www.manaus.am.gov.br\/semcom\/#website\"},\"primaryImageOfPage\":{\"@id\":\"https:\/\/www.manaus.am.gov.br\/semcom\/intervencao-emergencial\/#primaryimage\"},\"image\":{\"@id\":\"https:\/\/www.manaus.am.gov.br\/semcom\/intervencao-emergencial\/#primaryimage\"},\"thumbnailUrl\":\"https:\/\/www.manaus.am.gov.br\/semcom\/wp-content\/uploads\/sites\/5\/2025\/10\/Prefeitura-realiza-intervencao-emergencial-na-rua-Luiz-Antony-e-devolve-fluidez-do-sistema-de-drenagem-4.jpg\",\"datePublished\":\"2025-10-15T22:07:15+00:00\",\"dateModified\":\"2025-10-15T22:07:17+00:00\",\"author\":{\"@id\":\"https:\/\/www.manaus.am.gov.br\/semcom\/#\/schema\/person\/466a0e03ae4b6062809046bd560ac955\"},\"description\":\"A Prefeitura de Manaus mobilizou uma for\u00e7a-tarefa para atuar emergencialmente na recupera\u00e7\u00e3o do sistema de drenagem da rua Luiz Antony.\",\"inLanguage\":\"pt-BR\",\"potentialAction\":[{\"@type\":\"ReadAction\",\"target\":[\"https:\/\/www.manaus.am.gov.br\/semcom\/intervencao-emergencial\/\"]}]},{\"@type\":\"ImageObject\",\"inLanguage\":\"pt-BR\",\"@id\":\"https:\/\/www.manaus.am.gov.br\/semcom\/intervencao-emergencial\/#primaryimage\",\"url\":\"https:\/\/www.manaus.am.gov.br\/semcom\/wp-content\/uploads\/sites\/5\/2025\/10\/Prefeitura-realiza-intervencao-emergencial-na-rua-Luiz-Antony-e-devolve-fluidez-do-sistema-de-drenagem-4.jpg\",\"contentUrl\":\"https:\/\/www.manaus.am.gov.br\/semcom\/wp-content\/uploads\/sites\/5\/2025\/10\/Prefeitura-realiza-intervencao-emergencial-na-rua-Luiz-Antony-e-devolve-fluidez-do-sistema-de-drenagem-4.jpg\",\"width\":1600,\"height\":1200,\"caption\":\"#paratodosverem \u2013 Maquin\u00e1rio e servidor da Seminf realizando a desobstru\u00e7\u00e3o do sistema de drenagem na rua Luiz Antony\"},{\"@type\":\"WebSite\",\"@id\":\"https:\/\/www.manaus.am.gov.br\/semcom\/#website\",\"url\":\"https:\/\/www.manaus.am.gov.br\/semcom\/\",\"name\":\"SEMCOM\",\"description\":\"Secretaria Municipal de Comunica\u00e7\u00e3o\",\"potentialAction\":[{\"@type\":\"SearchAction\",\"target\":{\"@type\":\"EntryPoint\",\"urlTemplate\":\"https:\/\/www.manaus.am.gov.br\/semcom\/?s={search_term_string}\"},\"query-input\":\"required name=search_term_string\"}],\"inLanguage\":\"pt-BR\"},{\"@type\":\"Person\",\"@id\":\"https:\/\/www.manaus.am.gov.br\/semcom\/#\/schema\/person\/466a0e03ae4b6062809046bd560ac955\",\"name\":\"bvalente\",\"image\":{\"@type\":\"ImageObject\",\"inLanguage\":\"pt-BR\",\"@id\":\"https:\/\/www.manaus.am.gov.br\/semcom\/#\/schema\/person\/image\/\",\"url\":\"https:\/\/secure.gravatar.com\/avatar\/3e69bc2b014bdad41adfec3a39de07d2?s=96&d=mm&r=g\",\"contentUrl\":\"https:\/\/secure.gravatar.com\/avatar\/3e69bc2b014bdad41adfec3a39de07d2?s=96&d=mm&r=g\",\"caption\":\"bvalente\"}}]}<\/script>\n<!-- \/ Yoast SEO plugin. -->","yoast_head_json":{"title":"Prefeitura realiza interven\u00e7\u00e3o emergencial na rua Luiz Antony","description":"A Prefeitura de Manaus mobilizou uma for\u00e7a-tarefa para atuar emergencialmente na recupera\u00e7\u00e3o do sistema de drenagem da rua Luiz Antony.","robots":{"index":"index","follow":"follow","max-snippet":"max-snippet:-1","max-image-preview":"max-image-preview:large","max-video-preview":"max-video-preview:-1"},"canonical":"https:\/\/www.manaus.am.gov.br\/semcom\/intervencao-emergencial\/","og_locale":"pt_BR","og_type":"article","og_title":"Prefeitura realiza interven\u00e7\u00e3o emergencial na rua Luiz Antony","og_description":"A Prefeitura de Manaus mobilizou uma for\u00e7a-tarefa para atuar emergencialmente na recupera\u00e7\u00e3o do sistema de drenagem da rua Luiz Antony.","og_url":"https:\/\/www.manaus.am.gov.br\/semcom\/intervencao-emergencial\/","og_site_name":"SEMCOM","article_published_time":"2025-10-15T22:07:15+00:00","article_modified_time":"2025-10-15T22:07:17+00:00","og_image":[{"width":1600,"height":1200,"url":"https:\/\/www.manaus.am.gov.br\/semcom\/wp-content\/uploads\/sites\/5\/2025\/10\/Prefeitura-realiza-intervencao-emergencial-na-rua-Luiz-Antony-e-devolve-fluidez-do-sistema-de-drenagem-4.jpg","type":"image\/jpeg"}],"author":"bvalente","twitter_card":"summary_large_image","twitter_misc":{"Written by":"bvalente","Est. reading time":"3 minutos"},"schema":{"@context":"https:\/\/schema.org","@graph":[{"@type":"WebPage","@id":"https:\/\/www.manaus.am.gov.br\/semcom\/intervencao-emergencial\/","url":"https:\/\/www.manaus.am.gov.br\/semcom\/intervencao-emergencial\/","name":"Prefeitura realiza interven\u00e7\u00e3o emergencial na rua Luiz Antony","isPartOf":{"@id":"https:\/\/www.manaus.am.gov.br\/semcom\/#website"},"primaryImageOfPage":{"@id":"https:\/\/www.manaus.am.gov.br\/semcom\/intervencao-emergencial\/#primaryimage"},"image":{"@id":"https:\/\/www.manaus.am.gov.br\/semcom\/intervencao-emergencial\/#primaryimage"},"thumbnailUrl":"https:\/\/www.manaus.am.gov.br\/semcom\/wp-content\/uploads\/sites\/5\/2025\/10\/Prefeitura-realiza-intervencao-emergencial-na-rua-Luiz-Antony-e-devolve-fluidez-do-sistema-de-drenagem-4.jpg","datePublished":"2025-10-15T22:07:15+00:00","dateModified":"2025-10-15T22:07:17+00:00","author":{"@id":"https:\/\/www.manaus.am.gov.br\/semcom\/#\/schema\/person\/466a0e03ae4b6062809046bd560ac955"},"description":"A Prefeitura de Manaus mobilizou uma for\u00e7a-tarefa para atuar emergencialmente na recupera\u00e7\u00e3o do sistema de drenagem da rua Luiz Antony.","inLanguage":"pt-BR","potentialAction":[{"@type":"ReadAction","target":["https:\/\/www.manaus.am.gov.br\/semcom\/intervencao-emergencial\/"]}]},{"@type":"ImageObject","inLanguage":"pt-BR","@id":"https:\/\/www.manaus.am.gov.br\/semcom\/intervencao-emergencial\/#primaryimage","url":"https:\/\/www.manaus.am.gov.br\/semcom\/wp-content\/uploads\/sites\/5\/2025\/10\/Prefeitura-realiza-intervencao-emergencial-na-rua-Luiz-Antony-e-devolve-fluidez-do-sistema-de-drenagem-4.jpg","contentUrl":"https:\/\/www.manaus.am.gov.br\/semcom\/wp-content\/uploads\/sites\/5\/2025\/10\/Prefeitura-realiza-intervencao-emergencial-na-rua-Luiz-Antony-e-devolve-fluidez-do-sistema-de-drenagem-4.jpg","width":1600,"height":1200,"caption":"#paratodosverem \u2013 Maquin\u00e1rio e servidor da Seminf realizando a desobstru\u00e7\u00e3o do sistema de drenagem na rua Luiz Antony"},{"@type":"WebSite","@id":"https:\/\/www.manaus.am.gov.br\/semcom\/#website","url":"https:\/\/www.manaus.am.gov.br\/semcom\/","name":"SEMCOM","description":"Secretaria Municipal de Comunica\u00e7\u00e3o","potentialAction":[{"@type":"SearchAction","target":{"@type":"EntryPoint","urlTemplate":"https:\/\/www.manaus.am.gov.br\/semcom\/?s={search_term_string}"},"query-input":"required name=search_term_string"}],"inLanguage":"pt-BR"},{"@type":"Person","@id":"https:\/\/www.manaus.am.gov.br\/semcom\/#\/schema\/person\/466a0e03ae4b6062809046bd560ac955","name":"bvalente","image":{"@type":"ImageObject","inLanguage":"pt-BR","@id":"https:\/\/www.manaus.am.gov.br\/semcom\/#\/schema\/person\/image\/","url":"https:\/\/secure.gravatar.com\/avatar\/3e69bc2b014bdad41adfec3a39de07d2?s=96&d=mm&r=g","contentUrl":"https:\/\/secure.gravatar.com\/avatar\/3e69bc2b014bdad41adfec3a39de07d2?s=96&d=mm&r=g","caption":"bvalente"}}]}},"_links":{"self":[{"href":"https:\/\/www.manaus.am.gov.br\/semcom\/wp-json\/wp\/v2\/posts\/247118"}],"collection":[{"href":"https:\/\/www.manaus.am.gov.br\/semcom\/wp-json\/wp\/v2\/posts"}],"about":[{"href":"https:\/\/www.manaus.am.gov.br\/semcom\/wp-json\/wp\/v2\/types\/post"}],"author":[{"embeddable":true,"href":"https:\/\/www.manaus.am.gov.br\/semcom\/wp-json\/wp\/v2\/users\/68"}],"replies":[{"embeddable":true,"href":"https:\/\/www.manaus.am.gov.br\/semcom\/wp-json\/wp\/v2\/comments?post=247118"}],"version-history":[{"count":0,"href":"https:\/\/www.manaus.am.gov.br\/semcom\/wp-json\/wp\/v2\/posts\/247118\/revisions"}],"wp:featuredmedia":[{"embeddable":true,"href":"https:\/\/www.manaus.am.gov.br\/semcom\/wp-json\/wp\/v2\/media\/247119"}],"wp:attachment":[{"href":"https:\/\/www.manaus.am.gov.br\/semcom\/wp-json\/wp\/v2\/media?parent=247118"}],"wp:term":[{"taxonomy":"category","embeddable":true,"href":"https:\/\/www.manaus.am.gov.br\/semcom\/wp-json\/wp\/v2\/categories?post=247118"},{"taxonomy":"post_tag","embeddable":true,"href":"https:\/\/www.manaus.am.gov.br\/semcom\/wp-json\/wp\/v2\/tags?post=247118"}],"curies":[{"name":"wp","href":"https:\/\/api.w.org\/{rel}","templated":true}]}}