{"id":247070,"date":"2025-10-14T20:56:41","date_gmt":"2025-10-14T23:56:41","guid":{"rendered":"https:\/\/www.manaus.am.gov.br\/semcom\/regularizacao-fundiaria-2\/"},"modified":"2025-10-14T20:57:57","modified_gmt":"2025-10-14T23:57:57","slug":"regularizacao-fundiaria-2","status":"publish","type":"post","link":"https:\/\/www.manaus.am.gov.br\/semcom\/regularizacao-fundiaria-2\/","title":{"rendered":"Prefeito David Almeida garante regulariza\u00e7\u00e3o fundi\u00e1ria para mais de 2 mil fam\u00edlias na comunidade Nova Vida"},"content":{"rendered":"\n<p>O prefeito de Manaus, David Almeida, acompanhado pelo titular da Secretaria Municipal de Habita\u00e7\u00e3o e Assuntos Fundi\u00e1rios (Semhaf), Jesus Alves, e do defensor p\u00fablico Thiago Rosas, anunciou, nesta ter\u00e7a-feira, 14\/10, o in\u00edcio do processo de regulariza\u00e7\u00e3o fundi\u00e1ria da comunidade Nova Vida, localizada no bairro Nova Cidade, na zona Norte, que abriga cerca de 2 mil fam\u00edlias. O projeto \u00e9 parte do compromisso da gest\u00e3o em garantir direito \u00e0 moradia com dignidade e seguran\u00e7a jur\u00eddica.<\/p>\n\n\n\n<p>Durante o evento, o prefeito refor\u00e7ou o compromisso da gest\u00e3o com a popula\u00e7\u00e3o. \u201cO nosso trabalho, ele n\u00e3o para verdadeiramente. A nossa preocupa\u00e7\u00e3o \u00e9 cont\u00ednua com toda a popula\u00e7\u00e3o da cidade de Manaus. Este evento que n\u00f3s estamos fazendo aqui \u00e9 devolvendo a voc\u00eas um direito fundamental, o direito \u00e0 terra\u201d.<\/p>\n\n\n\n<p>O processo de regulariza\u00e7\u00e3o fundi\u00e1ria envolve levantamento t\u00e9cnico, cadastro socioecon\u00f4mico e emiss\u00e3o dos registros definitivos, que ser\u00e3o entregues gratuitamente aos moradores. \u201cA partir do momento que voc\u00eas receberem o registro de im\u00f3veis e o t\u00edtulo definitivo, voc\u00eas ser\u00e3o donos de fato e de direito da propriedade de voc\u00eas e ningu\u00e9m mais poder\u00e1 tir\u00e1-los do lugar onde voc\u00eas moram\u201d, afirmou o prefeito. A previs\u00e3o \u00e9 que as primeiras fam\u00edlias recebam os documentos no primeiro semestre de 2026.<\/p>\n\n\n\n<p>O secret\u00e1rio Jesus Alves refor\u00e7ou a import\u00e2ncia da iniciativa para a seguran\u00e7a e qualidade de vida da comunidade. \u201cAntes, toda essa comunidade estava em risco de perder o espa\u00e7o de terra que havia conquistado com muito esfor\u00e7o. Mas, gra\u00e7as ao trabalho da prefeitura, voc\u00eas v\u00e3o ficar aqui com um papelzinho na m\u00e3o que d\u00e1 garantia definitiva de que ningu\u00e9m nunca mais vai amea\u00e7ar tirar voc\u00eas do lugar onde moram\u201d.<\/p>\n\n\n\n<p>O defensor Thiago Rosas tamb\u00e9m celebrou a conquista, lembrando o hist\u00f3rico de lutas da comunidade. \u201cQuem toma decis\u00e3o pol\u00edtica de fazer acontecer a pol\u00edtica de moradia no Nova Vida se chama secret\u00e1rio Jesus Alves e prefeito David Almeida. S\u00e3o eles que decidiram fazer aqui a comunidade de voc\u00eas. Voc\u00eas v\u00e3o ser propriet\u00e1rios em breve. Em 2026, ter\u00e3o o documento da casa de voc\u00eas\u201d, afirmou.&nbsp;<\/p>\n\n\n\n<p>L\u00edder comunit\u00e1rio da Nova Vida, o pastor Alisson ressaltou a import\u00e2ncia das obras e melhorias j\u00e1 realizadas. \u201cAno passado conseguimos dez ruas asfaltadas nesta comunidade. Diante de tudo, queremos agradecer ao prefeito David Almeida e ao secret\u00e1rio Jesus Alves, pelas conquistas e pelas melhorias que ainda vir\u00e3o\u201d, celebrou.&nbsp;<\/p>\n\n\n\n<p>Al\u00e9m da regulariza\u00e7\u00e3o fundi\u00e1ria, a prefeitura tamb\u00e9m dar\u00e1 in\u00edcio ao programa \u201cCasa Manauara\u201d, que prev\u00ea a reforma de casas em condi\u00e7\u00f5es mais prec\u00e1rias, refor\u00e7ando o compromisso da gest\u00e3o com a inclus\u00e3o social e a dignidade das fam\u00edlias.<\/p>\n\n\n\n<p>Com essa a\u00e7\u00e3o, a administra\u00e7\u00e3o municipal reafirma que o direito \u00e0 moradia e \u00e0 seguran\u00e7a fundi\u00e1ria s\u00e3o prioridades da gest\u00e3o do prefeito David Almeida, consolidando a regulariza\u00e7\u00e3o de territ\u00f3rios hist\u00f3ricos da cidade e garantindo o bem-estar das fam\u00edlias manauaras.<\/p>\n\n\n\n<p><\/p>\n\n\n\n<p>\u2014 \u2014 \u2014<br><strong>Texto &#8211; <\/strong>Emanuelle Baires \/ Semcom-Prefeito<br><strong>Fotos &#8211; <\/strong>Dhyeizo Lemos \/ Semcom-Prefeito<br><strong>Dispon\u00edveis em &#8211;<\/strong><a href=\"https:\/\/flic.kr\/s\/aHBqjCxxF3\">https:\/\/flic.kr\/s\/aHBqjCxxF3<\/a><\/p>\n","protected":false},"excerpt":{"rendered":"","protected":false},"author":68,"featured_media":247071,"comment_status":"closed","ping_status":"closed","sticky":false,"template":"","format":"standard","meta":{"footnotes":""},"categories":[400],"tags":[14047,77,259],"acf":[],"yoast_head":"<!-- This site is optimized with the Yoast SEO plugin v23.0 - https:\/\/yoast.com\/wordpress\/plugins\/seo\/ -->\n<title>Prefeito David Almeida garante regulariza\u00e7\u00e3o fundi\u00e1ria<\/title>\n<meta name=\"description\" content=\"O prefeito David Almeida anunciou, nesta ter\u00e7a-feira, 14\/10, o in\u00edcio do processo de regulariza\u00e7\u00e3o fundi\u00e1ria da comunidade Nova Vida.\" \/>\n<meta name=\"robots\" content=\"index, follow, max-snippet:-1, max-image-preview:large, max-video-preview:-1\" \/>\n<link rel=\"canonical\" href=\"https:\/\/www.manaus.am.gov.br\/semcom\/regularizacao-fundiaria-2\/\" \/>\n<meta property=\"og:locale\" content=\"pt_BR\" \/>\n<meta property=\"og:type\" content=\"article\" \/>\n<meta property=\"og:title\" content=\"Prefeito David Almeida garante regulariza\u00e7\u00e3o fundi\u00e1ria\" \/>\n<meta property=\"og:description\" content=\"O prefeito David Almeida anunciou, nesta ter\u00e7a-feira, 14\/10, o in\u00edcio do processo de regulariza\u00e7\u00e3o fundi\u00e1ria da comunidade Nova Vida.\" \/>\n<meta property=\"og:url\" content=\"https:\/\/www.manaus.am.gov.br\/semcom\/regularizacao-fundiaria-2\/\" \/>\n<meta property=\"og:site_name\" content=\"SEMCOM\" \/>\n<meta property=\"article:published_time\" content=\"2025-10-14T23:56:41+00:00\" \/>\n<meta property=\"article:modified_time\" content=\"2025-10-14T23:57:57+00:00\" \/>\n<meta property=\"og:image\" content=\"https:\/\/www.manaus.am.gov.br\/semcom\/wp-content\/uploads\/sites\/5\/2025\/10\/WhatsApp-Image-2025-10-14-at-19.14.54-1.jpeg\" \/>\n\t<meta property=\"og:image:width\" content=\"1600\" \/>\n\t<meta property=\"og:image:height\" content=\"1066\" \/>\n\t<meta property=\"og:image:type\" content=\"image\/jpeg\" \/>\n<meta name=\"author\" content=\"bvalente\" \/>\n<meta name=\"twitter:card\" content=\"summary_large_image\" \/>\n<meta name=\"twitter:label1\" content=\"Written by\" \/>\n\t<meta name=\"twitter:data1\" content=\"bvalente\" \/>\n\t<meta name=\"twitter:label2\" content=\"Est. reading time\" \/>\n\t<meta name=\"twitter:data2\" content=\"3 minutos\" \/>\n<script type=\"application\/ld+json\" class=\"yoast-schema-graph\">{\"@context\":\"https:\/\/schema.org\",\"@graph\":[{\"@type\":\"WebPage\",\"@id\":\"https:\/\/www.manaus.am.gov.br\/semcom\/regularizacao-fundiaria-2\/\",\"url\":\"https:\/\/www.manaus.am.gov.br\/semcom\/regularizacao-fundiaria-2\/\",\"name\":\"Prefeito David Almeida garante regulariza\u00e7\u00e3o fundi\u00e1ria\",\"isPartOf\":{\"@id\":\"https:\/\/www.manaus.am.gov.br\/semcom\/#website\"},\"primaryImageOfPage\":{\"@id\":\"https:\/\/www.manaus.am.gov.br\/semcom\/regularizacao-fundiaria-2\/#primaryimage\"},\"image\":{\"@id\":\"https:\/\/www.manaus.am.gov.br\/semcom\/regularizacao-fundiaria-2\/#primaryimage\"},\"thumbnailUrl\":\"https:\/\/www.manaus.am.gov.br\/semcom\/wp-content\/uploads\/sites\/5\/2025\/10\/WhatsApp-Image-2025-10-14-at-19.14.54-1.jpeg\",\"datePublished\":\"2025-10-14T23:56:41+00:00\",\"dateModified\":\"2025-10-14T23:57:57+00:00\",\"author\":{\"@id\":\"https:\/\/www.manaus.am.gov.br\/semcom\/#\/schema\/person\/466a0e03ae4b6062809046bd560ac955\"},\"description\":\"O prefeito David Almeida anunciou, nesta ter\u00e7a-feira, 14\/10, o in\u00edcio do processo de regulariza\u00e7\u00e3o fundi\u00e1ria da comunidade Nova Vida.\",\"inLanguage\":\"pt-BR\",\"potentialAction\":[{\"@type\":\"ReadAction\",\"target\":[\"https:\/\/www.manaus.am.gov.br\/semcom\/regularizacao-fundiaria-2\/\"]}]},{\"@type\":\"ImageObject\",\"inLanguage\":\"pt-BR\",\"@id\":\"https:\/\/www.manaus.am.gov.br\/semcom\/regularizacao-fundiaria-2\/#primaryimage\",\"url\":\"https:\/\/www.manaus.am.gov.br\/semcom\/wp-content\/uploads\/sites\/5\/2025\/10\/WhatsApp-Image-2025-10-14-at-19.14.54-1.jpeg\",\"contentUrl\":\"https:\/\/www.manaus.am.gov.br\/semcom\/wp-content\/uploads\/sites\/5\/2025\/10\/WhatsApp-Image-2025-10-14-at-19.14.54-1.jpeg\",\"width\":1600,\"height\":1066,\"caption\":\"#paratodosverem \u2013 Prefeito discursando durante evento\"},{\"@type\":\"WebSite\",\"@id\":\"https:\/\/www.manaus.am.gov.br\/semcom\/#website\",\"url\":\"https:\/\/www.manaus.am.gov.br\/semcom\/\",\"name\":\"SEMCOM\",\"description\":\"Secretaria Municipal de Comunica\u00e7\u00e3o\",\"potentialAction\":[{\"@type\":\"SearchAction\",\"target\":{\"@type\":\"EntryPoint\",\"urlTemplate\":\"https:\/\/www.manaus.am.gov.br\/semcom\/?s={search_term_string}\"},\"query-input\":\"required name=search_term_string\"}],\"inLanguage\":\"pt-BR\"},{\"@type\":\"Person\",\"@id\":\"https:\/\/www.manaus.am.gov.br\/semcom\/#\/schema\/person\/466a0e03ae4b6062809046bd560ac955\",\"name\":\"bvalente\",\"image\":{\"@type\":\"ImageObject\",\"inLanguage\":\"pt-BR\",\"@id\":\"https:\/\/www.manaus.am.gov.br\/semcom\/#\/schema\/person\/image\/\",\"url\":\"https:\/\/secure.gravatar.com\/avatar\/3e69bc2b014bdad41adfec3a39de07d2?s=96&d=mm&r=g\",\"contentUrl\":\"https:\/\/secure.gravatar.com\/avatar\/3e69bc2b014bdad41adfec3a39de07d2?s=96&d=mm&r=g\",\"caption\":\"bvalente\"}}]}<\/script>\n<!-- \/ Yoast SEO plugin. -->","yoast_head_json":{"title":"Prefeito David Almeida garante regulariza\u00e7\u00e3o fundi\u00e1ria","description":"O prefeito David Almeida anunciou, nesta ter\u00e7a-feira, 14\/10, o in\u00edcio do processo de regulariza\u00e7\u00e3o fundi\u00e1ria da comunidade Nova Vida.","robots":{"index":"index","follow":"follow","max-snippet":"max-snippet:-1","max-image-preview":"max-image-preview:large","max-video-preview":"max-video-preview:-1"},"canonical":"https:\/\/www.manaus.am.gov.br\/semcom\/regularizacao-fundiaria-2\/","og_locale":"pt_BR","og_type":"article","og_title":"Prefeito David Almeida garante regulariza\u00e7\u00e3o fundi\u00e1ria","og_description":"O prefeito David Almeida anunciou, nesta ter\u00e7a-feira, 14\/10, o in\u00edcio do processo de regulariza\u00e7\u00e3o fundi\u00e1ria da comunidade Nova Vida.","og_url":"https:\/\/www.manaus.am.gov.br\/semcom\/regularizacao-fundiaria-2\/","og_site_name":"SEMCOM","article_published_time":"2025-10-14T23:56:41+00:00","article_modified_time":"2025-10-14T23:57:57+00:00","og_image":[{"width":1600,"height":1066,"url":"https:\/\/www.manaus.am.gov.br\/semcom\/wp-content\/uploads\/sites\/5\/2025\/10\/WhatsApp-Image-2025-10-14-at-19.14.54-1.jpeg","type":"image\/jpeg"}],"author":"bvalente","twitter_card":"summary_large_image","twitter_misc":{"Written by":"bvalente","Est. reading time":"3 minutos"},"schema":{"@context":"https:\/\/schema.org","@graph":[{"@type":"WebPage","@id":"https:\/\/www.manaus.am.gov.br\/semcom\/regularizacao-fundiaria-2\/","url":"https:\/\/www.manaus.am.gov.br\/semcom\/regularizacao-fundiaria-2\/","name":"Prefeito David Almeida garante regulariza\u00e7\u00e3o fundi\u00e1ria","isPartOf":{"@id":"https:\/\/www.manaus.am.gov.br\/semcom\/#website"},"primaryImageOfPage":{"@id":"https:\/\/www.manaus.am.gov.br\/semcom\/regularizacao-fundiaria-2\/#primaryimage"},"image":{"@id":"https:\/\/www.manaus.am.gov.br\/semcom\/regularizacao-fundiaria-2\/#primaryimage"},"thumbnailUrl":"https:\/\/www.manaus.am.gov.br\/semcom\/wp-content\/uploads\/sites\/5\/2025\/10\/WhatsApp-Image-2025-10-14-at-19.14.54-1.jpeg","datePublished":"2025-10-14T23:56:41+00:00","dateModified":"2025-10-14T23:57:57+00:00","author":{"@id":"https:\/\/www.manaus.am.gov.br\/semcom\/#\/schema\/person\/466a0e03ae4b6062809046bd560ac955"},"description":"O prefeito David Almeida anunciou, nesta ter\u00e7a-feira, 14\/10, o in\u00edcio do processo de regulariza\u00e7\u00e3o fundi\u00e1ria da comunidade Nova Vida.","inLanguage":"pt-BR","potentialAction":[{"@type":"ReadAction","target":["https:\/\/www.manaus.am.gov.br\/semcom\/regularizacao-fundiaria-2\/"]}]},{"@type":"ImageObject","inLanguage":"pt-BR","@id":"https:\/\/www.manaus.am.gov.br\/semcom\/regularizacao-fundiaria-2\/#primaryimage","url":"https:\/\/www.manaus.am.gov.br\/semcom\/wp-content\/uploads\/sites\/5\/2025\/10\/WhatsApp-Image-2025-10-14-at-19.14.54-1.jpeg","contentUrl":"https:\/\/www.manaus.am.gov.br\/semcom\/wp-content\/uploads\/sites\/5\/2025\/10\/WhatsApp-Image-2025-10-14-at-19.14.54-1.jpeg","width":1600,"height":1066,"caption":"#paratodosverem \u2013 Prefeito discursando durante evento"},{"@type":"WebSite","@id":"https:\/\/www.manaus.am.gov.br\/semcom\/#website","url":"https:\/\/www.manaus.am.gov.br\/semcom\/","name":"SEMCOM","description":"Secretaria Municipal de Comunica\u00e7\u00e3o","potentialAction":[{"@type":"SearchAction","target":{"@type":"EntryPoint","urlTemplate":"https:\/\/www.manaus.am.gov.br\/semcom\/?s={search_term_string}"},"query-input":"required name=search_term_string"}],"inLanguage":"pt-BR"},{"@type":"Person","@id":"https:\/\/www.manaus.am.gov.br\/semcom\/#\/schema\/person\/466a0e03ae4b6062809046bd560ac955","name":"bvalente","image":{"@type":"ImageObject","inLanguage":"pt-BR","@id":"https:\/\/www.manaus.am.gov.br\/semcom\/#\/schema\/person\/image\/","url":"https:\/\/secure.gravatar.com\/avatar\/3e69bc2b014bdad41adfec3a39de07d2?s=96&d=mm&r=g","contentUrl":"https:\/\/secure.gravatar.com\/avatar\/3e69bc2b014bdad41adfec3a39de07d2?s=96&d=mm&r=g","caption":"bvalente"}}]}},"_links":{"self":[{"href":"https:\/\/www.manaus.am.gov.br\/semcom\/wp-json\/wp\/v2\/posts\/247070"}],"collection":[{"href":"https:\/\/www.manaus.am.gov.br\/semcom\/wp-json\/wp\/v2\/posts"}],"about":[{"href":"https:\/\/www.manaus.am.gov.br\/semcom\/wp-json\/wp\/v2\/types\/post"}],"author":[{"embeddable":true,"href":"https:\/\/www.manaus.am.gov.br\/semcom\/wp-json\/wp\/v2\/users\/68"}],"replies":[{"embeddable":true,"href":"https:\/\/www.manaus.am.gov.br\/semcom\/wp-json\/wp\/v2\/comments?post=247070"}],"version-history":[{"count":1,"href":"https:\/\/www.manaus.am.gov.br\/semcom\/wp-json\/wp\/v2\/posts\/247070\/revisions"}],"predecessor-version":[{"id":247072,"href":"https:\/\/www.manaus.am.gov.br\/semcom\/wp-json\/wp\/v2\/posts\/247070\/revisions\/247072"}],"wp:featuredmedia":[{"embeddable":true,"href":"https:\/\/www.manaus.am.gov.br\/semcom\/wp-json\/wp\/v2\/media\/247071"}],"wp:attachment":[{"href":"https:\/\/www.manaus.am.gov.br\/semcom\/wp-json\/wp\/v2\/media?parent=247070"}],"wp:term":[{"taxonomy":"category","embeddable":true,"href":"https:\/\/www.manaus.am.gov.br\/semcom\/wp-json\/wp\/v2\/categories?post=247070"},{"taxonomy":"post_tag","embeddable":true,"href":"https:\/\/www.manaus.am.gov.br\/semcom\/wp-json\/wp\/v2\/tags?post=247070"}],"curies":[{"name":"wp","href":"https:\/\/api.w.org\/{rel}","templated":true}]}}