{"id":246962,"date":"2025-10-13T16:25:10","date_gmt":"2025-10-13T19:25:10","guid":{"rendered":"https:\/\/www.manaus.am.gov.br\/semcom\/pneus-descartados\/"},"modified":"2025-10-13T16:25:12","modified_gmt":"2025-10-13T19:25:12","slug":"pneus-descartados","status":"publish","type":"post","link":"https:\/\/www.manaus.am.gov.br\/semcom\/pneus-descartados\/","title":{"rendered":"Prefeitura recolhe cerca de 10 mil pneus descartados irregularmente em Manaus no m\u00eas de setembro"},"content":{"rendered":"\n<p>A <a href=\"https:\/\/www.instagram.com\/prefeiturademanaus\/\">Prefeitura de Manaus<\/a>, por meio da <a href=\"https:\/\/www.manaus.am.gov.br\/semulsp\/\">Secretaria Municipal de Limpeza Urbana (Semulsp)<\/a>, recolheu cerca de 10 mil pneus descartados irregularmente em vias, igarap\u00e9s e terrenos baldios da capital durante o m\u00eas de setembro. Os dados foram divulgados nesta segunda-feira, 13\/10, e refletem n\u00e3o apenas o trabalho das equipes de limpeza, mas tamb\u00e9m o ainda elevado \u00edndice de descarte irregular na cidade.<\/p>\n\n\n\n<p>\u201cA Prefeitura de Manaus trabalha todos os dias para manter a cidade limpa e saud\u00e1vel. Mas o n\u00famero de pneus retirados mostra que o descarte irregular ainda \u00e9 grande. Precisamos da colabora\u00e7\u00e3o de todos \u2014 empresas, comerciantes e popula\u00e7\u00e3o \u2014 para que esse material tenha o destino correto\u201d, afirmou o titular da Semulsp, Sab\u00e1 Reis.<\/p>\n\n\n\n<p>O recolhimento de pneus faz parte das a\u00e7\u00f5es de sustentabilidade da Semulsp e segue as diretrizes da Lei da Log\u00edstica Reversa, que obriga fabricantes, importadores, distribuidores e comerciantes a garantirem o destino ambientalmente adequado dos produtos ap\u00f3s o uso.<\/p>\n\n\n\n<p>Empresas que vendem ou trocam pneus devem encaminhar o material usado a locais licenciados para reciclagem ou coprocessamento, evitando impactos como alagamentos e criadouros do mosquito Aedes aegypti.<\/p>\n\n\n\n<p>Na \u00faltima sexta-feira, 10\/10, oito empresas foram autuadas por \u00f3rg\u00e3os ambientais por n\u00e3o comprovarem a destina\u00e7\u00e3o correta dos pneus. A a\u00e7\u00e3o teve car\u00e1ter preventivo e inibit\u00f3rio e refor\u00e7ou as campanhas de conscientiza\u00e7\u00e3o conduzidas pela Semulsp.<\/p>\n\n\n\n<p><strong>Destino correto dos pneus<\/strong><\/p>\n\n\n\n<p>Todo o material recolhido pela Semulsp \u00e9 encaminhado \u00e0 Reciclanip, entidade sem fins lucrativos criada em 2007 pelos fabricantes de pneus novos no Brasil. O programa \u00e9 reconhecido pelo Ibama e respons\u00e1vel por gerenciar a coleta e destina\u00e7\u00e3o ambientalmente adequada de pneus inserv\u00edveis em todo o pa\u00eds.<\/p>\n\n\n\n<p>A Reciclanip mant\u00e9m parceria com a Semulsp e opera um Ponto de Entrega Volunt\u00e1ria (PEV), no Puraquequara, zona Leste.<\/p>\n\n\n\n<p>Ap\u00f3s a triagem, o material \u00e9 encaminhado para coprocessamento em cimenteiras e ind\u00fastrias especializadas, sendo reaproveitado como combust\u00edvel alternativo ou transformado em produtos reciclados, como pisos, tapetes e solados de cal\u00e7ados.<\/p>\n\n\n\n<p>\u201cQuem ama Manaus, n\u00e3o joga pneu na rua. A Semulsp recolhe e encaminha para o local correto que garante o reaproveitamento e o destino respons\u00e1vel. Mas precisamos da consci\u00eancia de todos para acabar com essa pr\u00e1tica irregular\u201d, destacou Sab\u00e1 Reis.<\/p>\n\n\n\n<p><strong>Colabora\u00e7\u00e3o popular<\/strong><\/p>\n\n\n\n<p>A popula\u00e7\u00e3o pode colaborar acionando o Disk Semulsp, pelo WhatsApp (92) 98842-1202 \/ 1276 \/ 1277 \/ 4738, sempre que identificar pontos de descarte irregular.<\/p>\n\n\n\n<p>\u201cManter Manaus limpa \u00e9 uma responsabilidade compartilhada. O poder p\u00fablico faz a parte dele, mas precisamos que cada cidad\u00e3o tamb\u00e9m fa\u00e7a a sua\u201d, concluiu Sab\u00e1 Reis.<\/p>\n\n\n\n<p>&#8212; &#8212; &#8212;<\/p>\n\n\n\n<p><strong>Texto &#8211;<\/strong> Dora Tupinamb\u00e1 \/ Semulsp<\/p>\n\n\n\n<p><strong>Fotos &#8211;<\/strong> Divulga\u00e7\u00e3o \/ Semulsp<\/p>\n","protected":false},"excerpt":{"rendered":"","protected":false},"author":57,"featured_media":246963,"comment_status":"closed","ping_status":"closed","sticky":false,"template":"","format":"standard","meta":{"footnotes":""},"categories":[44],"tags":[17377,77,301],"acf":[],"yoast_head":"<!-- This site is optimized with the Yoast SEO plugin v23.0 - https:\/\/yoast.com\/wordpress\/plugins\/seo\/ -->\n<title>10 mil pneus descartados irregularmente em setembro<\/title>\n<meta name=\"description\" content=\"A Prefeitura, por meio da Secretaria Municipal de Limpeza Urbana (Semulsp), recolheu cerca de 10 mil pneus descartados irregularmente.\" \/>\n<meta name=\"robots\" content=\"index, follow, max-snippet:-1, max-image-preview:large, max-video-preview:-1\" \/>\n<link rel=\"canonical\" href=\"https:\/\/www.manaus.am.gov.br\/semcom\/pneus-descartados\/\" \/>\n<meta property=\"og:locale\" content=\"pt_BR\" \/>\n<meta property=\"og:type\" content=\"article\" \/>\n<meta property=\"og:title\" content=\"10 mil pneus descartados irregularmente em setembro\" \/>\n<meta property=\"og:description\" content=\"A Prefeitura, por meio da Secretaria Municipal de Limpeza Urbana (Semulsp), recolheu cerca de 10 mil pneus descartados irregularmente.\" \/>\n<meta property=\"og:url\" content=\"https:\/\/www.manaus.am.gov.br\/semcom\/pneus-descartados\/\" \/>\n<meta property=\"og:site_name\" content=\"SEMCOM\" \/>\n<meta property=\"article:published_time\" content=\"2025-10-13T19:25:10+00:00\" \/>\n<meta property=\"article:modified_time\" content=\"2025-10-13T19:25:12+00:00\" \/>\n<meta property=\"og:image\" content=\"https:\/\/www.manaus.am.gov.br\/semcom\/wp-content\/uploads\/sites\/5\/2025\/10\/pneus-descartados-3.jpeg\" \/>\n\t<meta property=\"og:image:width\" content=\"1177\" \/>\n\t<meta property=\"og:image:height\" content=\"937\" \/>\n\t<meta property=\"og:image:type\" content=\"image\/jpeg\" \/>\n<meta name=\"author\" content=\"Thiago Fernando\" \/>\n<meta name=\"twitter:card\" content=\"summary_large_image\" \/>\n<meta name=\"twitter:label1\" content=\"Written by\" \/>\n\t<meta name=\"twitter:data1\" content=\"Thiago Fernando\" \/>\n\t<meta name=\"twitter:label2\" content=\"Est. reading time\" \/>\n\t<meta name=\"twitter:data2\" content=\"3 minutos\" \/>\n<script type=\"application\/ld+json\" class=\"yoast-schema-graph\">{\"@context\":\"https:\/\/schema.org\",\"@graph\":[{\"@type\":\"WebPage\",\"@id\":\"https:\/\/www.manaus.am.gov.br\/semcom\/pneus-descartados\/\",\"url\":\"https:\/\/www.manaus.am.gov.br\/semcom\/pneus-descartados\/\",\"name\":\"10 mil pneus descartados irregularmente em setembro\",\"isPartOf\":{\"@id\":\"https:\/\/www.manaus.am.gov.br\/semcom\/#website\"},\"primaryImageOfPage\":{\"@id\":\"https:\/\/www.manaus.am.gov.br\/semcom\/pneus-descartados\/#primaryimage\"},\"image\":{\"@id\":\"https:\/\/www.manaus.am.gov.br\/semcom\/pneus-descartados\/#primaryimage\"},\"thumbnailUrl\":\"https:\/\/www.manaus.am.gov.br\/semcom\/wp-content\/uploads\/sites\/5\/2025\/10\/pneus-descartados-3.jpeg\",\"datePublished\":\"2025-10-13T19:25:10+00:00\",\"dateModified\":\"2025-10-13T19:25:12+00:00\",\"author\":{\"@id\":\"https:\/\/www.manaus.am.gov.br\/semcom\/#\/schema\/person\/a5ee5376db6e21af026374b369f30882\"},\"description\":\"A Prefeitura, por meio da Secretaria Municipal de Limpeza Urbana (Semulsp), recolheu cerca de 10 mil pneus descartados irregularmente.\",\"inLanguage\":\"pt-BR\",\"potentialAction\":[{\"@type\":\"ReadAction\",\"target\":[\"https:\/\/www.manaus.am.gov.br\/semcom\/pneus-descartados\/\"]}]},{\"@type\":\"ImageObject\",\"inLanguage\":\"pt-BR\",\"@id\":\"https:\/\/www.manaus.am.gov.br\/semcom\/pneus-descartados\/#primaryimage\",\"url\":\"https:\/\/www.manaus.am.gov.br\/semcom\/wp-content\/uploads\/sites\/5\/2025\/10\/pneus-descartados-3.jpeg\",\"contentUrl\":\"https:\/\/www.manaus.am.gov.br\/semcom\/wp-content\/uploads\/sites\/5\/2025\/10\/pneus-descartados-3.jpeg\",\"width\":1177,\"height\":937,\"caption\":\"#paratodosverem - Servidor da Semulsp recolhendo pneus\"},{\"@type\":\"WebSite\",\"@id\":\"https:\/\/www.manaus.am.gov.br\/semcom\/#website\",\"url\":\"https:\/\/www.manaus.am.gov.br\/semcom\/\",\"name\":\"SEMCOM\",\"description\":\"Secretaria Municipal de Comunica\u00e7\u00e3o\",\"potentialAction\":[{\"@type\":\"SearchAction\",\"target\":{\"@type\":\"EntryPoint\",\"urlTemplate\":\"https:\/\/www.manaus.am.gov.br\/semcom\/?s={search_term_string}\"},\"query-input\":\"required name=search_term_string\"}],\"inLanguage\":\"pt-BR\"},{\"@type\":\"Person\",\"@id\":\"https:\/\/www.manaus.am.gov.br\/semcom\/#\/schema\/person\/a5ee5376db6e21af026374b369f30882\",\"name\":\"Thiago Fernando\",\"image\":{\"@type\":\"ImageObject\",\"inLanguage\":\"pt-BR\",\"@id\":\"https:\/\/www.manaus.am.gov.br\/semcom\/#\/schema\/person\/image\/\",\"url\":\"https:\/\/secure.gravatar.com\/avatar\/f5aab8722444041451501c077052ac07?s=96&d=mm&r=g\",\"contentUrl\":\"https:\/\/secure.gravatar.com\/avatar\/f5aab8722444041451501c077052ac07?s=96&d=mm&r=g\",\"caption\":\"Thiago Fernando\"}}]}<\/script>\n<!-- \/ Yoast SEO plugin. -->","yoast_head_json":{"title":"10 mil pneus descartados irregularmente em setembro","description":"A Prefeitura, por meio da Secretaria Municipal de Limpeza Urbana (Semulsp), recolheu cerca de 10 mil pneus descartados irregularmente.","robots":{"index":"index","follow":"follow","max-snippet":"max-snippet:-1","max-image-preview":"max-image-preview:large","max-video-preview":"max-video-preview:-1"},"canonical":"https:\/\/www.manaus.am.gov.br\/semcom\/pneus-descartados\/","og_locale":"pt_BR","og_type":"article","og_title":"10 mil pneus descartados irregularmente em setembro","og_description":"A Prefeitura, por meio da Secretaria Municipal de Limpeza Urbana (Semulsp), recolheu cerca de 10 mil pneus descartados irregularmente.","og_url":"https:\/\/www.manaus.am.gov.br\/semcom\/pneus-descartados\/","og_site_name":"SEMCOM","article_published_time":"2025-10-13T19:25:10+00:00","article_modified_time":"2025-10-13T19:25:12+00:00","og_image":[{"width":1177,"height":937,"url":"https:\/\/www.manaus.am.gov.br\/semcom\/wp-content\/uploads\/sites\/5\/2025\/10\/pneus-descartados-3.jpeg","type":"image\/jpeg"}],"author":"Thiago Fernando","twitter_card":"summary_large_image","twitter_misc":{"Written by":"Thiago Fernando","Est. reading time":"3 minutos"},"schema":{"@context":"https:\/\/schema.org","@graph":[{"@type":"WebPage","@id":"https:\/\/www.manaus.am.gov.br\/semcom\/pneus-descartados\/","url":"https:\/\/www.manaus.am.gov.br\/semcom\/pneus-descartados\/","name":"10 mil pneus descartados irregularmente em setembro","isPartOf":{"@id":"https:\/\/www.manaus.am.gov.br\/semcom\/#website"},"primaryImageOfPage":{"@id":"https:\/\/www.manaus.am.gov.br\/semcom\/pneus-descartados\/#primaryimage"},"image":{"@id":"https:\/\/www.manaus.am.gov.br\/semcom\/pneus-descartados\/#primaryimage"},"thumbnailUrl":"https:\/\/www.manaus.am.gov.br\/semcom\/wp-content\/uploads\/sites\/5\/2025\/10\/pneus-descartados-3.jpeg","datePublished":"2025-10-13T19:25:10+00:00","dateModified":"2025-10-13T19:25:12+00:00","author":{"@id":"https:\/\/www.manaus.am.gov.br\/semcom\/#\/schema\/person\/a5ee5376db6e21af026374b369f30882"},"description":"A Prefeitura, por meio da Secretaria Municipal de Limpeza Urbana (Semulsp), recolheu cerca de 10 mil pneus descartados irregularmente.","inLanguage":"pt-BR","potentialAction":[{"@type":"ReadAction","target":["https:\/\/www.manaus.am.gov.br\/semcom\/pneus-descartados\/"]}]},{"@type":"ImageObject","inLanguage":"pt-BR","@id":"https:\/\/www.manaus.am.gov.br\/semcom\/pneus-descartados\/#primaryimage","url":"https:\/\/www.manaus.am.gov.br\/semcom\/wp-content\/uploads\/sites\/5\/2025\/10\/pneus-descartados-3.jpeg","contentUrl":"https:\/\/www.manaus.am.gov.br\/semcom\/wp-content\/uploads\/sites\/5\/2025\/10\/pneus-descartados-3.jpeg","width":1177,"height":937,"caption":"#paratodosverem - Servidor da Semulsp recolhendo pneus"},{"@type":"WebSite","@id":"https:\/\/www.manaus.am.gov.br\/semcom\/#website","url":"https:\/\/www.manaus.am.gov.br\/semcom\/","name":"SEMCOM","description":"Secretaria Municipal de Comunica\u00e7\u00e3o","potentialAction":[{"@type":"SearchAction","target":{"@type":"EntryPoint","urlTemplate":"https:\/\/www.manaus.am.gov.br\/semcom\/?s={search_term_string}"},"query-input":"required name=search_term_string"}],"inLanguage":"pt-BR"},{"@type":"Person","@id":"https:\/\/www.manaus.am.gov.br\/semcom\/#\/schema\/person\/a5ee5376db6e21af026374b369f30882","name":"Thiago Fernando","image":{"@type":"ImageObject","inLanguage":"pt-BR","@id":"https:\/\/www.manaus.am.gov.br\/semcom\/#\/schema\/person\/image\/","url":"https:\/\/secure.gravatar.com\/avatar\/f5aab8722444041451501c077052ac07?s=96&d=mm&r=g","contentUrl":"https:\/\/secure.gravatar.com\/avatar\/f5aab8722444041451501c077052ac07?s=96&d=mm&r=g","caption":"Thiago Fernando"}}]}},"_links":{"self":[{"href":"https:\/\/www.manaus.am.gov.br\/semcom\/wp-json\/wp\/v2\/posts\/246962"}],"collection":[{"href":"https:\/\/www.manaus.am.gov.br\/semcom\/wp-json\/wp\/v2\/posts"}],"about":[{"href":"https:\/\/www.manaus.am.gov.br\/semcom\/wp-json\/wp\/v2\/types\/post"}],"author":[{"embeddable":true,"href":"https:\/\/www.manaus.am.gov.br\/semcom\/wp-json\/wp\/v2\/users\/57"}],"replies":[{"embeddable":true,"href":"https:\/\/www.manaus.am.gov.br\/semcom\/wp-json\/wp\/v2\/comments?post=246962"}],"version-history":[{"count":0,"href":"https:\/\/www.manaus.am.gov.br\/semcom\/wp-json\/wp\/v2\/posts\/246962\/revisions"}],"wp:featuredmedia":[{"embeddable":true,"href":"https:\/\/www.manaus.am.gov.br\/semcom\/wp-json\/wp\/v2\/media\/246963"}],"wp:attachment":[{"href":"https:\/\/www.manaus.am.gov.br\/semcom\/wp-json\/wp\/v2\/media?parent=246962"}],"wp:term":[{"taxonomy":"category","embeddable":true,"href":"https:\/\/www.manaus.am.gov.br\/semcom\/wp-json\/wp\/v2\/categories?post=246962"},{"taxonomy":"post_tag","embeddable":true,"href":"https:\/\/www.manaus.am.gov.br\/semcom\/wp-json\/wp\/v2\/tags?post=246962"}],"curies":[{"name":"wp","href":"https:\/\/api.w.org\/{rel}","templated":true}]}}