{"id":246933,"date":"2025-10-12T23:51:10","date_gmt":"2025-10-13T02:51:10","guid":{"rendered":"https:\/\/www.manaus.am.gov.br\/semcom\/semana-do-brinca-manaus\/"},"modified":"2025-10-12T23:51:23","modified_gmt":"2025-10-13T02:51:23","slug":"semana-do-brinca-manaus","status":"publish","type":"post","link":"https:\/\/www.manaus.am.gov.br\/semcom\/semana-do-brinca-manaus\/","title":{"rendered":"Prefeito David Almeida encerra Dia das Crian\u00e7as com 120 mil pessoas no parque Gigantes da Floresta"},"content":{"rendered":"\n<p>O prefeito de Manaus, David Almeida, participou, no fim da tarde deste domingo, 12\/10, da primeira edi\u00e7\u00e3o do \u201cBrinca Manaus\u201d, evento promovido pela Prefeitura de Manaus, por meio do Fundo Manaus Solid\u00e1ria (FMS), em alus\u00e3o ao Dia das Crian\u00e7as. Acompanhado da primeira-dama, Izabelle Fontenelle, e da presidente do FMS, Viviana Lira, o prefeito entregou parte dos 15 mil brinquedos distribu\u00eddos gratuitamente \u00e0s crian\u00e7as que lotaram o parque Gigantes da Floresta, localizado na alameda Alphaville, entre as zonas Leste e Norte da capital.<\/p>\n\n\n\n<p>Desde as primeiras horas da manh\u00e3, o parque registrou um p\u00fablico rotativo de cerca de 120 mil pessoas, que participaram de uma extensa programa\u00e7\u00e3o com brincadeiras, shows, apresenta\u00e7\u00f5es art\u00edsticas, concursos e distribui\u00e7\u00e3o de brindes.<\/p>\n\n\n\n<p>\u201cO primeiro \u2018Brinca Manaus\u2019 contemplou v\u00e1rios pontos da cidade, incluindo a zona rural, com a festa maior aqui no parque Gigantes da Floresta, organizada pelo Fundo Manaus Solid\u00e1ria. Isso \u00e9 um pren\u00fancio do que n\u00f3s vamos fazer para o Natal. Est\u00e3o todos de parab\u00e9ns\u201d, destacou o prefeito David Almeida, ao ressaltar a dimens\u00e3o e o car\u00e1ter popular do evento.<\/p>\n\n\n\n<p>O prefeito tamb\u00e9m enfatizou o prop\u00f3sito social da iniciativa. \u201cEstamos muito felizes de poder estar presentes no primeiro \u2018Brinca Manaus\u2019, em comemora\u00e7\u00e3o ao Dia das Crian\u00e7as, em uma festa bem organizada, gratuita e feita para as fam\u00edlias e crian\u00e7as aqui da zona Leste da cidade\u201d.<\/p>\n\n\n\n<p>Antes do grande encerramento no parque Gigantes da Floresta, o projeto \u201cBrinca Manaus\u201d percorreu diversos pontos da capital e da zona rural, oferecendo lazer, cultura e recrea\u00e7\u00e3o para milhares de fam\u00edlias.<\/p>\n\n\n\n<p><strong>Projeto<\/strong><\/p>\n\n\n\n<p>A programa\u00e7\u00e3o especial teve in\u00edcio no parque lagoa do Japiim, no dia 3\/10, com atividades educativas, oficinas de pintura e conta\u00e7\u00e3o de hist\u00f3rias voltadas \u00e0s crian\u00e7as da zona Sul. No domingo, pela manh\u00e3, a alegria tamb\u00e9m tomou conta da tradicional faixa liberada na avenida Get\u00falio Vargas, no Centro, onde brinquedos infl\u00e1veis, jogos, pintura facial e personagens infantis transformaram a via em um grande espa\u00e7o de conviv\u00eancia familiar.<\/p>\n\n\n\n<p>Na zona rural, o projeto contemplou 14 comunidades ribeirinhas, beneficiando cerca de 800 crian\u00e7as com apresenta\u00e7\u00f5es culturais e distribui\u00e7\u00e3o de brinquedos. J\u00e1 na \u00e1rea urbana, o evento passou por bairros como Col\u00f4nia Ant\u00f4nio Aleixo, na zona Leste, reunindo centenas de fam\u00edlias no campo Rei Pel\u00e9 com recrea\u00e7\u00e3o gratuita, personagens vivos e shows infantis. Ao todo, 30 mil brinquedos foram distribu\u00eddos nos eventos do projeto.<\/p>\n\n\n\n<p>Durante o evento principal no parque, a presidente do Fundo Manaus Solid\u00e1ria, Viviana Lira, destacou o carinho com que o projeto foi preparado e anunciou novas a\u00e7\u00f5es voltadas \u00e0s crian\u00e7as.<\/p>\n\n\n\n<p>\u201cHoje foi mais um \u2018Brinca Manaus\u2019, mais uma grande festa preparada com muito carinho. Estivemos em todas as zonas de Manaus e encerramos com chave de ouro aqui, no Gigantes da Floresta. Nessa gest\u00e3o, a gente se preocupa com as crian\u00e7as, e vem a\u00ed a festa do parque Cidade da Crian\u00e7a, que ser\u00e1 entregue totalmente revitalizado ainda neste m\u00eas\u201d, disse.<\/p>\n\n\n\n<p><strong>Sucesso garantido<\/strong><\/p>\n\n\n\n<p>A administradora do parque, vinculado \u00e0 Secretaria Municipal de Agricultura, Abastecimento, Centro e Com\u00e9rcio Informal (Semacc), Fl\u00e1via Ketlen, comemorou o sucesso da programa\u00e7\u00e3o.&nbsp;<\/p>\n\n\n\n<p>\u201cO nosso Dia das Crian\u00e7as aqui no Gigantes da Floresta foi maravilhoso e batemos o recorde de p\u00fablico de 120 mil pessoas circulando no parque. Esse evento gigantesco trouxe a oportunidade de valoriza\u00e7\u00e3o ao com\u00e9rcio informal, mais vendas e oportunidades para a nossa comunidade. Hoje foi uma b\u00ean\u00e7\u00e3o, com v\u00e1rios brinquedos infl\u00e1veis, doa\u00e7\u00e3o de brinquedos e muita divers\u00e3o. Feliz Dia das Crian\u00e7as\u201d, celebrou.<\/p>\n\n\n\n<p>Essas a\u00e7\u00f5es refor\u00e7am o compromisso da Prefeitura de Manaus em levar cidadania, lazer e inclus\u00e3o a todas as regi\u00f5es da capital, valorizando igualmente o interior e as comunidades perif\u00e9ricas urbanas.<\/p>\n\n\n\n<p>A a\u00e7\u00e3o contou ainda com o concurso \u201cCabelo Maluco\u201d, que premiou a criatividade das fam\u00edlias. A m\u00e3e de uma das vencedoras, Daniele Ferreira, de 34 anos, tamb\u00e9m celebrou o momento. \u201cFoi s\u00f3 uma brincadeira, mas trouxe muita alegria. Agrade\u00e7o ao prefeito David Almeida por proporcionar um momento assim, que fez minha filha muito feliz\u201d.<\/p>\n\n\n\n<p>A pequena Yasmin Bianka, de 8 anos, foi uma das ganhadoras e comemorou. \u201cEstou muito feliz, eu ganhei uma bola. Eu que escolhi\u201d.<\/p>\n\n\n\n<p>Com o sucesso da primeira edi\u00e7\u00e3o, o \u201cBrinca Manaus\u201d se consolida como a maior programa\u00e7\u00e3o p\u00fablica de lazer e recrea\u00e7\u00e3o infantil da cidade, reafirmando o compromisso da gest\u00e3o David Almeida em promover inclus\u00e3o, conviv\u00eancia e alegria para todas as fam\u00edlias manauaras.<\/p>\n\n\n\n<p>\u2014 \u2014 \u2014<br><strong>Texto &#8211;<\/strong> Emanuelle Baires \/ Semcom-Prefeito<br><strong>Fotos &#8211; <\/strong>Dhyeizo Lemos \/ Semcom-Prefeito e Valdo Le\u00e3o \/ Semcom<br><strong>Dispon\u00edveis em &#8211; <\/strong><a href=\"https:\/\/flic.kr\/s\/aHBqjCxad8\">https:\/\/flic.kr\/s\/aHBqjCxad8<\/a>\u00a0<\/p>\n","protected":false},"excerpt":{"rendered":"","protected":false},"author":68,"featured_media":246934,"comment_status":"closed","ping_status":"closed","sticky":false,"template":"","format":"standard","meta":{"footnotes":""},"categories":[1884],"tags":[35,4012,17363,77,17319],"acf":[],"yoast_head":"<!-- This site is optimized with the Yoast SEO plugin v23.0 - https:\/\/yoast.com\/wordpress\/plugins\/seo\/ -->\n<title>Prefeito David Almeida encerra semana do \u2018Brinca Manaus\u2019<\/title>\n<meta name=\"description\" content=\"O prefeito de Manaus, David Almeida, participou, no fim da tarde deste domingo, 12\/10, da primeira edi\u00e7\u00e3o do \u201cBrinca Manaus\u201d.\" \/>\n<meta name=\"robots\" content=\"index, follow, max-snippet:-1, max-image-preview:large, max-video-preview:-1\" \/>\n<link rel=\"canonical\" href=\"https:\/\/www.manaus.am.gov.br\/semcom\/semana-do-brinca-manaus\/\" \/>\n<meta property=\"og:locale\" content=\"pt_BR\" \/>\n<meta property=\"og:type\" content=\"article\" \/>\n<meta property=\"og:title\" content=\"Prefeito David Almeida encerra semana do \u2018Brinca Manaus\u2019\" \/>\n<meta property=\"og:description\" content=\"O prefeito de Manaus, David Almeida, participou, no fim da tarde deste domingo, 12\/10, da primeira edi\u00e7\u00e3o do \u201cBrinca Manaus\u201d.\" \/>\n<meta property=\"og:url\" content=\"https:\/\/www.manaus.am.gov.br\/semcom\/semana-do-brinca-manaus\/\" \/>\n<meta property=\"og:site_name\" content=\"SEMCOM\" \/>\n<meta property=\"article:published_time\" content=\"2025-10-13T02:51:10+00:00\" \/>\n<meta property=\"article:modified_time\" content=\"2025-10-13T02:51:23+00:00\" \/>\n<meta property=\"og:image\" content=\"https:\/\/www.manaus.am.gov.br\/semcom\/wp-content\/uploads\/sites\/5\/2025\/10\/54850993169_3cc53a30bd_c.jpg\" \/>\n\t<meta property=\"og:image:width\" content=\"799\" \/>\n\t<meta property=\"og:image:height\" content=\"533\" \/>\n\t<meta property=\"og:image:type\" content=\"image\/jpeg\" \/>\n<meta name=\"author\" content=\"bvalente\" \/>\n<meta name=\"twitter:card\" content=\"summary_large_image\" \/>\n<meta name=\"twitter:label1\" content=\"Written by\" \/>\n\t<meta name=\"twitter:data1\" content=\"bvalente\" \/>\n\t<meta name=\"twitter:label2\" content=\"Est. reading time\" \/>\n\t<meta name=\"twitter:data2\" content=\"5 minutos\" \/>\n<script type=\"application\/ld+json\" class=\"yoast-schema-graph\">{\"@context\":\"https:\/\/schema.org\",\"@graph\":[{\"@type\":\"WebPage\",\"@id\":\"https:\/\/www.manaus.am.gov.br\/semcom\/semana-do-brinca-manaus\/\",\"url\":\"https:\/\/www.manaus.am.gov.br\/semcom\/semana-do-brinca-manaus\/\",\"name\":\"Prefeito David Almeida encerra semana do \u2018Brinca Manaus\u2019\",\"isPartOf\":{\"@id\":\"https:\/\/www.manaus.am.gov.br\/semcom\/#website\"},\"primaryImageOfPage\":{\"@id\":\"https:\/\/www.manaus.am.gov.br\/semcom\/semana-do-brinca-manaus\/#primaryimage\"},\"image\":{\"@id\":\"https:\/\/www.manaus.am.gov.br\/semcom\/semana-do-brinca-manaus\/#primaryimage\"},\"thumbnailUrl\":\"https:\/\/www.manaus.am.gov.br\/semcom\/wp-content\/uploads\/sites\/5\/2025\/10\/54850993169_3cc53a30bd_c.jpg\",\"datePublished\":\"2025-10-13T02:51:10+00:00\",\"dateModified\":\"2025-10-13T02:51:23+00:00\",\"author\":{\"@id\":\"https:\/\/www.manaus.am.gov.br\/semcom\/#\/schema\/person\/466a0e03ae4b6062809046bd560ac955\"},\"description\":\"O prefeito de Manaus, David Almeida, participou, no fim da tarde deste domingo, 12\/10, da primeira edi\u00e7\u00e3o do \u201cBrinca Manaus\u201d.\",\"inLanguage\":\"pt-BR\",\"potentialAction\":[{\"@type\":\"ReadAction\",\"target\":[\"https:\/\/www.manaus.am.gov.br\/semcom\/semana-do-brinca-manaus\/\"]}]},{\"@type\":\"ImageObject\",\"inLanguage\":\"pt-BR\",\"@id\":\"https:\/\/www.manaus.am.gov.br\/semcom\/semana-do-brinca-manaus\/#primaryimage\",\"url\":\"https:\/\/www.manaus.am.gov.br\/semcom\/wp-content\/uploads\/sites\/5\/2025\/10\/54850993169_3cc53a30bd_c.jpg\",\"contentUrl\":\"https:\/\/www.manaus.am.gov.br\/semcom\/wp-content\/uploads\/sites\/5\/2025\/10\/54850993169_3cc53a30bd_c.jpg\",\"width\":799,\"height\":533,\"caption\":\"#paratodosverem \u2013 Prefeito sorrindo com crian\u00e7as em frente ao painel do Brinca Manaus, durante evento\"},{\"@type\":\"WebSite\",\"@id\":\"https:\/\/www.manaus.am.gov.br\/semcom\/#website\",\"url\":\"https:\/\/www.manaus.am.gov.br\/semcom\/\",\"name\":\"SEMCOM\",\"description\":\"Secretaria Municipal de Comunica\u00e7\u00e3o\",\"potentialAction\":[{\"@type\":\"SearchAction\",\"target\":{\"@type\":\"EntryPoint\",\"urlTemplate\":\"https:\/\/www.manaus.am.gov.br\/semcom\/?s={search_term_string}\"},\"query-input\":\"required name=search_term_string\"}],\"inLanguage\":\"pt-BR\"},{\"@type\":\"Person\",\"@id\":\"https:\/\/www.manaus.am.gov.br\/semcom\/#\/schema\/person\/466a0e03ae4b6062809046bd560ac955\",\"name\":\"bvalente\",\"image\":{\"@type\":\"ImageObject\",\"inLanguage\":\"pt-BR\",\"@id\":\"https:\/\/www.manaus.am.gov.br\/semcom\/#\/schema\/person\/image\/\",\"url\":\"https:\/\/secure.gravatar.com\/avatar\/3e69bc2b014bdad41adfec3a39de07d2?s=96&d=mm&r=g\",\"contentUrl\":\"https:\/\/secure.gravatar.com\/avatar\/3e69bc2b014bdad41adfec3a39de07d2?s=96&d=mm&r=g\",\"caption\":\"bvalente\"}}]}<\/script>\n<!-- \/ Yoast SEO plugin. -->","yoast_head_json":{"title":"Prefeito David Almeida encerra semana do \u2018Brinca Manaus\u2019","description":"O prefeito de Manaus, David Almeida, participou, no fim da tarde deste domingo, 12\/10, da primeira edi\u00e7\u00e3o do \u201cBrinca Manaus\u201d.","robots":{"index":"index","follow":"follow","max-snippet":"max-snippet:-1","max-image-preview":"max-image-preview:large","max-video-preview":"max-video-preview:-1"},"canonical":"https:\/\/www.manaus.am.gov.br\/semcom\/semana-do-brinca-manaus\/","og_locale":"pt_BR","og_type":"article","og_title":"Prefeito David Almeida encerra semana do \u2018Brinca Manaus\u2019","og_description":"O prefeito de Manaus, David Almeida, participou, no fim da tarde deste domingo, 12\/10, da primeira edi\u00e7\u00e3o do \u201cBrinca Manaus\u201d.","og_url":"https:\/\/www.manaus.am.gov.br\/semcom\/semana-do-brinca-manaus\/","og_site_name":"SEMCOM","article_published_time":"2025-10-13T02:51:10+00:00","article_modified_time":"2025-10-13T02:51:23+00:00","og_image":[{"width":799,"height":533,"url":"https:\/\/www.manaus.am.gov.br\/semcom\/wp-content\/uploads\/sites\/5\/2025\/10\/54850993169_3cc53a30bd_c.jpg","type":"image\/jpeg"}],"author":"bvalente","twitter_card":"summary_large_image","twitter_misc":{"Written by":"bvalente","Est. reading time":"5 minutos"},"schema":{"@context":"https:\/\/schema.org","@graph":[{"@type":"WebPage","@id":"https:\/\/www.manaus.am.gov.br\/semcom\/semana-do-brinca-manaus\/","url":"https:\/\/www.manaus.am.gov.br\/semcom\/semana-do-brinca-manaus\/","name":"Prefeito David Almeida encerra semana do \u2018Brinca Manaus\u2019","isPartOf":{"@id":"https:\/\/www.manaus.am.gov.br\/semcom\/#website"},"primaryImageOfPage":{"@id":"https:\/\/www.manaus.am.gov.br\/semcom\/semana-do-brinca-manaus\/#primaryimage"},"image":{"@id":"https:\/\/www.manaus.am.gov.br\/semcom\/semana-do-brinca-manaus\/#primaryimage"},"thumbnailUrl":"https:\/\/www.manaus.am.gov.br\/semcom\/wp-content\/uploads\/sites\/5\/2025\/10\/54850993169_3cc53a30bd_c.jpg","datePublished":"2025-10-13T02:51:10+00:00","dateModified":"2025-10-13T02:51:23+00:00","author":{"@id":"https:\/\/www.manaus.am.gov.br\/semcom\/#\/schema\/person\/466a0e03ae4b6062809046bd560ac955"},"description":"O prefeito de Manaus, David Almeida, participou, no fim da tarde deste domingo, 12\/10, da primeira edi\u00e7\u00e3o do \u201cBrinca Manaus\u201d.","inLanguage":"pt-BR","potentialAction":[{"@type":"ReadAction","target":["https:\/\/www.manaus.am.gov.br\/semcom\/semana-do-brinca-manaus\/"]}]},{"@type":"ImageObject","inLanguage":"pt-BR","@id":"https:\/\/www.manaus.am.gov.br\/semcom\/semana-do-brinca-manaus\/#primaryimage","url":"https:\/\/www.manaus.am.gov.br\/semcom\/wp-content\/uploads\/sites\/5\/2025\/10\/54850993169_3cc53a30bd_c.jpg","contentUrl":"https:\/\/www.manaus.am.gov.br\/semcom\/wp-content\/uploads\/sites\/5\/2025\/10\/54850993169_3cc53a30bd_c.jpg","width":799,"height":533,"caption":"#paratodosverem \u2013 Prefeito sorrindo com crian\u00e7as em frente ao painel do Brinca Manaus, durante evento"},{"@type":"WebSite","@id":"https:\/\/www.manaus.am.gov.br\/semcom\/#website","url":"https:\/\/www.manaus.am.gov.br\/semcom\/","name":"SEMCOM","description":"Secretaria Municipal de Comunica\u00e7\u00e3o","potentialAction":[{"@type":"SearchAction","target":{"@type":"EntryPoint","urlTemplate":"https:\/\/www.manaus.am.gov.br\/semcom\/?s={search_term_string}"},"query-input":"required name=search_term_string"}],"inLanguage":"pt-BR"},{"@type":"Person","@id":"https:\/\/www.manaus.am.gov.br\/semcom\/#\/schema\/person\/466a0e03ae4b6062809046bd560ac955","name":"bvalente","image":{"@type":"ImageObject","inLanguage":"pt-BR","@id":"https:\/\/www.manaus.am.gov.br\/semcom\/#\/schema\/person\/image\/","url":"https:\/\/secure.gravatar.com\/avatar\/3e69bc2b014bdad41adfec3a39de07d2?s=96&d=mm&r=g","contentUrl":"https:\/\/secure.gravatar.com\/avatar\/3e69bc2b014bdad41adfec3a39de07d2?s=96&d=mm&r=g","caption":"bvalente"}}]}},"_links":{"self":[{"href":"https:\/\/www.manaus.am.gov.br\/semcom\/wp-json\/wp\/v2\/posts\/246933"}],"collection":[{"href":"https:\/\/www.manaus.am.gov.br\/semcom\/wp-json\/wp\/v2\/posts"}],"about":[{"href":"https:\/\/www.manaus.am.gov.br\/semcom\/wp-json\/wp\/v2\/types\/post"}],"author":[{"embeddable":true,"href":"https:\/\/www.manaus.am.gov.br\/semcom\/wp-json\/wp\/v2\/users\/68"}],"replies":[{"embeddable":true,"href":"https:\/\/www.manaus.am.gov.br\/semcom\/wp-json\/wp\/v2\/comments?post=246933"}],"version-history":[{"count":1,"href":"https:\/\/www.manaus.am.gov.br\/semcom\/wp-json\/wp\/v2\/posts\/246933\/revisions"}],"predecessor-version":[{"id":246935,"href":"https:\/\/www.manaus.am.gov.br\/semcom\/wp-json\/wp\/v2\/posts\/246933\/revisions\/246935"}],"wp:featuredmedia":[{"embeddable":true,"href":"https:\/\/www.manaus.am.gov.br\/semcom\/wp-json\/wp\/v2\/media\/246934"}],"wp:attachment":[{"href":"https:\/\/www.manaus.am.gov.br\/semcom\/wp-json\/wp\/v2\/media?parent=246933"}],"wp:term":[{"taxonomy":"category","embeddable":true,"href":"https:\/\/www.manaus.am.gov.br\/semcom\/wp-json\/wp\/v2\/categories?post=246933"},{"taxonomy":"post_tag","embeddable":true,"href":"https:\/\/www.manaus.am.gov.br\/semcom\/wp-json\/wp\/v2\/tags?post=246933"}],"curies":[{"name":"wp","href":"https:\/\/api.w.org\/{rel}","templated":true}]}}