{"id":246825,"date":"2025-10-09T17:53:06","date_gmt":"2025-10-09T20:53:06","guid":{"rendered":"https:\/\/www.manaus.am.gov.br\/semcom\/reuniao-camara-do-brics\/"},"modified":"2025-10-09T17:54:25","modified_gmt":"2025-10-09T20:54:25","slug":"reuniao-camara-do-brics","status":"publish","type":"post","link":"https:\/\/www.manaus.am.gov.br\/semcom\/reuniao-camara-do-brics\/","title":{"rendered":"Manaus pode sediar C\u00e2mara do Brics e abrir novas portas para investimentos internacionais"},"content":{"rendered":"\n<p>A Prefeitura de Manaus deu um passo importante rumo \u00e0 internacionaliza\u00e7\u00e3o da economia da capital amazonense. Em reuni\u00e3o, realizada nesta quinta-feira, 9\/10, no audit\u00f3rio do mirante L\u00facia Almeida, no centro hist\u00f3rico, o Comit\u00ea de Melhoria do Ambiente de Neg\u00f3cios de Manaus (CMANM) recebeu o presidente global da C\u00e2mara de Com\u00e9rcio do Brics e Mercosul, Nelson Hoppe, que manifestou interesse em instalar uma C\u00e2mara do Brics em Manaus.<\/p>\n\n\n\n<p>A proposta, que pode transformar a cidade em um novo polo de investimentos estrangeiros, abre perspectivas promissoras para os setores de com\u00e9rcio, turismo e tecnologia de Manaus.<\/p>\n\n\n\n<p>O secret\u00e1rio municipal de Finan\u00e7as, Planejamento e Tecnologia da Informa\u00e7\u00e3o e presidente do CMANM, Cl\u00e9cio Freire, destacou que a iniciativa ocorreu em um ambiente prop\u00edcio e representa uma oportunidade concreta de integrar Manaus ao cen\u00e1rio econ\u00f4mico global.<\/p>\n\n\n\n<p>\u201cO comit\u00ea \u00e9 uma iniciativa do prefeito David Almeida no sentido de estreitar os la\u00e7os com o empresariado local. Aqui se discutem ideias e formas de destravar a economia, desburocratizando processos e fomentando parcerias como essa que come\u00e7amos a discutir com os representantes do Brics\u201d, explicou.<\/p>\n\n\n\n<p>Freire ressaltou que o encontro com o representante do Brics \u00e9 apenas o in\u00edcio de uma agenda de tratativas voltada \u00e0 diversifica\u00e7\u00e3o e fortalecimento da economia local. \u201cReceber o doutor Nelson Hoppe \u00e9 uma oportunidade \u00edmpar. Ele \u00e9 um parceiro estrat\u00e9gico que pode nos auxiliar a buscar alternativas para os produtos locais e fortalecer a integra\u00e7\u00e3o de Manaus com o mercado internacional\u201d, afirmou.<\/p>\n\n\n\n<p>Durante a reuni\u00e3o, Nelson Hoppe apresentou o potencial da capital amazonense como centro de neg\u00f3cios sustent\u00e1veis, destacando a import\u00e2ncia da regi\u00e3o para o mundo. \u201cManaus \u00e9 o cora\u00e7\u00e3o da Amaz\u00f4nia. Nossa inten\u00e7\u00e3o \u00e9 criar aqui um bra\u00e7o da C\u00e2mara do Brics, voltado a atrair investimentos estrangeiros, gerar empregos e impulsionar o desenvolvimento social e econ\u00f4mico\u201d, disse.<\/p>\n\n\n\n<p><br>O presidente da C\u00e2mara dos Dirigentes Lojistas de Manaus (CDL-Manaus), Ralph Assayag, tamb\u00e9m participou do encontro e refor\u00e7ou a relev\u00e2ncia do comit\u00ea como instrumento de di\u00e1logo entre o poder p\u00fablico e o empresariado. \u201cO comit\u00ea \u00e9 uma integra\u00e7\u00e3o com a Semef, onde discutimos a desburocratiza\u00e7\u00e3o do ambiente de neg\u00f3cios. Reuni\u00f5es como esta s\u00e3o essenciais porque abrem portas para novos neg\u00f3cios, especialmente nas \u00e1reas de turismo e com\u00e9rcio\u201d, afirmou.<\/p>\n\n\n\n<p>A Prefeitura de Manaus, por meio do CMANM, deve dar continuidade \u00e0s conversas com a C\u00e2mara de Com\u00e9rcio do Brics e Mercosul, consolidando uma agenda voltada \u00e0 atra\u00e7\u00e3o de investimentos e fortalecimento da economia local.<\/p>\n\n\n\n<p>&#8212; &#8212; &#8212;<br><strong>Texto &#8211;<\/strong> Anderson Farias\/ Semef<br><strong>Fotos &#8211; <\/strong>Jo\u00e3o Viana \/ Semcom<br><strong>Dispon\u00edveis em &#8211; <\/strong><a href=\"https:\/\/flic.kr\/s\/aHBqjCwY3B\">https:\/\/flic.kr\/s\/aHBqjCwY3B<\/a><\/p>\n","protected":false},"excerpt":{"rendered":"","protected":false},"author":68,"featured_media":246826,"comment_status":"closed","ping_status":"closed","sticky":false,"template":"","format":"standard","meta":{"footnotes":""},"categories":[2374],"tags":[17327,17328,17329,77],"acf":[],"yoast_head":"<!-- This site is optimized with the Yoast SEO plugin v23.0 - https:\/\/yoast.com\/wordpress\/plugins\/seo\/ -->\n<title>Manaus pode sediar C\u00e2mara do Brics<\/title>\n<meta name=\"description\" content=\"A Prefeitura de Manaus deu um passo importante rumo \u00e0 internacionaliza\u00e7\u00e3o da economia da capital amazonense.\" \/>\n<meta name=\"robots\" content=\"index, follow, max-snippet:-1, max-image-preview:large, max-video-preview:-1\" \/>\n<link rel=\"canonical\" href=\"https:\/\/www.manaus.am.gov.br\/semcom\/reuniao-camara-do-brics\/\" \/>\n<meta property=\"og:locale\" content=\"pt_BR\" \/>\n<meta property=\"og:type\" content=\"article\" \/>\n<meta property=\"og:title\" content=\"Manaus pode sediar C\u00e2mara do Brics\" \/>\n<meta property=\"og:description\" content=\"A Prefeitura de Manaus deu um passo importante rumo \u00e0 internacionaliza\u00e7\u00e3o da economia da capital amazonense.\" \/>\n<meta property=\"og:url\" content=\"https:\/\/www.manaus.am.gov.br\/semcom\/reuniao-camara-do-brics\/\" \/>\n<meta property=\"og:site_name\" content=\"SEMCOM\" \/>\n<meta property=\"article:published_time\" content=\"2025-10-09T20:53:06+00:00\" \/>\n<meta property=\"article:modified_time\" content=\"2025-10-09T20:54:25+00:00\" \/>\n<meta property=\"og:image\" content=\"https:\/\/www.manaus.am.gov.br\/semcom\/wp-content\/uploads\/sites\/5\/2025\/10\/54843064031_9aed51906b_c.jpg\" \/>\n\t<meta property=\"og:image:width\" content=\"799\" \/>\n\t<meta property=\"og:image:height\" content=\"533\" \/>\n\t<meta property=\"og:image:type\" content=\"image\/jpeg\" \/>\n<meta name=\"author\" content=\"bvalente\" \/>\n<meta name=\"twitter:card\" content=\"summary_large_image\" \/>\n<meta name=\"twitter:label1\" content=\"Written by\" \/>\n\t<meta name=\"twitter:data1\" content=\"bvalente\" \/>\n\t<meta name=\"twitter:label2\" content=\"Est. reading time\" \/>\n\t<meta name=\"twitter:data2\" content=\"3 minutos\" \/>\n<script type=\"application\/ld+json\" class=\"yoast-schema-graph\">{\"@context\":\"https:\/\/schema.org\",\"@graph\":[{\"@type\":\"WebPage\",\"@id\":\"https:\/\/www.manaus.am.gov.br\/semcom\/reuniao-camara-do-brics\/\",\"url\":\"https:\/\/www.manaus.am.gov.br\/semcom\/reuniao-camara-do-brics\/\",\"name\":\"Manaus pode sediar C\u00e2mara do Brics\",\"isPartOf\":{\"@id\":\"https:\/\/www.manaus.am.gov.br\/semcom\/#website\"},\"primaryImageOfPage\":{\"@id\":\"https:\/\/www.manaus.am.gov.br\/semcom\/reuniao-camara-do-brics\/#primaryimage\"},\"image\":{\"@id\":\"https:\/\/www.manaus.am.gov.br\/semcom\/reuniao-camara-do-brics\/#primaryimage\"},\"thumbnailUrl\":\"https:\/\/www.manaus.am.gov.br\/semcom\/wp-content\/uploads\/sites\/5\/2025\/10\/54843064031_9aed51906b_c.jpg\",\"datePublished\":\"2025-10-09T20:53:06+00:00\",\"dateModified\":\"2025-10-09T20:54:25+00:00\",\"author\":{\"@id\":\"https:\/\/www.manaus.am.gov.br\/semcom\/#\/schema\/person\/466a0e03ae4b6062809046bd560ac955\"},\"description\":\"A Prefeitura de Manaus deu um passo importante rumo \u00e0 internacionaliza\u00e7\u00e3o da economia da capital amazonense.\",\"inLanguage\":\"pt-BR\",\"potentialAction\":[{\"@type\":\"ReadAction\",\"target\":[\"https:\/\/www.manaus.am.gov.br\/semcom\/reuniao-camara-do-brics\/\"]}]},{\"@type\":\"ImageObject\",\"inLanguage\":\"pt-BR\",\"@id\":\"https:\/\/www.manaus.am.gov.br\/semcom\/reuniao-camara-do-brics\/#primaryimage\",\"url\":\"https:\/\/www.manaus.am.gov.br\/semcom\/wp-content\/uploads\/sites\/5\/2025\/10\/54843064031_9aed51906b_c.jpg\",\"contentUrl\":\"https:\/\/www.manaus.am.gov.br\/semcom\/wp-content\/uploads\/sites\/5\/2025\/10\/54843064031_9aed51906b_c.jpg\",\"width\":799,\"height\":533,\"caption\":\"#paratodosverem \u2013 Representantes do Comit\u00ea de Melhoria do Ambiente de Neg\u00f3cios de Manaus (CMANM), e presidente global da C\u00e2mara de Com\u00e9rcio do Brics e Mercosul, Nelson Hoppe, durante reuni\u00e3o\"},{\"@type\":\"WebSite\",\"@id\":\"https:\/\/www.manaus.am.gov.br\/semcom\/#website\",\"url\":\"https:\/\/www.manaus.am.gov.br\/semcom\/\",\"name\":\"SEMCOM\",\"description\":\"Secretaria Municipal de Comunica\u00e7\u00e3o\",\"potentialAction\":[{\"@type\":\"SearchAction\",\"target\":{\"@type\":\"EntryPoint\",\"urlTemplate\":\"https:\/\/www.manaus.am.gov.br\/semcom\/?s={search_term_string}\"},\"query-input\":\"required name=search_term_string\"}],\"inLanguage\":\"pt-BR\"},{\"@type\":\"Person\",\"@id\":\"https:\/\/www.manaus.am.gov.br\/semcom\/#\/schema\/person\/466a0e03ae4b6062809046bd560ac955\",\"name\":\"bvalente\",\"image\":{\"@type\":\"ImageObject\",\"inLanguage\":\"pt-BR\",\"@id\":\"https:\/\/www.manaus.am.gov.br\/semcom\/#\/schema\/person\/image\/\",\"url\":\"https:\/\/secure.gravatar.com\/avatar\/3e69bc2b014bdad41adfec3a39de07d2?s=96&d=mm&r=g\",\"contentUrl\":\"https:\/\/secure.gravatar.com\/avatar\/3e69bc2b014bdad41adfec3a39de07d2?s=96&d=mm&r=g\",\"caption\":\"bvalente\"}}]}<\/script>\n<!-- \/ Yoast SEO plugin. -->","yoast_head_json":{"title":"Manaus pode sediar C\u00e2mara do Brics","description":"A Prefeitura de Manaus deu um passo importante rumo \u00e0 internacionaliza\u00e7\u00e3o da economia da capital amazonense.","robots":{"index":"index","follow":"follow","max-snippet":"max-snippet:-1","max-image-preview":"max-image-preview:large","max-video-preview":"max-video-preview:-1"},"canonical":"https:\/\/www.manaus.am.gov.br\/semcom\/reuniao-camara-do-brics\/","og_locale":"pt_BR","og_type":"article","og_title":"Manaus pode sediar C\u00e2mara do Brics","og_description":"A Prefeitura de Manaus deu um passo importante rumo \u00e0 internacionaliza\u00e7\u00e3o da economia da capital amazonense.","og_url":"https:\/\/www.manaus.am.gov.br\/semcom\/reuniao-camara-do-brics\/","og_site_name":"SEMCOM","article_published_time":"2025-10-09T20:53:06+00:00","article_modified_time":"2025-10-09T20:54:25+00:00","og_image":[{"width":799,"height":533,"url":"https:\/\/www.manaus.am.gov.br\/semcom\/wp-content\/uploads\/sites\/5\/2025\/10\/54843064031_9aed51906b_c.jpg","type":"image\/jpeg"}],"author":"bvalente","twitter_card":"summary_large_image","twitter_misc":{"Written by":"bvalente","Est. reading time":"3 minutos"},"schema":{"@context":"https:\/\/schema.org","@graph":[{"@type":"WebPage","@id":"https:\/\/www.manaus.am.gov.br\/semcom\/reuniao-camara-do-brics\/","url":"https:\/\/www.manaus.am.gov.br\/semcom\/reuniao-camara-do-brics\/","name":"Manaus pode sediar C\u00e2mara do Brics","isPartOf":{"@id":"https:\/\/www.manaus.am.gov.br\/semcom\/#website"},"primaryImageOfPage":{"@id":"https:\/\/www.manaus.am.gov.br\/semcom\/reuniao-camara-do-brics\/#primaryimage"},"image":{"@id":"https:\/\/www.manaus.am.gov.br\/semcom\/reuniao-camara-do-brics\/#primaryimage"},"thumbnailUrl":"https:\/\/www.manaus.am.gov.br\/semcom\/wp-content\/uploads\/sites\/5\/2025\/10\/54843064031_9aed51906b_c.jpg","datePublished":"2025-10-09T20:53:06+00:00","dateModified":"2025-10-09T20:54:25+00:00","author":{"@id":"https:\/\/www.manaus.am.gov.br\/semcom\/#\/schema\/person\/466a0e03ae4b6062809046bd560ac955"},"description":"A Prefeitura de Manaus deu um passo importante rumo \u00e0 internacionaliza\u00e7\u00e3o da economia da capital amazonense.","inLanguage":"pt-BR","potentialAction":[{"@type":"ReadAction","target":["https:\/\/www.manaus.am.gov.br\/semcom\/reuniao-camara-do-brics\/"]}]},{"@type":"ImageObject","inLanguage":"pt-BR","@id":"https:\/\/www.manaus.am.gov.br\/semcom\/reuniao-camara-do-brics\/#primaryimage","url":"https:\/\/www.manaus.am.gov.br\/semcom\/wp-content\/uploads\/sites\/5\/2025\/10\/54843064031_9aed51906b_c.jpg","contentUrl":"https:\/\/www.manaus.am.gov.br\/semcom\/wp-content\/uploads\/sites\/5\/2025\/10\/54843064031_9aed51906b_c.jpg","width":799,"height":533,"caption":"#paratodosverem \u2013 Representantes do Comit\u00ea de Melhoria do Ambiente de Neg\u00f3cios de Manaus (CMANM), e presidente global da C\u00e2mara de Com\u00e9rcio do Brics e Mercosul, Nelson Hoppe, durante reuni\u00e3o"},{"@type":"WebSite","@id":"https:\/\/www.manaus.am.gov.br\/semcom\/#website","url":"https:\/\/www.manaus.am.gov.br\/semcom\/","name":"SEMCOM","description":"Secretaria Municipal de Comunica\u00e7\u00e3o","potentialAction":[{"@type":"SearchAction","target":{"@type":"EntryPoint","urlTemplate":"https:\/\/www.manaus.am.gov.br\/semcom\/?s={search_term_string}"},"query-input":"required name=search_term_string"}],"inLanguage":"pt-BR"},{"@type":"Person","@id":"https:\/\/www.manaus.am.gov.br\/semcom\/#\/schema\/person\/466a0e03ae4b6062809046bd560ac955","name":"bvalente","image":{"@type":"ImageObject","inLanguage":"pt-BR","@id":"https:\/\/www.manaus.am.gov.br\/semcom\/#\/schema\/person\/image\/","url":"https:\/\/secure.gravatar.com\/avatar\/3e69bc2b014bdad41adfec3a39de07d2?s=96&d=mm&r=g","contentUrl":"https:\/\/secure.gravatar.com\/avatar\/3e69bc2b014bdad41adfec3a39de07d2?s=96&d=mm&r=g","caption":"bvalente"}}]}},"_links":{"self":[{"href":"https:\/\/www.manaus.am.gov.br\/semcom\/wp-json\/wp\/v2\/posts\/246825"}],"collection":[{"href":"https:\/\/www.manaus.am.gov.br\/semcom\/wp-json\/wp\/v2\/posts"}],"about":[{"href":"https:\/\/www.manaus.am.gov.br\/semcom\/wp-json\/wp\/v2\/types\/post"}],"author":[{"embeddable":true,"href":"https:\/\/www.manaus.am.gov.br\/semcom\/wp-json\/wp\/v2\/users\/68"}],"replies":[{"embeddable":true,"href":"https:\/\/www.manaus.am.gov.br\/semcom\/wp-json\/wp\/v2\/comments?post=246825"}],"version-history":[{"count":0,"href":"https:\/\/www.manaus.am.gov.br\/semcom\/wp-json\/wp\/v2\/posts\/246825\/revisions"}],"wp:featuredmedia":[{"embeddable":true,"href":"https:\/\/www.manaus.am.gov.br\/semcom\/wp-json\/wp\/v2\/media\/246826"}],"wp:attachment":[{"href":"https:\/\/www.manaus.am.gov.br\/semcom\/wp-json\/wp\/v2\/media?parent=246825"}],"wp:term":[{"taxonomy":"category","embeddable":true,"href":"https:\/\/www.manaus.am.gov.br\/semcom\/wp-json\/wp\/v2\/categories?post=246825"},{"taxonomy":"post_tag","embeddable":true,"href":"https:\/\/www.manaus.am.gov.br\/semcom\/wp-json\/wp\/v2\/tags?post=246825"}],"curies":[{"name":"wp","href":"https:\/\/api.w.org\/{rel}","templated":true}]}}