{"id":246817,"date":"2025-10-09T16:38:23","date_gmt":"2025-10-09T19:38:23","guid":{"rendered":"https:\/\/www.manaus.am.gov.br\/semcom\/vitimas-da-covid-19\/"},"modified":"2025-10-09T16:38:24","modified_gmt":"2025-10-09T19:38:24","slug":"vitimas-da-covid-19","status":"publish","type":"post","link":"https:\/\/www.manaus.am.gov.br\/semcom\/vitimas-da-covid-19\/","title":{"rendered":"Prefeitura de Manaus ergue monumento em homenagem \u00e0s v\u00edtimas da Covid-19 e aos profissionais da sa\u00fade"},"content":{"rendered":"\n<p>A <a href=\"https:\/\/www.instagram.com\/prefeiturademanaus\/\">Prefeitura de Manaus<\/a>, por meio da <a href=\"https:\/\/www.manaus.am.gov.br\/semulsp\/\">Secretaria Municipal de Limpeza Urbana (Semulsp)<\/a>, prepara a entrega da pra\u00e7a do Anjo da Esperan\u00e7a, em 1\u00ba\/11, v\u00e9spera do Dia de Finados. O espa\u00e7o, constru\u00eddo no cemit\u00e9rio Nossa Senhora Aparecida, no bairro Tarum\u00e3, zona Oeste, \u00e9 uma homenagem \u00e0s v\u00edtimas da Covid-19 e aos profissionais da sa\u00fade que arriscaram suas vidas durante a pandemia.<\/p>\n\n\n\n<p>O local utiliza materiais reciclados e \u00e9 fruto de compensa\u00e7\u00e3o ambiental, refor\u00e7ando o compromisso da prefeitura com a sustentabilidade, o reaproveitamento de recursos e a valoriza\u00e7\u00e3o da arte dos pr\u00f3prios trabalhadores da limpeza p\u00fablica.<\/p>\n\n\n\n<p>No centro da pra\u00e7a, ergue-se um anjo de tr\u00eas metros de altura, feito em concreto e com aproximadamente uma tonelada, criado pelo gari escultor Luiz Cl\u00e1udio Azevedo da Silva, conhecido como Luizinho. A escultura, que retrata um anjo usando m\u00e1scara e segurando nas m\u00e3os um par de pulm\u00f5es, simboliza prote\u00e7\u00e3o, f\u00e9 e o respiro da humanidade.<\/p>\n\n\n\n<p>\u201cEste anjo nasceu do sentimento de amor e respeito. Ele representa o cuidado com todos os que se foram e tamb\u00e9m com aqueles que ficaram, especialmente os profissionais da sa\u00fade que deram o melhor de si na luta contra a doen\u00e7a\u201d, afirmou Luizinho, servidor da Semulsp h\u00e1 mais de uma d\u00e9cada.<\/p>\n\n\n\n<p><strong>Arte e sensibilidade<\/strong><\/p>\n\n\n\n<p>O projeto paisag\u00edstico e o jardim que cercam o anjo foram criados pelo gari paisagista Edinho Mendes e equipe, que transformaram o local em um recanto de paz, contempla\u00e7\u00e3o e esperan\u00e7a.<\/p>\n\n\n\n<p>Al\u00e9m da escultura central, o muro que contorna a pra\u00e7a recebeu uma interven\u00e7\u00e3o art\u00edstica dos garis pintores Francisco Carlos, Wellington Silva e Altevir Uch\u00f4a, cujos desenhos e cores prestam homenagem aos profissionais da sa\u00fade. A obra coletiva refor\u00e7a a mensagem de f\u00e9 e resili\u00eancia.<\/p>\n\n\n\n<p>\u201cEsses artistas traduziram em cor e tra\u00e7o o sentimento de toda uma cidade. O muro da pra\u00e7a \u00e9 um abra\u00e7o coletivo aos her\u00f3is da sa\u00fade\u201d, destacou o secret\u00e1rio Sab\u00e1 Reis.<\/p>\n\n\n\n<p><strong>Gest\u00e3o humanizada<\/strong><\/p>\n\n\n\n<p>Para Sab\u00e1 Reis, o monumento expressa o olhar humano da gest\u00e3o do prefeito David Almeida, que tem reconhecido o talento e o comprometimento dos servidores da limpeza p\u00fablica.<\/p>\n\n\n\n<p>\u201cO prefeito David Almeida tem um olhar sens\u00edvel e justo, que valoriza cada servidor. Este anjo \u00e9 uma obra feita por m\u00e3os que trabalham todos os dias pela cidade e, agora, entregam arte, f\u00e9 e esperan\u00e7a ao povo de Manaus. \u00c9 um monumento que nasce da dor, mas floresce como s\u00edmbolo de amor e respeito\u201d, afirmou o secret\u00e1rio.<\/p>\n\n\n\n<p>O cemit\u00e9rio Nossa Senhora Aparecida, onde foram sepultadas 4.700 v\u00edtimas da pandemia, \u00e9 um dos dez campos-santos p\u00fablicos administrados pela Semulsp, sendo nove na \u00e1rea urbana e um na zona rural, que recebem manuten\u00e7\u00e3o permanente de limpeza, jardinagem e zeladoria.<\/p>\n\n\n\n<p>&#8212; &#8212; &#8212;<\/p>\n\n\n\n<p><strong>Texto &#8211;<\/strong> Dora Tupinamb\u00e1 \/ Semulsp<\/p>\n\n\n\n<p><strong>Fotos \u2013<\/strong> Divulga\u00e7\u00e3o \/ Semulsp<\/p>\n","protected":false},"excerpt":{"rendered":"","protected":false},"author":57,"featured_media":246818,"comment_status":"closed","ping_status":"closed","sticky":false,"template":"","format":"standard","meta":{"footnotes":""},"categories":[1183],"tags":[77,301,17325],"acf":[],"yoast_head":"<!-- This site is optimized with the Yoast SEO plugin v23.0 - https:\/\/yoast.com\/wordpress\/plugins\/seo\/ -->\n<title>PMM ergue monumento em homenagem \u00e0s v\u00edtimas da Covid-19<\/title>\n<meta name=\"description\" content=\"O espa\u00e7o, constru\u00eddo no cemit\u00e9rio Nossa Senhora Aparecida, no bairro Tarum\u00e3, zona Oeste, \u00e9 uma homenagem \u00e0s v\u00edtimas da Covid-19.\" \/>\n<meta name=\"robots\" content=\"index, follow, max-snippet:-1, max-image-preview:large, max-video-preview:-1\" \/>\n<link rel=\"canonical\" href=\"https:\/\/www.manaus.am.gov.br\/semcom\/vitimas-da-covid-19\/\" \/>\n<meta property=\"og:locale\" content=\"pt_BR\" \/>\n<meta property=\"og:type\" content=\"article\" \/>\n<meta property=\"og:title\" content=\"PMM ergue monumento em homenagem \u00e0s v\u00edtimas da Covid-19\" \/>\n<meta property=\"og:description\" content=\"O espa\u00e7o, constru\u00eddo no cemit\u00e9rio Nossa Senhora Aparecida, no bairro Tarum\u00e3, zona Oeste, \u00e9 uma homenagem \u00e0s v\u00edtimas da Covid-19.\" \/>\n<meta property=\"og:url\" content=\"https:\/\/www.manaus.am.gov.br\/semcom\/vitimas-da-covid-19\/\" \/>\n<meta property=\"og:site_name\" content=\"SEMCOM\" \/>\n<meta property=\"article:published_time\" content=\"2025-10-09T19:38:23+00:00\" \/>\n<meta property=\"article:modified_time\" content=\"2025-10-09T19:38:24+00:00\" \/>\n<meta property=\"og:image\" content=\"https:\/\/www.manaus.am.gov.br\/semcom\/wp-content\/uploads\/sites\/5\/2025\/10\/vitimas-da-Covid-19-3.jpeg\" \/>\n\t<meta property=\"og:image:width\" content=\"1280\" \/>\n\t<meta property=\"og:image:height\" content=\"591\" \/>\n\t<meta property=\"og:image:type\" content=\"image\/jpeg\" \/>\n<meta name=\"author\" content=\"Thiago Fernando\" \/>\n<meta name=\"twitter:card\" content=\"summary_large_image\" \/>\n<meta name=\"twitter:label1\" content=\"Written by\" \/>\n\t<meta name=\"twitter:data1\" content=\"Thiago Fernando\" \/>\n\t<meta name=\"twitter:label2\" content=\"Est. reading time\" \/>\n\t<meta name=\"twitter:data2\" content=\"3 minutos\" \/>\n<script type=\"application\/ld+json\" class=\"yoast-schema-graph\">{\"@context\":\"https:\/\/schema.org\",\"@graph\":[{\"@type\":\"WebPage\",\"@id\":\"https:\/\/www.manaus.am.gov.br\/semcom\/vitimas-da-covid-19\/\",\"url\":\"https:\/\/www.manaus.am.gov.br\/semcom\/vitimas-da-covid-19\/\",\"name\":\"PMM ergue monumento em homenagem \u00e0s v\u00edtimas da Covid-19\",\"isPartOf\":{\"@id\":\"https:\/\/www.manaus.am.gov.br\/semcom\/#website\"},\"primaryImageOfPage\":{\"@id\":\"https:\/\/www.manaus.am.gov.br\/semcom\/vitimas-da-covid-19\/#primaryimage\"},\"image\":{\"@id\":\"https:\/\/www.manaus.am.gov.br\/semcom\/vitimas-da-covid-19\/#primaryimage\"},\"thumbnailUrl\":\"https:\/\/www.manaus.am.gov.br\/semcom\/wp-content\/uploads\/sites\/5\/2025\/10\/vitimas-da-Covid-19-3.jpeg\",\"datePublished\":\"2025-10-09T19:38:23+00:00\",\"dateModified\":\"2025-10-09T19:38:24+00:00\",\"author\":{\"@id\":\"https:\/\/www.manaus.am.gov.br\/semcom\/#\/schema\/person\/a5ee5376db6e21af026374b369f30882\"},\"description\":\"O espa\u00e7o, constru\u00eddo no cemit\u00e9rio Nossa Senhora Aparecida, no bairro Tarum\u00e3, zona Oeste, \u00e9 uma homenagem \u00e0s v\u00edtimas da Covid-19.\",\"inLanguage\":\"pt-BR\",\"potentialAction\":[{\"@type\":\"ReadAction\",\"target\":[\"https:\/\/www.manaus.am.gov.br\/semcom\/vitimas-da-covid-19\/\"]}]},{\"@type\":\"ImageObject\",\"inLanguage\":\"pt-BR\",\"@id\":\"https:\/\/www.manaus.am.gov.br\/semcom\/vitimas-da-covid-19\/#primaryimage\",\"url\":\"https:\/\/www.manaus.am.gov.br\/semcom\/wp-content\/uploads\/sites\/5\/2025\/10\/vitimas-da-Covid-19-3.jpeg\",\"contentUrl\":\"https:\/\/www.manaus.am.gov.br\/semcom\/wp-content\/uploads\/sites\/5\/2025\/10\/vitimas-da-Covid-19-3.jpeg\",\"width\":1280,\"height\":591,\"caption\":\"#paratodosverem - Novo espa\u00e7o do cemit\u00e9rio do Tarum\u00e3\"},{\"@type\":\"WebSite\",\"@id\":\"https:\/\/www.manaus.am.gov.br\/semcom\/#website\",\"url\":\"https:\/\/www.manaus.am.gov.br\/semcom\/\",\"name\":\"SEMCOM\",\"description\":\"Secretaria Municipal de Comunica\u00e7\u00e3o\",\"potentialAction\":[{\"@type\":\"SearchAction\",\"target\":{\"@type\":\"EntryPoint\",\"urlTemplate\":\"https:\/\/www.manaus.am.gov.br\/semcom\/?s={search_term_string}\"},\"query-input\":\"required name=search_term_string\"}],\"inLanguage\":\"pt-BR\"},{\"@type\":\"Person\",\"@id\":\"https:\/\/www.manaus.am.gov.br\/semcom\/#\/schema\/person\/a5ee5376db6e21af026374b369f30882\",\"name\":\"Thiago Fernando\",\"image\":{\"@type\":\"ImageObject\",\"inLanguage\":\"pt-BR\",\"@id\":\"https:\/\/www.manaus.am.gov.br\/semcom\/#\/schema\/person\/image\/\",\"url\":\"https:\/\/secure.gravatar.com\/avatar\/f5aab8722444041451501c077052ac07?s=96&d=mm&r=g\",\"contentUrl\":\"https:\/\/secure.gravatar.com\/avatar\/f5aab8722444041451501c077052ac07?s=96&d=mm&r=g\",\"caption\":\"Thiago Fernando\"}}]}<\/script>\n<!-- \/ Yoast SEO plugin. -->","yoast_head_json":{"title":"PMM ergue monumento em homenagem \u00e0s v\u00edtimas da Covid-19","description":"O espa\u00e7o, constru\u00eddo no cemit\u00e9rio Nossa Senhora Aparecida, no bairro Tarum\u00e3, zona Oeste, \u00e9 uma homenagem \u00e0s v\u00edtimas da Covid-19.","robots":{"index":"index","follow":"follow","max-snippet":"max-snippet:-1","max-image-preview":"max-image-preview:large","max-video-preview":"max-video-preview:-1"},"canonical":"https:\/\/www.manaus.am.gov.br\/semcom\/vitimas-da-covid-19\/","og_locale":"pt_BR","og_type":"article","og_title":"PMM ergue monumento em homenagem \u00e0s v\u00edtimas da Covid-19","og_description":"O espa\u00e7o, constru\u00eddo no cemit\u00e9rio Nossa Senhora Aparecida, no bairro Tarum\u00e3, zona Oeste, \u00e9 uma homenagem \u00e0s v\u00edtimas da Covid-19.","og_url":"https:\/\/www.manaus.am.gov.br\/semcom\/vitimas-da-covid-19\/","og_site_name":"SEMCOM","article_published_time":"2025-10-09T19:38:23+00:00","article_modified_time":"2025-10-09T19:38:24+00:00","og_image":[{"width":1280,"height":591,"url":"https:\/\/www.manaus.am.gov.br\/semcom\/wp-content\/uploads\/sites\/5\/2025\/10\/vitimas-da-Covid-19-3.jpeg","type":"image\/jpeg"}],"author":"Thiago Fernando","twitter_card":"summary_large_image","twitter_misc":{"Written by":"Thiago Fernando","Est. reading time":"3 minutos"},"schema":{"@context":"https:\/\/schema.org","@graph":[{"@type":"WebPage","@id":"https:\/\/www.manaus.am.gov.br\/semcom\/vitimas-da-covid-19\/","url":"https:\/\/www.manaus.am.gov.br\/semcom\/vitimas-da-covid-19\/","name":"PMM ergue monumento em homenagem \u00e0s v\u00edtimas da Covid-19","isPartOf":{"@id":"https:\/\/www.manaus.am.gov.br\/semcom\/#website"},"primaryImageOfPage":{"@id":"https:\/\/www.manaus.am.gov.br\/semcom\/vitimas-da-covid-19\/#primaryimage"},"image":{"@id":"https:\/\/www.manaus.am.gov.br\/semcom\/vitimas-da-covid-19\/#primaryimage"},"thumbnailUrl":"https:\/\/www.manaus.am.gov.br\/semcom\/wp-content\/uploads\/sites\/5\/2025\/10\/vitimas-da-Covid-19-3.jpeg","datePublished":"2025-10-09T19:38:23+00:00","dateModified":"2025-10-09T19:38:24+00:00","author":{"@id":"https:\/\/www.manaus.am.gov.br\/semcom\/#\/schema\/person\/a5ee5376db6e21af026374b369f30882"},"description":"O espa\u00e7o, constru\u00eddo no cemit\u00e9rio Nossa Senhora Aparecida, no bairro Tarum\u00e3, zona Oeste, \u00e9 uma homenagem \u00e0s v\u00edtimas da Covid-19.","inLanguage":"pt-BR","potentialAction":[{"@type":"ReadAction","target":["https:\/\/www.manaus.am.gov.br\/semcom\/vitimas-da-covid-19\/"]}]},{"@type":"ImageObject","inLanguage":"pt-BR","@id":"https:\/\/www.manaus.am.gov.br\/semcom\/vitimas-da-covid-19\/#primaryimage","url":"https:\/\/www.manaus.am.gov.br\/semcom\/wp-content\/uploads\/sites\/5\/2025\/10\/vitimas-da-Covid-19-3.jpeg","contentUrl":"https:\/\/www.manaus.am.gov.br\/semcom\/wp-content\/uploads\/sites\/5\/2025\/10\/vitimas-da-Covid-19-3.jpeg","width":1280,"height":591,"caption":"#paratodosverem - Novo espa\u00e7o do cemit\u00e9rio do Tarum\u00e3"},{"@type":"WebSite","@id":"https:\/\/www.manaus.am.gov.br\/semcom\/#website","url":"https:\/\/www.manaus.am.gov.br\/semcom\/","name":"SEMCOM","description":"Secretaria Municipal de Comunica\u00e7\u00e3o","potentialAction":[{"@type":"SearchAction","target":{"@type":"EntryPoint","urlTemplate":"https:\/\/www.manaus.am.gov.br\/semcom\/?s={search_term_string}"},"query-input":"required name=search_term_string"}],"inLanguage":"pt-BR"},{"@type":"Person","@id":"https:\/\/www.manaus.am.gov.br\/semcom\/#\/schema\/person\/a5ee5376db6e21af026374b369f30882","name":"Thiago Fernando","image":{"@type":"ImageObject","inLanguage":"pt-BR","@id":"https:\/\/www.manaus.am.gov.br\/semcom\/#\/schema\/person\/image\/","url":"https:\/\/secure.gravatar.com\/avatar\/f5aab8722444041451501c077052ac07?s=96&d=mm&r=g","contentUrl":"https:\/\/secure.gravatar.com\/avatar\/f5aab8722444041451501c077052ac07?s=96&d=mm&r=g","caption":"Thiago Fernando"}}]}},"_links":{"self":[{"href":"https:\/\/www.manaus.am.gov.br\/semcom\/wp-json\/wp\/v2\/posts\/246817"}],"collection":[{"href":"https:\/\/www.manaus.am.gov.br\/semcom\/wp-json\/wp\/v2\/posts"}],"about":[{"href":"https:\/\/www.manaus.am.gov.br\/semcom\/wp-json\/wp\/v2\/types\/post"}],"author":[{"embeddable":true,"href":"https:\/\/www.manaus.am.gov.br\/semcom\/wp-json\/wp\/v2\/users\/57"}],"replies":[{"embeddable":true,"href":"https:\/\/www.manaus.am.gov.br\/semcom\/wp-json\/wp\/v2\/comments?post=246817"}],"version-history":[{"count":0,"href":"https:\/\/www.manaus.am.gov.br\/semcom\/wp-json\/wp\/v2\/posts\/246817\/revisions"}],"wp:featuredmedia":[{"embeddable":true,"href":"https:\/\/www.manaus.am.gov.br\/semcom\/wp-json\/wp\/v2\/media\/246818"}],"wp:attachment":[{"href":"https:\/\/www.manaus.am.gov.br\/semcom\/wp-json\/wp\/v2\/media?parent=246817"}],"wp:term":[{"taxonomy":"category","embeddable":true,"href":"https:\/\/www.manaus.am.gov.br\/semcom\/wp-json\/wp\/v2\/categories?post=246817"},{"taxonomy":"post_tag","embeddable":true,"href":"https:\/\/www.manaus.am.gov.br\/semcom\/wp-json\/wp\/v2\/tags?post=246817"}],"curies":[{"name":"wp","href":"https:\/\/api.w.org\/{rel}","templated":true}]}}