{"id":246650,"date":"2025-10-06T23:19:10","date_gmt":"2025-10-07T02:19:10","guid":{"rendered":"https:\/\/www.manaus.am.gov.br\/semcom\/esclarecimento-informacoes\/"},"modified":"2025-10-06T23:19:12","modified_gmt":"2025-10-07T02:19:12","slug":"esclarecimento-informacoes","status":"publish","type":"post","link":"https:\/\/www.manaus.am.gov.br\/semcom\/esclarecimento-informacoes\/","title":{"rendered":"Prefeito David Almeida esclarece fake news sobre \u2018radar meteorol\u00f3gico\u2019 e refor\u00e7a transpar\u00eancia na gest\u00e3o"},"content":{"rendered":"\n<p>Durante transmiss\u00e3o ao vivo nesta segunda-feira, 6\/10, o prefeito de Manaus, David Almeida, esclareceu informa\u00e7\u00f5es falsas que circularam nas redes sociais sobre uma suposta compra de um \u201cradar meteorol\u00f3gico&#8221; pela Prefeitura de Manaus. O prefeito afirmou que nenhum equipamento foi adquirido e que as publica\u00e7\u00f5es que mencionam valores milion\u00e1rios s\u00e3o mentirosas e criminosas.<\/p>\n\n\n\n<p>\u201cA Prefeitura de Manaus n\u00e3o comprou radar algum, n\u00e3o gastou um centavo com isso. Algumas pessoas publicaram valores de R$ 40 milh\u00f5es ou R$ 50 milh\u00f5es sem checar as informa\u00e7\u00f5es. Isso \u00e9 fake news, e fake news \u00e9 crime. Vamos responsabilizar quem espalha mentiras desse tipo\u201d, afirmou.<\/p>\n\n\n\n<p>Em mar\u00e7o deste ano, o prefeito discutiu a possibilidade da aquisi\u00e7\u00e3o de um equipamento, mas as tratativas n\u00e3o foram adiante e, atualmente, a prefeitura participa de um treinamento com a Defesa Civil Nacional para operar um novo sistema de alerta de desastres, tecnologia que ainda est\u00e1 em fase de testes e n\u00e3o est\u00e1 sob gest\u00e3o municipal. O sistema permitir\u00e1 o envio de mensagens preventivas \u00e0 popula\u00e7\u00e3o em situa\u00e7\u00f5es de risco, com base em dados meteorol\u00f3gicos e de monitoramento em tempo real.<\/p>\n\n\n\n<p>A gest\u00e3o David Almeida refor\u00e7a que o sistema de alerta sonoro ser\u00e1 utilizado somente em casos cr\u00edticos, quando houver risco imediato \u00e0 vida e necessidade de evacua\u00e7\u00e3o urgente de \u00e1reas vulner\u00e1veis. J\u00e1 as chuvas intensas ou alaga\u00e7\u00f5es pontuais continuar\u00e3o sendo comunicadas \u00e0 popula\u00e7\u00e3o por mensagens de SMS, pelas redes sociais oficiais da prefeitura e pelos grupos comunit\u00e1rios de WhatsApp.<\/p>\n\n\n\n<p>A implanta\u00e7\u00e3o dessa tecnologia faz parte de uma pol\u00edtica municipal de preven\u00e7\u00e3o e resposta a eventos clim\u00e1ticos extremos, conduzida em integra\u00e7\u00e3o com \u00f3rg\u00e3os estaduais e federais, e apoiada em ci\u00eancia, tecnologia e dados meteorol\u00f3gicos.<\/p>\n\n\n\n<p>Al\u00e9m do novo sistema, a Prefeitura de Manaus instalou esta\u00e7\u00f5es meteorol\u00f3gicas em diferentes zonas da cidade, que servem para an\u00e1lise de at\u00e9 13 variantes de dados climatol\u00f3gicos, compondo um banco de dados que auxiliar\u00e1 a gest\u00e3o na tomada de medidas a m\u00e9dio prazo, e criou o N\u00facleo Municipal de Meteorologia, com profissionais especializados respons\u00e1veis por monitorar as condi\u00e7\u00f5es do tempo e emitir alertas t\u00e9cnicos preventivos.<\/p>\n\n\n\n<p>\u201cA prefeitura est\u00e1 fazendo sua parte com planejamento e responsabilidade. As pessoas precisam ter cuidado com o que compartilham. A desinforma\u00e7\u00e3o atrapalha o trabalho s\u00e9rio e prejudica a popula\u00e7\u00e3o. Aqui, n\u00f3s respondemos com transpar\u00eancia e com resultados\u201d, concluiu o prefeito.<\/p>\n\n\n\n<p><strong>\u2014 \u2014 \u2014<\/strong><\/p>\n\n\n\n<p><strong>Texto &#8211; <\/strong>Emanuelle Baires \/ Semcom-Prefeito<br><strong>Fotos &#8211; <\/strong>Dhyeizo Lemos \/ Semcom-Prefeito<\/p>\n","protected":false},"excerpt":{"rendered":"","protected":false},"author":68,"featured_media":246651,"comment_status":"closed","ping_status":"closed","sticky":false,"template":"","format":"standard","meta":{"footnotes":""},"categories":[2205],"tags":[35,17278,77],"acf":[],"yoast_head":"<!-- This site is optimized with the Yoast SEO plugin v23.0 - https:\/\/yoast.com\/wordpress\/plugins\/seo\/ -->\n<title>Prefeito David Almeida esclarece fake news<\/title>\n<meta name=\"description\" content=\"Durante transmiss\u00e3o ao vivo nesta segunda-feira, 6\/10, o prefeito de Manaus, David Almeida, esclareceu informa\u00e7\u00f5es falsas.\" \/>\n<meta name=\"robots\" content=\"index, follow, max-snippet:-1, max-image-preview:large, max-video-preview:-1\" \/>\n<link rel=\"canonical\" href=\"https:\/\/www.manaus.am.gov.br\/semcom\/esclarecimento-informacoes\/\" \/>\n<meta property=\"og:locale\" content=\"pt_BR\" \/>\n<meta property=\"og:type\" content=\"article\" \/>\n<meta property=\"og:title\" content=\"Prefeito David Almeida esclarece fake news\" \/>\n<meta property=\"og:description\" content=\"Durante transmiss\u00e3o ao vivo nesta segunda-feira, 6\/10, o prefeito de Manaus, David Almeida, esclareceu informa\u00e7\u00f5es falsas.\" \/>\n<meta property=\"og:url\" content=\"https:\/\/www.manaus.am.gov.br\/semcom\/esclarecimento-informacoes\/\" \/>\n<meta property=\"og:site_name\" content=\"SEMCOM\" \/>\n<meta property=\"article:published_time\" content=\"2025-10-07T02:19:10+00:00\" \/>\n<meta property=\"article:modified_time\" content=\"2025-10-07T02:19:12+00:00\" \/>\n<meta property=\"og:image\" content=\"https:\/\/www.manaus.am.gov.br\/semcom\/wp-content\/uploads\/sites\/5\/2025\/10\/WhatsApp-Image-2025-10-06-at-20.54.17.jpeg\" \/>\n\t<meta property=\"og:image:width\" content=\"1280\" \/>\n\t<meta property=\"og:image:height\" content=\"854\" \/>\n\t<meta property=\"og:image:type\" content=\"image\/jpeg\" \/>\n<meta name=\"author\" content=\"bvalente\" \/>\n<meta name=\"twitter:card\" content=\"summary_large_image\" \/>\n<meta name=\"twitter:label1\" content=\"Written by\" \/>\n\t<meta name=\"twitter:data1\" content=\"bvalente\" \/>\n\t<meta name=\"twitter:label2\" content=\"Est. reading time\" \/>\n\t<meta name=\"twitter:data2\" content=\"3 minutos\" \/>\n<script type=\"application\/ld+json\" class=\"yoast-schema-graph\">{\"@context\":\"https:\/\/schema.org\",\"@graph\":[{\"@type\":\"WebPage\",\"@id\":\"https:\/\/www.manaus.am.gov.br\/semcom\/esclarecimento-informacoes\/\",\"url\":\"https:\/\/www.manaus.am.gov.br\/semcom\/esclarecimento-informacoes\/\",\"name\":\"Prefeito David Almeida esclarece fake news\",\"isPartOf\":{\"@id\":\"https:\/\/www.manaus.am.gov.br\/semcom\/#website\"},\"primaryImageOfPage\":{\"@id\":\"https:\/\/www.manaus.am.gov.br\/semcom\/esclarecimento-informacoes\/#primaryimage\"},\"image\":{\"@id\":\"https:\/\/www.manaus.am.gov.br\/semcom\/esclarecimento-informacoes\/#primaryimage\"},\"thumbnailUrl\":\"https:\/\/www.manaus.am.gov.br\/semcom\/wp-content\/uploads\/sites\/5\/2025\/10\/WhatsApp-Image-2025-10-06-at-20.54.17.jpeg\",\"datePublished\":\"2025-10-07T02:19:10+00:00\",\"dateModified\":\"2025-10-07T02:19:12+00:00\",\"author\":{\"@id\":\"https:\/\/www.manaus.am.gov.br\/semcom\/#\/schema\/person\/466a0e03ae4b6062809046bd560ac955\"},\"description\":\"Durante transmiss\u00e3o ao vivo nesta segunda-feira, 6\/10, o prefeito de Manaus, David Almeida, esclareceu informa\u00e7\u00f5es falsas.\",\"inLanguage\":\"pt-BR\",\"potentialAction\":[{\"@type\":\"ReadAction\",\"target\":[\"https:\/\/www.manaus.am.gov.br\/semcom\/esclarecimento-informacoes\/\"]}]},{\"@type\":\"ImageObject\",\"inLanguage\":\"pt-BR\",\"@id\":\"https:\/\/www.manaus.am.gov.br\/semcom\/esclarecimento-informacoes\/#primaryimage\",\"url\":\"https:\/\/www.manaus.am.gov.br\/semcom\/wp-content\/uploads\/sites\/5\/2025\/10\/WhatsApp-Image-2025-10-06-at-20.54.17.jpeg\",\"contentUrl\":\"https:\/\/www.manaus.am.gov.br\/semcom\/wp-content\/uploads\/sites\/5\/2025\/10\/WhatsApp-Image-2025-10-06-at-20.54.17.jpeg\",\"width\":1280,\"height\":854,\"caption\":\"#paratodosverem \u2013 Prefeito durante pronunciamento\"},{\"@type\":\"WebSite\",\"@id\":\"https:\/\/www.manaus.am.gov.br\/semcom\/#website\",\"url\":\"https:\/\/www.manaus.am.gov.br\/semcom\/\",\"name\":\"SEMCOM\",\"description\":\"Secretaria Municipal de Comunica\u00e7\u00e3o\",\"potentialAction\":[{\"@type\":\"SearchAction\",\"target\":{\"@type\":\"EntryPoint\",\"urlTemplate\":\"https:\/\/www.manaus.am.gov.br\/semcom\/?s={search_term_string}\"},\"query-input\":\"required name=search_term_string\"}],\"inLanguage\":\"pt-BR\"},{\"@type\":\"Person\",\"@id\":\"https:\/\/www.manaus.am.gov.br\/semcom\/#\/schema\/person\/466a0e03ae4b6062809046bd560ac955\",\"name\":\"bvalente\",\"image\":{\"@type\":\"ImageObject\",\"inLanguage\":\"pt-BR\",\"@id\":\"https:\/\/www.manaus.am.gov.br\/semcom\/#\/schema\/person\/image\/\",\"url\":\"https:\/\/secure.gravatar.com\/avatar\/3e69bc2b014bdad41adfec3a39de07d2?s=96&d=mm&r=g\",\"contentUrl\":\"https:\/\/secure.gravatar.com\/avatar\/3e69bc2b014bdad41adfec3a39de07d2?s=96&d=mm&r=g\",\"caption\":\"bvalente\"}}]}<\/script>\n<!-- \/ Yoast SEO plugin. -->","yoast_head_json":{"title":"Prefeito David Almeida esclarece fake news","description":"Durante transmiss\u00e3o ao vivo nesta segunda-feira, 6\/10, o prefeito de Manaus, David Almeida, esclareceu informa\u00e7\u00f5es falsas.","robots":{"index":"index","follow":"follow","max-snippet":"max-snippet:-1","max-image-preview":"max-image-preview:large","max-video-preview":"max-video-preview:-1"},"canonical":"https:\/\/www.manaus.am.gov.br\/semcom\/esclarecimento-informacoes\/","og_locale":"pt_BR","og_type":"article","og_title":"Prefeito David Almeida esclarece fake news","og_description":"Durante transmiss\u00e3o ao vivo nesta segunda-feira, 6\/10, o prefeito de Manaus, David Almeida, esclareceu informa\u00e7\u00f5es falsas.","og_url":"https:\/\/www.manaus.am.gov.br\/semcom\/esclarecimento-informacoes\/","og_site_name":"SEMCOM","article_published_time":"2025-10-07T02:19:10+00:00","article_modified_time":"2025-10-07T02:19:12+00:00","og_image":[{"width":1280,"height":854,"url":"https:\/\/www.manaus.am.gov.br\/semcom\/wp-content\/uploads\/sites\/5\/2025\/10\/WhatsApp-Image-2025-10-06-at-20.54.17.jpeg","type":"image\/jpeg"}],"author":"bvalente","twitter_card":"summary_large_image","twitter_misc":{"Written by":"bvalente","Est. reading time":"3 minutos"},"schema":{"@context":"https:\/\/schema.org","@graph":[{"@type":"WebPage","@id":"https:\/\/www.manaus.am.gov.br\/semcom\/esclarecimento-informacoes\/","url":"https:\/\/www.manaus.am.gov.br\/semcom\/esclarecimento-informacoes\/","name":"Prefeito David Almeida esclarece fake news","isPartOf":{"@id":"https:\/\/www.manaus.am.gov.br\/semcom\/#website"},"primaryImageOfPage":{"@id":"https:\/\/www.manaus.am.gov.br\/semcom\/esclarecimento-informacoes\/#primaryimage"},"image":{"@id":"https:\/\/www.manaus.am.gov.br\/semcom\/esclarecimento-informacoes\/#primaryimage"},"thumbnailUrl":"https:\/\/www.manaus.am.gov.br\/semcom\/wp-content\/uploads\/sites\/5\/2025\/10\/WhatsApp-Image-2025-10-06-at-20.54.17.jpeg","datePublished":"2025-10-07T02:19:10+00:00","dateModified":"2025-10-07T02:19:12+00:00","author":{"@id":"https:\/\/www.manaus.am.gov.br\/semcom\/#\/schema\/person\/466a0e03ae4b6062809046bd560ac955"},"description":"Durante transmiss\u00e3o ao vivo nesta segunda-feira, 6\/10, o prefeito de Manaus, David Almeida, esclareceu informa\u00e7\u00f5es falsas.","inLanguage":"pt-BR","potentialAction":[{"@type":"ReadAction","target":["https:\/\/www.manaus.am.gov.br\/semcom\/esclarecimento-informacoes\/"]}]},{"@type":"ImageObject","inLanguage":"pt-BR","@id":"https:\/\/www.manaus.am.gov.br\/semcom\/esclarecimento-informacoes\/#primaryimage","url":"https:\/\/www.manaus.am.gov.br\/semcom\/wp-content\/uploads\/sites\/5\/2025\/10\/WhatsApp-Image-2025-10-06-at-20.54.17.jpeg","contentUrl":"https:\/\/www.manaus.am.gov.br\/semcom\/wp-content\/uploads\/sites\/5\/2025\/10\/WhatsApp-Image-2025-10-06-at-20.54.17.jpeg","width":1280,"height":854,"caption":"#paratodosverem \u2013 Prefeito durante pronunciamento"},{"@type":"WebSite","@id":"https:\/\/www.manaus.am.gov.br\/semcom\/#website","url":"https:\/\/www.manaus.am.gov.br\/semcom\/","name":"SEMCOM","description":"Secretaria Municipal de Comunica\u00e7\u00e3o","potentialAction":[{"@type":"SearchAction","target":{"@type":"EntryPoint","urlTemplate":"https:\/\/www.manaus.am.gov.br\/semcom\/?s={search_term_string}"},"query-input":"required name=search_term_string"}],"inLanguage":"pt-BR"},{"@type":"Person","@id":"https:\/\/www.manaus.am.gov.br\/semcom\/#\/schema\/person\/466a0e03ae4b6062809046bd560ac955","name":"bvalente","image":{"@type":"ImageObject","inLanguage":"pt-BR","@id":"https:\/\/www.manaus.am.gov.br\/semcom\/#\/schema\/person\/image\/","url":"https:\/\/secure.gravatar.com\/avatar\/3e69bc2b014bdad41adfec3a39de07d2?s=96&d=mm&r=g","contentUrl":"https:\/\/secure.gravatar.com\/avatar\/3e69bc2b014bdad41adfec3a39de07d2?s=96&d=mm&r=g","caption":"bvalente"}}]}},"_links":{"self":[{"href":"https:\/\/www.manaus.am.gov.br\/semcom\/wp-json\/wp\/v2\/posts\/246650"}],"collection":[{"href":"https:\/\/www.manaus.am.gov.br\/semcom\/wp-json\/wp\/v2\/posts"}],"about":[{"href":"https:\/\/www.manaus.am.gov.br\/semcom\/wp-json\/wp\/v2\/types\/post"}],"author":[{"embeddable":true,"href":"https:\/\/www.manaus.am.gov.br\/semcom\/wp-json\/wp\/v2\/users\/68"}],"replies":[{"embeddable":true,"href":"https:\/\/www.manaus.am.gov.br\/semcom\/wp-json\/wp\/v2\/comments?post=246650"}],"version-history":[{"count":0,"href":"https:\/\/www.manaus.am.gov.br\/semcom\/wp-json\/wp\/v2\/posts\/246650\/revisions"}],"wp:featuredmedia":[{"embeddable":true,"href":"https:\/\/www.manaus.am.gov.br\/semcom\/wp-json\/wp\/v2\/media\/246651"}],"wp:attachment":[{"href":"https:\/\/www.manaus.am.gov.br\/semcom\/wp-json\/wp\/v2\/media?parent=246650"}],"wp:term":[{"taxonomy":"category","embeddable":true,"href":"https:\/\/www.manaus.am.gov.br\/semcom\/wp-json\/wp\/v2\/categories?post=246650"},{"taxonomy":"post_tag","embeddable":true,"href":"https:\/\/www.manaus.am.gov.br\/semcom\/wp-json\/wp\/v2\/tags?post=246650"}],"curies":[{"name":"wp","href":"https:\/\/api.w.org\/{rel}","templated":true}]}}