{"id":246644,"date":"2025-10-06T19:47:59","date_gmt":"2025-10-06T22:47:59","guid":{"rendered":"https:\/\/www.manaus.am.gov.br\/semcom\/acao-de-limpeza-3\/"},"modified":"2025-10-06T19:48:01","modified_gmt":"2025-10-06T22:48:01","slug":"acao-de-limpeza-3","status":"publish","type":"post","link":"https:\/\/www.manaus.am.gov.br\/semcom\/acao-de-limpeza-3\/","title":{"rendered":"Prefeito David Almeida acompanha retirada de lixo na ecobarreira do Mindu e anuncia implanta\u00e7\u00e3o de 10 novas estruturas em Manaus"},"content":{"rendered":"\n<p>O prefeito de Manaus, David Almeida, acompanhou, nesta segunda-feira, 6\/10, a retirada do lixo acumulado na ecobarreira instalada no passeio do Mindu, na zona Centro-Sul da capital. O alto volume de res\u00edduos foi provocado pelas fortes chuvas que atingem a cidade neste per\u00edodo, quando o descarte inadequado de lixo nas ruas acaba sendo levado pelas enxurradas at\u00e9 os bueiros, igarap\u00e9s e esgotos. Durante a vistoria, o prefeito anunciou a implanta\u00e7\u00e3o imediata de mais duas ecobarreiras, dentro do plano que prev\u00ea a instala\u00e7\u00e3o de dez novas unidades em diferentes pontos da cidade.<\/p>\n\n\n\n<p>\u201cEstamos aqui no passeio do Mindu vendo a quantidade de lixo que a ecobarreira segura. \u00c9 um trabalho que a prefeitura tem feito h\u00e1 mais de um ano. J\u00e1 seguramos nessas ecobarreiras, desde o in\u00edcio do ano, mais de 2.700 toneladas de lixo, impedindo que chegue at\u00e9 o rio Negro. Isso \u00e9 um trabalho de conscientiza\u00e7\u00e3o que estamos fazendo\u201d, destacou o prefeito.<\/p>\n\n\n\n<p>David Almeida refor\u00e7ou que o problema n\u00e3o est\u00e1 no descarte direto de res\u00edduos nos igarap\u00e9s, mas no comportamento irregular de deixar o lixo nas cal\u00e7adas fora do hor\u00e1rio da coleta.<\/p>\n\n\n\n<p>\u201cEsse lixo n\u00e3o \u00e9 descartado no igarap\u00e9. \u00c9 aquela sacola de lixo que voc\u00ea colocou na frente da sua casa, ou perto de um bueiro. Quando chove, a \u00e1gua leva tudo para os igarap\u00e9s, entope os bueiros e causa alaga\u00e7\u00f5es. \u00c9 isso que estamos combatendo. As ecobarreiras ficam limpas quando n\u00e3o chove; elas s\u00f3 acumulam lixo quando a chuva carrega o que foi descartado de forma errada\u201d, explicou o prefeito.<\/p>\n\n\n\n<p>Durante a a\u00e7\u00e3o, a equipe identificou um cad\u00e1ver humano retido na ecobarreira, o segundo encontrado no local desde a implanta\u00e7\u00e3o do equipamento. O prefeito informou que as autoridades competentes, como a Pol\u00edcia Civil do Amazonas e o Instituto M\u00e9dico Legal (IML), foram acionadas.<\/p>\n\n\n\n<p>\u201cAl\u00e9m de cumprir seu papel ambiental, as ecobarreiras tamb\u00e9m acabam ajudando na quest\u00e3o da seguran\u00e7a p\u00fablica. Esse \u00e9 o segundo corpo retido aqui. Quem sabe, essa estrutura tamb\u00e9m possa ajudar a elucidar um crime\u201d, afirmou David Almeida.<\/p>\n\n\n\n<p>O titular da Secretaria Municipal de Limpeza Urbana (Semulsp), Sab\u00e1 Reis, destacou o impacto positivo das ecobarreiras na cidade e confirmou o avan\u00e7o do projeto com novas instala\u00e7\u00f5es.<\/p>\n\n\n\n<p>\u201cNesse per\u00edodo em que est\u00e3o em funcionamento, j\u00e1 s\u00e3o mais de 700 toneladas de lixo retidas, impedindo que causem entupimentos e cheguem ao rio Negro. O prefeito David Almeida determinou a implanta\u00e7\u00e3o de pelo menos mais dez ecobarreiras. Duas delas j\u00e1 autorizadas: uma na avenida 13 de Maio, pr\u00f3ximo \u00e0 feira da Manaus Moderna, e outra na \u00e1rea da escola de samba Vit\u00f3ria R\u00e9gia, onde tamb\u00e9m ser\u00e1 instalado um ecoponto\u201d, informou o secret\u00e1rio.<\/p>\n\n\n\n<p>As ecobarreiras integram as a\u00e7\u00f5es permanentes da Prefeitura de Manaus para preserva\u00e7\u00e3o ambiental, preven\u00e7\u00e3o de alagamentos e conscientiza\u00e7\u00e3o da popula\u00e7\u00e3o sobre o descarte correto dos res\u00edduos s\u00f3lidos.<\/p>\n\n\n\n<p><strong>\u2014 \u2014 \u2014<\/strong><br><strong>Texto &#8211; <\/strong>Emanuelle Baires &#8211; Semcom-Prefeito<br><strong>Fotos &#8211; <\/strong>Dhyeizo Lemos \/ Semcom-Prefeito<br><strong>Dispon\u00edveis em &#8211;<\/strong> <a href=\"https:\/\/www.flickr.com\/gp\/prefeiturademanaus\/2mZJ782XaP\">https:\/\/www.flickr.com\/gp\/prefeiturademanaus\/2mZJ782XaP<\/a>\u00a0<\/p>\n","protected":false},"excerpt":{"rendered":"","protected":false},"author":68,"featured_media":246645,"comment_status":"closed","ping_status":"closed","sticky":false,"template":"","format":"standard","meta":{"footnotes":""},"categories":[114],"tags":[35,14180,77],"acf":[],"yoast_head":"<!-- This site is optimized with the Yoast SEO plugin v23.0 - https:\/\/yoast.com\/wordpress\/plugins\/seo\/ -->\n<title>Prefeito acompanha retirada de lixo na ecobarreira do Mindu<\/title>\n<meta name=\"description\" content=\"O prefeito David Almeida, acompanhou, nesta segunda-feira, a retirada do lixo acumulado na ecobarreira instalada no passeio do Mindu.\" \/>\n<meta name=\"robots\" content=\"index, follow, max-snippet:-1, max-image-preview:large, max-video-preview:-1\" \/>\n<link rel=\"canonical\" href=\"https:\/\/www.manaus.am.gov.br\/semcom\/acao-de-limpeza-3\/\" \/>\n<meta property=\"og:locale\" content=\"pt_BR\" \/>\n<meta property=\"og:type\" content=\"article\" \/>\n<meta property=\"og:title\" content=\"Prefeito acompanha retirada de lixo na ecobarreira do Mindu\" \/>\n<meta property=\"og:description\" content=\"O prefeito David Almeida, acompanhou, nesta segunda-feira, a retirada do lixo acumulado na ecobarreira instalada no passeio do Mindu.\" \/>\n<meta property=\"og:url\" content=\"https:\/\/www.manaus.am.gov.br\/semcom\/acao-de-limpeza-3\/\" \/>\n<meta property=\"og:site_name\" content=\"SEMCOM\" \/>\n<meta property=\"article:published_time\" content=\"2025-10-06T22:47:59+00:00\" \/>\n<meta property=\"article:modified_time\" content=\"2025-10-06T22:48:01+00:00\" \/>\n<meta property=\"og:image\" content=\"https:\/\/www.manaus.am.gov.br\/semcom\/wp-content\/uploads\/sites\/5\/2025\/10\/WhatsApp-Image-2025-10-06-at-17.19.41.jpeg\" \/>\n\t<meta property=\"og:image:width\" content=\"4160\" \/>\n\t<meta property=\"og:image:height\" content=\"2773\" \/>\n\t<meta property=\"og:image:type\" content=\"image\/jpeg\" \/>\n<meta name=\"author\" content=\"bvalente\" \/>\n<meta name=\"twitter:card\" content=\"summary_large_image\" \/>\n<meta name=\"twitter:label1\" content=\"Written by\" \/>\n\t<meta name=\"twitter:data1\" content=\"bvalente\" \/>\n\t<meta name=\"twitter:label2\" content=\"Est. reading time\" \/>\n\t<meta name=\"twitter:data2\" content=\"3 minutos\" \/>\n<script type=\"application\/ld+json\" class=\"yoast-schema-graph\">{\"@context\":\"https:\/\/schema.org\",\"@graph\":[{\"@type\":\"WebPage\",\"@id\":\"https:\/\/www.manaus.am.gov.br\/semcom\/acao-de-limpeza-3\/\",\"url\":\"https:\/\/www.manaus.am.gov.br\/semcom\/acao-de-limpeza-3\/\",\"name\":\"Prefeito acompanha retirada de lixo na ecobarreira do Mindu\",\"isPartOf\":{\"@id\":\"https:\/\/www.manaus.am.gov.br\/semcom\/#website\"},\"primaryImageOfPage\":{\"@id\":\"https:\/\/www.manaus.am.gov.br\/semcom\/acao-de-limpeza-3\/#primaryimage\"},\"image\":{\"@id\":\"https:\/\/www.manaus.am.gov.br\/semcom\/acao-de-limpeza-3\/#primaryimage\"},\"thumbnailUrl\":\"https:\/\/www.manaus.am.gov.br\/semcom\/wp-content\/uploads\/sites\/5\/2025\/10\/WhatsApp-Image-2025-10-06-at-17.19.41.jpeg\",\"datePublished\":\"2025-10-06T22:47:59+00:00\",\"dateModified\":\"2025-10-06T22:48:01+00:00\",\"author\":{\"@id\":\"https:\/\/www.manaus.am.gov.br\/semcom\/#\/schema\/person\/466a0e03ae4b6062809046bd560ac955\"},\"description\":\"O prefeito David Almeida, acompanhou, nesta segunda-feira, a retirada do lixo acumulado na ecobarreira instalada no passeio do Mindu.\",\"inLanguage\":\"pt-BR\",\"potentialAction\":[{\"@type\":\"ReadAction\",\"target\":[\"https:\/\/www.manaus.am.gov.br\/semcom\/acao-de-limpeza-3\/\"]}]},{\"@type\":\"ImageObject\",\"inLanguage\":\"pt-BR\",\"@id\":\"https:\/\/www.manaus.am.gov.br\/semcom\/acao-de-limpeza-3\/#primaryimage\",\"url\":\"https:\/\/www.manaus.am.gov.br\/semcom\/wp-content\/uploads\/sites\/5\/2025\/10\/WhatsApp-Image-2025-10-06-at-17.19.41.jpeg\",\"contentUrl\":\"https:\/\/www.manaus.am.gov.br\/semcom\/wp-content\/uploads\/sites\/5\/2025\/10\/WhatsApp-Image-2025-10-06-at-17.19.41.jpeg\",\"width\":4160,\"height\":2773,\"caption\":\"#paratodosverem \u2013 Prefeito David Almeida, em p\u00e9, verificando ecobarreira\"},{\"@type\":\"WebSite\",\"@id\":\"https:\/\/www.manaus.am.gov.br\/semcom\/#website\",\"url\":\"https:\/\/www.manaus.am.gov.br\/semcom\/\",\"name\":\"SEMCOM\",\"description\":\"Secretaria Municipal de Comunica\u00e7\u00e3o\",\"potentialAction\":[{\"@type\":\"SearchAction\",\"target\":{\"@type\":\"EntryPoint\",\"urlTemplate\":\"https:\/\/www.manaus.am.gov.br\/semcom\/?s={search_term_string}\"},\"query-input\":\"required name=search_term_string\"}],\"inLanguage\":\"pt-BR\"},{\"@type\":\"Person\",\"@id\":\"https:\/\/www.manaus.am.gov.br\/semcom\/#\/schema\/person\/466a0e03ae4b6062809046bd560ac955\",\"name\":\"bvalente\",\"image\":{\"@type\":\"ImageObject\",\"inLanguage\":\"pt-BR\",\"@id\":\"https:\/\/www.manaus.am.gov.br\/semcom\/#\/schema\/person\/image\/\",\"url\":\"https:\/\/secure.gravatar.com\/avatar\/3e69bc2b014bdad41adfec3a39de07d2?s=96&d=mm&r=g\",\"contentUrl\":\"https:\/\/secure.gravatar.com\/avatar\/3e69bc2b014bdad41adfec3a39de07d2?s=96&d=mm&r=g\",\"caption\":\"bvalente\"}}]}<\/script>\n<!-- \/ Yoast SEO plugin. -->","yoast_head_json":{"title":"Prefeito acompanha retirada de lixo na ecobarreira do Mindu","description":"O prefeito David Almeida, acompanhou, nesta segunda-feira, a retirada do lixo acumulado na ecobarreira instalada no passeio do Mindu.","robots":{"index":"index","follow":"follow","max-snippet":"max-snippet:-1","max-image-preview":"max-image-preview:large","max-video-preview":"max-video-preview:-1"},"canonical":"https:\/\/www.manaus.am.gov.br\/semcom\/acao-de-limpeza-3\/","og_locale":"pt_BR","og_type":"article","og_title":"Prefeito acompanha retirada de lixo na ecobarreira do Mindu","og_description":"O prefeito David Almeida, acompanhou, nesta segunda-feira, a retirada do lixo acumulado na ecobarreira instalada no passeio do Mindu.","og_url":"https:\/\/www.manaus.am.gov.br\/semcom\/acao-de-limpeza-3\/","og_site_name":"SEMCOM","article_published_time":"2025-10-06T22:47:59+00:00","article_modified_time":"2025-10-06T22:48:01+00:00","og_image":[{"width":4160,"height":2773,"url":"https:\/\/www.manaus.am.gov.br\/semcom\/wp-content\/uploads\/sites\/5\/2025\/10\/WhatsApp-Image-2025-10-06-at-17.19.41.jpeg","type":"image\/jpeg"}],"author":"bvalente","twitter_card":"summary_large_image","twitter_misc":{"Written by":"bvalente","Est. reading time":"3 minutos"},"schema":{"@context":"https:\/\/schema.org","@graph":[{"@type":"WebPage","@id":"https:\/\/www.manaus.am.gov.br\/semcom\/acao-de-limpeza-3\/","url":"https:\/\/www.manaus.am.gov.br\/semcom\/acao-de-limpeza-3\/","name":"Prefeito acompanha retirada de lixo na ecobarreira do Mindu","isPartOf":{"@id":"https:\/\/www.manaus.am.gov.br\/semcom\/#website"},"primaryImageOfPage":{"@id":"https:\/\/www.manaus.am.gov.br\/semcom\/acao-de-limpeza-3\/#primaryimage"},"image":{"@id":"https:\/\/www.manaus.am.gov.br\/semcom\/acao-de-limpeza-3\/#primaryimage"},"thumbnailUrl":"https:\/\/www.manaus.am.gov.br\/semcom\/wp-content\/uploads\/sites\/5\/2025\/10\/WhatsApp-Image-2025-10-06-at-17.19.41.jpeg","datePublished":"2025-10-06T22:47:59+00:00","dateModified":"2025-10-06T22:48:01+00:00","author":{"@id":"https:\/\/www.manaus.am.gov.br\/semcom\/#\/schema\/person\/466a0e03ae4b6062809046bd560ac955"},"description":"O prefeito David Almeida, acompanhou, nesta segunda-feira, a retirada do lixo acumulado na ecobarreira instalada no passeio do Mindu.","inLanguage":"pt-BR","potentialAction":[{"@type":"ReadAction","target":["https:\/\/www.manaus.am.gov.br\/semcom\/acao-de-limpeza-3\/"]}]},{"@type":"ImageObject","inLanguage":"pt-BR","@id":"https:\/\/www.manaus.am.gov.br\/semcom\/acao-de-limpeza-3\/#primaryimage","url":"https:\/\/www.manaus.am.gov.br\/semcom\/wp-content\/uploads\/sites\/5\/2025\/10\/WhatsApp-Image-2025-10-06-at-17.19.41.jpeg","contentUrl":"https:\/\/www.manaus.am.gov.br\/semcom\/wp-content\/uploads\/sites\/5\/2025\/10\/WhatsApp-Image-2025-10-06-at-17.19.41.jpeg","width":4160,"height":2773,"caption":"#paratodosverem \u2013 Prefeito David Almeida, em p\u00e9, verificando ecobarreira"},{"@type":"WebSite","@id":"https:\/\/www.manaus.am.gov.br\/semcom\/#website","url":"https:\/\/www.manaus.am.gov.br\/semcom\/","name":"SEMCOM","description":"Secretaria Municipal de Comunica\u00e7\u00e3o","potentialAction":[{"@type":"SearchAction","target":{"@type":"EntryPoint","urlTemplate":"https:\/\/www.manaus.am.gov.br\/semcom\/?s={search_term_string}"},"query-input":"required name=search_term_string"}],"inLanguage":"pt-BR"},{"@type":"Person","@id":"https:\/\/www.manaus.am.gov.br\/semcom\/#\/schema\/person\/466a0e03ae4b6062809046bd560ac955","name":"bvalente","image":{"@type":"ImageObject","inLanguage":"pt-BR","@id":"https:\/\/www.manaus.am.gov.br\/semcom\/#\/schema\/person\/image\/","url":"https:\/\/secure.gravatar.com\/avatar\/3e69bc2b014bdad41adfec3a39de07d2?s=96&d=mm&r=g","contentUrl":"https:\/\/secure.gravatar.com\/avatar\/3e69bc2b014bdad41adfec3a39de07d2?s=96&d=mm&r=g","caption":"bvalente"}}]}},"_links":{"self":[{"href":"https:\/\/www.manaus.am.gov.br\/semcom\/wp-json\/wp\/v2\/posts\/246644"}],"collection":[{"href":"https:\/\/www.manaus.am.gov.br\/semcom\/wp-json\/wp\/v2\/posts"}],"about":[{"href":"https:\/\/www.manaus.am.gov.br\/semcom\/wp-json\/wp\/v2\/types\/post"}],"author":[{"embeddable":true,"href":"https:\/\/www.manaus.am.gov.br\/semcom\/wp-json\/wp\/v2\/users\/68"}],"replies":[{"embeddable":true,"href":"https:\/\/www.manaus.am.gov.br\/semcom\/wp-json\/wp\/v2\/comments?post=246644"}],"version-history":[{"count":0,"href":"https:\/\/www.manaus.am.gov.br\/semcom\/wp-json\/wp\/v2\/posts\/246644\/revisions"}],"wp:featuredmedia":[{"embeddable":true,"href":"https:\/\/www.manaus.am.gov.br\/semcom\/wp-json\/wp\/v2\/media\/246645"}],"wp:attachment":[{"href":"https:\/\/www.manaus.am.gov.br\/semcom\/wp-json\/wp\/v2\/media?parent=246644"}],"wp:term":[{"taxonomy":"category","embeddable":true,"href":"https:\/\/www.manaus.am.gov.br\/semcom\/wp-json\/wp\/v2\/categories?post=246644"},{"taxonomy":"post_tag","embeddable":true,"href":"https:\/\/www.manaus.am.gov.br\/semcom\/wp-json\/wp\/v2\/tags?post=246644"}],"curies":[{"name":"wp","href":"https:\/\/api.w.org\/{rel}","templated":true}]}}