{"id":246632,"date":"2025-10-06T18:13:30","date_gmt":"2025-10-06T21:13:30","guid":{"rendered":"https:\/\/www.manaus.am.gov.br\/semcom\/david-cirurgias-exames\/"},"modified":"2025-10-06T18:13:31","modified_gmt":"2025-10-06T21:13:31","slug":"david-cirurgias-exames","status":"publish","type":"post","link":"https:\/\/www.manaus.am.gov.br\/semcom\/david-cirurgias-exames\/","title":{"rendered":"Prefeito David Almeida refor\u00e7a sa\u00fade em Manaus com 12 mil cirurgias e 6 mil exames de m\u00e9dia e alta complexidade"},"content":{"rendered":"\n<p>A Prefeitura de Manaus avan\u00e7a em mais uma frente importante da sa\u00fade p\u00fablica. Nesta segunda-feira, 6\/10, o prefeito David Almeida anunciou, na sede da Secretaria Municipal de Sa\u00fade (Semsa), zona Centro-Sul, o refor\u00e7o dos servi\u00e7os municipais com novos investimentos voltados \u00e0 m\u00e9dia e alta complexidade, ampliando o acesso da popula\u00e7\u00e3o a 12 mil cirurgias e 6 mil exames especializados.<\/p>\n\n\n\n<p>Os recursos s\u00e3o provenientes de emendas parlamentares de autoria do senador Omar Aziz, do deputado federal Silas C\u00e2mara e do deputado federal licenciado, Saullo Vianna.<\/p>\n\n\n\n<p>\u201cRecebemos recursos de emendas parlamentares, emenda de bancada de autoria do senador Omar Aziz, do deputado Saullo e do deputado Silas. Agora, a nossa equipe de sa\u00fade vai avan\u00e7ar para a m\u00e9dia e alta complexidade com a ajuda desses recursos\u201d, destacou o prefeito.<\/p>\n\n\n\n<p>Com os novos aportes, a prefeitura vai realizar 12 mil cirurgias oftalmol\u00f3gicas, incluindo procedimentos de catarata, e 6 mil exames de endoscopia e colonoscopia, al\u00e9m de ampliar a oferta de ecocardiogramas, testes ergom\u00e9tricos e exames histopatol\u00f3gicos. Parte desses procedimentos j\u00e1 est\u00e1 em fase de licita\u00e7\u00e3o e ser\u00e1 iniciada nos pr\u00f3ximos meses.<\/p>\n\n\n\n<p>\u201cN\u00f3s temos recursos de emenda parlamentar que vamos usar para ajudar Manaus a diminuir a fila de espera do Sisreg (Sistema Nacional de Regula\u00e7\u00e3o). \u00c9 a prefeitura trabalhando tamb\u00e9m com m\u00e9dia e alta complexidade na sa\u00fade\u201d, refor\u00e7ou David Almeida, ao agradecer o apoio dos parlamentares. \u201cEsses recursos v\u00e3o ajudar a melhorar a vida de 12 mil pessoas com cirurgias de catarata e mais 6 mil pessoas com exames de endoscopia e colonoscopia.\u201d<\/p>\n\n\n\n<p>A titular da Semsa, Sh\u00e1dia Fraxe, explicou que o avan\u00e7o representa um marco na estrutura\u00e7\u00e3o da rede municipal. \u201cA prefeitura, que \u00e9 respons\u00e1vel pela aten\u00e7\u00e3o prim\u00e1ria, decide agora, por determina\u00e7\u00e3o do prefeito, avan\u00e7ar para a m\u00e9dia complexidade. J\u00e1 temos algumas a\u00e7\u00f5es nesse n\u00edvel, mas, com esses novos recursos, poderemos realizar cirurgias de catarata, carnosidade e exames diagn\u00f3sticos como endoscopia, colonoscopia e histopatol\u00f3gico\u201d, afirmou.<\/p>\n\n\n\n<p>Sh\u00e1dia destacou ainda que o foco \u00e9 reduzir o tempo de espera no Sisreg e garantir atendimento a quem aguarda por procedimentos eletivos.<\/p>\n\n\n\n<p>\u201cBuscaremos as pessoas que aguardam na fila do Sisreg por esses procedimentos e, diante do congestionamento da rede, iremos avan\u00e7ar e cham\u00e1-las para o atendimento\u201d, completou.<\/p>\n\n\n\n<p>David Almeida ainda adiantou que uma nova grande not\u00edcia sobre o Hospital Municipal Dia ser\u00e1 divulgada em breve. \u201cBoas not\u00edcias para a sa\u00fade de Manaus. A prefeitura, que tem por responsabilidade a sa\u00fade b\u00e1sica, vai avan\u00e7ar para a m\u00e9dia e alta complexidade. E fiquem ligados, vem a\u00ed uma grande novidade sobre o Hospital Municipal Dia\u201d, concluiu David Almeida.<\/p>\n\n\n\n<p><strong>Redu\u00e7\u00e3o da fila do Sisreg<\/strong><\/p>\n\n\n\n<p>O Sistema Nacional de Regula\u00e7\u00e3o (Sisreg) \u00e9 a plataforma utilizada pelo Sistema \u00danico de Sa\u00fade (SUS) para organizar e controlar o acesso da popula\u00e7\u00e3o a consultas, exames e cirurgias. Por meio dele, a Semsa acompanha as demandas e define o encaminhamento dos pacientes conforme a disponibilidade de vagas e crit\u00e9rios cl\u00ednicos. Com os novos recursos anunciados, a Prefeitura de Manaus vai conseguir agilizar o atendimento e reduzir significativamente a fila de espera, garantindo mais efici\u00eancia e transpar\u00eancia na marca\u00e7\u00e3o dos procedimentos.<\/p>\n\n\n\n<p>&#8212; &#8212; &#8212;<\/p>\n\n\n\n<p><strong>Texto &#8211;<\/strong> Emanuelle Baires \/ Semcom-Prefeito<\/p>\n\n\n\n<p><strong>Fotos &#8211;<\/strong> Dhyeizo Lemos \/ Semcom-Prefeito<\/p>\n","protected":false},"excerpt":{"rendered":"","protected":false},"author":57,"featured_media":246633,"comment_status":"closed","ping_status":"closed","sticky":false,"template":"","format":"standard","meta":{"footnotes":""},"categories":[42],"tags":[17269,17270,35,77,162],"acf":[],"yoast_head":"<!-- This site is optimized with the Yoast SEO plugin v23.0 - https:\/\/yoast.com\/wordpress\/plugins\/seo\/ -->\n<title>David refor\u00e7a sa\u00fade com 12 mil cirurgias e 6 mil exames<\/title>\n<meta name=\"description\" content=\"O prefeito David Almeida anunciou a amplia\u00e7\u00e3o do acesso da popula\u00e7\u00e3o a 12 mil cirurgias e 6 mil exames especializados.\" \/>\n<meta name=\"robots\" content=\"index, follow, max-snippet:-1, max-image-preview:large, max-video-preview:-1\" \/>\n<link rel=\"canonical\" href=\"https:\/\/www.manaus.am.gov.br\/semcom\/david-cirurgias-exames\/\" \/>\n<meta property=\"og:locale\" content=\"pt_BR\" \/>\n<meta property=\"og:type\" content=\"article\" \/>\n<meta property=\"og:title\" content=\"David refor\u00e7a sa\u00fade com 12 mil cirurgias e 6 mil exames\" \/>\n<meta property=\"og:description\" content=\"O prefeito David Almeida anunciou a amplia\u00e7\u00e3o do acesso da popula\u00e7\u00e3o a 12 mil cirurgias e 6 mil exames especializados.\" \/>\n<meta property=\"og:url\" content=\"https:\/\/www.manaus.am.gov.br\/semcom\/david-cirurgias-exames\/\" \/>\n<meta property=\"og:site_name\" content=\"SEMCOM\" \/>\n<meta property=\"article:published_time\" content=\"2025-10-06T21:13:30+00:00\" \/>\n<meta property=\"article:modified_time\" content=\"2025-10-06T21:13:31+00:00\" \/>\n<meta property=\"og:image\" content=\"https:\/\/www.manaus.am.gov.br\/semcom\/wp-content\/uploads\/sites\/5\/2025\/10\/David-cirurgias-exames-1.jpeg\" \/>\n\t<meta property=\"og:image:width\" content=\"1600\" \/>\n\t<meta property=\"og:image:height\" content=\"1066\" \/>\n\t<meta property=\"og:image:type\" content=\"image\/jpeg\" \/>\n<meta name=\"author\" content=\"Thiago Fernando\" \/>\n<meta name=\"twitter:card\" content=\"summary_large_image\" \/>\n<meta name=\"twitter:label1\" content=\"Written by\" \/>\n\t<meta name=\"twitter:data1\" content=\"Thiago Fernando\" \/>\n\t<meta name=\"twitter:label2\" content=\"Est. reading time\" \/>\n\t<meta name=\"twitter:data2\" content=\"4 minutos\" \/>\n<script type=\"application\/ld+json\" class=\"yoast-schema-graph\">{\"@context\":\"https:\/\/schema.org\",\"@graph\":[{\"@type\":\"WebPage\",\"@id\":\"https:\/\/www.manaus.am.gov.br\/semcom\/david-cirurgias-exames\/\",\"url\":\"https:\/\/www.manaus.am.gov.br\/semcom\/david-cirurgias-exames\/\",\"name\":\"David refor\u00e7a sa\u00fade com 12 mil cirurgias e 6 mil exames\",\"isPartOf\":{\"@id\":\"https:\/\/www.manaus.am.gov.br\/semcom\/#website\"},\"primaryImageOfPage\":{\"@id\":\"https:\/\/www.manaus.am.gov.br\/semcom\/david-cirurgias-exames\/#primaryimage\"},\"image\":{\"@id\":\"https:\/\/www.manaus.am.gov.br\/semcom\/david-cirurgias-exames\/#primaryimage\"},\"thumbnailUrl\":\"https:\/\/www.manaus.am.gov.br\/semcom\/wp-content\/uploads\/sites\/5\/2025\/10\/David-cirurgias-exames-1.jpeg\",\"datePublished\":\"2025-10-06T21:13:30+00:00\",\"dateModified\":\"2025-10-06T21:13:31+00:00\",\"author\":{\"@id\":\"https:\/\/www.manaus.am.gov.br\/semcom\/#\/schema\/person\/a5ee5376db6e21af026374b369f30882\"},\"description\":\"O prefeito David Almeida anunciou a amplia\u00e7\u00e3o do acesso da popula\u00e7\u00e3o a 12 mil cirurgias e 6 mil exames especializados.\",\"inLanguage\":\"pt-BR\",\"potentialAction\":[{\"@type\":\"ReadAction\",\"target\":[\"https:\/\/www.manaus.am.gov.br\/semcom\/david-cirurgias-exames\/\"]}]},{\"@type\":\"ImageObject\",\"inLanguage\":\"pt-BR\",\"@id\":\"https:\/\/www.manaus.am.gov.br\/semcom\/david-cirurgias-exames\/#primaryimage\",\"url\":\"https:\/\/www.manaus.am.gov.br\/semcom\/wp-content\/uploads\/sites\/5\/2025\/10\/David-cirurgias-exames-1.jpeg\",\"contentUrl\":\"https:\/\/www.manaus.am.gov.br\/semcom\/wp-content\/uploads\/sites\/5\/2025\/10\/David-cirurgias-exames-1.jpeg\",\"width\":1600,\"height\":1066,\"caption\":\"#paratodosverem - Prefeito David Almeida ao lado do secretariado da Semsa\"},{\"@type\":\"WebSite\",\"@id\":\"https:\/\/www.manaus.am.gov.br\/semcom\/#website\",\"url\":\"https:\/\/www.manaus.am.gov.br\/semcom\/\",\"name\":\"SEMCOM\",\"description\":\"Secretaria Municipal de Comunica\u00e7\u00e3o\",\"potentialAction\":[{\"@type\":\"SearchAction\",\"target\":{\"@type\":\"EntryPoint\",\"urlTemplate\":\"https:\/\/www.manaus.am.gov.br\/semcom\/?s={search_term_string}\"},\"query-input\":\"required name=search_term_string\"}],\"inLanguage\":\"pt-BR\"},{\"@type\":\"Person\",\"@id\":\"https:\/\/www.manaus.am.gov.br\/semcom\/#\/schema\/person\/a5ee5376db6e21af026374b369f30882\",\"name\":\"Thiago Fernando\",\"image\":{\"@type\":\"ImageObject\",\"inLanguage\":\"pt-BR\",\"@id\":\"https:\/\/www.manaus.am.gov.br\/semcom\/#\/schema\/person\/image\/\",\"url\":\"https:\/\/secure.gravatar.com\/avatar\/f5aab8722444041451501c077052ac07?s=96&d=mm&r=g\",\"contentUrl\":\"https:\/\/secure.gravatar.com\/avatar\/f5aab8722444041451501c077052ac07?s=96&d=mm&r=g\",\"caption\":\"Thiago Fernando\"}}]}<\/script>\n<!-- \/ Yoast SEO plugin. -->","yoast_head_json":{"title":"David refor\u00e7a sa\u00fade com 12 mil cirurgias e 6 mil exames","description":"O prefeito David Almeida anunciou a amplia\u00e7\u00e3o do acesso da popula\u00e7\u00e3o a 12 mil cirurgias e 6 mil exames especializados.","robots":{"index":"index","follow":"follow","max-snippet":"max-snippet:-1","max-image-preview":"max-image-preview:large","max-video-preview":"max-video-preview:-1"},"canonical":"https:\/\/www.manaus.am.gov.br\/semcom\/david-cirurgias-exames\/","og_locale":"pt_BR","og_type":"article","og_title":"David refor\u00e7a sa\u00fade com 12 mil cirurgias e 6 mil exames","og_description":"O prefeito David Almeida anunciou a amplia\u00e7\u00e3o do acesso da popula\u00e7\u00e3o a 12 mil cirurgias e 6 mil exames especializados.","og_url":"https:\/\/www.manaus.am.gov.br\/semcom\/david-cirurgias-exames\/","og_site_name":"SEMCOM","article_published_time":"2025-10-06T21:13:30+00:00","article_modified_time":"2025-10-06T21:13:31+00:00","og_image":[{"width":1600,"height":1066,"url":"https:\/\/www.manaus.am.gov.br\/semcom\/wp-content\/uploads\/sites\/5\/2025\/10\/David-cirurgias-exames-1.jpeg","type":"image\/jpeg"}],"author":"Thiago Fernando","twitter_card":"summary_large_image","twitter_misc":{"Written by":"Thiago Fernando","Est. reading time":"4 minutos"},"schema":{"@context":"https:\/\/schema.org","@graph":[{"@type":"WebPage","@id":"https:\/\/www.manaus.am.gov.br\/semcom\/david-cirurgias-exames\/","url":"https:\/\/www.manaus.am.gov.br\/semcom\/david-cirurgias-exames\/","name":"David refor\u00e7a sa\u00fade com 12 mil cirurgias e 6 mil exames","isPartOf":{"@id":"https:\/\/www.manaus.am.gov.br\/semcom\/#website"},"primaryImageOfPage":{"@id":"https:\/\/www.manaus.am.gov.br\/semcom\/david-cirurgias-exames\/#primaryimage"},"image":{"@id":"https:\/\/www.manaus.am.gov.br\/semcom\/david-cirurgias-exames\/#primaryimage"},"thumbnailUrl":"https:\/\/www.manaus.am.gov.br\/semcom\/wp-content\/uploads\/sites\/5\/2025\/10\/David-cirurgias-exames-1.jpeg","datePublished":"2025-10-06T21:13:30+00:00","dateModified":"2025-10-06T21:13:31+00:00","author":{"@id":"https:\/\/www.manaus.am.gov.br\/semcom\/#\/schema\/person\/a5ee5376db6e21af026374b369f30882"},"description":"O prefeito David Almeida anunciou a amplia\u00e7\u00e3o do acesso da popula\u00e7\u00e3o a 12 mil cirurgias e 6 mil exames especializados.","inLanguage":"pt-BR","potentialAction":[{"@type":"ReadAction","target":["https:\/\/www.manaus.am.gov.br\/semcom\/david-cirurgias-exames\/"]}]},{"@type":"ImageObject","inLanguage":"pt-BR","@id":"https:\/\/www.manaus.am.gov.br\/semcom\/david-cirurgias-exames\/#primaryimage","url":"https:\/\/www.manaus.am.gov.br\/semcom\/wp-content\/uploads\/sites\/5\/2025\/10\/David-cirurgias-exames-1.jpeg","contentUrl":"https:\/\/www.manaus.am.gov.br\/semcom\/wp-content\/uploads\/sites\/5\/2025\/10\/David-cirurgias-exames-1.jpeg","width":1600,"height":1066,"caption":"#paratodosverem - Prefeito David Almeida ao lado do secretariado da Semsa"},{"@type":"WebSite","@id":"https:\/\/www.manaus.am.gov.br\/semcom\/#website","url":"https:\/\/www.manaus.am.gov.br\/semcom\/","name":"SEMCOM","description":"Secretaria Municipal de Comunica\u00e7\u00e3o","potentialAction":[{"@type":"SearchAction","target":{"@type":"EntryPoint","urlTemplate":"https:\/\/www.manaus.am.gov.br\/semcom\/?s={search_term_string}"},"query-input":"required name=search_term_string"}],"inLanguage":"pt-BR"},{"@type":"Person","@id":"https:\/\/www.manaus.am.gov.br\/semcom\/#\/schema\/person\/a5ee5376db6e21af026374b369f30882","name":"Thiago Fernando","image":{"@type":"ImageObject","inLanguage":"pt-BR","@id":"https:\/\/www.manaus.am.gov.br\/semcom\/#\/schema\/person\/image\/","url":"https:\/\/secure.gravatar.com\/avatar\/f5aab8722444041451501c077052ac07?s=96&d=mm&r=g","contentUrl":"https:\/\/secure.gravatar.com\/avatar\/f5aab8722444041451501c077052ac07?s=96&d=mm&r=g","caption":"Thiago Fernando"}}]}},"_links":{"self":[{"href":"https:\/\/www.manaus.am.gov.br\/semcom\/wp-json\/wp\/v2\/posts\/246632"}],"collection":[{"href":"https:\/\/www.manaus.am.gov.br\/semcom\/wp-json\/wp\/v2\/posts"}],"about":[{"href":"https:\/\/www.manaus.am.gov.br\/semcom\/wp-json\/wp\/v2\/types\/post"}],"author":[{"embeddable":true,"href":"https:\/\/www.manaus.am.gov.br\/semcom\/wp-json\/wp\/v2\/users\/57"}],"replies":[{"embeddable":true,"href":"https:\/\/www.manaus.am.gov.br\/semcom\/wp-json\/wp\/v2\/comments?post=246632"}],"version-history":[{"count":0,"href":"https:\/\/www.manaus.am.gov.br\/semcom\/wp-json\/wp\/v2\/posts\/246632\/revisions"}],"wp:featuredmedia":[{"embeddable":true,"href":"https:\/\/www.manaus.am.gov.br\/semcom\/wp-json\/wp\/v2\/media\/246633"}],"wp:attachment":[{"href":"https:\/\/www.manaus.am.gov.br\/semcom\/wp-json\/wp\/v2\/media?parent=246632"}],"wp:term":[{"taxonomy":"category","embeddable":true,"href":"https:\/\/www.manaus.am.gov.br\/semcom\/wp-json\/wp\/v2\/categories?post=246632"},{"taxonomy":"post_tag","embeddable":true,"href":"https:\/\/www.manaus.am.gov.br\/semcom\/wp-json\/wp\/v2\/tags?post=246632"}],"curies":[{"name":"wp","href":"https:\/\/api.w.org\/{rel}","templated":true}]}}