{"id":246604,"date":"2025-10-06T14:24:39","date_gmt":"2025-10-06T18:24:39","guid":{"rendered":"https:\/\/www.manaus.am.gov.br\/semcom\/plantio-arvore-e-projeto-sustentavel-parque-mosaico\/"},"modified":"2025-10-06T15:29:55","modified_gmt":"2025-10-06T18:29:55","slug":"plantio-arvore-e-projeto-sustentavel-parque-mosaico","status":"publish","type":"post","link":"https:\/\/www.manaus.am.gov.br\/semcom\/plantio-arvore-e-projeto-sustentavel-parque-mosaico\/","title":{"rendered":"Com a obra da nova sede do Implurb, Prefeitura de Manaus avan\u00e7a com plantio de \u00e1rvores e projeto sustent\u00e1vel no Parque Mosaico"},"content":{"rendered":"\n<p>A nova sede do Instituto Municipal de Planejamento Urbano (Implurb), localizada no Parque Mosaico, no bairro Tarum\u00e3, zona Oeste, uma obra da Prefeitura de Manaus, recebeu, nesta segunda-feira, 6\/10, mais um refor\u00e7o no plantio de \u00e1rvores. A iniciativa contou com a participa\u00e7\u00e3o da diretoria da autarquia e equipes das\u00a0secretarias municipais de Finan\u00e7as e Tecnologia da Informa\u00e7\u00e3o (Semef) e de Meio Ambiente e Sustentabilidade (Semmas).<\/p>\n\n\n\n<p>Em parceria com a Semmas, 262 \u00e1rvores nativas da Amaz\u00f4nia e brasileiras, como ip\u00ea, pata-de-vaca, pau-pretinho e jutairana, est\u00e3o sendo plantadas no espa\u00e7o e entorno do pr\u00e9dio em constru\u00e7\u00e3o. O diretor-presidente do Implurb, Carlos Valente, destacou que o plantio faz parte do compromisso da prefeitura com a cidade e com os cidad\u00e3os.<\/p>\n\n\n\n<p>\u201cHoje \u00e9 um dia muito especial com a visita das equipes das Semmas e Semef. Estamos dando continuidade aos trabalhos de fiscaliza\u00e7\u00e3o e plantio de \u00e1rvores amaz\u00f4nicas ao redor da sede do Implurb. Isso faz parte da evolu\u00e7\u00e3o do nosso trabalho, e logo o prefeito David Almeida estar\u00e1 entregando esta obra para todos os cidad\u00e3os. Os usu\u00e1rios do Implurb ter\u00e3o mais conforto no estacionamento, no atendimento, na seguran\u00e7a e na beleza do entorno, com uma \u00e1rea planejada e para oferecer mais qualidade urban\u00edstica\u201d, afirmou Valente.<\/p>\n\n\n\n<p>O diretor de Planejamento do Implurb, Pedro Paulo Cordeiro, refor\u00e7a o car\u00e1ter sustent\u00e1vel do plantio e de longo prazo do projeto para contribui\u00e7\u00e3o da arboriza\u00e7\u00e3o de Manaus. \u201cO objetivo \u00e9 contribuir para a arboriza\u00e7\u00e3o e nossa iniciativa se soma \u00e0s diversas a\u00e7\u00f5es para transformar a capital em um ambiente mais verde. Espera-se que, em aproximadamente uma d\u00e9cada, as \u00e1rvores atinjam a maturidade, proporcionando ainda mais sombra e melhorando significativamente o ambiente nesta \u00e1rea\u201d, comentou.<\/p>\n\n\n\n<p>Durante a comitiva da visita, a diretora de Coordena\u00e7\u00e3o de Projetos da Semef, Natasha Miwa, lembrou o impacto da iniciativa e da obra para os servidores e para a cidade.<\/p>\n\n\n\n<p>\u201c\u00c9 com grande satisfa\u00e7\u00e3o que celebramos nossa participa\u00e7\u00e3o neste projeto. A nova sede, com sua beleza e conforto, proporcionar\u00e1 aos servidores um ambiente de trabalho digno e prop\u00edcio ao desempenho de suas fun\u00e7\u00f5es. Al\u00e9m disso, plantar uma \u00e1rvore nos enche de alegria, pois contribui para a arboriza\u00e7\u00e3o e o bem-estar da cidade\u201d, enfatizou.<\/p>\n\n\n\n<figure class=\"wp-block-image size-large\"><img loading=\"lazy\" decoding=\"async\" width=\"1024\" height=\"683\" src=\"https:\/\/www.manaus.am.gov.br\/semcom\/wp-content\/uploads\/sites\/5\/2025\/10\/54836652626_2eb75c663c_k-1024x683.jpg\" alt=\"\" class=\"wp-image-246607\" srcset=\"https:\/\/www.manaus.am.gov.br\/semcom\/wp-content\/uploads\/sites\/5\/2025\/10\/54836652626_2eb75c663c_k-1024x683.jpg 1024w, https:\/\/www.manaus.am.gov.br\/semcom\/wp-content\/uploads\/sites\/5\/2025\/10\/54836652626_2eb75c663c_k-300x200.jpg 300w, https:\/\/www.manaus.am.gov.br\/semcom\/wp-content\/uploads\/sites\/5\/2025\/10\/54836652626_2eb75c663c_k-768x512.jpg 768w, https:\/\/www.manaus.am.gov.br\/semcom\/wp-content\/uploads\/sites\/5\/2025\/10\/54836652626_2eb75c663c_k-1536x1024.jpg 1536w, https:\/\/www.manaus.am.gov.br\/semcom\/wp-content\/uploads\/sites\/5\/2025\/10\/54836652626_2eb75c663c_k.jpg 2048w\" sizes=\"(max-width: 1024px) 100vw, 1024px\" \/><\/figure>\n\n\n\n<p><strong>Sustentabilidade<\/strong><\/p>\n\n\n\n<p>O terreno da nova sede, antes desprovido de vegeta\u00e7\u00e3o, est\u00e1 ganhando uma cobertura verde restauradora, que fortalece a biodiversidade local, cria microambientes equilibrados, atrai fauna urbana e melhora a gest\u00e3o de \u00e1guas pluviais.<\/p>\n\n\n\n<p>O projeto de arboriza\u00e7\u00e3o integra o planejamento da nova sede e a estrat\u00e9gia de longo prazo da Prefeitura de Manaus, para tornar a cidade mais sustent\u00e1vel, resiliente e humana. Al\u00e9m do impacto ambiental, a \u00e1rea arborizada cumpre tamb\u00e9m papel pedag\u00f3gico, mostrando na pr\u00e1tica que urbaniza\u00e7\u00e3o e natureza podem caminhar juntas.<\/p>\n\n\n\n<figure class=\"wp-block-image size-large\"><img loading=\"lazy\" decoding=\"async\" width=\"1024\" height=\"683\" src=\"https:\/\/www.manaus.am.gov.br\/semcom\/wp-content\/uploads\/sites\/5\/2025\/10\/54836645566_d3647a23fb_k-1024x683.jpg\" alt=\"\" class=\"wp-image-246606\" srcset=\"https:\/\/www.manaus.am.gov.br\/semcom\/wp-content\/uploads\/sites\/5\/2025\/10\/54836645566_d3647a23fb_k-1024x683.jpg 1024w, https:\/\/www.manaus.am.gov.br\/semcom\/wp-content\/uploads\/sites\/5\/2025\/10\/54836645566_d3647a23fb_k-300x200.jpg 300w, https:\/\/www.manaus.am.gov.br\/semcom\/wp-content\/uploads\/sites\/5\/2025\/10\/54836645566_d3647a23fb_k-768x512.jpg 768w, https:\/\/www.manaus.am.gov.br\/semcom\/wp-content\/uploads\/sites\/5\/2025\/10\/54836645566_d3647a23fb_k-1536x1024.jpg 1536w, https:\/\/www.manaus.am.gov.br\/semcom\/wp-content\/uploads\/sites\/5\/2025\/10\/54836645566_d3647a23fb_k.jpg 2048w\" sizes=\"(max-width: 1024px) 100vw, 1024px\" \/><\/figure>\n\n\n\n<p>&#8212; &#8212; &#8212;<\/p>\n\n\n\n<p><strong>Texto&nbsp;<\/strong>\u2013 Claudia do Valle\/Implurb<\/p>\n\n\n\n<p><strong>Fotos&nbsp;<\/strong>\u2013 Ant\u00f4nio Pereira\/Semcom<\/p>\n\n\n\n<p><strong>Dispon\u00edveis em &#8211; <\/strong><a href=\"https:\/\/flic.kr\/s\/aHBqjCww4F\" target=\"_blank\" rel=\"noreferrer noopener\">https:\/\/flic.kr\/s\/aHBqjCww4F<\/a><\/p>\n","protected":false},"excerpt":{"rendered":"","protected":false},"author":39,"featured_media":246605,"comment_status":"closed","ping_status":"closed","sticky":false,"template":"","format":"standard","meta":{"footnotes":""},"categories":[3878],"tags":[65,17255,2200,8384,77,17256],"acf":[],"yoast_head":"<!-- This site is optimized with the Yoast SEO plugin v23.0 - https:\/\/yoast.com\/wordpress\/plugins\/seo\/ -->\n<title>Plantio de \u00e1rvores e projeto sustent\u00e1vel no Parque Mosaico<\/title>\n<meta name=\"description\" content=\"Com a obra da nova sede do Implurb, Prefeitura de Manaus avan\u00e7a com plantio de \u00e1rvores e projeto sustent\u00e1vel no Parque Mosaico.\" \/>\n<meta name=\"robots\" content=\"index, follow, max-snippet:-1, max-image-preview:large, max-video-preview:-1\" \/>\n<link rel=\"canonical\" href=\"https:\/\/www.manaus.am.gov.br\/semcom\/plantio-arvore-e-projeto-sustentavel-parque-mosaico\/\" \/>\n<meta property=\"og:locale\" content=\"pt_BR\" \/>\n<meta property=\"og:type\" content=\"article\" \/>\n<meta property=\"og:title\" content=\"Plantio de \u00e1rvores e projeto sustent\u00e1vel no Parque Mosaico\" \/>\n<meta property=\"og:description\" content=\"Com a obra da nova sede do Implurb, Prefeitura de Manaus avan\u00e7a com plantio de \u00e1rvores e projeto sustent\u00e1vel no Parque Mosaico.\" \/>\n<meta property=\"og:url\" content=\"https:\/\/www.manaus.am.gov.br\/semcom\/plantio-arvore-e-projeto-sustentavel-parque-mosaico\/\" \/>\n<meta property=\"og:site_name\" content=\"SEMCOM\" \/>\n<meta property=\"article:published_time\" content=\"2025-10-06T18:24:39+00:00\" \/>\n<meta property=\"article:modified_time\" content=\"2025-10-06T18:29:55+00:00\" \/>\n<meta property=\"og:image\" content=\"https:\/\/www.manaus.am.gov.br\/semcom\/wp-content\/uploads\/sites\/5\/2025\/10\/54836973895_3ff9a06f09_k.jpg\" \/>\n\t<meta property=\"og:image:width\" content=\"2048\" \/>\n\t<meta property=\"og:image:height\" content=\"1365\" \/>\n\t<meta property=\"og:image:type\" content=\"image\/jpeg\" \/>\n<meta name=\"author\" content=\"Bruna Greco\" \/>\n<meta name=\"twitter:card\" content=\"summary_large_image\" \/>\n<meta name=\"twitter:label1\" content=\"Written by\" \/>\n\t<meta name=\"twitter:data1\" content=\"Bruna Greco\" \/>\n\t<meta name=\"twitter:label2\" content=\"Est. reading time\" \/>\n\t<meta name=\"twitter:data2\" content=\"4 minutos\" \/>\n<script type=\"application\/ld+json\" class=\"yoast-schema-graph\">{\"@context\":\"https:\/\/schema.org\",\"@graph\":[{\"@type\":\"WebPage\",\"@id\":\"https:\/\/www.manaus.am.gov.br\/semcom\/plantio-arvore-e-projeto-sustentavel-parque-mosaico\/\",\"url\":\"https:\/\/www.manaus.am.gov.br\/semcom\/plantio-arvore-e-projeto-sustentavel-parque-mosaico\/\",\"name\":\"Plantio de \u00e1rvores e projeto sustent\u00e1vel no Parque Mosaico\",\"isPartOf\":{\"@id\":\"https:\/\/www.manaus.am.gov.br\/semcom\/#website\"},\"primaryImageOfPage\":{\"@id\":\"https:\/\/www.manaus.am.gov.br\/semcom\/plantio-arvore-e-projeto-sustentavel-parque-mosaico\/#primaryimage\"},\"image\":{\"@id\":\"https:\/\/www.manaus.am.gov.br\/semcom\/plantio-arvore-e-projeto-sustentavel-parque-mosaico\/#primaryimage\"},\"thumbnailUrl\":\"https:\/\/www.manaus.am.gov.br\/semcom\/wp-content\/uploads\/sites\/5\/2025\/10\/54836973895_3ff9a06f09_k.jpg\",\"datePublished\":\"2025-10-06T18:24:39+00:00\",\"dateModified\":\"2025-10-06T18:29:55+00:00\",\"author\":{\"@id\":\"https:\/\/www.manaus.am.gov.br\/semcom\/#\/schema\/person\/05d223aea2bf115f9883a6ff3683d81b\"},\"description\":\"Com a obra da nova sede do Implurb, Prefeitura de Manaus avan\u00e7a com plantio de \u00e1rvores e projeto sustent\u00e1vel no Parque Mosaico.\",\"inLanguage\":\"pt-BR\",\"potentialAction\":[{\"@type\":\"ReadAction\",\"target\":[\"https:\/\/www.manaus.am.gov.br\/semcom\/plantio-arvore-e-projeto-sustentavel-parque-mosaico\/\"]}]},{\"@type\":\"ImageObject\",\"inLanguage\":\"pt-BR\",\"@id\":\"https:\/\/www.manaus.am.gov.br\/semcom\/plantio-arvore-e-projeto-sustentavel-parque-mosaico\/#primaryimage\",\"url\":\"https:\/\/www.manaus.am.gov.br\/semcom\/wp-content\/uploads\/sites\/5\/2025\/10\/54836973895_3ff9a06f09_k.jpg\",\"contentUrl\":\"https:\/\/www.manaus.am.gov.br\/semcom\/wp-content\/uploads\/sites\/5\/2025\/10\/54836973895_3ff9a06f09_k.jpg\",\"width\":2048,\"height\":1365,\"caption\":\"#paratodosverem - Diretor-presidente do Implurb, Carlos Valente, acompanhado de representantes da Semmas e Semef, durante visita a obra da nova sede do Implurb\"},{\"@type\":\"WebSite\",\"@id\":\"https:\/\/www.manaus.am.gov.br\/semcom\/#website\",\"url\":\"https:\/\/www.manaus.am.gov.br\/semcom\/\",\"name\":\"SEMCOM\",\"description\":\"Secretaria Municipal de Comunica\u00e7\u00e3o\",\"potentialAction\":[{\"@type\":\"SearchAction\",\"target\":{\"@type\":\"EntryPoint\",\"urlTemplate\":\"https:\/\/www.manaus.am.gov.br\/semcom\/?s={search_term_string}\"},\"query-input\":\"required name=search_term_string\"}],\"inLanguage\":\"pt-BR\"},{\"@type\":\"Person\",\"@id\":\"https:\/\/www.manaus.am.gov.br\/semcom\/#\/schema\/person\/05d223aea2bf115f9883a6ff3683d81b\",\"name\":\"Bruna Greco\",\"image\":{\"@type\":\"ImageObject\",\"inLanguage\":\"pt-BR\",\"@id\":\"https:\/\/www.manaus.am.gov.br\/semcom\/#\/schema\/person\/image\/\",\"url\":\"https:\/\/secure.gravatar.com\/avatar\/9c877d1a6adc2a055330e5c09a8653ce?s=96&d=mm&r=g\",\"contentUrl\":\"https:\/\/secure.gravatar.com\/avatar\/9c877d1a6adc2a055330e5c09a8653ce?s=96&d=mm&r=g\",\"caption\":\"Bruna Greco\"}}]}<\/script>\n<!-- \/ Yoast SEO plugin. -->","yoast_head_json":{"title":"Plantio de \u00e1rvores e projeto sustent\u00e1vel no Parque Mosaico","description":"Com a obra da nova sede do Implurb, Prefeitura de Manaus avan\u00e7a com plantio de \u00e1rvores e projeto sustent\u00e1vel no Parque Mosaico.","robots":{"index":"index","follow":"follow","max-snippet":"max-snippet:-1","max-image-preview":"max-image-preview:large","max-video-preview":"max-video-preview:-1"},"canonical":"https:\/\/www.manaus.am.gov.br\/semcom\/plantio-arvore-e-projeto-sustentavel-parque-mosaico\/","og_locale":"pt_BR","og_type":"article","og_title":"Plantio de \u00e1rvores e projeto sustent\u00e1vel no Parque Mosaico","og_description":"Com a obra da nova sede do Implurb, Prefeitura de Manaus avan\u00e7a com plantio de \u00e1rvores e projeto sustent\u00e1vel no Parque Mosaico.","og_url":"https:\/\/www.manaus.am.gov.br\/semcom\/plantio-arvore-e-projeto-sustentavel-parque-mosaico\/","og_site_name":"SEMCOM","article_published_time":"2025-10-06T18:24:39+00:00","article_modified_time":"2025-10-06T18:29:55+00:00","og_image":[{"width":2048,"height":1365,"url":"https:\/\/www.manaus.am.gov.br\/semcom\/wp-content\/uploads\/sites\/5\/2025\/10\/54836973895_3ff9a06f09_k.jpg","type":"image\/jpeg"}],"author":"Bruna Greco","twitter_card":"summary_large_image","twitter_misc":{"Written by":"Bruna Greco","Est. reading time":"4 minutos"},"schema":{"@context":"https:\/\/schema.org","@graph":[{"@type":"WebPage","@id":"https:\/\/www.manaus.am.gov.br\/semcom\/plantio-arvore-e-projeto-sustentavel-parque-mosaico\/","url":"https:\/\/www.manaus.am.gov.br\/semcom\/plantio-arvore-e-projeto-sustentavel-parque-mosaico\/","name":"Plantio de \u00e1rvores e projeto sustent\u00e1vel no Parque Mosaico","isPartOf":{"@id":"https:\/\/www.manaus.am.gov.br\/semcom\/#website"},"primaryImageOfPage":{"@id":"https:\/\/www.manaus.am.gov.br\/semcom\/plantio-arvore-e-projeto-sustentavel-parque-mosaico\/#primaryimage"},"image":{"@id":"https:\/\/www.manaus.am.gov.br\/semcom\/plantio-arvore-e-projeto-sustentavel-parque-mosaico\/#primaryimage"},"thumbnailUrl":"https:\/\/www.manaus.am.gov.br\/semcom\/wp-content\/uploads\/sites\/5\/2025\/10\/54836973895_3ff9a06f09_k.jpg","datePublished":"2025-10-06T18:24:39+00:00","dateModified":"2025-10-06T18:29:55+00:00","author":{"@id":"https:\/\/www.manaus.am.gov.br\/semcom\/#\/schema\/person\/05d223aea2bf115f9883a6ff3683d81b"},"description":"Com a obra da nova sede do Implurb, Prefeitura de Manaus avan\u00e7a com plantio de \u00e1rvores e projeto sustent\u00e1vel no Parque Mosaico.","inLanguage":"pt-BR","potentialAction":[{"@type":"ReadAction","target":["https:\/\/www.manaus.am.gov.br\/semcom\/plantio-arvore-e-projeto-sustentavel-parque-mosaico\/"]}]},{"@type":"ImageObject","inLanguage":"pt-BR","@id":"https:\/\/www.manaus.am.gov.br\/semcom\/plantio-arvore-e-projeto-sustentavel-parque-mosaico\/#primaryimage","url":"https:\/\/www.manaus.am.gov.br\/semcom\/wp-content\/uploads\/sites\/5\/2025\/10\/54836973895_3ff9a06f09_k.jpg","contentUrl":"https:\/\/www.manaus.am.gov.br\/semcom\/wp-content\/uploads\/sites\/5\/2025\/10\/54836973895_3ff9a06f09_k.jpg","width":2048,"height":1365,"caption":"#paratodosverem - Diretor-presidente do Implurb, Carlos Valente, acompanhado de representantes da Semmas e Semef, durante visita a obra da nova sede do Implurb"},{"@type":"WebSite","@id":"https:\/\/www.manaus.am.gov.br\/semcom\/#website","url":"https:\/\/www.manaus.am.gov.br\/semcom\/","name":"SEMCOM","description":"Secretaria Municipal de Comunica\u00e7\u00e3o","potentialAction":[{"@type":"SearchAction","target":{"@type":"EntryPoint","urlTemplate":"https:\/\/www.manaus.am.gov.br\/semcom\/?s={search_term_string}"},"query-input":"required name=search_term_string"}],"inLanguage":"pt-BR"},{"@type":"Person","@id":"https:\/\/www.manaus.am.gov.br\/semcom\/#\/schema\/person\/05d223aea2bf115f9883a6ff3683d81b","name":"Bruna Greco","image":{"@type":"ImageObject","inLanguage":"pt-BR","@id":"https:\/\/www.manaus.am.gov.br\/semcom\/#\/schema\/person\/image\/","url":"https:\/\/secure.gravatar.com\/avatar\/9c877d1a6adc2a055330e5c09a8653ce?s=96&d=mm&r=g","contentUrl":"https:\/\/secure.gravatar.com\/avatar\/9c877d1a6adc2a055330e5c09a8653ce?s=96&d=mm&r=g","caption":"Bruna Greco"}}]}},"_links":{"self":[{"href":"https:\/\/www.manaus.am.gov.br\/semcom\/wp-json\/wp\/v2\/posts\/246604"}],"collection":[{"href":"https:\/\/www.manaus.am.gov.br\/semcom\/wp-json\/wp\/v2\/posts"}],"about":[{"href":"https:\/\/www.manaus.am.gov.br\/semcom\/wp-json\/wp\/v2\/types\/post"}],"author":[{"embeddable":true,"href":"https:\/\/www.manaus.am.gov.br\/semcom\/wp-json\/wp\/v2\/users\/39"}],"replies":[{"embeddable":true,"href":"https:\/\/www.manaus.am.gov.br\/semcom\/wp-json\/wp\/v2\/comments?post=246604"}],"version-history":[{"count":3,"href":"https:\/\/www.manaus.am.gov.br\/semcom\/wp-json\/wp\/v2\/posts\/246604\/revisions"}],"predecessor-version":[{"id":246612,"href":"https:\/\/www.manaus.am.gov.br\/semcom\/wp-json\/wp\/v2\/posts\/246604\/revisions\/246612"}],"wp:featuredmedia":[{"embeddable":true,"href":"https:\/\/www.manaus.am.gov.br\/semcom\/wp-json\/wp\/v2\/media\/246605"}],"wp:attachment":[{"href":"https:\/\/www.manaus.am.gov.br\/semcom\/wp-json\/wp\/v2\/media?parent=246604"}],"wp:term":[{"taxonomy":"category","embeddable":true,"href":"https:\/\/www.manaus.am.gov.br\/semcom\/wp-json\/wp\/v2\/categories?post=246604"},{"taxonomy":"post_tag","embeddable":true,"href":"https:\/\/www.manaus.am.gov.br\/semcom\/wp-json\/wp\/v2\/tags?post=246604"}],"curies":[{"name":"wp","href":"https:\/\/api.w.org\/{rel}","templated":true}]}}