{"id":246568,"date":"2025-10-04T11:45:12","date_gmt":"2025-10-04T14:45:12","guid":{"rendered":"https:\/\/www.manaus.am.gov.br\/semcom\/prefeitura-seminf-reforma-distritodeobraspetropolis\/"},"modified":"2025-10-04T11:45:14","modified_gmt":"2025-10-04T14:45:14","slug":"prefeitura-seminf-reforma-distritodeobraspetropolis","status":"publish","type":"post","link":"https:\/\/www.manaus.am.gov.br\/semcom\/prefeitura-seminf-reforma-distritodeobraspetropolis\/","title":{"rendered":"Prefeitura de Manaus alcan\u00e7a 80% de avan\u00e7o na revitaliza\u00e7\u00e3o do distrito de obras de Petr\u00f3polis"},"content":{"rendered":"\n<p>A Prefeitura de Manaus, por meio da Secretaria Municipal de Infraestrutura (Seminf), chegou a 80% de execu\u00e7\u00e3o nas obras de revitaliza\u00e7\u00e3o do distrito de obras de Petr\u00f3polis, localizado na rua N\u00e1utico, na zona Sul. A interven\u00e7\u00e3o vai transformar o espa\u00e7o em um ambiente moderno, seguro e acolhedor, garantindo melhores condi\u00e7\u00f5es de trabalho aos servidores e mais conforto \u00e0 popula\u00e7\u00e3o que procura atendimento.<\/p>\n\n\n\n<p>O vice-prefeito e secret\u00e1rio de Obras, Renato Junior, destacou que a revitaliza\u00e7\u00e3o dos distritos \u00e9 um marco da gest\u00e3o. \u201cEstamos reformando distritos que estavam h\u00e1 d\u00e9cadas esquecidos. A determina\u00e7\u00e3o do prefeito David Almeida \u00e9 cuidar das pessoas e valorizar o servidor p\u00fablico. Esses espa\u00e7os s\u00e3o reconstru\u00eddos para oferecer dignidade, acolhimento e um atendimento de qualidade \u00e0 popula\u00e7\u00e3o que confia no trabalho da prefeitura\u201d, afirmou Renato Junior.<\/p>\n\n\n\n<p>A obra contempla a reforma completa do pr\u00e9dio administrativo, banheiros e refeit\u00f3rio, al\u00e9m da instala\u00e7\u00e3o de piso, constru\u00e7\u00e3o de vesti\u00e1rios e reconstru\u00e7\u00e3o das partes el\u00e9trica, hidr\u00e1ulica e sanit\u00e1ria. O espa\u00e7o tamb\u00e9m passa a contar com melhorias na \u00e1rea externa, como vagas de estacionamento para servidores e moradores que buscam servi\u00e7os no local.<\/p>\n\n\n\n<p>Para os trabalhadores, a transforma\u00e7\u00e3o j\u00e1 \u00e9 percept\u00edvel. \u201cA reforma veio na hora certa. Hoje, o ambiente est\u00e1 mais agrad\u00e1vel, confort\u00e1vel para trabalhar, e s\u00f3 temos a agradecer \u00e0 prefeitura por esse cuidado\u201d, destacou Heber Menta, 49 anos, chefe de n\u00facleo do distrito de Petr\u00f3polis.<\/p>\n\n\n\n<p>Moradores da regi\u00e3o tamb\u00e9m comemoram os avan\u00e7os. \u201cEst\u00e1 ficando \u00f3timo. Agora, temos at\u00e9 onde estacionar, quando viemos fazer nossas solicita\u00e7\u00f5es. A prefeitura pensou tanto na comunidade quanto nos servidores, e isso faz toda a diferen\u00e7a\u201d, ressaltou Arli Rocha, 45 anos, gerente e morador do bairro.<\/p>\n\n\n\n<p>Com a revitaliza\u00e7\u00e3o em fase final, a Prefeitura de Manaus reafirma o compromisso de valorizar os servidores da Seminf e proporcionar ambientes mais dignos e acolhedores para atender a popula\u00e7\u00e3o em todas as zonas da cidade.<\/p>\n\n\n\n<p>&#8212; &#8212; &#8212;<\/p>\n\n\n\n<p><strong>Texto<\/strong> &#8211; Eduarda Lira\/Seminf<\/p>\n\n\n\n<p><strong>Fotos<\/strong> &#8211; M\u00e1rcio Melo\/Seminf<\/p>\n","protected":false},"excerpt":{"rendered":"","protected":false},"author":23,"featured_media":246569,"comment_status":"closed","ping_status":"closed","sticky":false,"template":"","format":"standard","meta":{"footnotes":""},"categories":[8],"tags":[916,4814,77,96,33],"acf":[],"yoast_head":"<!-- This site is optimized with the Yoast SEO plugin v23.0 - https:\/\/yoast.com\/wordpress\/plugins\/seo\/ -->\n<title>Prefeitura de Manaus alcan\u00e7a 80% de avan\u00e7o na revitaliza\u00e7\u00e3o do distrito de obras de Petr\u00f3polis<\/title>\n<meta name=\"description\" content=\"A Prefeitura de Manaus, por meio da Secretaria Municipal de Infraestrutura (Seminf), chegou a 80% de execu\u00e7\u00e3o nas obras de revitaliza\u00e7\u00e3o do distrito de obras de Petr\u00f3polis, localizado na rua N\u00e1utico, na zona Sul.\" \/>\n<meta name=\"robots\" content=\"index, follow, max-snippet:-1, max-image-preview:large, max-video-preview:-1\" \/>\n<link rel=\"canonical\" href=\"https:\/\/www.manaus.am.gov.br\/semcom\/prefeitura-seminf-reforma-distritodeobraspetropolis\/\" \/>\n<meta property=\"og:locale\" content=\"pt_BR\" \/>\n<meta property=\"og:type\" content=\"article\" \/>\n<meta property=\"og:title\" content=\"Prefeitura de Manaus alcan\u00e7a 80% de avan\u00e7o na revitaliza\u00e7\u00e3o do distrito de obras de Petr\u00f3polis\" \/>\n<meta property=\"og:description\" content=\"A Prefeitura de Manaus, por meio da Secretaria Municipal de Infraestrutura (Seminf), chegou a 80% de execu\u00e7\u00e3o nas obras de revitaliza\u00e7\u00e3o do distrito de obras de Petr\u00f3polis, localizado na rua N\u00e1utico, na zona Sul.\" \/>\n<meta property=\"og:url\" content=\"https:\/\/www.manaus.am.gov.br\/semcom\/prefeitura-seminf-reforma-distritodeobraspetropolis\/\" \/>\n<meta property=\"og:site_name\" content=\"SEMCOM\" \/>\n<meta property=\"article:published_time\" content=\"2025-10-04T14:45:12+00:00\" \/>\n<meta property=\"article:modified_time\" content=\"2025-10-04T14:45:14+00:00\" \/>\n<meta property=\"og:image\" content=\"https:\/\/www.manaus.am.gov.br\/semcom\/wp-content\/uploads\/sites\/5\/2025\/10\/DJI_0579-1024x768.jpg\" \/>\n\t<meta property=\"og:image:width\" content=\"1024\" \/>\n\t<meta property=\"og:image:height\" content=\"768\" \/>\n\t<meta property=\"og:image:type\" content=\"image\/jpeg\" \/>\n<meta name=\"author\" content=\"Adriana Costa\" \/>\n<meta name=\"twitter:card\" content=\"summary_large_image\" \/>\n<meta name=\"twitter:label1\" content=\"Written by\" \/>\n\t<meta name=\"twitter:data1\" content=\"Adriana Costa\" \/>\n\t<meta name=\"twitter:label2\" content=\"Est. reading time\" \/>\n\t<meta name=\"twitter:data2\" content=\"2 minutos\" \/>\n<script type=\"application\/ld+json\" class=\"yoast-schema-graph\">{\"@context\":\"https:\/\/schema.org\",\"@graph\":[{\"@type\":\"WebPage\",\"@id\":\"https:\/\/www.manaus.am.gov.br\/semcom\/prefeitura-seminf-reforma-distritodeobraspetropolis\/\",\"url\":\"https:\/\/www.manaus.am.gov.br\/semcom\/prefeitura-seminf-reforma-distritodeobraspetropolis\/\",\"name\":\"Prefeitura de Manaus alcan\u00e7a 80% de avan\u00e7o na revitaliza\u00e7\u00e3o do distrito de obras de Petr\u00f3polis\",\"isPartOf\":{\"@id\":\"https:\/\/www.manaus.am.gov.br\/semcom\/#website\"},\"primaryImageOfPage\":{\"@id\":\"https:\/\/www.manaus.am.gov.br\/semcom\/prefeitura-seminf-reforma-distritodeobraspetropolis\/#primaryimage\"},\"image\":{\"@id\":\"https:\/\/www.manaus.am.gov.br\/semcom\/prefeitura-seminf-reforma-distritodeobraspetropolis\/#primaryimage\"},\"thumbnailUrl\":\"https:\/\/www.manaus.am.gov.br\/semcom\/wp-content\/uploads\/sites\/5\/2025\/10\/DJI_0579.jpg\",\"datePublished\":\"2025-10-04T14:45:12+00:00\",\"dateModified\":\"2025-10-04T14:45:14+00:00\",\"author\":{\"@id\":\"https:\/\/www.manaus.am.gov.br\/semcom\/#\/schema\/person\/4e49f4e267757a06ca072ec61b2b9968\"},\"description\":\"A Prefeitura de Manaus, por meio da Secretaria Municipal de Infraestrutura (Seminf), chegou a 80% de execu\u00e7\u00e3o nas obras de revitaliza\u00e7\u00e3o do distrito de obras de Petr\u00f3polis, localizado na rua N\u00e1utico, na zona Sul.\",\"inLanguage\":\"pt-BR\",\"potentialAction\":[{\"@type\":\"ReadAction\",\"target\":[\"https:\/\/www.manaus.am.gov.br\/semcom\/prefeitura-seminf-reforma-distritodeobraspetropolis\/\"]}]},{\"@type\":\"ImageObject\",\"inLanguage\":\"pt-BR\",\"@id\":\"https:\/\/www.manaus.am.gov.br\/semcom\/prefeitura-seminf-reforma-distritodeobraspetropolis\/#primaryimage\",\"url\":\"https:\/\/www.manaus.am.gov.br\/semcom\/wp-content\/uploads\/sites\/5\/2025\/10\/DJI_0579.jpg\",\"contentUrl\":\"https:\/\/www.manaus.am.gov.br\/semcom\/wp-content\/uploads\/sites\/5\/2025\/10\/DJI_0579.jpg\",\"width\":4032,\"height\":3024,\"caption\":\"#paratodosverem - Vista a\u00e9rea do distrito de obras do bairro Petr\u00f3polis que passa por reforma da prefeitura\"},{\"@type\":\"WebSite\",\"@id\":\"https:\/\/www.manaus.am.gov.br\/semcom\/#website\",\"url\":\"https:\/\/www.manaus.am.gov.br\/semcom\/\",\"name\":\"SEMCOM\",\"description\":\"Secretaria Municipal de Comunica\u00e7\u00e3o\",\"potentialAction\":[{\"@type\":\"SearchAction\",\"target\":{\"@type\":\"EntryPoint\",\"urlTemplate\":\"https:\/\/www.manaus.am.gov.br\/semcom\/?s={search_term_string}\"},\"query-input\":\"required name=search_term_string\"}],\"inLanguage\":\"pt-BR\"},{\"@type\":\"Person\",\"@id\":\"https:\/\/www.manaus.am.gov.br\/semcom\/#\/schema\/person\/4e49f4e267757a06ca072ec61b2b9968\",\"name\":\"Adriana Costa\",\"image\":{\"@type\":\"ImageObject\",\"inLanguage\":\"pt-BR\",\"@id\":\"https:\/\/www.manaus.am.gov.br\/semcom\/#\/schema\/person\/image\/\",\"url\":\"https:\/\/secure.gravatar.com\/avatar\/576258617ef7194f718179e766d57bd4?s=96&d=mm&r=g\",\"contentUrl\":\"https:\/\/secure.gravatar.com\/avatar\/576258617ef7194f718179e766d57bd4?s=96&d=mm&r=g\",\"caption\":\"Adriana Costa\"}}]}<\/script>\n<!-- \/ Yoast SEO plugin. -->","yoast_head_json":{"title":"Prefeitura de Manaus alcan\u00e7a 80% de avan\u00e7o na revitaliza\u00e7\u00e3o do distrito de obras de Petr\u00f3polis","description":"A Prefeitura de Manaus, por meio da Secretaria Municipal de Infraestrutura (Seminf), chegou a 80% de execu\u00e7\u00e3o nas obras de revitaliza\u00e7\u00e3o do distrito de obras de Petr\u00f3polis, localizado na rua N\u00e1utico, na zona Sul.","robots":{"index":"index","follow":"follow","max-snippet":"max-snippet:-1","max-image-preview":"max-image-preview:large","max-video-preview":"max-video-preview:-1"},"canonical":"https:\/\/www.manaus.am.gov.br\/semcom\/prefeitura-seminf-reforma-distritodeobraspetropolis\/","og_locale":"pt_BR","og_type":"article","og_title":"Prefeitura de Manaus alcan\u00e7a 80% de avan\u00e7o na revitaliza\u00e7\u00e3o do distrito de obras de Petr\u00f3polis","og_description":"A Prefeitura de Manaus, por meio da Secretaria Municipal de Infraestrutura (Seminf), chegou a 80% de execu\u00e7\u00e3o nas obras de revitaliza\u00e7\u00e3o do distrito de obras de Petr\u00f3polis, localizado na rua N\u00e1utico, na zona Sul.","og_url":"https:\/\/www.manaus.am.gov.br\/semcom\/prefeitura-seminf-reforma-distritodeobraspetropolis\/","og_site_name":"SEMCOM","article_published_time":"2025-10-04T14:45:12+00:00","article_modified_time":"2025-10-04T14:45:14+00:00","og_image":[{"width":1024,"height":768,"url":"https:\/\/www.manaus.am.gov.br\/semcom\/wp-content\/uploads\/sites\/5\/2025\/10\/DJI_0579-1024x768.jpg","type":"image\/jpeg"}],"author":"Adriana Costa","twitter_card":"summary_large_image","twitter_misc":{"Written by":"Adriana Costa","Est. reading time":"2 minutos"},"schema":{"@context":"https:\/\/schema.org","@graph":[{"@type":"WebPage","@id":"https:\/\/www.manaus.am.gov.br\/semcom\/prefeitura-seminf-reforma-distritodeobraspetropolis\/","url":"https:\/\/www.manaus.am.gov.br\/semcom\/prefeitura-seminf-reforma-distritodeobraspetropolis\/","name":"Prefeitura de Manaus alcan\u00e7a 80% de avan\u00e7o na revitaliza\u00e7\u00e3o do distrito de obras de Petr\u00f3polis","isPartOf":{"@id":"https:\/\/www.manaus.am.gov.br\/semcom\/#website"},"primaryImageOfPage":{"@id":"https:\/\/www.manaus.am.gov.br\/semcom\/prefeitura-seminf-reforma-distritodeobraspetropolis\/#primaryimage"},"image":{"@id":"https:\/\/www.manaus.am.gov.br\/semcom\/prefeitura-seminf-reforma-distritodeobraspetropolis\/#primaryimage"},"thumbnailUrl":"https:\/\/www.manaus.am.gov.br\/semcom\/wp-content\/uploads\/sites\/5\/2025\/10\/DJI_0579.jpg","datePublished":"2025-10-04T14:45:12+00:00","dateModified":"2025-10-04T14:45:14+00:00","author":{"@id":"https:\/\/www.manaus.am.gov.br\/semcom\/#\/schema\/person\/4e49f4e267757a06ca072ec61b2b9968"},"description":"A Prefeitura de Manaus, por meio da Secretaria Municipal de Infraestrutura (Seminf), chegou a 80% de execu\u00e7\u00e3o nas obras de revitaliza\u00e7\u00e3o do distrito de obras de Petr\u00f3polis, localizado na rua N\u00e1utico, na zona Sul.","inLanguage":"pt-BR","potentialAction":[{"@type":"ReadAction","target":["https:\/\/www.manaus.am.gov.br\/semcom\/prefeitura-seminf-reforma-distritodeobraspetropolis\/"]}]},{"@type":"ImageObject","inLanguage":"pt-BR","@id":"https:\/\/www.manaus.am.gov.br\/semcom\/prefeitura-seminf-reforma-distritodeobraspetropolis\/#primaryimage","url":"https:\/\/www.manaus.am.gov.br\/semcom\/wp-content\/uploads\/sites\/5\/2025\/10\/DJI_0579.jpg","contentUrl":"https:\/\/www.manaus.am.gov.br\/semcom\/wp-content\/uploads\/sites\/5\/2025\/10\/DJI_0579.jpg","width":4032,"height":3024,"caption":"#paratodosverem - Vista a\u00e9rea do distrito de obras do bairro Petr\u00f3polis que passa por reforma da prefeitura"},{"@type":"WebSite","@id":"https:\/\/www.manaus.am.gov.br\/semcom\/#website","url":"https:\/\/www.manaus.am.gov.br\/semcom\/","name":"SEMCOM","description":"Secretaria Municipal de Comunica\u00e7\u00e3o","potentialAction":[{"@type":"SearchAction","target":{"@type":"EntryPoint","urlTemplate":"https:\/\/www.manaus.am.gov.br\/semcom\/?s={search_term_string}"},"query-input":"required name=search_term_string"}],"inLanguage":"pt-BR"},{"@type":"Person","@id":"https:\/\/www.manaus.am.gov.br\/semcom\/#\/schema\/person\/4e49f4e267757a06ca072ec61b2b9968","name":"Adriana Costa","image":{"@type":"ImageObject","inLanguage":"pt-BR","@id":"https:\/\/www.manaus.am.gov.br\/semcom\/#\/schema\/person\/image\/","url":"https:\/\/secure.gravatar.com\/avatar\/576258617ef7194f718179e766d57bd4?s=96&d=mm&r=g","contentUrl":"https:\/\/secure.gravatar.com\/avatar\/576258617ef7194f718179e766d57bd4?s=96&d=mm&r=g","caption":"Adriana Costa"}}]}},"_links":{"self":[{"href":"https:\/\/www.manaus.am.gov.br\/semcom\/wp-json\/wp\/v2\/posts\/246568"}],"collection":[{"href":"https:\/\/www.manaus.am.gov.br\/semcom\/wp-json\/wp\/v2\/posts"}],"about":[{"href":"https:\/\/www.manaus.am.gov.br\/semcom\/wp-json\/wp\/v2\/types\/post"}],"author":[{"embeddable":true,"href":"https:\/\/www.manaus.am.gov.br\/semcom\/wp-json\/wp\/v2\/users\/23"}],"replies":[{"embeddable":true,"href":"https:\/\/www.manaus.am.gov.br\/semcom\/wp-json\/wp\/v2\/comments?post=246568"}],"version-history":[{"count":0,"href":"https:\/\/www.manaus.am.gov.br\/semcom\/wp-json\/wp\/v2\/posts\/246568\/revisions"}],"wp:featuredmedia":[{"embeddable":true,"href":"https:\/\/www.manaus.am.gov.br\/semcom\/wp-json\/wp\/v2\/media\/246569"}],"wp:attachment":[{"href":"https:\/\/www.manaus.am.gov.br\/semcom\/wp-json\/wp\/v2\/media?parent=246568"}],"wp:term":[{"taxonomy":"category","embeddable":true,"href":"https:\/\/www.manaus.am.gov.br\/semcom\/wp-json\/wp\/v2\/categories?post=246568"},{"taxonomy":"post_tag","embeddable":true,"href":"https:\/\/www.manaus.am.gov.br\/semcom\/wp-json\/wp\/v2\/tags?post=246568"}],"curies":[{"name":"wp","href":"https:\/\/api.w.org\/{rel}","templated":true}]}}