{"id":246561,"date":"2025-10-03T22:30:39","date_gmt":"2025-10-04T01:30:39","guid":{"rendered":"https:\/\/www.manaus.am.gov.br\/semcom\/atividades-educativas\/"},"modified":"2025-10-03T22:33:55","modified_gmt":"2025-10-04T01:33:55","slug":"atividades-educativas","status":"publish","type":"post","link":"https:\/\/www.manaus.am.gov.br\/semcom\/atividades-educativas\/","title":{"rendered":"Prefeitura de Manaus realiza a\u00e7\u00f5es em escolas municipais para conscientizar sobre viol\u00eancia contra a pessoa idosa"},"content":{"rendered":"\n<p>A Prefeitura de Manaus, por meio da Funda\u00e7\u00e3o de Apoio ao Idoso Dr. Thomas (FDT), em parceria com a Secretaria Municipal de Educa\u00e7\u00e3o (Semed), realizou, nesta sexta-feira, 3\/10, atividades educativas em escolas municipais com foco na valoriza\u00e7\u00e3o e no respeito \u00e0 pessoa idosa. A iniciativa integra a \u2018Opera\u00e7\u00e3o Virtude\u2019, a\u00e7\u00e3o nacional voltada \u00e0 preven\u00e7\u00e3o e ao enfrentamento da viol\u00eancia contra idosos.<\/p>\n\n\n\n<p>As a\u00e7\u00f5es ocorreram na escola municipal Padre Mauro Fancello, no bairro Petr\u00f3polis, zona Sul, e na escola municipal Professora Martinha Corr\u00eaa dos Santos, no bairro Flores, zona Centro-Sul. Alunos e professores participaram de din\u00e2micas, rodas de conversa e receberam materiais educativos que refor\u00e7am valores como empatia, cuidado e o papel social dos idosos.<\/p>\n\n\n\n<p>O diretor-presidente da FDT, Eduardo Lucas, destacou a import\u00e2ncia de inserir o tema desde cedo no ambiente escolar.<\/p>\n\n\n\n<p>\u201cTrazer a valoriza\u00e7\u00e3o e a prote\u00e7\u00e3o da pessoa idosa para dentro das escolas \u00e9 fundamental. Sob a gest\u00e3o do prefeito David Almeida, estamos formando cidad\u00e3os conscientes e sens\u00edveis, capazes de se tornarem agentes de respeito e cuidado em suas fam\u00edlias e comunidades\u201d.<\/p>\n\n\n\n<p>Durante o m\u00eas de outubro, a FDT participar\u00e1 de uma s\u00e9rie de atividades em diferentes pontos da cidade, refor\u00e7ando a rede de apoio e o compromisso do munic\u00edpio com a prote\u00e7\u00e3o e a dignidade da popula\u00e7\u00e3o idosa.<\/p>\n\n\n\n<p>\u2014 \u2014 \u2014<br><strong>Texto e fotos &#8211; <\/strong>F\u00e1bio Sim\u00f5es\/FDT<\/p>\n","protected":false},"excerpt":{"rendered":"","protected":false},"author":68,"featured_media":246562,"comment_status":"closed","ping_status":"closed","sticky":false,"template":"","format":"standard","meta":{"footnotes":""},"categories":[1140],"tags":[17244,17245,935,77],"acf":[],"yoast_head":"<!-- This site is optimized with the Yoast SEO plugin v23.0 - https:\/\/yoast.com\/wordpress\/plugins\/seo\/ -->\n<title>Prefeitura de Manaus realiza a\u00e7\u00f5es em escolas municipais<\/title>\n<meta name=\"description\" content=\"A Prefeitura de Manaus realizou atividades educativas em escolas municipais com foco na valoriza\u00e7\u00e3o e no respeito \u00e0 pessoa idosa.\" \/>\n<meta name=\"robots\" content=\"index, follow, max-snippet:-1, max-image-preview:large, max-video-preview:-1\" \/>\n<link rel=\"canonical\" href=\"https:\/\/www.manaus.am.gov.br\/semcom\/atividades-educativas\/\" \/>\n<meta property=\"og:locale\" content=\"pt_BR\" \/>\n<meta property=\"og:type\" content=\"article\" \/>\n<meta property=\"og:title\" content=\"Prefeitura de Manaus realiza a\u00e7\u00f5es em escolas municipais\" \/>\n<meta property=\"og:description\" content=\"A Prefeitura de Manaus realizou atividades educativas em escolas municipais com foco na valoriza\u00e7\u00e3o e no respeito \u00e0 pessoa idosa.\" \/>\n<meta property=\"og:url\" content=\"https:\/\/www.manaus.am.gov.br\/semcom\/atividades-educativas\/\" \/>\n<meta property=\"og:site_name\" content=\"SEMCOM\" \/>\n<meta property=\"article:published_time\" content=\"2025-10-04T01:30:39+00:00\" \/>\n<meta property=\"article:modified_time\" content=\"2025-10-04T01:33:55+00:00\" \/>\n<meta property=\"og:image\" content=\"https:\/\/www.manaus.am.gov.br\/semcom\/wp-content\/uploads\/sites\/5\/2025\/10\/f9610518-7734-45a6-b3e2-19b080400356.jpeg\" \/>\n\t<meta property=\"og:image:width\" content=\"1290\" \/>\n\t<meta property=\"og:image:height\" content=\"1021\" \/>\n\t<meta property=\"og:image:type\" content=\"image\/jpeg\" \/>\n<meta name=\"author\" content=\"bvalente\" \/>\n<meta name=\"twitter:card\" content=\"summary_large_image\" \/>\n<meta name=\"twitter:label1\" content=\"Written by\" \/>\n\t<meta name=\"twitter:data1\" content=\"bvalente\" \/>\n\t<meta name=\"twitter:label2\" content=\"Est. reading time\" \/>\n\t<meta name=\"twitter:data2\" content=\"2 minutos\" \/>\n<script type=\"application\/ld+json\" class=\"yoast-schema-graph\">{\"@context\":\"https:\/\/schema.org\",\"@graph\":[{\"@type\":\"WebPage\",\"@id\":\"https:\/\/www.manaus.am.gov.br\/semcom\/atividades-educativas\/\",\"url\":\"https:\/\/www.manaus.am.gov.br\/semcom\/atividades-educativas\/\",\"name\":\"Prefeitura de Manaus realiza a\u00e7\u00f5es em escolas municipais\",\"isPartOf\":{\"@id\":\"https:\/\/www.manaus.am.gov.br\/semcom\/#website\"},\"primaryImageOfPage\":{\"@id\":\"https:\/\/www.manaus.am.gov.br\/semcom\/atividades-educativas\/#primaryimage\"},\"image\":{\"@id\":\"https:\/\/www.manaus.am.gov.br\/semcom\/atividades-educativas\/#primaryimage\"},\"thumbnailUrl\":\"https:\/\/www.manaus.am.gov.br\/semcom\/wp-content\/uploads\/sites\/5\/2025\/10\/f9610518-7734-45a6-b3e2-19b080400356.jpeg\",\"datePublished\":\"2025-10-04T01:30:39+00:00\",\"dateModified\":\"2025-10-04T01:33:55+00:00\",\"author\":{\"@id\":\"https:\/\/www.manaus.am.gov.br\/semcom\/#\/schema\/person\/466a0e03ae4b6062809046bd560ac955\"},\"description\":\"A Prefeitura de Manaus realizou atividades educativas em escolas municipais com foco na valoriza\u00e7\u00e3o e no respeito \u00e0 pessoa idosa.\",\"inLanguage\":\"pt-BR\",\"potentialAction\":[{\"@type\":\"ReadAction\",\"target\":[\"https:\/\/www.manaus.am.gov.br\/semcom\/atividades-educativas\/\"]}]},{\"@type\":\"ImageObject\",\"inLanguage\":\"pt-BR\",\"@id\":\"https:\/\/www.manaus.am.gov.br\/semcom\/atividades-educativas\/#primaryimage\",\"url\":\"https:\/\/www.manaus.am.gov.br\/semcom\/wp-content\/uploads\/sites\/5\/2025\/10\/f9610518-7734-45a6-b3e2-19b080400356.jpeg\",\"contentUrl\":\"https:\/\/www.manaus.am.gov.br\/semcom\/wp-content\/uploads\/sites\/5\/2025\/10\/f9610518-7734-45a6-b3e2-19b080400356.jpeg\",\"width\":1290,\"height\":1021,\"caption\":\"#paratodosverem \u2013 Servidor da FDT realizando palestra em espa\u00e7o da escola\"},{\"@type\":\"WebSite\",\"@id\":\"https:\/\/www.manaus.am.gov.br\/semcom\/#website\",\"url\":\"https:\/\/www.manaus.am.gov.br\/semcom\/\",\"name\":\"SEMCOM\",\"description\":\"Secretaria Municipal de Comunica\u00e7\u00e3o\",\"potentialAction\":[{\"@type\":\"SearchAction\",\"target\":{\"@type\":\"EntryPoint\",\"urlTemplate\":\"https:\/\/www.manaus.am.gov.br\/semcom\/?s={search_term_string}\"},\"query-input\":\"required name=search_term_string\"}],\"inLanguage\":\"pt-BR\"},{\"@type\":\"Person\",\"@id\":\"https:\/\/www.manaus.am.gov.br\/semcom\/#\/schema\/person\/466a0e03ae4b6062809046bd560ac955\",\"name\":\"bvalente\",\"image\":{\"@type\":\"ImageObject\",\"inLanguage\":\"pt-BR\",\"@id\":\"https:\/\/www.manaus.am.gov.br\/semcom\/#\/schema\/person\/image\/\",\"url\":\"https:\/\/secure.gravatar.com\/avatar\/3e69bc2b014bdad41adfec3a39de07d2?s=96&d=mm&r=g\",\"contentUrl\":\"https:\/\/secure.gravatar.com\/avatar\/3e69bc2b014bdad41adfec3a39de07d2?s=96&d=mm&r=g\",\"caption\":\"bvalente\"}}]}<\/script>\n<!-- \/ Yoast SEO plugin. -->","yoast_head_json":{"title":"Prefeitura de Manaus realiza a\u00e7\u00f5es em escolas municipais","description":"A Prefeitura de Manaus realizou atividades educativas em escolas municipais com foco na valoriza\u00e7\u00e3o e no respeito \u00e0 pessoa idosa.","robots":{"index":"index","follow":"follow","max-snippet":"max-snippet:-1","max-image-preview":"max-image-preview:large","max-video-preview":"max-video-preview:-1"},"canonical":"https:\/\/www.manaus.am.gov.br\/semcom\/atividades-educativas\/","og_locale":"pt_BR","og_type":"article","og_title":"Prefeitura de Manaus realiza a\u00e7\u00f5es em escolas municipais","og_description":"A Prefeitura de Manaus realizou atividades educativas em escolas municipais com foco na valoriza\u00e7\u00e3o e no respeito \u00e0 pessoa idosa.","og_url":"https:\/\/www.manaus.am.gov.br\/semcom\/atividades-educativas\/","og_site_name":"SEMCOM","article_published_time":"2025-10-04T01:30:39+00:00","article_modified_time":"2025-10-04T01:33:55+00:00","og_image":[{"width":1290,"height":1021,"url":"https:\/\/www.manaus.am.gov.br\/semcom\/wp-content\/uploads\/sites\/5\/2025\/10\/f9610518-7734-45a6-b3e2-19b080400356.jpeg","type":"image\/jpeg"}],"author":"bvalente","twitter_card":"summary_large_image","twitter_misc":{"Written by":"bvalente","Est. reading time":"2 minutos"},"schema":{"@context":"https:\/\/schema.org","@graph":[{"@type":"WebPage","@id":"https:\/\/www.manaus.am.gov.br\/semcom\/atividades-educativas\/","url":"https:\/\/www.manaus.am.gov.br\/semcom\/atividades-educativas\/","name":"Prefeitura de Manaus realiza a\u00e7\u00f5es em escolas municipais","isPartOf":{"@id":"https:\/\/www.manaus.am.gov.br\/semcom\/#website"},"primaryImageOfPage":{"@id":"https:\/\/www.manaus.am.gov.br\/semcom\/atividades-educativas\/#primaryimage"},"image":{"@id":"https:\/\/www.manaus.am.gov.br\/semcom\/atividades-educativas\/#primaryimage"},"thumbnailUrl":"https:\/\/www.manaus.am.gov.br\/semcom\/wp-content\/uploads\/sites\/5\/2025\/10\/f9610518-7734-45a6-b3e2-19b080400356.jpeg","datePublished":"2025-10-04T01:30:39+00:00","dateModified":"2025-10-04T01:33:55+00:00","author":{"@id":"https:\/\/www.manaus.am.gov.br\/semcom\/#\/schema\/person\/466a0e03ae4b6062809046bd560ac955"},"description":"A Prefeitura de Manaus realizou atividades educativas em escolas municipais com foco na valoriza\u00e7\u00e3o e no respeito \u00e0 pessoa idosa.","inLanguage":"pt-BR","potentialAction":[{"@type":"ReadAction","target":["https:\/\/www.manaus.am.gov.br\/semcom\/atividades-educativas\/"]}]},{"@type":"ImageObject","inLanguage":"pt-BR","@id":"https:\/\/www.manaus.am.gov.br\/semcom\/atividades-educativas\/#primaryimage","url":"https:\/\/www.manaus.am.gov.br\/semcom\/wp-content\/uploads\/sites\/5\/2025\/10\/f9610518-7734-45a6-b3e2-19b080400356.jpeg","contentUrl":"https:\/\/www.manaus.am.gov.br\/semcom\/wp-content\/uploads\/sites\/5\/2025\/10\/f9610518-7734-45a6-b3e2-19b080400356.jpeg","width":1290,"height":1021,"caption":"#paratodosverem \u2013 Servidor da FDT realizando palestra em espa\u00e7o da escola"},{"@type":"WebSite","@id":"https:\/\/www.manaus.am.gov.br\/semcom\/#website","url":"https:\/\/www.manaus.am.gov.br\/semcom\/","name":"SEMCOM","description":"Secretaria Municipal de Comunica\u00e7\u00e3o","potentialAction":[{"@type":"SearchAction","target":{"@type":"EntryPoint","urlTemplate":"https:\/\/www.manaus.am.gov.br\/semcom\/?s={search_term_string}"},"query-input":"required name=search_term_string"}],"inLanguage":"pt-BR"},{"@type":"Person","@id":"https:\/\/www.manaus.am.gov.br\/semcom\/#\/schema\/person\/466a0e03ae4b6062809046bd560ac955","name":"bvalente","image":{"@type":"ImageObject","inLanguage":"pt-BR","@id":"https:\/\/www.manaus.am.gov.br\/semcom\/#\/schema\/person\/image\/","url":"https:\/\/secure.gravatar.com\/avatar\/3e69bc2b014bdad41adfec3a39de07d2?s=96&d=mm&r=g","contentUrl":"https:\/\/secure.gravatar.com\/avatar\/3e69bc2b014bdad41adfec3a39de07d2?s=96&d=mm&r=g","caption":"bvalente"}}]}},"_links":{"self":[{"href":"https:\/\/www.manaus.am.gov.br\/semcom\/wp-json\/wp\/v2\/posts\/246561"}],"collection":[{"href":"https:\/\/www.manaus.am.gov.br\/semcom\/wp-json\/wp\/v2\/posts"}],"about":[{"href":"https:\/\/www.manaus.am.gov.br\/semcom\/wp-json\/wp\/v2\/types\/post"}],"author":[{"embeddable":true,"href":"https:\/\/www.manaus.am.gov.br\/semcom\/wp-json\/wp\/v2\/users\/68"}],"replies":[{"embeddable":true,"href":"https:\/\/www.manaus.am.gov.br\/semcom\/wp-json\/wp\/v2\/comments?post=246561"}],"version-history":[{"count":1,"href":"https:\/\/www.manaus.am.gov.br\/semcom\/wp-json\/wp\/v2\/posts\/246561\/revisions"}],"predecessor-version":[{"id":246563,"href":"https:\/\/www.manaus.am.gov.br\/semcom\/wp-json\/wp\/v2\/posts\/246561\/revisions\/246563"}],"wp:featuredmedia":[{"embeddable":true,"href":"https:\/\/www.manaus.am.gov.br\/semcom\/wp-json\/wp\/v2\/media\/246562"}],"wp:attachment":[{"href":"https:\/\/www.manaus.am.gov.br\/semcom\/wp-json\/wp\/v2\/media?parent=246561"}],"wp:term":[{"taxonomy":"category","embeddable":true,"href":"https:\/\/www.manaus.am.gov.br\/semcom\/wp-json\/wp\/v2\/categories?post=246561"},{"taxonomy":"post_tag","embeddable":true,"href":"https:\/\/www.manaus.am.gov.br\/semcom\/wp-json\/wp\/v2\/tags?post=246561"}],"curies":[{"name":"wp","href":"https:\/\/api.w.org\/{rel}","templated":true}]}}