{"id":246545,"date":"2025-10-03T18:02:35","date_gmt":"2025-10-03T21:02:35","guid":{"rendered":"https:\/\/www.manaus.am.gov.br\/semcom\/acoes-fiscais\/"},"modified":"2025-10-03T18:02:36","modified_gmt":"2025-10-03T21:02:36","slug":"acoes-fiscais","status":"publish","type":"post","link":"https:\/\/www.manaus.am.gov.br\/semcom\/acoes-fiscais\/","title":{"rendered":"Prefeitura chega a mais de 20 mil a\u00e7\u00f5es fiscais na gest\u00e3o do prefeito David Almeida para ordenamento na capital"},"content":{"rendered":"\n<p>A Prefeitura de Manaus, por meio do Instituto Municipal de Planejamento Urbano (Implurb), atingiu mais de 20,6 mil a\u00e7\u00f5es fiscais em toda a gest\u00e3o do prefeito David Almeida, iniciada em janeiro de 2021 at\u00e9 setembro de 2025. De janeiro a setembro de 2025, s\u00e3o mais de 3,5 mil a\u00e7\u00f5es fiscais realizadas pela Divis\u00e3o de Controle (Dicon). Os n\u00fameros do ano s\u00e3o a soma das a\u00e7\u00f5es fiscalizat\u00f3rias realizadas pela Ger\u00eancia de Fiscaliza\u00e7\u00e3o de Postura (GFP), com 1.409 notifica\u00e7\u00f5es, e da Ger\u00eancia de Fiscaliza\u00e7\u00e3o de Obras (GFO), com 2.117 ocorr\u00eancias.<\/p>\n\n\n\n<p>Na GFP, no acumulado de 2025, a alta \u00e9 de 25%, e o m\u00eas de setembro teve incremento de 146%, com 295 notifica\u00e7\u00f5es, contra 120 do mesmo per\u00edodo de 2024. Na GFO s\u00e3o mais de 13,3 mil a\u00e7\u00f5es fiscais em toda a gest\u00e3o. Na Dicon, a m\u00e9dia de notifica\u00e7\u00f5es \u00e9 de 391,7 por m\u00eas este ano. Conforme o Plano Diretor e o C\u00f3digo de Posturas do Munic\u00edpio, o poder p\u00fablico tem compet\u00eancia para ordenar e controlar o uso dos espa\u00e7os p\u00fablicos, coibir ocupa\u00e7\u00f5es irregulares, zelar pela acessibilidade, pelo cumprimento das normas urban\u00edsticas e pela preserva\u00e7\u00e3o da coletividade.<\/p>\n\n\n\n<p>\u201cA fiscaliza\u00e7\u00e3o de Postura, por exemplo, \u00e9 uma demonstra\u00e7\u00e3o clara do compromisso da prefeitura com a ordem urbana e o respeito \u00e0s leis. Nossas equipes t\u00eam atuado de forma constante para combater ocupa\u00e7\u00f5es irregulares, assegurar a acessibilidade e valorizar os espa\u00e7os p\u00fablicos. Esse esfor\u00e7o cont\u00ednuo \u00e9 fundamental para que Manaus seja cada vez mais uma cidade organizada, justa e acolhedora, onde o espa\u00e7o coletivo seja respeitado e compartilhado por todos\u201d, ressaltou o diretor-presidente do Implurb, Carlos Valente.<\/p>\n\n\n\n<p><strong>Den\u00fancia<\/strong><\/p>\n\n\n\n<p>Den\u00fancias sobre obras irregulares, ocupa\u00e7\u00e3o irregular de cal\u00e7ada e afins s\u00e3o atendidas pelo n\u00famero do Disque Den\u00fancia, pelo 3673-9305 (segunda a sexta, de 8h \u00e0s 14h, exceto feriados e pontos facultativos), ou pelo 161 (segunda a sexta, de 8h \u00e0s 14h), ou pelo e-mail <a href=\"mailto:disquedenuncia.implurb@manaus.am.gov.br\">disquedenuncia.implurb@manaus.am.gov.br<\/a>.&nbsp;<\/p>\n\n\n\n<p>\u2014 \u2014 \u2014<br><strong>Texto <\/strong>\u2013 Claudia do Valle \/ Implurb<br><strong>Fotos &#8211;<\/strong> Maxwell Oliveira\/ Implurb<\/p>\n","protected":false},"excerpt":{"rendered":"","protected":false},"author":68,"featured_media":246546,"comment_status":"closed","ping_status":"closed","sticky":false,"template":"","format":"standard","meta":{"footnotes":""},"categories":[63],"tags":[17229,17230,17231,65,77],"acf":[],"yoast_head":"<!-- This site is optimized with the Yoast SEO plugin v23.0 - https:\/\/yoast.com\/wordpress\/plugins\/seo\/ -->\n<title>Prefeitura chega a mais de 20 mil a\u00e7\u00f5es fiscais<\/title>\n<meta name=\"description\" content=\"A Prefeitura atingiu mais de 20,6 mil a\u00e7\u00f5es fiscais em toda a gest\u00e3o do prefeito David Almeida, janeiro de 2021 at\u00e9 setembro de 2025.\" \/>\n<meta name=\"robots\" content=\"index, follow, max-snippet:-1, max-image-preview:large, max-video-preview:-1\" \/>\n<link rel=\"canonical\" href=\"https:\/\/www.manaus.am.gov.br\/semcom\/acoes-fiscais\/\" \/>\n<meta property=\"og:locale\" content=\"pt_BR\" \/>\n<meta property=\"og:type\" content=\"article\" \/>\n<meta property=\"og:title\" content=\"Prefeitura chega a mais de 20 mil a\u00e7\u00f5es fiscais\" \/>\n<meta property=\"og:description\" content=\"A Prefeitura atingiu mais de 20,6 mil a\u00e7\u00f5es fiscais em toda a gest\u00e3o do prefeito David Almeida, janeiro de 2021 at\u00e9 setembro de 2025.\" \/>\n<meta property=\"og:url\" content=\"https:\/\/www.manaus.am.gov.br\/semcom\/acoes-fiscais\/\" \/>\n<meta property=\"og:site_name\" content=\"SEMCOM\" \/>\n<meta property=\"article:published_time\" content=\"2025-10-03T21:02:35+00:00\" \/>\n<meta property=\"article:modified_time\" content=\"2025-10-03T21:02:36+00:00\" \/>\n<meta property=\"og:image\" content=\"https:\/\/www.manaus.am.gov.br\/semcom\/wp-content\/uploads\/sites\/5\/2025\/10\/fiscalizacao10.jpeg\" \/>\n\t<meta property=\"og:image:width\" content=\"4032\" \/>\n\t<meta property=\"og:image:height\" content=\"3024\" \/>\n\t<meta property=\"og:image:type\" content=\"image\/jpeg\" \/>\n<meta name=\"author\" content=\"bvalente\" \/>\n<meta name=\"twitter:card\" content=\"summary_large_image\" \/>\n<meta name=\"twitter:label1\" content=\"Written by\" \/>\n\t<meta name=\"twitter:data1\" content=\"bvalente\" \/>\n\t<meta name=\"twitter:label2\" content=\"Est. reading time\" \/>\n\t<meta name=\"twitter:data2\" content=\"2 minutos\" \/>\n<script type=\"application\/ld+json\" class=\"yoast-schema-graph\">{\"@context\":\"https:\/\/schema.org\",\"@graph\":[{\"@type\":\"WebPage\",\"@id\":\"https:\/\/www.manaus.am.gov.br\/semcom\/acoes-fiscais\/\",\"url\":\"https:\/\/www.manaus.am.gov.br\/semcom\/acoes-fiscais\/\",\"name\":\"Prefeitura chega a mais de 20 mil a\u00e7\u00f5es fiscais\",\"isPartOf\":{\"@id\":\"https:\/\/www.manaus.am.gov.br\/semcom\/#website\"},\"primaryImageOfPage\":{\"@id\":\"https:\/\/www.manaus.am.gov.br\/semcom\/acoes-fiscais\/#primaryimage\"},\"image\":{\"@id\":\"https:\/\/www.manaus.am.gov.br\/semcom\/acoes-fiscais\/#primaryimage\"},\"thumbnailUrl\":\"https:\/\/www.manaus.am.gov.br\/semcom\/wp-content\/uploads\/sites\/5\/2025\/10\/fiscalizacao10.jpeg\",\"datePublished\":\"2025-10-03T21:02:35+00:00\",\"dateModified\":\"2025-10-03T21:02:36+00:00\",\"author\":{\"@id\":\"https:\/\/www.manaus.am.gov.br\/semcom\/#\/schema\/person\/466a0e03ae4b6062809046bd560ac955\"},\"description\":\"A Prefeitura atingiu mais de 20,6 mil a\u00e7\u00f5es fiscais em toda a gest\u00e3o do prefeito David Almeida, janeiro de 2021 at\u00e9 setembro de 2025.\",\"inLanguage\":\"pt-BR\",\"potentialAction\":[{\"@type\":\"ReadAction\",\"target\":[\"https:\/\/www.manaus.am.gov.br\/semcom\/acoes-fiscais\/\"]}]},{\"@type\":\"ImageObject\",\"inLanguage\":\"pt-BR\",\"@id\":\"https:\/\/www.manaus.am.gov.br\/semcom\/acoes-fiscais\/#primaryimage\",\"url\":\"https:\/\/www.manaus.am.gov.br\/semcom\/wp-content\/uploads\/sites\/5\/2025\/10\/fiscalizacao10.jpeg\",\"contentUrl\":\"https:\/\/www.manaus.am.gov.br\/semcom\/wp-content\/uploads\/sites\/5\/2025\/10\/fiscalizacao10.jpeg\",\"width\":4032,\"height\":3024,\"caption\":\"#paratodosverem \u2013 Servidora do Implurb sentada, manuseando o computador\"},{\"@type\":\"WebSite\",\"@id\":\"https:\/\/www.manaus.am.gov.br\/semcom\/#website\",\"url\":\"https:\/\/www.manaus.am.gov.br\/semcom\/\",\"name\":\"SEMCOM\",\"description\":\"Secretaria Municipal de Comunica\u00e7\u00e3o\",\"potentialAction\":[{\"@type\":\"SearchAction\",\"target\":{\"@type\":\"EntryPoint\",\"urlTemplate\":\"https:\/\/www.manaus.am.gov.br\/semcom\/?s={search_term_string}\"},\"query-input\":\"required name=search_term_string\"}],\"inLanguage\":\"pt-BR\"},{\"@type\":\"Person\",\"@id\":\"https:\/\/www.manaus.am.gov.br\/semcom\/#\/schema\/person\/466a0e03ae4b6062809046bd560ac955\",\"name\":\"bvalente\",\"image\":{\"@type\":\"ImageObject\",\"inLanguage\":\"pt-BR\",\"@id\":\"https:\/\/www.manaus.am.gov.br\/semcom\/#\/schema\/person\/image\/\",\"url\":\"https:\/\/secure.gravatar.com\/avatar\/3e69bc2b014bdad41adfec3a39de07d2?s=96&d=mm&r=g\",\"contentUrl\":\"https:\/\/secure.gravatar.com\/avatar\/3e69bc2b014bdad41adfec3a39de07d2?s=96&d=mm&r=g\",\"caption\":\"bvalente\"}}]}<\/script>\n<!-- \/ Yoast SEO plugin. -->","yoast_head_json":{"title":"Prefeitura chega a mais de 20 mil a\u00e7\u00f5es fiscais","description":"A Prefeitura atingiu mais de 20,6 mil a\u00e7\u00f5es fiscais em toda a gest\u00e3o do prefeito David Almeida, janeiro de 2021 at\u00e9 setembro de 2025.","robots":{"index":"index","follow":"follow","max-snippet":"max-snippet:-1","max-image-preview":"max-image-preview:large","max-video-preview":"max-video-preview:-1"},"canonical":"https:\/\/www.manaus.am.gov.br\/semcom\/acoes-fiscais\/","og_locale":"pt_BR","og_type":"article","og_title":"Prefeitura chega a mais de 20 mil a\u00e7\u00f5es fiscais","og_description":"A Prefeitura atingiu mais de 20,6 mil a\u00e7\u00f5es fiscais em toda a gest\u00e3o do prefeito David Almeida, janeiro de 2021 at\u00e9 setembro de 2025.","og_url":"https:\/\/www.manaus.am.gov.br\/semcom\/acoes-fiscais\/","og_site_name":"SEMCOM","article_published_time":"2025-10-03T21:02:35+00:00","article_modified_time":"2025-10-03T21:02:36+00:00","og_image":[{"width":4032,"height":3024,"url":"https:\/\/www.manaus.am.gov.br\/semcom\/wp-content\/uploads\/sites\/5\/2025\/10\/fiscalizacao10.jpeg","type":"image\/jpeg"}],"author":"bvalente","twitter_card":"summary_large_image","twitter_misc":{"Written by":"bvalente","Est. reading time":"2 minutos"},"schema":{"@context":"https:\/\/schema.org","@graph":[{"@type":"WebPage","@id":"https:\/\/www.manaus.am.gov.br\/semcom\/acoes-fiscais\/","url":"https:\/\/www.manaus.am.gov.br\/semcom\/acoes-fiscais\/","name":"Prefeitura chega a mais de 20 mil a\u00e7\u00f5es fiscais","isPartOf":{"@id":"https:\/\/www.manaus.am.gov.br\/semcom\/#website"},"primaryImageOfPage":{"@id":"https:\/\/www.manaus.am.gov.br\/semcom\/acoes-fiscais\/#primaryimage"},"image":{"@id":"https:\/\/www.manaus.am.gov.br\/semcom\/acoes-fiscais\/#primaryimage"},"thumbnailUrl":"https:\/\/www.manaus.am.gov.br\/semcom\/wp-content\/uploads\/sites\/5\/2025\/10\/fiscalizacao10.jpeg","datePublished":"2025-10-03T21:02:35+00:00","dateModified":"2025-10-03T21:02:36+00:00","author":{"@id":"https:\/\/www.manaus.am.gov.br\/semcom\/#\/schema\/person\/466a0e03ae4b6062809046bd560ac955"},"description":"A Prefeitura atingiu mais de 20,6 mil a\u00e7\u00f5es fiscais em toda a gest\u00e3o do prefeito David Almeida, janeiro de 2021 at\u00e9 setembro de 2025.","inLanguage":"pt-BR","potentialAction":[{"@type":"ReadAction","target":["https:\/\/www.manaus.am.gov.br\/semcom\/acoes-fiscais\/"]}]},{"@type":"ImageObject","inLanguage":"pt-BR","@id":"https:\/\/www.manaus.am.gov.br\/semcom\/acoes-fiscais\/#primaryimage","url":"https:\/\/www.manaus.am.gov.br\/semcom\/wp-content\/uploads\/sites\/5\/2025\/10\/fiscalizacao10.jpeg","contentUrl":"https:\/\/www.manaus.am.gov.br\/semcom\/wp-content\/uploads\/sites\/5\/2025\/10\/fiscalizacao10.jpeg","width":4032,"height":3024,"caption":"#paratodosverem \u2013 Servidora do Implurb sentada, manuseando o computador"},{"@type":"WebSite","@id":"https:\/\/www.manaus.am.gov.br\/semcom\/#website","url":"https:\/\/www.manaus.am.gov.br\/semcom\/","name":"SEMCOM","description":"Secretaria Municipal de Comunica\u00e7\u00e3o","potentialAction":[{"@type":"SearchAction","target":{"@type":"EntryPoint","urlTemplate":"https:\/\/www.manaus.am.gov.br\/semcom\/?s={search_term_string}"},"query-input":"required name=search_term_string"}],"inLanguage":"pt-BR"},{"@type":"Person","@id":"https:\/\/www.manaus.am.gov.br\/semcom\/#\/schema\/person\/466a0e03ae4b6062809046bd560ac955","name":"bvalente","image":{"@type":"ImageObject","inLanguage":"pt-BR","@id":"https:\/\/www.manaus.am.gov.br\/semcom\/#\/schema\/person\/image\/","url":"https:\/\/secure.gravatar.com\/avatar\/3e69bc2b014bdad41adfec3a39de07d2?s=96&d=mm&r=g","contentUrl":"https:\/\/secure.gravatar.com\/avatar\/3e69bc2b014bdad41adfec3a39de07d2?s=96&d=mm&r=g","caption":"bvalente"}}]}},"_links":{"self":[{"href":"https:\/\/www.manaus.am.gov.br\/semcom\/wp-json\/wp\/v2\/posts\/246545"}],"collection":[{"href":"https:\/\/www.manaus.am.gov.br\/semcom\/wp-json\/wp\/v2\/posts"}],"about":[{"href":"https:\/\/www.manaus.am.gov.br\/semcom\/wp-json\/wp\/v2\/types\/post"}],"author":[{"embeddable":true,"href":"https:\/\/www.manaus.am.gov.br\/semcom\/wp-json\/wp\/v2\/users\/68"}],"replies":[{"embeddable":true,"href":"https:\/\/www.manaus.am.gov.br\/semcom\/wp-json\/wp\/v2\/comments?post=246545"}],"version-history":[{"count":0,"href":"https:\/\/www.manaus.am.gov.br\/semcom\/wp-json\/wp\/v2\/posts\/246545\/revisions"}],"wp:featuredmedia":[{"embeddable":true,"href":"https:\/\/www.manaus.am.gov.br\/semcom\/wp-json\/wp\/v2\/media\/246546"}],"wp:attachment":[{"href":"https:\/\/www.manaus.am.gov.br\/semcom\/wp-json\/wp\/v2\/media?parent=246545"}],"wp:term":[{"taxonomy":"category","embeddable":true,"href":"https:\/\/www.manaus.am.gov.br\/semcom\/wp-json\/wp\/v2\/categories?post=246545"},{"taxonomy":"post_tag","embeddable":true,"href":"https:\/\/www.manaus.am.gov.br\/semcom\/wp-json\/wp\/v2\/tags?post=246545"}],"curies":[{"name":"wp","href":"https:\/\/api.w.org\/{rel}","templated":true}]}}