{"id":246525,"date":"2025-10-03T16:21:29","date_gmt":"2025-10-03T19:21:29","guid":{"rendered":"https:\/\/www.manaus.am.gov.br\/semcom\/prefeito-obras-eteraiz\/"},"modified":"2025-10-03T16:21:30","modified_gmt":"2025-10-03T19:21:30","slug":"prefeito-obras-eteraiz","status":"publish","type":"post","link":"https:\/\/www.manaus.am.gov.br\/semcom\/prefeito-obras-eteraiz\/","title":{"rendered":"Prefeito David Almeida acompanha preparativos finais para in\u00edcio da opera\u00e7\u00e3o da ETE Raiz, uma das maiores do Norte do pa\u00eds"},"content":{"rendered":"\n<p>O prefeito de Manaus, David Almeida, acompanhou, nesta sexta-feira, 3\/10, os preparativos finais para a conclus\u00e3o da primeira etapa da Esta\u00e7\u00e3o de Tratamento de Esgoto da Raiz (ETE Raiz), que come\u00e7ar\u00e1 a operar ainda neste m\u00eas. A unidade beneficiar\u00e1 diretamente mais de 50 mil moradores da zona Sul, marcando um avan\u00e7o hist\u00f3rico no eixo de saneamento b\u00e1sico e desenvolvimento sustent\u00e1vel da gest\u00e3o municipal.<\/p>\n\n\n\n<p>Com capacidade inicial para tratar 8 milh\u00f5es de litros de esgoto por dia, o equivalente a 233 milh\u00f5es de litros por m\u00eas, a esta\u00e7\u00e3o atender\u00e1 os bairros Raiz, Petr\u00f3polis, Cachoeirinha e S\u00e3o Francisco. A obra est\u00e1 dividida em quatro fases e, quando conclu\u00edda em 2027, ter\u00e1 capacidade total de 31 milh\u00f5es de litros por dia, atendendo mais de 220 mil pessoas.<\/p>\n\n\n\n<p>\u201cEm 2021, quando assumimos a prefeitura, Manaus tinha apenas 16% de cobertura de esgotamento sanit\u00e1rio. Hoje, j\u00e1 estamos em 36% e, at\u00e9 o final de 2025, chegaremos a 38%. Nossa meta \u00e9 alcan\u00e7ar 90% da cidade com \u00e1gua e esgoto tratados at\u00e9 2033. Isso significa mais sa\u00fade, mais qualidade de vida e um futuro melhor para os manauaras\u201d, destacou o prefeito David Almeida, durante coletiva de imprensa realizada no canteiro da obra.<\/p>\n\n\n\n<p>A opera\u00e7\u00e3o da ETE ficar\u00e1 sob responsabilidade da concession\u00e1ria \u00c1guas de Manaus, com fiscaliza\u00e7\u00e3o da Ag\u00eancia Reguladora dos Servi\u00e7os P\u00fablicos Delegados do Munic\u00edpio de Manaus (Ageman), que acompanha a execu\u00e7\u00e3o desde o in\u00edcio com vistorias peri\u00f3dicas. O investimento na unidade chega a R$ 120 milh\u00f5es.<\/p>\n\n\n\n<p>De acordo com o diretor-presidente da Ageman, Elson Andrade, a atua\u00e7\u00e3o regulat\u00f3ria \u00e9 essencial para garantir a qualidade e a continuidade dos servi\u00e7os. \u201cA Ageman tem acompanhado cada etapa desta obra, desde a funda\u00e7\u00e3o at\u00e9 os ajustes finais. Nosso papel \u00e9 assegurar que os investimentos feitos pela concession\u00e1ria tragam benef\u00edcios reais para a popula\u00e7\u00e3o, com efici\u00eancia, transpar\u00eancia e respeito \u00e0s normas ambientais\u201d, afirmou.<\/p>\n\n\n\n<p>O diretor-executivo da \u00c1guas de Manaus, Ren\u00e9e Chaveiro, explicou o funcionamento do sistema de tratamento da ETE Raiz e refor\u00e7ou o impacto ambiental positivo da unidade. \u201cEstamos diante de uma estrutura que utiliza tecnologia de ponta, com reatores biol\u00f3gicos capazes de transformar esgoto bruto em \u00e1gua tratada dentro dos padr\u00f5es ambientais. O lodo resultante \u00e9 reaproveitado em compostagem e o g\u00e1s pode ser utilizado em outros fins, evitando desperd\u00edcio. Esse processo vai permitir a recupera\u00e7\u00e3o gradual dos igarap\u00e9s da cidade, desde que a popula\u00e7\u00e3o tamb\u00e9m fa\u00e7a sua parte e se conecte \u00e0 rede\u201d, destacou.<\/p>\n\n\n\n<p>Avan\u00e7os<\/p>\n\n\n\n<p>A atual gest\u00e3o da Prefeitura de Manaus vem promovendo avan\u00e7os in\u00e9ditos na \u00e1rea. Em 2023, a capital atingiu a universaliza\u00e7\u00e3o do abastecimento de \u00e1gua, beneficiando mais de 99% da popula\u00e7\u00e3o urbana. A cobertura de esgoto que, em 2021, era de 16%, dobrou e alcan\u00e7ou 35%, com estimativa de chegar a 40% at\u00e9 o final deste ano.<\/p>\n\n\n\n<p>O salto se deve, principalmente, ao programa \u201cTrata Bem Manaus\u201d, o maior plano de expans\u00e3o do esgotamento sanit\u00e1rio dos \u00faltimos 30 anos, que prev\u00ea a cobertura de 90% da cidade at\u00e9 2033, alcan\u00e7ando mais de 2 milh\u00f5es de habitantes.<\/p>\n\n\n\n<p>Outro marco \u00e9 a aten\u00e7\u00e3o \u00e0 popula\u00e7\u00e3o em situa\u00e7\u00e3o de vulnerabilidade. O programa \u201cTarifa 10\u201d, implantado em 2022, assegura acesso aos servi\u00e7os de saneamento b\u00e1sico por valor fixo de R$ 10. Atualmente, mais de 140 mil fam\u00edlias s\u00e3o beneficiadas, o que representa aproximadamente 652 mil pessoas protegidas por tarifas sociais.<\/p>\n\n\n\n<p>Reconhecimento nacional<\/p>\n\n\n\n<p>Esses resultados colocam Manaus entre as capitais que mais avan\u00e7aram em saneamento no Brasil. Segundo o Instituto Trata Brasil, a cidade soma R$ 1,6 bilh\u00e3o em investimentos na \u00e1rea nos \u00faltimos sete anos, ocupando a sexta posi\u00e7\u00e3o entre as capitais que mais investiram no pa\u00eds.<\/p>\n\n\n\n<p>Al\u00e9m disso, a prefeitura avan\u00e7a na atualiza\u00e7\u00e3o do Plano Municipal de Saneamento B\u00e1sico, que abrange metas e cen\u00e1rios para abastecimento de \u00e1gua, esgotamento sanit\u00e1rio, drenagem urbana, manejo de res\u00edduos s\u00f3lidos e limpeza p\u00fablica, sempre alinhado ao compromisso com a sustentabilidade e a qualidade de vida.<\/p>\n\n\n\n<p>\u201cEsse \u00e9 um investimento que projeta Manaus para o futuro. Com a expans\u00e3o da rede de \u00e1gua e esgoto, estamos combatendo doen\u00e7as, preservando o meio ambiente e preparando nossa cidade para os pr\u00f3ximos desafios. \u00c9 um legado que vai transformar a vida de milh\u00f5es de pessoas\u201d, concluiu o prefeito David Almeida.<\/p>\n\n\n\n<p>&#8212; &#8212; &#8212;<\/p>\n\n\n\n<p><strong>Texto\u00a0<\/strong>&#8211; Emanuelle Baires \/ Semcom-Prefeito e Tereza Te\u00f3filo \/ Ageman<\/p>\n\n\n\n<p><strong>Fotos\u00a0<\/strong>\u2013 Jo\u00e3o Viana\/Semcom<\/p>\n\n\n\n<p><strong>Dispon\u00edveis em\u00a0&#8211;\u00a0<a href=\"https:\/\/flic.kr\/s\/aHBqjCw9oL\" target=\"_blank\" rel=\"noreferrer noopener\">https:\/\/flic.kr\/s\/aHBqjCw9oL<\/a><\/strong><\/p>\n","protected":false},"excerpt":{"rendered":"","protected":false},"author":23,"featured_media":246526,"comment_status":"closed","ping_status":"closed","sticky":false,"template":"","format":"standard","meta":{"footnotes":""},"categories":[2371],"tags":[215,17218,17219,76,771,484,221],"acf":[],"yoast_head":"<!-- This site is optimized with the Yoast SEO plugin v23.0 - https:\/\/yoast.com\/wordpress\/plugins\/seo\/ -->\n<title>Prefeito David Almeida acompanha preparativos finais para in\u00edcio da opera\u00e7\u00e3o da ETE Raiz, uma das maiores do Norte do pa\u00eds<\/title>\n<meta name=\"description\" content=\"O prefeito de Manaus, David Almeida, acompanhou, nesta sexta-feira, 3\/10, os preparativos finais para a conclus\u00e3o da primeira etapa da Esta\u00e7\u00e3o de Tratamento de Esgoto da Raiz (ETE Raiz), que come\u00e7ar\u00e1 a operar ainda neste m\u00eas.\" \/>\n<meta name=\"robots\" content=\"index, follow, max-snippet:-1, max-image-preview:large, max-video-preview:-1\" \/>\n<link rel=\"canonical\" href=\"https:\/\/www.manaus.am.gov.br\/semcom\/prefeito-obras-eteraiz\/\" \/>\n<meta property=\"og:locale\" content=\"pt_BR\" \/>\n<meta property=\"og:type\" content=\"article\" \/>\n<meta property=\"og:title\" content=\"Prefeito David Almeida acompanha preparativos finais para in\u00edcio da opera\u00e7\u00e3o da ETE Raiz, uma das maiores do Norte do pa\u00eds\" \/>\n<meta property=\"og:description\" content=\"O prefeito de Manaus, David Almeida, acompanhou, nesta sexta-feira, 3\/10, os preparativos finais para a conclus\u00e3o da primeira etapa da Esta\u00e7\u00e3o de Tratamento de Esgoto da Raiz (ETE Raiz), que come\u00e7ar\u00e1 a operar ainda neste m\u00eas.\" \/>\n<meta property=\"og:url\" content=\"https:\/\/www.manaus.am.gov.br\/semcom\/prefeito-obras-eteraiz\/\" \/>\n<meta property=\"og:site_name\" content=\"SEMCOM\" \/>\n<meta property=\"article:published_time\" content=\"2025-10-03T19:21:29+00:00\" \/>\n<meta property=\"article:modified_time\" content=\"2025-10-03T19:21:30+00:00\" \/>\n<meta property=\"og:image\" content=\"https:\/\/www.manaus.am.gov.br\/semcom\/wp-content\/uploads\/sites\/5\/2025\/10\/54829758054_2bb8f15739_c.jpg\" \/>\n\t<meta property=\"og:image:width\" content=\"799\" \/>\n\t<meta property=\"og:image:height\" content=\"533\" \/>\n\t<meta property=\"og:image:type\" content=\"image\/jpeg\" \/>\n<meta name=\"author\" content=\"Adriana Costa\" \/>\n<meta name=\"twitter:card\" content=\"summary_large_image\" \/>\n<meta name=\"twitter:label1\" content=\"Written by\" \/>\n\t<meta name=\"twitter:data1\" content=\"Adriana Costa\" \/>\n\t<meta name=\"twitter:label2\" content=\"Est. reading time\" \/>\n\t<meta name=\"twitter:data2\" content=\"5 minutos\" \/>\n<script type=\"application\/ld+json\" class=\"yoast-schema-graph\">{\"@context\":\"https:\/\/schema.org\",\"@graph\":[{\"@type\":\"WebPage\",\"@id\":\"https:\/\/www.manaus.am.gov.br\/semcom\/prefeito-obras-eteraiz\/\",\"url\":\"https:\/\/www.manaus.am.gov.br\/semcom\/prefeito-obras-eteraiz\/\",\"name\":\"Prefeito David Almeida acompanha preparativos finais para in\u00edcio da opera\u00e7\u00e3o da ETE Raiz, uma das maiores do Norte do pa\u00eds\",\"isPartOf\":{\"@id\":\"https:\/\/www.manaus.am.gov.br\/semcom\/#website\"},\"primaryImageOfPage\":{\"@id\":\"https:\/\/www.manaus.am.gov.br\/semcom\/prefeito-obras-eteraiz\/#primaryimage\"},\"image\":{\"@id\":\"https:\/\/www.manaus.am.gov.br\/semcom\/prefeito-obras-eteraiz\/#primaryimage\"},\"thumbnailUrl\":\"https:\/\/www.manaus.am.gov.br\/semcom\/wp-content\/uploads\/sites\/5\/2025\/10\/54829758054_2bb8f15739_c.jpg\",\"datePublished\":\"2025-10-03T19:21:29+00:00\",\"dateModified\":\"2025-10-03T19:21:30+00:00\",\"author\":{\"@id\":\"https:\/\/www.manaus.am.gov.br\/semcom\/#\/schema\/person\/4e49f4e267757a06ca072ec61b2b9968\"},\"description\":\"O prefeito de Manaus, David Almeida, acompanhou, nesta sexta-feira, 3\/10, os preparativos finais para a conclus\u00e3o da primeira etapa da Esta\u00e7\u00e3o de Tratamento de Esgoto da Raiz (ETE Raiz), que come\u00e7ar\u00e1 a operar ainda neste m\u00eas.\",\"inLanguage\":\"pt-BR\",\"potentialAction\":[{\"@type\":\"ReadAction\",\"target\":[\"https:\/\/www.manaus.am.gov.br\/semcom\/prefeito-obras-eteraiz\/\"]}]},{\"@type\":\"ImageObject\",\"inLanguage\":\"pt-BR\",\"@id\":\"https:\/\/www.manaus.am.gov.br\/semcom\/prefeito-obras-eteraiz\/#primaryimage\",\"url\":\"https:\/\/www.manaus.am.gov.br\/semcom\/wp-content\/uploads\/sites\/5\/2025\/10\/54829758054_2bb8f15739_c.jpg\",\"contentUrl\":\"https:\/\/www.manaus.am.gov.br\/semcom\/wp-content\/uploads\/sites\/5\/2025\/10\/54829758054_2bb8f15739_c.jpg\",\"width\":799,\"height\":533,\"caption\":\"#paratodosverem - Prefeito David Almeida, t\u00e9cnicos da Ageman e diretoria da concession\u00e1ria de \u00e1gua em ETE Raiz\"},{\"@type\":\"WebSite\",\"@id\":\"https:\/\/www.manaus.am.gov.br\/semcom\/#website\",\"url\":\"https:\/\/www.manaus.am.gov.br\/semcom\/\",\"name\":\"SEMCOM\",\"description\":\"Secretaria Municipal de Comunica\u00e7\u00e3o\",\"potentialAction\":[{\"@type\":\"SearchAction\",\"target\":{\"@type\":\"EntryPoint\",\"urlTemplate\":\"https:\/\/www.manaus.am.gov.br\/semcom\/?s={search_term_string}\"},\"query-input\":\"required name=search_term_string\"}],\"inLanguage\":\"pt-BR\"},{\"@type\":\"Person\",\"@id\":\"https:\/\/www.manaus.am.gov.br\/semcom\/#\/schema\/person\/4e49f4e267757a06ca072ec61b2b9968\",\"name\":\"Adriana Costa\",\"image\":{\"@type\":\"ImageObject\",\"inLanguage\":\"pt-BR\",\"@id\":\"https:\/\/www.manaus.am.gov.br\/semcom\/#\/schema\/person\/image\/\",\"url\":\"https:\/\/secure.gravatar.com\/avatar\/576258617ef7194f718179e766d57bd4?s=96&d=mm&r=g\",\"contentUrl\":\"https:\/\/secure.gravatar.com\/avatar\/576258617ef7194f718179e766d57bd4?s=96&d=mm&r=g\",\"caption\":\"Adriana Costa\"}}]}<\/script>\n<!-- \/ Yoast SEO plugin. -->","yoast_head_json":{"title":"Prefeito David Almeida acompanha preparativos finais para in\u00edcio da opera\u00e7\u00e3o da ETE Raiz, uma das maiores do Norte do pa\u00eds","description":"O prefeito de Manaus, David Almeida, acompanhou, nesta sexta-feira, 3\/10, os preparativos finais para a conclus\u00e3o da primeira etapa da Esta\u00e7\u00e3o de Tratamento de Esgoto da Raiz (ETE Raiz), que come\u00e7ar\u00e1 a operar ainda neste m\u00eas.","robots":{"index":"index","follow":"follow","max-snippet":"max-snippet:-1","max-image-preview":"max-image-preview:large","max-video-preview":"max-video-preview:-1"},"canonical":"https:\/\/www.manaus.am.gov.br\/semcom\/prefeito-obras-eteraiz\/","og_locale":"pt_BR","og_type":"article","og_title":"Prefeito David Almeida acompanha preparativos finais para in\u00edcio da opera\u00e7\u00e3o da ETE Raiz, uma das maiores do Norte do pa\u00eds","og_description":"O prefeito de Manaus, David Almeida, acompanhou, nesta sexta-feira, 3\/10, os preparativos finais para a conclus\u00e3o da primeira etapa da Esta\u00e7\u00e3o de Tratamento de Esgoto da Raiz (ETE Raiz), que come\u00e7ar\u00e1 a operar ainda neste m\u00eas.","og_url":"https:\/\/www.manaus.am.gov.br\/semcom\/prefeito-obras-eteraiz\/","og_site_name":"SEMCOM","article_published_time":"2025-10-03T19:21:29+00:00","article_modified_time":"2025-10-03T19:21:30+00:00","og_image":[{"width":799,"height":533,"url":"https:\/\/www.manaus.am.gov.br\/semcom\/wp-content\/uploads\/sites\/5\/2025\/10\/54829758054_2bb8f15739_c.jpg","type":"image\/jpeg"}],"author":"Adriana Costa","twitter_card":"summary_large_image","twitter_misc":{"Written by":"Adriana Costa","Est. reading time":"5 minutos"},"schema":{"@context":"https:\/\/schema.org","@graph":[{"@type":"WebPage","@id":"https:\/\/www.manaus.am.gov.br\/semcom\/prefeito-obras-eteraiz\/","url":"https:\/\/www.manaus.am.gov.br\/semcom\/prefeito-obras-eteraiz\/","name":"Prefeito David Almeida acompanha preparativos finais para in\u00edcio da opera\u00e7\u00e3o da ETE Raiz, uma das maiores do Norte do pa\u00eds","isPartOf":{"@id":"https:\/\/www.manaus.am.gov.br\/semcom\/#website"},"primaryImageOfPage":{"@id":"https:\/\/www.manaus.am.gov.br\/semcom\/prefeito-obras-eteraiz\/#primaryimage"},"image":{"@id":"https:\/\/www.manaus.am.gov.br\/semcom\/prefeito-obras-eteraiz\/#primaryimage"},"thumbnailUrl":"https:\/\/www.manaus.am.gov.br\/semcom\/wp-content\/uploads\/sites\/5\/2025\/10\/54829758054_2bb8f15739_c.jpg","datePublished":"2025-10-03T19:21:29+00:00","dateModified":"2025-10-03T19:21:30+00:00","author":{"@id":"https:\/\/www.manaus.am.gov.br\/semcom\/#\/schema\/person\/4e49f4e267757a06ca072ec61b2b9968"},"description":"O prefeito de Manaus, David Almeida, acompanhou, nesta sexta-feira, 3\/10, os preparativos finais para a conclus\u00e3o da primeira etapa da Esta\u00e7\u00e3o de Tratamento de Esgoto da Raiz (ETE Raiz), que come\u00e7ar\u00e1 a operar ainda neste m\u00eas.","inLanguage":"pt-BR","potentialAction":[{"@type":"ReadAction","target":["https:\/\/www.manaus.am.gov.br\/semcom\/prefeito-obras-eteraiz\/"]}]},{"@type":"ImageObject","inLanguage":"pt-BR","@id":"https:\/\/www.manaus.am.gov.br\/semcom\/prefeito-obras-eteraiz\/#primaryimage","url":"https:\/\/www.manaus.am.gov.br\/semcom\/wp-content\/uploads\/sites\/5\/2025\/10\/54829758054_2bb8f15739_c.jpg","contentUrl":"https:\/\/www.manaus.am.gov.br\/semcom\/wp-content\/uploads\/sites\/5\/2025\/10\/54829758054_2bb8f15739_c.jpg","width":799,"height":533,"caption":"#paratodosverem - Prefeito David Almeida, t\u00e9cnicos da Ageman e diretoria da concession\u00e1ria de \u00e1gua em ETE Raiz"},{"@type":"WebSite","@id":"https:\/\/www.manaus.am.gov.br\/semcom\/#website","url":"https:\/\/www.manaus.am.gov.br\/semcom\/","name":"SEMCOM","description":"Secretaria Municipal de Comunica\u00e7\u00e3o","potentialAction":[{"@type":"SearchAction","target":{"@type":"EntryPoint","urlTemplate":"https:\/\/www.manaus.am.gov.br\/semcom\/?s={search_term_string}"},"query-input":"required name=search_term_string"}],"inLanguage":"pt-BR"},{"@type":"Person","@id":"https:\/\/www.manaus.am.gov.br\/semcom\/#\/schema\/person\/4e49f4e267757a06ca072ec61b2b9968","name":"Adriana Costa","image":{"@type":"ImageObject","inLanguage":"pt-BR","@id":"https:\/\/www.manaus.am.gov.br\/semcom\/#\/schema\/person\/image\/","url":"https:\/\/secure.gravatar.com\/avatar\/576258617ef7194f718179e766d57bd4?s=96&d=mm&r=g","contentUrl":"https:\/\/secure.gravatar.com\/avatar\/576258617ef7194f718179e766d57bd4?s=96&d=mm&r=g","caption":"Adriana Costa"}}]}},"_links":{"self":[{"href":"https:\/\/www.manaus.am.gov.br\/semcom\/wp-json\/wp\/v2\/posts\/246525"}],"collection":[{"href":"https:\/\/www.manaus.am.gov.br\/semcom\/wp-json\/wp\/v2\/posts"}],"about":[{"href":"https:\/\/www.manaus.am.gov.br\/semcom\/wp-json\/wp\/v2\/types\/post"}],"author":[{"embeddable":true,"href":"https:\/\/www.manaus.am.gov.br\/semcom\/wp-json\/wp\/v2\/users\/23"}],"replies":[{"embeddable":true,"href":"https:\/\/www.manaus.am.gov.br\/semcom\/wp-json\/wp\/v2\/comments?post=246525"}],"version-history":[{"count":0,"href":"https:\/\/www.manaus.am.gov.br\/semcom\/wp-json\/wp\/v2\/posts\/246525\/revisions"}],"wp:featuredmedia":[{"embeddable":true,"href":"https:\/\/www.manaus.am.gov.br\/semcom\/wp-json\/wp\/v2\/media\/246526"}],"wp:attachment":[{"href":"https:\/\/www.manaus.am.gov.br\/semcom\/wp-json\/wp\/v2\/media?parent=246525"}],"wp:term":[{"taxonomy":"category","embeddable":true,"href":"https:\/\/www.manaus.am.gov.br\/semcom\/wp-json\/wp\/v2\/categories?post=246525"},{"taxonomy":"post_tag","embeddable":true,"href":"https:\/\/www.manaus.am.gov.br\/semcom\/wp-json\/wp\/v2\/tags?post=246525"}],"curies":[{"name":"wp","href":"https:\/\/api.w.org\/{rel}","templated":true}]}}