{"id":246492,"date":"2025-10-02T23:14:07","date_gmt":"2025-10-03T02:14:07","guid":{"rendered":"https:\/\/www.manaus.am.gov.br\/semcom\/honda-manaus\/"},"modified":"2025-10-02T23:14:45","modified_gmt":"2025-10-03T02:14:45","slug":"honda-manaus","status":"publish","type":"post","link":"https:\/\/www.manaus.am.gov.br\/semcom\/honda-manaus\/","title":{"rendered":"Prefeito David Almeida reconhece investimento da Honda e destaca import\u00e2ncia da empresa para a economia de Manaus"},"content":{"rendered":"\n<p>O prefeito de Manaus, David Almeida, reconheceu, nesta quinta-feira, 2\/10, o an\u00fancio da Honda, realizado durante a conven\u00e7\u00e3o anual da empresa no Aut\u00f3dromo de Interlagos, em S\u00e3o Paulo, que revelou a realiza\u00e7\u00e3o de um novo ciclo de investimentos de R$\u202f1,6 bilh\u00e3o na f\u00e1brica de Manaus. O aporte ser\u00e1 destinado \u00e0 amplia\u00e7\u00e3o da capacidade produtiva, moderniza\u00e7\u00e3o industrial e lan\u00e7amento de novos modelos, incluindo motocicletas h\u00edbridas e el\u00e9tricas.<\/p>\n\n\n\n<p>\u201c\u00c9 motivo de orgulho para Manaus contar com empresas como a Honda, que h\u00e1 d\u00e9cadas impulsionam o nosso Polo Industrial e contribuem decisivamente para a gera\u00e7\u00e3o de empregos e o fortalecimento da economia local. Este investimento refor\u00e7a a confian\u00e7a na cidade e na sua for\u00e7a produtiva\u201d, destacou o prefeito David Almeida.<\/p>\n\n\n\n<p>O an\u00fancio foi feito pelo CEO da Honda para a Am\u00e9rica do Sul, Arata Ichinose, durante o encontro que reuniu cerca de 1.100 concession\u00e1rias. Com o investimento, a f\u00e1brica de Manaus deve aumentar sua produ\u00e7\u00e3o para 1,6 milh\u00e3o de motocicletas por ano e gerar cerca de 350 novos empregos diretos, al\u00e9m de impactar positivamente toda a cadeia de fornecedores e servi\u00e7os ligados \u00e0 ind\u00fastria de motocicletas.<\/p>\n\n\n\n<p>\u201cO que vemos aqui \u00e9 mais do que investimento em produ\u00e7\u00e3o: \u00e9 um compromisso com o desenvolvimento econ\u00f4mico e social de Manaus. Como prefeito, reafirmo meu compromisso de manter a cidade como um ambiente favor\u00e1vel a investimentos, inova\u00e7\u00e3o e oportunidades para a nossa gente\u201d, completou David Almeida.<\/p>\n\n\n\n<p>\u2014 \u2014 \u2014<\/p>\n\n\n\n<p><strong>Texto &#8211; <\/strong>&nbsp;Emanuelle Baires \/ Semcom-Prefeito<br><strong>Fotos &#8211;<\/strong> Dhyeizo Lemos \/ Semcom-Prefeito<\/p>\n","protected":false},"excerpt":{"rendered":"","protected":false},"author":68,"featured_media":246493,"comment_status":"closed","ping_status":"closed","sticky":false,"template":"","format":"standard","meta":{"footnotes":""},"categories":[94],"tags":[35,17211,77],"acf":[],"yoast_head":"<!-- This site is optimized with the Yoast SEO plugin v23.0 - https:\/\/yoast.com\/wordpress\/plugins\/seo\/ -->\n<title>Prefeito David Almeida reconhece investimento da Honda e destaca import\u00e2ncia da empresa para a economia de Manaus<\/title>\n<meta name=\"description\" content=\"O prefeito de Manaus, David Almeida, reconheceu, nesta quinta-feira, 2\/10, o an\u00fancio da Honda, realizado durante a conven\u00e7\u00e3o anual da empresa no Aut\u00f3dromo de Interlagos\" \/>\n<meta name=\"robots\" content=\"index, follow, max-snippet:-1, max-image-preview:large, max-video-preview:-1\" \/>\n<link rel=\"canonical\" href=\"https:\/\/www.manaus.am.gov.br\/semcom\/honda-manaus\/\" \/>\n<meta property=\"og:locale\" content=\"pt_BR\" \/>\n<meta property=\"og:type\" content=\"article\" \/>\n<meta property=\"og:title\" content=\"Prefeito David Almeida reconhece investimento da Honda e destaca import\u00e2ncia da empresa para a economia de Manaus\" \/>\n<meta property=\"og:description\" content=\"O prefeito de Manaus, David Almeida, reconheceu, nesta quinta-feira, 2\/10, o an\u00fancio da Honda, realizado durante a conven\u00e7\u00e3o anual da empresa no Aut\u00f3dromo de Interlagos\" \/>\n<meta property=\"og:url\" content=\"https:\/\/www.manaus.am.gov.br\/semcom\/honda-manaus\/\" \/>\n<meta property=\"og:site_name\" content=\"SEMCOM\" \/>\n<meta property=\"article:published_time\" content=\"2025-10-03T02:14:07+00:00\" \/>\n<meta property=\"article:modified_time\" content=\"2025-10-03T02:14:45+00:00\" \/>\n<meta property=\"og:image\" content=\"https:\/\/www.manaus.am.gov.br\/semcom\/wp-content\/uploads\/sites\/5\/2025\/10\/52715106382_dc47972f54_c.jpg\" \/>\n\t<meta property=\"og:image:width\" content=\"799\" \/>\n\t<meta property=\"og:image:height\" content=\"533\" \/>\n\t<meta property=\"og:image:type\" content=\"image\/jpeg\" \/>\n<meta name=\"author\" content=\"bvalente\" \/>\n<meta name=\"twitter:card\" content=\"summary_large_image\" \/>\n<meta name=\"twitter:label1\" content=\"Written by\" \/>\n\t<meta name=\"twitter:data1\" content=\"bvalente\" \/>\n\t<meta name=\"twitter:label2\" content=\"Est. reading time\" \/>\n\t<meta name=\"twitter:data2\" content=\"2 minutos\" \/>\n<script type=\"application\/ld+json\" class=\"yoast-schema-graph\">{\"@context\":\"https:\/\/schema.org\",\"@graph\":[{\"@type\":\"WebPage\",\"@id\":\"https:\/\/www.manaus.am.gov.br\/semcom\/honda-manaus\/\",\"url\":\"https:\/\/www.manaus.am.gov.br\/semcom\/honda-manaus\/\",\"name\":\"Prefeito David Almeida reconhece investimento da Honda e destaca import\u00e2ncia da empresa para a economia de Manaus\",\"isPartOf\":{\"@id\":\"https:\/\/www.manaus.am.gov.br\/semcom\/#website\"},\"primaryImageOfPage\":{\"@id\":\"https:\/\/www.manaus.am.gov.br\/semcom\/honda-manaus\/#primaryimage\"},\"image\":{\"@id\":\"https:\/\/www.manaus.am.gov.br\/semcom\/honda-manaus\/#primaryimage\"},\"thumbnailUrl\":\"https:\/\/www.manaus.am.gov.br\/semcom\/wp-content\/uploads\/sites\/5\/2025\/10\/52715106382_dc47972f54_c.jpg\",\"datePublished\":\"2025-10-03T02:14:07+00:00\",\"dateModified\":\"2025-10-03T02:14:45+00:00\",\"author\":{\"@id\":\"https:\/\/www.manaus.am.gov.br\/semcom\/#\/schema\/person\/466a0e03ae4b6062809046bd560ac955\"},\"description\":\"O prefeito de Manaus, David Almeida, reconheceu, nesta quinta-feira, 2\/10, o an\u00fancio da Honda, realizado durante a conven\u00e7\u00e3o anual da empresa no Aut\u00f3dromo de Interlagos\",\"inLanguage\":\"pt-BR\",\"potentialAction\":[{\"@type\":\"ReadAction\",\"target\":[\"https:\/\/www.manaus.am.gov.br\/semcom\/honda-manaus\/\"]}]},{\"@type\":\"ImageObject\",\"inLanguage\":\"pt-BR\",\"@id\":\"https:\/\/www.manaus.am.gov.br\/semcom\/honda-manaus\/#primaryimage\",\"url\":\"https:\/\/www.manaus.am.gov.br\/semcom\/wp-content\/uploads\/sites\/5\/2025\/10\/52715106382_dc47972f54_c.jpg\",\"contentUrl\":\"https:\/\/www.manaus.am.gov.br\/semcom\/wp-content\/uploads\/sites\/5\/2025\/10\/52715106382_dc47972f54_c.jpg\",\"width\":799,\"height\":533,\"caption\":\"#paratodosverem \u2013 Prefeito David Almeida durante \u00e0 Honda\"},{\"@type\":\"WebSite\",\"@id\":\"https:\/\/www.manaus.am.gov.br\/semcom\/#website\",\"url\":\"https:\/\/www.manaus.am.gov.br\/semcom\/\",\"name\":\"SEMCOM\",\"description\":\"Secretaria Municipal de Comunica\u00e7\u00e3o\",\"potentialAction\":[{\"@type\":\"SearchAction\",\"target\":{\"@type\":\"EntryPoint\",\"urlTemplate\":\"https:\/\/www.manaus.am.gov.br\/semcom\/?s={search_term_string}\"},\"query-input\":\"required name=search_term_string\"}],\"inLanguage\":\"pt-BR\"},{\"@type\":\"Person\",\"@id\":\"https:\/\/www.manaus.am.gov.br\/semcom\/#\/schema\/person\/466a0e03ae4b6062809046bd560ac955\",\"name\":\"bvalente\",\"image\":{\"@type\":\"ImageObject\",\"inLanguage\":\"pt-BR\",\"@id\":\"https:\/\/www.manaus.am.gov.br\/semcom\/#\/schema\/person\/image\/\",\"url\":\"https:\/\/secure.gravatar.com\/avatar\/3e69bc2b014bdad41adfec3a39de07d2?s=96&d=mm&r=g\",\"contentUrl\":\"https:\/\/secure.gravatar.com\/avatar\/3e69bc2b014bdad41adfec3a39de07d2?s=96&d=mm&r=g\",\"caption\":\"bvalente\"}}]}<\/script>\n<!-- \/ Yoast SEO plugin. -->","yoast_head_json":{"title":"Prefeito David Almeida reconhece investimento da Honda e destaca import\u00e2ncia da empresa para a economia de Manaus","description":"O prefeito de Manaus, David Almeida, reconheceu, nesta quinta-feira, 2\/10, o an\u00fancio da Honda, realizado durante a conven\u00e7\u00e3o anual da empresa no Aut\u00f3dromo de Interlagos","robots":{"index":"index","follow":"follow","max-snippet":"max-snippet:-1","max-image-preview":"max-image-preview:large","max-video-preview":"max-video-preview:-1"},"canonical":"https:\/\/www.manaus.am.gov.br\/semcom\/honda-manaus\/","og_locale":"pt_BR","og_type":"article","og_title":"Prefeito David Almeida reconhece investimento da Honda e destaca import\u00e2ncia da empresa para a economia de Manaus","og_description":"O prefeito de Manaus, David Almeida, reconheceu, nesta quinta-feira, 2\/10, o an\u00fancio da Honda, realizado durante a conven\u00e7\u00e3o anual da empresa no Aut\u00f3dromo de Interlagos","og_url":"https:\/\/www.manaus.am.gov.br\/semcom\/honda-manaus\/","og_site_name":"SEMCOM","article_published_time":"2025-10-03T02:14:07+00:00","article_modified_time":"2025-10-03T02:14:45+00:00","og_image":[{"width":799,"height":533,"url":"https:\/\/www.manaus.am.gov.br\/semcom\/wp-content\/uploads\/sites\/5\/2025\/10\/52715106382_dc47972f54_c.jpg","type":"image\/jpeg"}],"author":"bvalente","twitter_card":"summary_large_image","twitter_misc":{"Written by":"bvalente","Est. reading time":"2 minutos"},"schema":{"@context":"https:\/\/schema.org","@graph":[{"@type":"WebPage","@id":"https:\/\/www.manaus.am.gov.br\/semcom\/honda-manaus\/","url":"https:\/\/www.manaus.am.gov.br\/semcom\/honda-manaus\/","name":"Prefeito David Almeida reconhece investimento da Honda e destaca import\u00e2ncia da empresa para a economia de Manaus","isPartOf":{"@id":"https:\/\/www.manaus.am.gov.br\/semcom\/#website"},"primaryImageOfPage":{"@id":"https:\/\/www.manaus.am.gov.br\/semcom\/honda-manaus\/#primaryimage"},"image":{"@id":"https:\/\/www.manaus.am.gov.br\/semcom\/honda-manaus\/#primaryimage"},"thumbnailUrl":"https:\/\/www.manaus.am.gov.br\/semcom\/wp-content\/uploads\/sites\/5\/2025\/10\/52715106382_dc47972f54_c.jpg","datePublished":"2025-10-03T02:14:07+00:00","dateModified":"2025-10-03T02:14:45+00:00","author":{"@id":"https:\/\/www.manaus.am.gov.br\/semcom\/#\/schema\/person\/466a0e03ae4b6062809046bd560ac955"},"description":"O prefeito de Manaus, David Almeida, reconheceu, nesta quinta-feira, 2\/10, o an\u00fancio da Honda, realizado durante a conven\u00e7\u00e3o anual da empresa no Aut\u00f3dromo de Interlagos","inLanguage":"pt-BR","potentialAction":[{"@type":"ReadAction","target":["https:\/\/www.manaus.am.gov.br\/semcom\/honda-manaus\/"]}]},{"@type":"ImageObject","inLanguage":"pt-BR","@id":"https:\/\/www.manaus.am.gov.br\/semcom\/honda-manaus\/#primaryimage","url":"https:\/\/www.manaus.am.gov.br\/semcom\/wp-content\/uploads\/sites\/5\/2025\/10\/52715106382_dc47972f54_c.jpg","contentUrl":"https:\/\/www.manaus.am.gov.br\/semcom\/wp-content\/uploads\/sites\/5\/2025\/10\/52715106382_dc47972f54_c.jpg","width":799,"height":533,"caption":"#paratodosverem \u2013 Prefeito David Almeida durante \u00e0 Honda"},{"@type":"WebSite","@id":"https:\/\/www.manaus.am.gov.br\/semcom\/#website","url":"https:\/\/www.manaus.am.gov.br\/semcom\/","name":"SEMCOM","description":"Secretaria Municipal de Comunica\u00e7\u00e3o","potentialAction":[{"@type":"SearchAction","target":{"@type":"EntryPoint","urlTemplate":"https:\/\/www.manaus.am.gov.br\/semcom\/?s={search_term_string}"},"query-input":"required name=search_term_string"}],"inLanguage":"pt-BR"},{"@type":"Person","@id":"https:\/\/www.manaus.am.gov.br\/semcom\/#\/schema\/person\/466a0e03ae4b6062809046bd560ac955","name":"bvalente","image":{"@type":"ImageObject","inLanguage":"pt-BR","@id":"https:\/\/www.manaus.am.gov.br\/semcom\/#\/schema\/person\/image\/","url":"https:\/\/secure.gravatar.com\/avatar\/3e69bc2b014bdad41adfec3a39de07d2?s=96&d=mm&r=g","contentUrl":"https:\/\/secure.gravatar.com\/avatar\/3e69bc2b014bdad41adfec3a39de07d2?s=96&d=mm&r=g","caption":"bvalente"}}]}},"_links":{"self":[{"href":"https:\/\/www.manaus.am.gov.br\/semcom\/wp-json\/wp\/v2\/posts\/246492"}],"collection":[{"href":"https:\/\/www.manaus.am.gov.br\/semcom\/wp-json\/wp\/v2\/posts"}],"about":[{"href":"https:\/\/www.manaus.am.gov.br\/semcom\/wp-json\/wp\/v2\/types\/post"}],"author":[{"embeddable":true,"href":"https:\/\/www.manaus.am.gov.br\/semcom\/wp-json\/wp\/v2\/users\/68"}],"replies":[{"embeddable":true,"href":"https:\/\/www.manaus.am.gov.br\/semcom\/wp-json\/wp\/v2\/comments?post=246492"}],"version-history":[{"count":1,"href":"https:\/\/www.manaus.am.gov.br\/semcom\/wp-json\/wp\/v2\/posts\/246492\/revisions"}],"predecessor-version":[{"id":246494,"href":"https:\/\/www.manaus.am.gov.br\/semcom\/wp-json\/wp\/v2\/posts\/246492\/revisions\/246494"}],"wp:featuredmedia":[{"embeddable":true,"href":"https:\/\/www.manaus.am.gov.br\/semcom\/wp-json\/wp\/v2\/media\/246493"}],"wp:attachment":[{"href":"https:\/\/www.manaus.am.gov.br\/semcom\/wp-json\/wp\/v2\/media?parent=246492"}],"wp:term":[{"taxonomy":"category","embeddable":true,"href":"https:\/\/www.manaus.am.gov.br\/semcom\/wp-json\/wp\/v2\/categories?post=246492"},{"taxonomy":"post_tag","embeddable":true,"href":"https:\/\/www.manaus.am.gov.br\/semcom\/wp-json\/wp\/v2\/tags?post=246492"}],"curies":[{"name":"wp","href":"https:\/\/api.w.org\/{rel}","templated":true}]}}