{"id":246460,"date":"2025-10-02T15:36:09","date_gmt":"2025-10-02T18:36:09","guid":{"rendered":"https:\/\/www.manaus.am.gov.br\/semcom\/parque-do-idoso-limpeza\/"},"modified":"2025-10-02T15:36:10","modified_gmt":"2025-10-02T18:36:10","slug":"parque-do-idoso-limpeza","status":"publish","type":"post","link":"https:\/\/www.manaus.am.gov.br\/semcom\/parque-do-idoso-limpeza\/","title":{"rendered":"Prefeitura realiza mega a\u00e7\u00e3o de limpeza no Parque Municipal do Idoso"},"content":{"rendered":"\n<p>A <a href=\"https:\/\/www.instagram.com\/prefeiturademanaus\/\">Prefeitura de Manaus<\/a>, por meio da <a href=\"https:\/\/www.manaus.am.gov.br\/semulsp\/\">Secretaria Municipal de Limpeza Urbana (Semulsp)<\/a>, iniciou nesta ter\u00e7a-feira, 30\/9, uma mega a\u00e7\u00e3o de limpeza e revitaliza\u00e7\u00e3o no Parque Municipal do Idoso, localizado na zona Centro-Sul da capital.<\/p>\n\n\n\n<p>As equipes est\u00e3o realizando servi\u00e7os de capina\u00e7\u00e3o, poda de \u00e1rvores, pintura de meio-fio e lavagem em toda a \u00e1rea interna do parque. Paralelamente, tamb\u00e9m foi iniciada a remo\u00e7\u00e3o de diversas lixeiras irregulares que vinham se formando no entorno do espa\u00e7o p\u00fablico.<\/p>\n\n\n\n<p>De acordo com o secret\u00e1rio da Semulsp, Sab\u00e1 Reis, a opera\u00e7\u00e3o seguir\u00e1 ao longo da semana e deve ser conclu\u00edda at\u00e9 a pr\u00f3xima quinta-feira, 2\/10. O objetivo \u00e9 entregar um ambiente mais limpo, organizado e seguro para a popula\u00e7\u00e3o que frequenta o parque, refer\u00eancia em atividades voltadas ao bem-estar da pessoa idosa.<\/p>\n\n\n\n<p><strong>Focos de sujeira<\/strong><\/p>\n\n\n\n<p>A retirada das lixeiras irregulares \u00e9 uma das prioridades da a\u00e7\u00e3o. Segundo o secret\u00e1rio, a medida busca eliminar pontos de ac\u00famulo de res\u00edduos e conscientizar a popula\u00e7\u00e3o sobre o descarte correto.<\/p>\n\n\n\n<p>\u201cO Parque do Idoso \u00e9 um espa\u00e7o de acolhimento, lazer e sa\u00fade. Nossa determina\u00e7\u00e3o \u00e9 manter esse ambiente limpo e agrad\u00e1vel para quem o frequenta, ao mesmo tempo em que enfrentamos de forma firme os focos de sujeira e as lixeiras irregulares que insistem em se formar no entorno. Esse \u00e9 o compromisso da Prefeitura de Manaus\u201d, destacou Sab\u00e1 Reis.<\/p>\n\n\n\n<p>Com a interven\u00e7\u00e3o, a gest\u00e3o municipal refor\u00e7a a import\u00e2ncia da preserva\u00e7\u00e3o dos espa\u00e7os p\u00fablicos, valorizando a qualidade de vida e a sa\u00fade dos cidad\u00e3os.<\/p>\n\n\n\n<p>&#8212; &#8212; &#8212;<\/p>\n\n\n\n<p><strong>Texto &#8211;<\/strong> Dora Tupinamb\u00e1 \/ Semulsp<\/p>\n\n\n\n<p><strong>Fotos &#8211;<\/strong> Ascom \/ Semulsp<\/p>\n","protected":false},"excerpt":{"rendered":"","protected":false},"author":57,"featured_media":246461,"comment_status":"closed","ping_status":"closed","sticky":false,"template":"","format":"standard","meta":{"footnotes":""},"categories":[114],"tags":[118,2720,77,301],"acf":[],"yoast_head":"<!-- This site is optimized with the Yoast SEO plugin v23.0 - https:\/\/yoast.com\/wordpress\/plugins\/seo\/ -->\n<title>Prefeitura realiza mega a\u00e7\u00e3o de limpeza no Parque do Idoso<\/title>\n<meta name=\"description\" content=\"A Prefeitura de Manaus iniciou nesta ter\u00e7a-feira, 30\/9, uma mega a\u00e7\u00e3o de limpeza e revitaliza\u00e7\u00e3o no Parque Municipal do Idoso.\" \/>\n<meta name=\"robots\" content=\"index, follow, max-snippet:-1, max-image-preview:large, max-video-preview:-1\" \/>\n<link rel=\"canonical\" href=\"https:\/\/www.manaus.am.gov.br\/semcom\/parque-do-idoso-limpeza\/\" \/>\n<meta property=\"og:locale\" content=\"pt_BR\" \/>\n<meta property=\"og:type\" content=\"article\" \/>\n<meta property=\"og:title\" content=\"Prefeitura realiza mega a\u00e7\u00e3o de limpeza no Parque do Idoso\" \/>\n<meta property=\"og:description\" content=\"A Prefeitura de Manaus iniciou nesta ter\u00e7a-feira, 30\/9, uma mega a\u00e7\u00e3o de limpeza e revitaliza\u00e7\u00e3o no Parque Municipal do Idoso.\" \/>\n<meta property=\"og:url\" content=\"https:\/\/www.manaus.am.gov.br\/semcom\/parque-do-idoso-limpeza\/\" \/>\n<meta property=\"og:site_name\" content=\"SEMCOM\" \/>\n<meta property=\"article:published_time\" content=\"2025-10-02T18:36:09+00:00\" \/>\n<meta property=\"article:modified_time\" content=\"2025-10-02T18:36:10+00:00\" \/>\n<meta property=\"og:image\" content=\"https:\/\/www.manaus.am.gov.br\/semcom\/wp-content\/uploads\/sites\/5\/2025\/10\/Parque-do-Idoso-2.jpg\" \/>\n\t<meta property=\"og:image:width\" content=\"1280\" \/>\n\t<meta property=\"og:image:height\" content=\"960\" \/>\n\t<meta property=\"og:image:type\" content=\"image\/jpeg\" \/>\n<meta name=\"author\" content=\"Thiago Fernando\" \/>\n<meta name=\"twitter:card\" content=\"summary_large_image\" \/>\n<meta name=\"twitter:label1\" content=\"Written by\" \/>\n\t<meta name=\"twitter:data1\" content=\"Thiago Fernando\" \/>\n\t<meta name=\"twitter:label2\" content=\"Est. reading time\" \/>\n\t<meta name=\"twitter:data2\" content=\"2 minutos\" \/>\n<script type=\"application\/ld+json\" class=\"yoast-schema-graph\">{\"@context\":\"https:\/\/schema.org\",\"@graph\":[{\"@type\":\"WebPage\",\"@id\":\"https:\/\/www.manaus.am.gov.br\/semcom\/parque-do-idoso-limpeza\/\",\"url\":\"https:\/\/www.manaus.am.gov.br\/semcom\/parque-do-idoso-limpeza\/\",\"name\":\"Prefeitura realiza mega a\u00e7\u00e3o de limpeza no Parque do Idoso\",\"isPartOf\":{\"@id\":\"https:\/\/www.manaus.am.gov.br\/semcom\/#website\"},\"primaryImageOfPage\":{\"@id\":\"https:\/\/www.manaus.am.gov.br\/semcom\/parque-do-idoso-limpeza\/#primaryimage\"},\"image\":{\"@id\":\"https:\/\/www.manaus.am.gov.br\/semcom\/parque-do-idoso-limpeza\/#primaryimage\"},\"thumbnailUrl\":\"https:\/\/www.manaus.am.gov.br\/semcom\/wp-content\/uploads\/sites\/5\/2025\/10\/Parque-do-Idoso-2.jpg\",\"datePublished\":\"2025-10-02T18:36:09+00:00\",\"dateModified\":\"2025-10-02T18:36:10+00:00\",\"author\":{\"@id\":\"https:\/\/www.manaus.am.gov.br\/semcom\/#\/schema\/person\/a5ee5376db6e21af026374b369f30882\"},\"description\":\"A Prefeitura de Manaus iniciou nesta ter\u00e7a-feira, 30\/9, uma mega a\u00e7\u00e3o de limpeza e revitaliza\u00e7\u00e3o no Parque Municipal do Idoso.\",\"inLanguage\":\"pt-BR\",\"potentialAction\":[{\"@type\":\"ReadAction\",\"target\":[\"https:\/\/www.manaus.am.gov.br\/semcom\/parque-do-idoso-limpeza\/\"]}]},{\"@type\":\"ImageObject\",\"inLanguage\":\"pt-BR\",\"@id\":\"https:\/\/www.manaus.am.gov.br\/semcom\/parque-do-idoso-limpeza\/#primaryimage\",\"url\":\"https:\/\/www.manaus.am.gov.br\/semcom\/wp-content\/uploads\/sites\/5\/2025\/10\/Parque-do-Idoso-2.jpg\",\"contentUrl\":\"https:\/\/www.manaus.am.gov.br\/semcom\/wp-content\/uploads\/sites\/5\/2025\/10\/Parque-do-Idoso-2.jpg\",\"width\":1280,\"height\":960,\"caption\":\"#paratodosverem - Servidores da Semulsp realizando a\u00e7\u00e3o de limpeza no Parque do Idoso\"},{\"@type\":\"WebSite\",\"@id\":\"https:\/\/www.manaus.am.gov.br\/semcom\/#website\",\"url\":\"https:\/\/www.manaus.am.gov.br\/semcom\/\",\"name\":\"SEMCOM\",\"description\":\"Secretaria Municipal de Comunica\u00e7\u00e3o\",\"potentialAction\":[{\"@type\":\"SearchAction\",\"target\":{\"@type\":\"EntryPoint\",\"urlTemplate\":\"https:\/\/www.manaus.am.gov.br\/semcom\/?s={search_term_string}\"},\"query-input\":\"required name=search_term_string\"}],\"inLanguage\":\"pt-BR\"},{\"@type\":\"Person\",\"@id\":\"https:\/\/www.manaus.am.gov.br\/semcom\/#\/schema\/person\/a5ee5376db6e21af026374b369f30882\",\"name\":\"Thiago Fernando\",\"image\":{\"@type\":\"ImageObject\",\"inLanguage\":\"pt-BR\",\"@id\":\"https:\/\/www.manaus.am.gov.br\/semcom\/#\/schema\/person\/image\/\",\"url\":\"https:\/\/secure.gravatar.com\/avatar\/f5aab8722444041451501c077052ac07?s=96&d=mm&r=g\",\"contentUrl\":\"https:\/\/secure.gravatar.com\/avatar\/f5aab8722444041451501c077052ac07?s=96&d=mm&r=g\",\"caption\":\"Thiago Fernando\"}}]}<\/script>\n<!-- \/ Yoast SEO plugin. -->","yoast_head_json":{"title":"Prefeitura realiza mega a\u00e7\u00e3o de limpeza no Parque do Idoso","description":"A Prefeitura de Manaus iniciou nesta ter\u00e7a-feira, 30\/9, uma mega a\u00e7\u00e3o de limpeza e revitaliza\u00e7\u00e3o no Parque Municipal do Idoso.","robots":{"index":"index","follow":"follow","max-snippet":"max-snippet:-1","max-image-preview":"max-image-preview:large","max-video-preview":"max-video-preview:-1"},"canonical":"https:\/\/www.manaus.am.gov.br\/semcom\/parque-do-idoso-limpeza\/","og_locale":"pt_BR","og_type":"article","og_title":"Prefeitura realiza mega a\u00e7\u00e3o de limpeza no Parque do Idoso","og_description":"A Prefeitura de Manaus iniciou nesta ter\u00e7a-feira, 30\/9, uma mega a\u00e7\u00e3o de limpeza e revitaliza\u00e7\u00e3o no Parque Municipal do Idoso.","og_url":"https:\/\/www.manaus.am.gov.br\/semcom\/parque-do-idoso-limpeza\/","og_site_name":"SEMCOM","article_published_time":"2025-10-02T18:36:09+00:00","article_modified_time":"2025-10-02T18:36:10+00:00","og_image":[{"width":1280,"height":960,"url":"https:\/\/www.manaus.am.gov.br\/semcom\/wp-content\/uploads\/sites\/5\/2025\/10\/Parque-do-Idoso-2.jpg","type":"image\/jpeg"}],"author":"Thiago Fernando","twitter_card":"summary_large_image","twitter_misc":{"Written by":"Thiago Fernando","Est. reading time":"2 minutos"},"schema":{"@context":"https:\/\/schema.org","@graph":[{"@type":"WebPage","@id":"https:\/\/www.manaus.am.gov.br\/semcom\/parque-do-idoso-limpeza\/","url":"https:\/\/www.manaus.am.gov.br\/semcom\/parque-do-idoso-limpeza\/","name":"Prefeitura realiza mega a\u00e7\u00e3o de limpeza no Parque do Idoso","isPartOf":{"@id":"https:\/\/www.manaus.am.gov.br\/semcom\/#website"},"primaryImageOfPage":{"@id":"https:\/\/www.manaus.am.gov.br\/semcom\/parque-do-idoso-limpeza\/#primaryimage"},"image":{"@id":"https:\/\/www.manaus.am.gov.br\/semcom\/parque-do-idoso-limpeza\/#primaryimage"},"thumbnailUrl":"https:\/\/www.manaus.am.gov.br\/semcom\/wp-content\/uploads\/sites\/5\/2025\/10\/Parque-do-Idoso-2.jpg","datePublished":"2025-10-02T18:36:09+00:00","dateModified":"2025-10-02T18:36:10+00:00","author":{"@id":"https:\/\/www.manaus.am.gov.br\/semcom\/#\/schema\/person\/a5ee5376db6e21af026374b369f30882"},"description":"A Prefeitura de Manaus iniciou nesta ter\u00e7a-feira, 30\/9, uma mega a\u00e7\u00e3o de limpeza e revitaliza\u00e7\u00e3o no Parque Municipal do Idoso.","inLanguage":"pt-BR","potentialAction":[{"@type":"ReadAction","target":["https:\/\/www.manaus.am.gov.br\/semcom\/parque-do-idoso-limpeza\/"]}]},{"@type":"ImageObject","inLanguage":"pt-BR","@id":"https:\/\/www.manaus.am.gov.br\/semcom\/parque-do-idoso-limpeza\/#primaryimage","url":"https:\/\/www.manaus.am.gov.br\/semcom\/wp-content\/uploads\/sites\/5\/2025\/10\/Parque-do-Idoso-2.jpg","contentUrl":"https:\/\/www.manaus.am.gov.br\/semcom\/wp-content\/uploads\/sites\/5\/2025\/10\/Parque-do-Idoso-2.jpg","width":1280,"height":960,"caption":"#paratodosverem - Servidores da Semulsp realizando a\u00e7\u00e3o de limpeza no Parque do Idoso"},{"@type":"WebSite","@id":"https:\/\/www.manaus.am.gov.br\/semcom\/#website","url":"https:\/\/www.manaus.am.gov.br\/semcom\/","name":"SEMCOM","description":"Secretaria Municipal de Comunica\u00e7\u00e3o","potentialAction":[{"@type":"SearchAction","target":{"@type":"EntryPoint","urlTemplate":"https:\/\/www.manaus.am.gov.br\/semcom\/?s={search_term_string}"},"query-input":"required name=search_term_string"}],"inLanguage":"pt-BR"},{"@type":"Person","@id":"https:\/\/www.manaus.am.gov.br\/semcom\/#\/schema\/person\/a5ee5376db6e21af026374b369f30882","name":"Thiago Fernando","image":{"@type":"ImageObject","inLanguage":"pt-BR","@id":"https:\/\/www.manaus.am.gov.br\/semcom\/#\/schema\/person\/image\/","url":"https:\/\/secure.gravatar.com\/avatar\/f5aab8722444041451501c077052ac07?s=96&d=mm&r=g","contentUrl":"https:\/\/secure.gravatar.com\/avatar\/f5aab8722444041451501c077052ac07?s=96&d=mm&r=g","caption":"Thiago Fernando"}}]}},"_links":{"self":[{"href":"https:\/\/www.manaus.am.gov.br\/semcom\/wp-json\/wp\/v2\/posts\/246460"}],"collection":[{"href":"https:\/\/www.manaus.am.gov.br\/semcom\/wp-json\/wp\/v2\/posts"}],"about":[{"href":"https:\/\/www.manaus.am.gov.br\/semcom\/wp-json\/wp\/v2\/types\/post"}],"author":[{"embeddable":true,"href":"https:\/\/www.manaus.am.gov.br\/semcom\/wp-json\/wp\/v2\/users\/57"}],"replies":[{"embeddable":true,"href":"https:\/\/www.manaus.am.gov.br\/semcom\/wp-json\/wp\/v2\/comments?post=246460"}],"version-history":[{"count":0,"href":"https:\/\/www.manaus.am.gov.br\/semcom\/wp-json\/wp\/v2\/posts\/246460\/revisions"}],"wp:featuredmedia":[{"embeddable":true,"href":"https:\/\/www.manaus.am.gov.br\/semcom\/wp-json\/wp\/v2\/media\/246461"}],"wp:attachment":[{"href":"https:\/\/www.manaus.am.gov.br\/semcom\/wp-json\/wp\/v2\/media?parent=246460"}],"wp:term":[{"taxonomy":"category","embeddable":true,"href":"https:\/\/www.manaus.am.gov.br\/semcom\/wp-json\/wp\/v2\/categories?post=246460"},{"taxonomy":"post_tag","embeddable":true,"href":"https:\/\/www.manaus.am.gov.br\/semcom\/wp-json\/wp\/v2\/tags?post=246460"}],"curies":[{"name":"wp","href":"https:\/\/api.w.org\/{rel}","templated":true}]}}