{"id":246393,"date":"2025-10-01T14:36:25","date_gmt":"2025-10-01T17:36:25","guid":{"rendered":"https:\/\/www.manaus.am.gov.br\/semcom\/obras-casa-manauara\/"},"modified":"2025-10-01T14:36:27","modified_gmt":"2025-10-01T17:36:27","slug":"obras-casa-manauara","status":"publish","type":"post","link":"https:\/\/www.manaus.am.gov.br\/semcom\/obras-casa-manauara\/","title":{"rendered":"Prefeitura de Manaus acompanha obras do programa \u2018Casa Manauara\u2019 no Col\u00f4nia Ant\u00f4nio Aleixo"},"content":{"rendered":"\n<p>Na manh\u00e3 desta quarta-feira, 1\u00ba\/10, o titular da <a href=\"https:\/\/www.manaus.am.gov.br\/semhaf\/\">Secretaria Municipal de Habita\u00e7\u00e3o e Assuntos Fundi\u00e1rios (Semhaf)<\/a>, Jesus Alves, realizou uma vistoria em resid\u00eancias que est\u00e3o passando por reformas pelo programa \u201cCasa Manauara\u201d, no bairro Col\u00f4nia Ant\u00f4nio Aleixo, zona Leste de Manaus.<\/p>\n\n\n\n<p>A visita teve como objetivo acompanhar de perto o andamento das obras e garantir a qualidade dos servi\u00e7os que est\u00e3o sendo executados. O programa contempla melhorias estruturais em moradias de fam\u00edlias em situa\u00e7\u00e3o de vulnerabilidade, assegurando condi\u00e7\u00f5es mais dignas de habita\u00e7\u00e3o.<\/p>\n\n\n\n<p>Entre as interven\u00e7\u00f5es realizadas est\u00e3o a substitui\u00e7\u00e3o de forros, de telhados, recupera\u00e7\u00e3o de pisos, troca de portas e janelas, refor\u00e7o da parte el\u00e9trica e hidr\u00e1ulica, pintura, adapta\u00e7\u00e3o de banheiros para pessoas com defici\u00eancia, entre outros.<\/p>\n\n\n\n<p>Segundo o secret\u00e1rio Jesus Alves, esse acompanhamento \u00e9 fundamental para assegurar que o investimento p\u00fablico esteja trazendo benef\u00edcios reais para as fam\u00edlias.<\/p>\n\n\n\n<p>\u201cA vistoria \u00e9 importante tanto para quem recebe a obra quanto para quem executa. As fam\u00edlias ganham a certeza de que est\u00e3o recebendo um trabalho bem executado, e n\u00f3s conseguimos verificar de perto se tudo est\u00e1 sendo feito dentro do padr\u00e3o e do prazo. Essa tem sido uma recomenda\u00e7\u00e3o do prefeito David Almeida para que as fam\u00edlias realmente recebam um servi\u00e7o de qualidade\u201d, destacou.<\/p>\n\n\n\n<p>Durante a visita, moradores expressaram sua emo\u00e7\u00e3o com as melhorias. A dona de casa Maria Ant\u00f4nia, uma das benefici\u00e1rias, n\u00e3o conteve as l\u00e1grimas ao falar sobre a transforma\u00e7\u00e3o de sua resid\u00eancia.<\/p>\n\n\n\n<p>\u201cNem terminou ainda e eu j\u00e1 me sinto realizada. Minha casa est\u00e1 ficando linda, era um sonho que eu pensava que nunca ia acontecer. A gente sofre muito com goteira, parede ca\u00edda, e agora ver tudo isso mudando \u00e9 emocionante demais\u201d, disse.<\/p>\n\n\n\n<p>Outro morador contemplado, o senhor Valdel\u00edcio Martins, 68 anos, ressaltou a import\u00e2ncia do programa para as fam\u00edlias que n\u00e3o tem condi\u00e7\u00f5es de fazer reformas nas resid\u00eancias.<\/p>\n\n\n\n<p>\u201cHoje eu moro sozinho, tenho minhas limita\u00e7\u00f5es e uma reforma como essa muda a vida da gente. Eu estou muito feliz!\u201d, afirmou.<\/p>\n\n\n\n<p>O \u201cCasa Manauara\u201d integra as a\u00e7\u00f5es da <a href=\"https:\/\/www.instagram.com\/prefeiturademanaus\/\">Prefeitura de Manaus<\/a> voltadas para a melhoria da qualidade de vida da popula\u00e7\u00e3o, garantindo habita\u00e7\u00f5es mais seguras e confort\u00e1veis. J\u00e1 s\u00e3o mais de 450 casas reformadas em diferentes zonas da cidade.<\/p>\n\n\n\n<p><strong>&#8212; &#8212; &#8212;<\/strong><\/p>\n\n\n\n<p><strong>Texto<\/strong> &#8211; Leonardo Fierro \/ Assessoria Semhaf<\/p>\n\n\n\n<p><strong>Fotos &#8211; <\/strong>Assessoria \/ Semhaf<strong><\/strong><\/p>\n","protected":false},"excerpt":{"rendered":"","protected":false},"author":57,"featured_media":246394,"comment_status":"closed","ping_status":"closed","sticky":false,"template":"","format":"standard","meta":{"footnotes":""},"categories":[400],"tags":[10677,4529,77,5352],"acf":[],"yoast_head":"<!-- This site is optimized with the Yoast SEO plugin v23.0 - https:\/\/yoast.com\/wordpress\/plugins\/seo\/ -->\n<title>Prefeitura acompanha obras do programa \u2018Casa Manauara\u2019<\/title>\n<meta name=\"description\" content=\"O titular da Semhaf, Jesus Alves, realizou uma vistoria em resid\u00eancias que est\u00e3o passando por reformas pelo programa \u201cCasa Manauara\u201d.\" \/>\n<meta name=\"robots\" content=\"index, follow, max-snippet:-1, max-image-preview:large, max-video-preview:-1\" \/>\n<link rel=\"canonical\" href=\"https:\/\/www.manaus.am.gov.br\/semcom\/obras-casa-manauara\/\" \/>\n<meta property=\"og:locale\" content=\"pt_BR\" \/>\n<meta property=\"og:type\" content=\"article\" \/>\n<meta property=\"og:title\" content=\"Prefeitura acompanha obras do programa \u2018Casa Manauara\u2019\" \/>\n<meta property=\"og:description\" content=\"O titular da Semhaf, Jesus Alves, realizou uma vistoria em resid\u00eancias que est\u00e3o passando por reformas pelo programa \u201cCasa Manauara\u201d.\" \/>\n<meta property=\"og:url\" content=\"https:\/\/www.manaus.am.gov.br\/semcom\/obras-casa-manauara\/\" \/>\n<meta property=\"og:site_name\" content=\"SEMCOM\" \/>\n<meta property=\"article:published_time\" content=\"2025-10-01T17:36:25+00:00\" \/>\n<meta property=\"article:modified_time\" content=\"2025-10-01T17:36:27+00:00\" \/>\n<meta property=\"og:image\" content=\"https:\/\/www.manaus.am.gov.br\/semcom\/wp-content\/uploads\/sites\/5\/2025\/10\/Casa-Manauara-2.jpg\" \/>\n\t<meta property=\"og:image:width\" content=\"1200\" \/>\n\t<meta property=\"og:image:height\" content=\"900\" \/>\n\t<meta property=\"og:image:type\" content=\"image\/jpeg\" \/>\n<meta name=\"author\" content=\"Thiago Fernando\" \/>\n<meta name=\"twitter:card\" content=\"summary_large_image\" \/>\n<meta name=\"twitter:label1\" content=\"Written by\" \/>\n\t<meta name=\"twitter:data1\" content=\"Thiago Fernando\" \/>\n\t<meta name=\"twitter:label2\" content=\"Est. reading time\" \/>\n\t<meta name=\"twitter:data2\" content=\"3 minutos\" \/>\n<script type=\"application\/ld+json\" class=\"yoast-schema-graph\">{\"@context\":\"https:\/\/schema.org\",\"@graph\":[{\"@type\":\"WebPage\",\"@id\":\"https:\/\/www.manaus.am.gov.br\/semcom\/obras-casa-manauara\/\",\"url\":\"https:\/\/www.manaus.am.gov.br\/semcom\/obras-casa-manauara\/\",\"name\":\"Prefeitura acompanha obras do programa \u2018Casa Manauara\u2019\",\"isPartOf\":{\"@id\":\"https:\/\/www.manaus.am.gov.br\/semcom\/#website\"},\"primaryImageOfPage\":{\"@id\":\"https:\/\/www.manaus.am.gov.br\/semcom\/obras-casa-manauara\/#primaryimage\"},\"image\":{\"@id\":\"https:\/\/www.manaus.am.gov.br\/semcom\/obras-casa-manauara\/#primaryimage\"},\"thumbnailUrl\":\"https:\/\/www.manaus.am.gov.br\/semcom\/wp-content\/uploads\/sites\/5\/2025\/10\/Casa-Manauara-2.jpg\",\"datePublished\":\"2025-10-01T17:36:25+00:00\",\"dateModified\":\"2025-10-01T17:36:27+00:00\",\"author\":{\"@id\":\"https:\/\/www.manaus.am.gov.br\/semcom\/#\/schema\/person\/a5ee5376db6e21af026374b369f30882\"},\"description\":\"O titular da Semhaf, Jesus Alves, realizou uma vistoria em resid\u00eancias que est\u00e3o passando por reformas pelo programa \u201cCasa Manauara\u201d.\",\"inLanguage\":\"pt-BR\",\"potentialAction\":[{\"@type\":\"ReadAction\",\"target\":[\"https:\/\/www.manaus.am.gov.br\/semcom\/obras-casa-manauara\/\"]}]},{\"@type\":\"ImageObject\",\"inLanguage\":\"pt-BR\",\"@id\":\"https:\/\/www.manaus.am.gov.br\/semcom\/obras-casa-manauara\/#primaryimage\",\"url\":\"https:\/\/www.manaus.am.gov.br\/semcom\/wp-content\/uploads\/sites\/5\/2025\/10\/Casa-Manauara-2.jpg\",\"contentUrl\":\"https:\/\/www.manaus.am.gov.br\/semcom\/wp-content\/uploads\/sites\/5\/2025\/10\/Casa-Manauara-2.jpg\",\"width\":1200,\"height\":900,\"caption\":\"#paratodosverem - Secret\u00e1rio Jesus Alves tirando foto com morador de uma casa contemplado no programa\"},{\"@type\":\"WebSite\",\"@id\":\"https:\/\/www.manaus.am.gov.br\/semcom\/#website\",\"url\":\"https:\/\/www.manaus.am.gov.br\/semcom\/\",\"name\":\"SEMCOM\",\"description\":\"Secretaria Municipal de Comunica\u00e7\u00e3o\",\"potentialAction\":[{\"@type\":\"SearchAction\",\"target\":{\"@type\":\"EntryPoint\",\"urlTemplate\":\"https:\/\/www.manaus.am.gov.br\/semcom\/?s={search_term_string}\"},\"query-input\":\"required name=search_term_string\"}],\"inLanguage\":\"pt-BR\"},{\"@type\":\"Person\",\"@id\":\"https:\/\/www.manaus.am.gov.br\/semcom\/#\/schema\/person\/a5ee5376db6e21af026374b369f30882\",\"name\":\"Thiago Fernando\",\"image\":{\"@type\":\"ImageObject\",\"inLanguage\":\"pt-BR\",\"@id\":\"https:\/\/www.manaus.am.gov.br\/semcom\/#\/schema\/person\/image\/\",\"url\":\"https:\/\/secure.gravatar.com\/avatar\/f5aab8722444041451501c077052ac07?s=96&d=mm&r=g\",\"contentUrl\":\"https:\/\/secure.gravatar.com\/avatar\/f5aab8722444041451501c077052ac07?s=96&d=mm&r=g\",\"caption\":\"Thiago Fernando\"}}]}<\/script>\n<!-- \/ Yoast SEO plugin. -->","yoast_head_json":{"title":"Prefeitura acompanha obras do programa \u2018Casa Manauara\u2019","description":"O titular da Semhaf, Jesus Alves, realizou uma vistoria em resid\u00eancias que est\u00e3o passando por reformas pelo programa \u201cCasa Manauara\u201d.","robots":{"index":"index","follow":"follow","max-snippet":"max-snippet:-1","max-image-preview":"max-image-preview:large","max-video-preview":"max-video-preview:-1"},"canonical":"https:\/\/www.manaus.am.gov.br\/semcom\/obras-casa-manauara\/","og_locale":"pt_BR","og_type":"article","og_title":"Prefeitura acompanha obras do programa \u2018Casa Manauara\u2019","og_description":"O titular da Semhaf, Jesus Alves, realizou uma vistoria em resid\u00eancias que est\u00e3o passando por reformas pelo programa \u201cCasa Manauara\u201d.","og_url":"https:\/\/www.manaus.am.gov.br\/semcom\/obras-casa-manauara\/","og_site_name":"SEMCOM","article_published_time":"2025-10-01T17:36:25+00:00","article_modified_time":"2025-10-01T17:36:27+00:00","og_image":[{"width":1200,"height":900,"url":"https:\/\/www.manaus.am.gov.br\/semcom\/wp-content\/uploads\/sites\/5\/2025\/10\/Casa-Manauara-2.jpg","type":"image\/jpeg"}],"author":"Thiago Fernando","twitter_card":"summary_large_image","twitter_misc":{"Written by":"Thiago Fernando","Est. reading time":"3 minutos"},"schema":{"@context":"https:\/\/schema.org","@graph":[{"@type":"WebPage","@id":"https:\/\/www.manaus.am.gov.br\/semcom\/obras-casa-manauara\/","url":"https:\/\/www.manaus.am.gov.br\/semcom\/obras-casa-manauara\/","name":"Prefeitura acompanha obras do programa \u2018Casa Manauara\u2019","isPartOf":{"@id":"https:\/\/www.manaus.am.gov.br\/semcom\/#website"},"primaryImageOfPage":{"@id":"https:\/\/www.manaus.am.gov.br\/semcom\/obras-casa-manauara\/#primaryimage"},"image":{"@id":"https:\/\/www.manaus.am.gov.br\/semcom\/obras-casa-manauara\/#primaryimage"},"thumbnailUrl":"https:\/\/www.manaus.am.gov.br\/semcom\/wp-content\/uploads\/sites\/5\/2025\/10\/Casa-Manauara-2.jpg","datePublished":"2025-10-01T17:36:25+00:00","dateModified":"2025-10-01T17:36:27+00:00","author":{"@id":"https:\/\/www.manaus.am.gov.br\/semcom\/#\/schema\/person\/a5ee5376db6e21af026374b369f30882"},"description":"O titular da Semhaf, Jesus Alves, realizou uma vistoria em resid\u00eancias que est\u00e3o passando por reformas pelo programa \u201cCasa Manauara\u201d.","inLanguage":"pt-BR","potentialAction":[{"@type":"ReadAction","target":["https:\/\/www.manaus.am.gov.br\/semcom\/obras-casa-manauara\/"]}]},{"@type":"ImageObject","inLanguage":"pt-BR","@id":"https:\/\/www.manaus.am.gov.br\/semcom\/obras-casa-manauara\/#primaryimage","url":"https:\/\/www.manaus.am.gov.br\/semcom\/wp-content\/uploads\/sites\/5\/2025\/10\/Casa-Manauara-2.jpg","contentUrl":"https:\/\/www.manaus.am.gov.br\/semcom\/wp-content\/uploads\/sites\/5\/2025\/10\/Casa-Manauara-2.jpg","width":1200,"height":900,"caption":"#paratodosverem - Secret\u00e1rio Jesus Alves tirando foto com morador de uma casa contemplado no programa"},{"@type":"WebSite","@id":"https:\/\/www.manaus.am.gov.br\/semcom\/#website","url":"https:\/\/www.manaus.am.gov.br\/semcom\/","name":"SEMCOM","description":"Secretaria Municipal de Comunica\u00e7\u00e3o","potentialAction":[{"@type":"SearchAction","target":{"@type":"EntryPoint","urlTemplate":"https:\/\/www.manaus.am.gov.br\/semcom\/?s={search_term_string}"},"query-input":"required name=search_term_string"}],"inLanguage":"pt-BR"},{"@type":"Person","@id":"https:\/\/www.manaus.am.gov.br\/semcom\/#\/schema\/person\/a5ee5376db6e21af026374b369f30882","name":"Thiago Fernando","image":{"@type":"ImageObject","inLanguage":"pt-BR","@id":"https:\/\/www.manaus.am.gov.br\/semcom\/#\/schema\/person\/image\/","url":"https:\/\/secure.gravatar.com\/avatar\/f5aab8722444041451501c077052ac07?s=96&d=mm&r=g","contentUrl":"https:\/\/secure.gravatar.com\/avatar\/f5aab8722444041451501c077052ac07?s=96&d=mm&r=g","caption":"Thiago Fernando"}}]}},"_links":{"self":[{"href":"https:\/\/www.manaus.am.gov.br\/semcom\/wp-json\/wp\/v2\/posts\/246393"}],"collection":[{"href":"https:\/\/www.manaus.am.gov.br\/semcom\/wp-json\/wp\/v2\/posts"}],"about":[{"href":"https:\/\/www.manaus.am.gov.br\/semcom\/wp-json\/wp\/v2\/types\/post"}],"author":[{"embeddable":true,"href":"https:\/\/www.manaus.am.gov.br\/semcom\/wp-json\/wp\/v2\/users\/57"}],"replies":[{"embeddable":true,"href":"https:\/\/www.manaus.am.gov.br\/semcom\/wp-json\/wp\/v2\/comments?post=246393"}],"version-history":[{"count":0,"href":"https:\/\/www.manaus.am.gov.br\/semcom\/wp-json\/wp\/v2\/posts\/246393\/revisions"}],"wp:featuredmedia":[{"embeddable":true,"href":"https:\/\/www.manaus.am.gov.br\/semcom\/wp-json\/wp\/v2\/media\/246394"}],"wp:attachment":[{"href":"https:\/\/www.manaus.am.gov.br\/semcom\/wp-json\/wp\/v2\/media?parent=246393"}],"wp:term":[{"taxonomy":"category","embeddable":true,"href":"https:\/\/www.manaus.am.gov.br\/semcom\/wp-json\/wp\/v2\/categories?post=246393"},{"taxonomy":"post_tag","embeddable":true,"href":"https:\/\/www.manaus.am.gov.br\/semcom\/wp-json\/wp\/v2\/tags?post=246393"}],"curies":[{"name":"wp","href":"https:\/\/api.w.org\/{rel}","templated":true}]}}