{"id":246377,"date":"2025-09-30T21:27:04","date_gmt":"2025-10-01T00:27:04","guid":{"rendered":"https:\/\/www.manaus.am.gov.br\/semcom\/evento-de-valorizacao-dos-estagiarios\/"},"modified":"2025-09-30T21:27:04","modified_gmt":"2025-10-01T00:27:04","slug":"evento-de-valorizacao-dos-estagiarios","status":"publish","type":"post","link":"https:\/\/www.manaus.am.gov.br\/semcom\/evento-de-valorizacao-dos-estagiarios\/","title":{"rendered":"Prefeitura de Manaus promove evento de valoriza\u00e7\u00e3o dos estagi\u00e1rios"},"content":{"rendered":"\n<p>A Prefeitura de Manaus, por meio da Secretaria Municipal de Administra\u00e7\u00e3o, Planejamento e Gest\u00e3o (Semad), realizou, na tarde desta ter\u00e7a-feira, 30\/9, na Casa de Praia Zezinho Corr\u00eaa, na Ponta Negra, zona Oeste da cidade, um evento cultural voltado \u00e0 valoriza\u00e7\u00e3o dos estagi\u00e1rios que atuam em suas unidades administrativas.&nbsp; Atualmente, a prefeitura tem aproximadamente 1,8 mil estagi\u00e1rios, entre n\u00edvel m\u00e9dio e superior. A a\u00e7\u00e3o fez parte da programa\u00e7\u00e3o em comemora\u00e7\u00e3o ao Dia do Estagi\u00e1rio, celebrado em 18 de agosto, e da Semana Municipal de Valoriza\u00e7\u00e3o do Estagi\u00e1rio, institu\u00edda pela Lei n\u00ba 1.500, de 2010, e regulamentada pelo Decreto n\u00ba 804, de 2011.<\/p>\n\n\n\n<p>O evento, que contou com a participa\u00e7\u00e3o de secret\u00e1rios, subsecret\u00e1rios e dirigentes de institui\u00e7\u00f5es da administra\u00e7\u00e3o municipal, teve como objetivo refor\u00e7ar a import\u00e2ncia de apoiar e incentivar essa etapa fundamental da vida profissional desses jovens.<\/p>\n\n\n\n<p>Representando o prefeito de Manaus, David Almeida, o titular da Semad, C\u00e9lio Guedes, destacou que est\u00e1gio \u00e9 o primeiro contato pr\u00e1tico com a profiss\u00e3o escolhida e representa a ponte entre a teoria aprendida na sala de aula e os desafios reais do mundo do trabalho.<\/p>\n\n\n\n<p>\u201cDiariamente, esses jovens contribuem para o funcionamento das unidades administrativas da prefeitura. Mais do que n\u00fameros, eles representam dedica\u00e7\u00e3o, energia e novas ideias, que fortalecem os servi\u00e7os p\u00fablicos e ajudam a construir uma Manaus melhor\u201d, disse.<\/p>\n\n\n\n<p>O secret\u00e1rio lembrou que a atual gest\u00e3o corrigiu uma defasagem de mais de 15 anos, reajustando, em 2022, os valores das bolsas pagas. Com isso, os estagi\u00e1rios da prefeitura, de n\u00edvel superior, passaram a receber bolsa de R$ 800, e os de n\u00edvel m\u00e9dio, R$ 675. Al\u00e9m desses valores, os estagi\u00e1rios recebem, tamb\u00e9m, aux\u00edlio-transporte no valor de R$ 132 por m\u00eas. Desde janeiro deste ano, a prefeitura paga, mensalmente, de maneira proporcional, uma antecipa\u00e7\u00e3o de recesso, que para o n\u00edvel m\u00e9dio \u00e9 no valor de R$ 56,25, e para o n\u00edvel superior, R$ 66,67.<\/p>\n\n\n\n<p>C\u00e9lio Guedes ressaltou, ainda, que por determina\u00e7\u00e3o do prefeito David Almeida, estagi\u00e1rios que se destaquem em suas \u00e1reas s\u00e3o nomeados em cargos comissionados, passando a integrar os quadros da gest\u00e3o.<\/p>\n\n\n\n<p><strong>Est\u00e1gio<\/strong><\/p>\n\n\n\n<p>O acesso dos estagi\u00e1rios aos \u00f3rg\u00e3os da prefeitura ocorre por meio de classifica\u00e7\u00e3o feita com base na an\u00e1lise curricular, sendo o Coeficiente de Aproveitamento Escolar (ou M\u00e9dia Escolar) o principal crit\u00e9rio de desempate.<\/p>\n\n\n\n<p>Estagiando na Semad, Diego Barroso Dias foi eleito \u201cNota 10\u201d pelo projeto que apresentou visando a melhoria no processo de agendamento para atendimento na Juntas M\u00e9dico-Pericial do Munic\u00edpio (JMPM), que \u00e9 vinculada \u00e0 Semad.<\/p>\n\n\n\n<p>\u201cEssa oportunidade que a prefeitura d\u00e1 a n\u00f3s \u00e9 muito importante porque \u00e9 uma ponte entre a teoria e a pr\u00e1tica. Dessa forma, os estagi\u00e1rios t\u00eam como se desenvolver profissionalmente e se preparar para o mercado de trabalho\u201d, comentou.<\/p>\n\n\n\n<p>Durante o evento, houve a entrega de certificados e sorteio de brindes entre os estagi\u00e1rios.<\/p>\n\n\n\n<p><strong>\u00a0&#8212; &#8212; &#8212;\u00a0<\/strong><br><strong>Texto \u2013 <\/strong>Sandra Monteiro \/ Semad<br><strong>Fotos \u2013 <\/strong>Jo\u00e3o Viana \/ Semcom<br><strong>Dispon\u00edveis em &#8211; <\/strong><a href=\"https:\/\/flic.kr\/s\/aHBqjCvWHJ\">https:\/\/flic.kr\/s\/aHBqjCvWHJ<\/a>\u00a0<\/p>\n","protected":false},"excerpt":{"rendered":"","protected":false},"author":68,"featured_media":246378,"comment_status":"closed","ping_status":"closed","sticky":false,"template":"","format":"standard","meta":{"footnotes":""},"categories":[1969],"tags":[17172,77,838],"acf":[],"yoast_head":"<!-- This site is optimized with the Yoast SEO plugin v23.0 - https:\/\/yoast.com\/wordpress\/plugins\/seo\/ -->\n<title>Prefeitura de Manaus promove evento de valoriza\u00e7\u00e3o dos estagi\u00e1rios<\/title>\n<meta name=\"description\" content=\"Administra\u00e7\u00e3o, Planejamento e Gest\u00e3o (Semad), realizou, na tarde desta ter\u00e7a-feira, 30\/9, na Casa de Praia Zezinho Corr\u00eaa, na Ponta Negra, zona Oeste da cidade, um evento cultural voltado \u00e0 valoriza\u00e7\u00e3o dos estagi\u00e1rios que atuam em suas unidades administrativas.\" \/>\n<meta name=\"robots\" content=\"index, follow, max-snippet:-1, max-image-preview:large, max-video-preview:-1\" \/>\n<link rel=\"canonical\" href=\"https:\/\/www.manaus.am.gov.br\/semcom\/evento-de-valorizacao-dos-estagiarios\/\" \/>\n<meta property=\"og:locale\" content=\"pt_BR\" \/>\n<meta property=\"og:type\" content=\"article\" \/>\n<meta property=\"og:title\" content=\"Prefeitura de Manaus promove evento de valoriza\u00e7\u00e3o dos estagi\u00e1rios\" \/>\n<meta property=\"og:description\" content=\"Administra\u00e7\u00e3o, Planejamento e Gest\u00e3o (Semad), realizou, na tarde desta ter\u00e7a-feira, 30\/9, na Casa de Praia Zezinho Corr\u00eaa, na Ponta Negra, zona Oeste da cidade, um evento cultural voltado \u00e0 valoriza\u00e7\u00e3o dos estagi\u00e1rios que atuam em suas unidades administrativas.\" \/>\n<meta property=\"og:url\" content=\"https:\/\/www.manaus.am.gov.br\/semcom\/evento-de-valorizacao-dos-estagiarios\/\" \/>\n<meta property=\"og:site_name\" content=\"SEMCOM\" \/>\n<meta property=\"article:published_time\" content=\"2025-10-01T00:27:04+00:00\" \/>\n<meta property=\"og:image\" content=\"https:\/\/www.manaus.am.gov.br\/semcom\/wp-content\/uploads\/sites\/5\/2025\/09\/54824093358_11457e3fea_c.jpg\" \/>\n\t<meta property=\"og:image:width\" content=\"799\" \/>\n\t<meta property=\"og:image:height\" content=\"533\" \/>\n\t<meta property=\"og:image:type\" content=\"image\/jpeg\" \/>\n<meta name=\"author\" content=\"bvalente\" \/>\n<meta name=\"twitter:card\" content=\"summary_large_image\" \/>\n<meta name=\"twitter:label1\" content=\"Written by\" \/>\n\t<meta name=\"twitter:data1\" content=\"bvalente\" \/>\n\t<meta name=\"twitter:label2\" content=\"Est. reading time\" \/>\n\t<meta name=\"twitter:data2\" content=\"3 minutos\" \/>\n<script type=\"application\/ld+json\" class=\"yoast-schema-graph\">{\"@context\":\"https:\/\/schema.org\",\"@graph\":[{\"@type\":\"WebPage\",\"@id\":\"https:\/\/www.manaus.am.gov.br\/semcom\/evento-de-valorizacao-dos-estagiarios\/\",\"url\":\"https:\/\/www.manaus.am.gov.br\/semcom\/evento-de-valorizacao-dos-estagiarios\/\",\"name\":\"Prefeitura de Manaus promove evento de valoriza\u00e7\u00e3o dos estagi\u00e1rios\",\"isPartOf\":{\"@id\":\"https:\/\/www.manaus.am.gov.br\/semcom\/#website\"},\"primaryImageOfPage\":{\"@id\":\"https:\/\/www.manaus.am.gov.br\/semcom\/evento-de-valorizacao-dos-estagiarios\/#primaryimage\"},\"image\":{\"@id\":\"https:\/\/www.manaus.am.gov.br\/semcom\/evento-de-valorizacao-dos-estagiarios\/#primaryimage\"},\"thumbnailUrl\":\"https:\/\/www.manaus.am.gov.br\/semcom\/wp-content\/uploads\/sites\/5\/2025\/09\/54824093358_11457e3fea_c.jpg\",\"datePublished\":\"2025-10-01T00:27:04+00:00\",\"dateModified\":\"2025-10-01T00:27:04+00:00\",\"author\":{\"@id\":\"https:\/\/www.manaus.am.gov.br\/semcom\/#\/schema\/person\/466a0e03ae4b6062809046bd560ac955\"},\"description\":\"Administra\u00e7\u00e3o, Planejamento e Gest\u00e3o (Semad), realizou, na tarde desta ter\u00e7a-feira, 30\/9, na Casa de Praia Zezinho Corr\u00eaa, na Ponta Negra, zona Oeste da cidade, um evento cultural voltado \u00e0 valoriza\u00e7\u00e3o dos estagi\u00e1rios que atuam em suas unidades administrativas.\",\"inLanguage\":\"pt-BR\",\"potentialAction\":[{\"@type\":\"ReadAction\",\"target\":[\"https:\/\/www.manaus.am.gov.br\/semcom\/evento-de-valorizacao-dos-estagiarios\/\"]}]},{\"@type\":\"ImageObject\",\"inLanguage\":\"pt-BR\",\"@id\":\"https:\/\/www.manaus.am.gov.br\/semcom\/evento-de-valorizacao-dos-estagiarios\/#primaryimage\",\"url\":\"https:\/\/www.manaus.am.gov.br\/semcom\/wp-content\/uploads\/sites\/5\/2025\/09\/54824093358_11457e3fea_c.jpg\",\"contentUrl\":\"https:\/\/www.manaus.am.gov.br\/semcom\/wp-content\/uploads\/sites\/5\/2025\/09\/54824093358_11457e3fea_c.jpg\",\"width\":799,\"height\":533,\"caption\":\"#paratodosverem \u2013 Estagi\u00e1rio sendo homenageado durante evento de valoriza\u00e7\u00e3o\"},{\"@type\":\"WebSite\",\"@id\":\"https:\/\/www.manaus.am.gov.br\/semcom\/#website\",\"url\":\"https:\/\/www.manaus.am.gov.br\/semcom\/\",\"name\":\"SEMCOM\",\"description\":\"Secretaria Municipal de Comunica\u00e7\u00e3o\",\"potentialAction\":[{\"@type\":\"SearchAction\",\"target\":{\"@type\":\"EntryPoint\",\"urlTemplate\":\"https:\/\/www.manaus.am.gov.br\/semcom\/?s={search_term_string}\"},\"query-input\":\"required name=search_term_string\"}],\"inLanguage\":\"pt-BR\"},{\"@type\":\"Person\",\"@id\":\"https:\/\/www.manaus.am.gov.br\/semcom\/#\/schema\/person\/466a0e03ae4b6062809046bd560ac955\",\"name\":\"bvalente\",\"image\":{\"@type\":\"ImageObject\",\"inLanguage\":\"pt-BR\",\"@id\":\"https:\/\/www.manaus.am.gov.br\/semcom\/#\/schema\/person\/image\/\",\"url\":\"https:\/\/secure.gravatar.com\/avatar\/3e69bc2b014bdad41adfec3a39de07d2?s=96&d=mm&r=g\",\"contentUrl\":\"https:\/\/secure.gravatar.com\/avatar\/3e69bc2b014bdad41adfec3a39de07d2?s=96&d=mm&r=g\",\"caption\":\"bvalente\"}}]}<\/script>\n<!-- \/ Yoast SEO plugin. -->","yoast_head_json":{"title":"Prefeitura de Manaus promove evento de valoriza\u00e7\u00e3o dos estagi\u00e1rios","description":"Administra\u00e7\u00e3o, Planejamento e Gest\u00e3o (Semad), realizou, na tarde desta ter\u00e7a-feira, 30\/9, na Casa de Praia Zezinho Corr\u00eaa, na Ponta Negra, zona Oeste da cidade, um evento cultural voltado \u00e0 valoriza\u00e7\u00e3o dos estagi\u00e1rios que atuam em suas unidades administrativas.","robots":{"index":"index","follow":"follow","max-snippet":"max-snippet:-1","max-image-preview":"max-image-preview:large","max-video-preview":"max-video-preview:-1"},"canonical":"https:\/\/www.manaus.am.gov.br\/semcom\/evento-de-valorizacao-dos-estagiarios\/","og_locale":"pt_BR","og_type":"article","og_title":"Prefeitura de Manaus promove evento de valoriza\u00e7\u00e3o dos estagi\u00e1rios","og_description":"Administra\u00e7\u00e3o, Planejamento e Gest\u00e3o (Semad), realizou, na tarde desta ter\u00e7a-feira, 30\/9, na Casa de Praia Zezinho Corr\u00eaa, na Ponta Negra, zona Oeste da cidade, um evento cultural voltado \u00e0 valoriza\u00e7\u00e3o dos estagi\u00e1rios que atuam em suas unidades administrativas.","og_url":"https:\/\/www.manaus.am.gov.br\/semcom\/evento-de-valorizacao-dos-estagiarios\/","og_site_name":"SEMCOM","article_published_time":"2025-10-01T00:27:04+00:00","og_image":[{"width":799,"height":533,"url":"https:\/\/www.manaus.am.gov.br\/semcom\/wp-content\/uploads\/sites\/5\/2025\/09\/54824093358_11457e3fea_c.jpg","type":"image\/jpeg"}],"author":"bvalente","twitter_card":"summary_large_image","twitter_misc":{"Written by":"bvalente","Est. reading time":"3 minutos"},"schema":{"@context":"https:\/\/schema.org","@graph":[{"@type":"WebPage","@id":"https:\/\/www.manaus.am.gov.br\/semcom\/evento-de-valorizacao-dos-estagiarios\/","url":"https:\/\/www.manaus.am.gov.br\/semcom\/evento-de-valorizacao-dos-estagiarios\/","name":"Prefeitura de Manaus promove evento de valoriza\u00e7\u00e3o dos estagi\u00e1rios","isPartOf":{"@id":"https:\/\/www.manaus.am.gov.br\/semcom\/#website"},"primaryImageOfPage":{"@id":"https:\/\/www.manaus.am.gov.br\/semcom\/evento-de-valorizacao-dos-estagiarios\/#primaryimage"},"image":{"@id":"https:\/\/www.manaus.am.gov.br\/semcom\/evento-de-valorizacao-dos-estagiarios\/#primaryimage"},"thumbnailUrl":"https:\/\/www.manaus.am.gov.br\/semcom\/wp-content\/uploads\/sites\/5\/2025\/09\/54824093358_11457e3fea_c.jpg","datePublished":"2025-10-01T00:27:04+00:00","dateModified":"2025-10-01T00:27:04+00:00","author":{"@id":"https:\/\/www.manaus.am.gov.br\/semcom\/#\/schema\/person\/466a0e03ae4b6062809046bd560ac955"},"description":"Administra\u00e7\u00e3o, Planejamento e Gest\u00e3o (Semad), realizou, na tarde desta ter\u00e7a-feira, 30\/9, na Casa de Praia Zezinho Corr\u00eaa, na Ponta Negra, zona Oeste da cidade, um evento cultural voltado \u00e0 valoriza\u00e7\u00e3o dos estagi\u00e1rios que atuam em suas unidades administrativas.","inLanguage":"pt-BR","potentialAction":[{"@type":"ReadAction","target":["https:\/\/www.manaus.am.gov.br\/semcom\/evento-de-valorizacao-dos-estagiarios\/"]}]},{"@type":"ImageObject","inLanguage":"pt-BR","@id":"https:\/\/www.manaus.am.gov.br\/semcom\/evento-de-valorizacao-dos-estagiarios\/#primaryimage","url":"https:\/\/www.manaus.am.gov.br\/semcom\/wp-content\/uploads\/sites\/5\/2025\/09\/54824093358_11457e3fea_c.jpg","contentUrl":"https:\/\/www.manaus.am.gov.br\/semcom\/wp-content\/uploads\/sites\/5\/2025\/09\/54824093358_11457e3fea_c.jpg","width":799,"height":533,"caption":"#paratodosverem \u2013 Estagi\u00e1rio sendo homenageado durante evento de valoriza\u00e7\u00e3o"},{"@type":"WebSite","@id":"https:\/\/www.manaus.am.gov.br\/semcom\/#website","url":"https:\/\/www.manaus.am.gov.br\/semcom\/","name":"SEMCOM","description":"Secretaria Municipal de Comunica\u00e7\u00e3o","potentialAction":[{"@type":"SearchAction","target":{"@type":"EntryPoint","urlTemplate":"https:\/\/www.manaus.am.gov.br\/semcom\/?s={search_term_string}"},"query-input":"required name=search_term_string"}],"inLanguage":"pt-BR"},{"@type":"Person","@id":"https:\/\/www.manaus.am.gov.br\/semcom\/#\/schema\/person\/466a0e03ae4b6062809046bd560ac955","name":"bvalente","image":{"@type":"ImageObject","inLanguage":"pt-BR","@id":"https:\/\/www.manaus.am.gov.br\/semcom\/#\/schema\/person\/image\/","url":"https:\/\/secure.gravatar.com\/avatar\/3e69bc2b014bdad41adfec3a39de07d2?s=96&d=mm&r=g","contentUrl":"https:\/\/secure.gravatar.com\/avatar\/3e69bc2b014bdad41adfec3a39de07d2?s=96&d=mm&r=g","caption":"bvalente"}}]}},"_links":{"self":[{"href":"https:\/\/www.manaus.am.gov.br\/semcom\/wp-json\/wp\/v2\/posts\/246377"}],"collection":[{"href":"https:\/\/www.manaus.am.gov.br\/semcom\/wp-json\/wp\/v2\/posts"}],"about":[{"href":"https:\/\/www.manaus.am.gov.br\/semcom\/wp-json\/wp\/v2\/types\/post"}],"author":[{"embeddable":true,"href":"https:\/\/www.manaus.am.gov.br\/semcom\/wp-json\/wp\/v2\/users\/68"}],"replies":[{"embeddable":true,"href":"https:\/\/www.manaus.am.gov.br\/semcom\/wp-json\/wp\/v2\/comments?post=246377"}],"version-history":[{"count":0,"href":"https:\/\/www.manaus.am.gov.br\/semcom\/wp-json\/wp\/v2\/posts\/246377\/revisions"}],"wp:featuredmedia":[{"embeddable":true,"href":"https:\/\/www.manaus.am.gov.br\/semcom\/wp-json\/wp\/v2\/media\/246378"}],"wp:attachment":[{"href":"https:\/\/www.manaus.am.gov.br\/semcom\/wp-json\/wp\/v2\/media?parent=246377"}],"wp:term":[{"taxonomy":"category","embeddable":true,"href":"https:\/\/www.manaus.am.gov.br\/semcom\/wp-json\/wp\/v2\/categories?post=246377"},{"taxonomy":"post_tag","embeddable":true,"href":"https:\/\/www.manaus.am.gov.br\/semcom\/wp-json\/wp\/v2\/tags?post=246377"}],"curies":[{"name":"wp","href":"https:\/\/api.w.org\/{rel}","templated":true}]}}