{"id":246339,"date":"2025-09-30T13:12:50","date_gmt":"2025-09-30T16:12:50","guid":{"rendered":"https:\/\/www.manaus.am.gov.br\/semcom\/frentes-de-trabalho-igarapes\/"},"modified":"2025-09-30T13:12:52","modified_gmt":"2025-09-30T16:12:52","slug":"frentes-de-trabalho-igarapes","status":"publish","type":"post","link":"https:\/\/www.manaus.am.gov.br\/semcom\/frentes-de-trabalho-igarapes\/","title":{"rendered":"Prefeitura de Manaus refor\u00e7a frentes de trabalho em igarap\u00e9s urbanos para minimizar impacto das fortes chuvas"},"content":{"rendered":"\n<p>Ap\u00f3s quatro dias com fortes chuvas, a <a href=\"https:\/\/www.instagram.com\/prefeiturademanaus\/\">Prefeitura de Manaus<\/a>, por meio da <a href=\"https:\/\/www.manaus.am.gov.br\/semulsp\/\">Secretaria Municipal de Limpeza Urbana (Semulsp)<\/a>, ampliou as frentes de trabalho nos igarap\u00e9s urbanos da capital. As equipes est\u00e3o atuando em diferentes zonas da cidade, especialmente em \u00e1reas de grande concentra\u00e7\u00e3o de moradias, onde o aumento do n\u00edvel da \u00e1gua exige aten\u00e7\u00e3o redobrada.<\/p>\n\n\n\n<p>Segundo o secret\u00e1rio da Semulsp, Sab\u00e1 Reis, o trabalho ganha ainda mais relev\u00e2ncia neste per\u00edodo. \u201cEstamos intensificando as frentes de trabalho, porque as chuvas aumentam o volume de res\u00edduos que chegam aos igarap\u00e9s. \u00c9 uma a\u00e7\u00e3o preventiva que protege o meio ambiente e a popula\u00e7\u00e3o de Manaus\u201d, destacou.<\/p>\n\n\n\n<p>Nesta ter\u00e7a-feira, 30\/9, o trabalho se concentrou nos igarap\u00e9s da rua Carpina, no bairro Reden\u00e7\u00e3o, zona Centro-Oeste; da rua Ov\u00eddio Gomes, no bairro Alvorada, zona Centro-oeste; e na avenida Tenente Roxana Bonessi, no igarap\u00e9 do Passarinho. O objetivo \u00e9 garantir o escoamento adequado e reduzir o risco de alagamentos que atingem diretamente as fam\u00edlias que vivem no entorno.<\/p>\n\n\n\n<p>Dezenas de garis participam da opera\u00e7\u00e3o, que envolve retirada de lixo, capina\u00e7\u00e3o das margens e remo\u00e7\u00e3o de entulho acumulado. Entre os res\u00edduos mais comuns est\u00e3o pl\u00e1sticos, sacolas, garrafas PET, embalagens diversas e at\u00e9 m\u00f3veis descartados irregularmente.<\/p>\n\n\n\n<p>Com as chuvas, a situa\u00e7\u00e3o se agrava: a \u00e1gua carrega para os igarap\u00e9s o lixo acumulado nas chamadas lixeiras viciadas, pontos de descarte irregular espalhados pela cidade. Esse material acaba represado nos cursos d\u2019\u00e1gua, aumentando os riscos de alagamentos e trazendo preju\u00edzos ambientais e de sa\u00fade p\u00fablica.<\/p>\n\n\n\n<p><strong>Ecobarreiras<\/strong><\/p>\n\n\n\n<p>Al\u00e9m da limpeza direta dos igarap\u00e9s, a Semulsp vem refor\u00e7ando a manuten\u00e7\u00e3o das 12 ecobarreiras instaladas em pontos estrat\u00e9gicos da cidade. O coordenador das equipes, Mazinho da Carbr\u00e1s, explica que o trabalho, que em per\u00edodos menos chuvosos \u00e9 feito de forma peri\u00f3dica, passa a ser quase di\u00e1rio com a intensifica\u00e7\u00e3o das chuvas.<\/p>\n\n\n\n<p>\u201cCom o aumento do volume de \u00e1gua, a frequ\u00eancia da limpeza das ecobarreiras cresce de forma significativa. Nosso esfor\u00e7o \u00e9 para evitar que os res\u00edduos sigam adiante e causem ainda mais danos ao meio ambiente e \u00e0 popula\u00e7\u00e3o\u201d, explicou Mazinho.<\/p>\n\n\n\n<p>Desde a segunda-feira, 29\/9, j\u00e1 foram limpas ecobarreiras nos igarap\u00e9s do Coroado (zona Leste), no trecho do Mindu que corta o parque Gigante da Floresta, na avenida Alphaville (entre Novo Aleixo e Tancredo Neves), no igarap\u00e9 do Passarinho (avenida Tenente Roxana Bonessi, Monte das Oliveiras, zona Norte) e no igarap\u00e9 da Marques da Silveira, no bairro S\u00e3o Francisco, zona Sul.<\/p>\n\n\n\n<p>Nesta ter\u00e7a-feira, a limpeza alcan\u00e7ou as ecobarreiras do igarap\u00e9 da avenida do Samba, no Dom Pedro, zona Oeste, e do Passeio do Mindu, na zona Centro-Sul. Apenas nesses dois primeiros dias de refor\u00e7o, foram retiradas cerca de 10 toneladas de res\u00edduos.<\/p>\n\n\n\n<p><strong>Preven\u00e7\u00e3o e conscientiza\u00e7\u00e3o<\/strong><\/p>\n\n\n\n<p>Parte do material recolhido, como garrafas PET, alum\u00ednios e pl\u00e1sticos, mesmo quando encontrados nos igarap\u00e9s, segue para cooperativas de catadores credenciadas, fortalecendo a cadeia da reciclagem.<\/p>\n\n\n\n<p>A Semulsp refor\u00e7a que a colabora\u00e7\u00e3o da popula\u00e7\u00e3o \u00e9 fundamental para evitar o descarte irregular de res\u00edduos e garantir que Manaus continue avan\u00e7ando no cuidado com seus igarap\u00e9s e na melhoria da qualidade de vida dos manauaras.<\/p>\n\n\n\n<p>&#8212; &#8212; &#8212;<\/p>\n\n\n\n<p><strong>Texto &#8211;<\/strong> Dora Tupinamb\u00e1 \/ Semulsp<\/p>\n\n\n\n<p><strong>Fotos &#8211;<\/strong> Ascom \/ Semulsp<\/p>\n","protected":false},"excerpt":{"rendered":"","protected":false},"author":57,"featured_media":246340,"comment_status":"closed","ping_status":"closed","sticky":false,"template":"","format":"standard","meta":{"footnotes":""},"categories":[114],"tags":[374,77,301],"acf":[],"yoast_head":"<!-- This site is optimized with the Yoast SEO plugin v23.0 - https:\/\/yoast.com\/wordpress\/plugins\/seo\/ -->\n<title>Prefeitura refor\u00e7a frentes de trabalho em igarap\u00e9s urbanos<\/title>\n<meta name=\"description\" content=\"A Prefeitura de Manaus, por meio da Secretaria Municipal de Limpeza Urbana (Semulsp), ampliou as frentes de trabalho nos igarap\u00e9s urbanos.\" \/>\n<meta name=\"robots\" content=\"index, follow, max-snippet:-1, max-image-preview:large, max-video-preview:-1\" \/>\n<link rel=\"canonical\" href=\"https:\/\/www.manaus.am.gov.br\/semcom\/frentes-de-trabalho-igarapes\/\" \/>\n<meta property=\"og:locale\" content=\"pt_BR\" \/>\n<meta property=\"og:type\" content=\"article\" \/>\n<meta property=\"og:title\" content=\"Prefeitura refor\u00e7a frentes de trabalho em igarap\u00e9s urbanos\" \/>\n<meta property=\"og:description\" content=\"A Prefeitura de Manaus, por meio da Secretaria Municipal de Limpeza Urbana (Semulsp), ampliou as frentes de trabalho nos igarap\u00e9s urbanos.\" \/>\n<meta property=\"og:url\" content=\"https:\/\/www.manaus.am.gov.br\/semcom\/frentes-de-trabalho-igarapes\/\" \/>\n<meta property=\"og:site_name\" content=\"SEMCOM\" \/>\n<meta property=\"article:published_time\" content=\"2025-09-30T16:12:50+00:00\" \/>\n<meta property=\"article:modified_time\" content=\"2025-09-30T16:12:52+00:00\" \/>\n<meta property=\"og:image\" content=\"https:\/\/www.manaus.am.gov.br\/semcom\/wp-content\/uploads\/sites\/5\/2025\/09\/igarapes-1.jpg\" \/>\n\t<meta property=\"og:image:width\" content=\"1200\" \/>\n\t<meta property=\"og:image:height\" content=\"900\" \/>\n\t<meta property=\"og:image:type\" content=\"image\/jpeg\" \/>\n<meta name=\"author\" content=\"Thiago Fernando\" \/>\n<meta name=\"twitter:card\" content=\"summary_large_image\" \/>\n<meta name=\"twitter:label1\" content=\"Written by\" \/>\n\t<meta name=\"twitter:data1\" content=\"Thiago Fernando\" \/>\n\t<meta name=\"twitter:label2\" content=\"Est. reading time\" \/>\n\t<meta name=\"twitter:data2\" content=\"4 minutos\" \/>\n<script type=\"application\/ld+json\" class=\"yoast-schema-graph\">{\"@context\":\"https:\/\/schema.org\",\"@graph\":[{\"@type\":\"WebPage\",\"@id\":\"https:\/\/www.manaus.am.gov.br\/semcom\/frentes-de-trabalho-igarapes\/\",\"url\":\"https:\/\/www.manaus.am.gov.br\/semcom\/frentes-de-trabalho-igarapes\/\",\"name\":\"Prefeitura refor\u00e7a frentes de trabalho em igarap\u00e9s urbanos\",\"isPartOf\":{\"@id\":\"https:\/\/www.manaus.am.gov.br\/semcom\/#website\"},\"primaryImageOfPage\":{\"@id\":\"https:\/\/www.manaus.am.gov.br\/semcom\/frentes-de-trabalho-igarapes\/#primaryimage\"},\"image\":{\"@id\":\"https:\/\/www.manaus.am.gov.br\/semcom\/frentes-de-trabalho-igarapes\/#primaryimage\"},\"thumbnailUrl\":\"https:\/\/www.manaus.am.gov.br\/semcom\/wp-content\/uploads\/sites\/5\/2025\/09\/igarapes-1.jpg\",\"datePublished\":\"2025-09-30T16:12:50+00:00\",\"dateModified\":\"2025-09-30T16:12:52+00:00\",\"author\":{\"@id\":\"https:\/\/www.manaus.am.gov.br\/semcom\/#\/schema\/person\/a5ee5376db6e21af026374b369f30882\"},\"description\":\"A Prefeitura de Manaus, por meio da Secretaria Municipal de Limpeza Urbana (Semulsp), ampliou as frentes de trabalho nos igarap\u00e9s urbanos.\",\"inLanguage\":\"pt-BR\",\"potentialAction\":[{\"@type\":\"ReadAction\",\"target\":[\"https:\/\/www.manaus.am.gov.br\/semcom\/frentes-de-trabalho-igarapes\/\"]}]},{\"@type\":\"ImageObject\",\"inLanguage\":\"pt-BR\",\"@id\":\"https:\/\/www.manaus.am.gov.br\/semcom\/frentes-de-trabalho-igarapes\/#primaryimage\",\"url\":\"https:\/\/www.manaus.am.gov.br\/semcom\/wp-content\/uploads\/sites\/5\/2025\/09\/igarapes-1.jpg\",\"contentUrl\":\"https:\/\/www.manaus.am.gov.br\/semcom\/wp-content\/uploads\/sites\/5\/2025\/09\/igarapes-1.jpg\",\"width\":1200,\"height\":900,\"caption\":\"#paratodosverem - Servidores da Semulsp realizando limpeza em uma ecobarreira\"},{\"@type\":\"WebSite\",\"@id\":\"https:\/\/www.manaus.am.gov.br\/semcom\/#website\",\"url\":\"https:\/\/www.manaus.am.gov.br\/semcom\/\",\"name\":\"SEMCOM\",\"description\":\"Secretaria Municipal de Comunica\u00e7\u00e3o\",\"potentialAction\":[{\"@type\":\"SearchAction\",\"target\":{\"@type\":\"EntryPoint\",\"urlTemplate\":\"https:\/\/www.manaus.am.gov.br\/semcom\/?s={search_term_string}\"},\"query-input\":\"required name=search_term_string\"}],\"inLanguage\":\"pt-BR\"},{\"@type\":\"Person\",\"@id\":\"https:\/\/www.manaus.am.gov.br\/semcom\/#\/schema\/person\/a5ee5376db6e21af026374b369f30882\",\"name\":\"Thiago Fernando\",\"image\":{\"@type\":\"ImageObject\",\"inLanguage\":\"pt-BR\",\"@id\":\"https:\/\/www.manaus.am.gov.br\/semcom\/#\/schema\/person\/image\/\",\"url\":\"https:\/\/secure.gravatar.com\/avatar\/f5aab8722444041451501c077052ac07?s=96&d=mm&r=g\",\"contentUrl\":\"https:\/\/secure.gravatar.com\/avatar\/f5aab8722444041451501c077052ac07?s=96&d=mm&r=g\",\"caption\":\"Thiago Fernando\"}}]}<\/script>\n<!-- \/ Yoast SEO plugin. -->","yoast_head_json":{"title":"Prefeitura refor\u00e7a frentes de trabalho em igarap\u00e9s urbanos","description":"A Prefeitura de Manaus, por meio da Secretaria Municipal de Limpeza Urbana (Semulsp), ampliou as frentes de trabalho nos igarap\u00e9s urbanos.","robots":{"index":"index","follow":"follow","max-snippet":"max-snippet:-1","max-image-preview":"max-image-preview:large","max-video-preview":"max-video-preview:-1"},"canonical":"https:\/\/www.manaus.am.gov.br\/semcom\/frentes-de-trabalho-igarapes\/","og_locale":"pt_BR","og_type":"article","og_title":"Prefeitura refor\u00e7a frentes de trabalho em igarap\u00e9s urbanos","og_description":"A Prefeitura de Manaus, por meio da Secretaria Municipal de Limpeza Urbana (Semulsp), ampliou as frentes de trabalho nos igarap\u00e9s urbanos.","og_url":"https:\/\/www.manaus.am.gov.br\/semcom\/frentes-de-trabalho-igarapes\/","og_site_name":"SEMCOM","article_published_time":"2025-09-30T16:12:50+00:00","article_modified_time":"2025-09-30T16:12:52+00:00","og_image":[{"width":1200,"height":900,"url":"https:\/\/www.manaus.am.gov.br\/semcom\/wp-content\/uploads\/sites\/5\/2025\/09\/igarapes-1.jpg","type":"image\/jpeg"}],"author":"Thiago Fernando","twitter_card":"summary_large_image","twitter_misc":{"Written by":"Thiago Fernando","Est. reading time":"4 minutos"},"schema":{"@context":"https:\/\/schema.org","@graph":[{"@type":"WebPage","@id":"https:\/\/www.manaus.am.gov.br\/semcom\/frentes-de-trabalho-igarapes\/","url":"https:\/\/www.manaus.am.gov.br\/semcom\/frentes-de-trabalho-igarapes\/","name":"Prefeitura refor\u00e7a frentes de trabalho em igarap\u00e9s urbanos","isPartOf":{"@id":"https:\/\/www.manaus.am.gov.br\/semcom\/#website"},"primaryImageOfPage":{"@id":"https:\/\/www.manaus.am.gov.br\/semcom\/frentes-de-trabalho-igarapes\/#primaryimage"},"image":{"@id":"https:\/\/www.manaus.am.gov.br\/semcom\/frentes-de-trabalho-igarapes\/#primaryimage"},"thumbnailUrl":"https:\/\/www.manaus.am.gov.br\/semcom\/wp-content\/uploads\/sites\/5\/2025\/09\/igarapes-1.jpg","datePublished":"2025-09-30T16:12:50+00:00","dateModified":"2025-09-30T16:12:52+00:00","author":{"@id":"https:\/\/www.manaus.am.gov.br\/semcom\/#\/schema\/person\/a5ee5376db6e21af026374b369f30882"},"description":"A Prefeitura de Manaus, por meio da Secretaria Municipal de Limpeza Urbana (Semulsp), ampliou as frentes de trabalho nos igarap\u00e9s urbanos.","inLanguage":"pt-BR","potentialAction":[{"@type":"ReadAction","target":["https:\/\/www.manaus.am.gov.br\/semcom\/frentes-de-trabalho-igarapes\/"]}]},{"@type":"ImageObject","inLanguage":"pt-BR","@id":"https:\/\/www.manaus.am.gov.br\/semcom\/frentes-de-trabalho-igarapes\/#primaryimage","url":"https:\/\/www.manaus.am.gov.br\/semcom\/wp-content\/uploads\/sites\/5\/2025\/09\/igarapes-1.jpg","contentUrl":"https:\/\/www.manaus.am.gov.br\/semcom\/wp-content\/uploads\/sites\/5\/2025\/09\/igarapes-1.jpg","width":1200,"height":900,"caption":"#paratodosverem - Servidores da Semulsp realizando limpeza em uma ecobarreira"},{"@type":"WebSite","@id":"https:\/\/www.manaus.am.gov.br\/semcom\/#website","url":"https:\/\/www.manaus.am.gov.br\/semcom\/","name":"SEMCOM","description":"Secretaria Municipal de Comunica\u00e7\u00e3o","potentialAction":[{"@type":"SearchAction","target":{"@type":"EntryPoint","urlTemplate":"https:\/\/www.manaus.am.gov.br\/semcom\/?s={search_term_string}"},"query-input":"required name=search_term_string"}],"inLanguage":"pt-BR"},{"@type":"Person","@id":"https:\/\/www.manaus.am.gov.br\/semcom\/#\/schema\/person\/a5ee5376db6e21af026374b369f30882","name":"Thiago Fernando","image":{"@type":"ImageObject","inLanguage":"pt-BR","@id":"https:\/\/www.manaus.am.gov.br\/semcom\/#\/schema\/person\/image\/","url":"https:\/\/secure.gravatar.com\/avatar\/f5aab8722444041451501c077052ac07?s=96&d=mm&r=g","contentUrl":"https:\/\/secure.gravatar.com\/avatar\/f5aab8722444041451501c077052ac07?s=96&d=mm&r=g","caption":"Thiago Fernando"}}]}},"_links":{"self":[{"href":"https:\/\/www.manaus.am.gov.br\/semcom\/wp-json\/wp\/v2\/posts\/246339"}],"collection":[{"href":"https:\/\/www.manaus.am.gov.br\/semcom\/wp-json\/wp\/v2\/posts"}],"about":[{"href":"https:\/\/www.manaus.am.gov.br\/semcom\/wp-json\/wp\/v2\/types\/post"}],"author":[{"embeddable":true,"href":"https:\/\/www.manaus.am.gov.br\/semcom\/wp-json\/wp\/v2\/users\/57"}],"replies":[{"embeddable":true,"href":"https:\/\/www.manaus.am.gov.br\/semcom\/wp-json\/wp\/v2\/comments?post=246339"}],"version-history":[{"count":0,"href":"https:\/\/www.manaus.am.gov.br\/semcom\/wp-json\/wp\/v2\/posts\/246339\/revisions"}],"wp:featuredmedia":[{"embeddable":true,"href":"https:\/\/www.manaus.am.gov.br\/semcom\/wp-json\/wp\/v2\/media\/246340"}],"wp:attachment":[{"href":"https:\/\/www.manaus.am.gov.br\/semcom\/wp-json\/wp\/v2\/media?parent=246339"}],"wp:term":[{"taxonomy":"category","embeddable":true,"href":"https:\/\/www.manaus.am.gov.br\/semcom\/wp-json\/wp\/v2\/categories?post=246339"},{"taxonomy":"post_tag","embeddable":true,"href":"https:\/\/www.manaus.am.gov.br\/semcom\/wp-json\/wp\/v2\/tags?post=246339"}],"curies":[{"name":"wp","href":"https:\/\/api.w.org\/{rel}","templated":true}]}}