{"id":246329,"date":"2025-09-29T20:23:19","date_gmt":"2025-09-29T23:23:19","guid":{"rendered":"https:\/\/www.manaus.am.gov.br\/semcom\/acao-de-inclusao\/"},"modified":"2025-09-29T20:23:21","modified_gmt":"2025-09-29T23:23:21","slug":"acao-de-inclusao","status":"publish","type":"post","link":"https:\/\/www.manaus.am.gov.br\/semcom\/acao-de-inclusao\/","title":{"rendered":"Prefeitura de Manaus refor\u00e7a compromisso com a inclus\u00e3o em evento da OAB-AM sobre autismo"},"content":{"rendered":"\n<p>A Prefeitura de Manaus, por meio da Secretaria Municipal de Educa\u00e7\u00e3o (Semed), marcou presen\u00e7a no evento \u201cDiagn\u00f3stico, Cuidados e Direitos: Caminhos para a Inclus\u00e3o da Pessoa com Autismo\u201d, promovido pela Ordem dos Advogados do Brasil &#8211; Seccional Amazonas (OAB-AM), nesta segunda-feira, 29\/9. No evento, foram abordados os trabalhos que a pasta vem desenvolvendo para fortalecer as pol\u00edticas de inclus\u00e3o no ambiente escolar.<\/p>\n\n\n\n<p>Durante a abertura, o titular da Semed, J\u00fanior Mar, ressaltou que a rede municipal tem investido em capacita\u00e7\u00e3o de profissionais, a\u00e7\u00f5es pedag\u00f3gicas e estrat\u00e9gias de atendimento especializado.&nbsp;<\/p>\n\n\n\n<p>\u201cNosso compromisso \u00e9 garantir \u00e0s crian\u00e7as com Transtorno do Espectro Autista acesso, perman\u00eancia e aprendizagem de qualidade nas escolas municipais\u201d, afirmou J\u00fanior Mar.<\/p>\n\n\n\n<p>A programa\u00e7\u00e3o contou com palestras interdisciplinares, rodas de conversa e o lan\u00e7amento da Cartilha dos Direitos da Pessoa com Autismo, voltada a orientar fam\u00edlias, profissionais da educa\u00e7\u00e3o e sociedade em geral.<\/p>\n\n\n\n<p>Para o presidente da OAB-AM, Jean Cleuter Sim\u00f5es, a iniciativa representa um marco para a inclus\u00e3o e a transforma\u00e7\u00e3o social. \u201cO verdadeiro retorno que recebemos \u00e9 o amor, ele supera qualquer barreira e \u00e9 capaz de mudar vidas\u201d, destacou o presidente.&nbsp;<\/p>\n\n\n\n<p>J\u00e1 a coordenadora estadual de Interioriza\u00e7\u00e3o da OAB, Yamile Viana, destacou a relev\u00e2ncia da cartilha como instrumento de informa\u00e7\u00e3o e acolhimento.<\/p>\n\n\n\n<p>\u2014 \u2014 \u2014<br><strong>Texto &#8211; <\/strong>\u00a0Thalia Rodrigues \/Semed<br><strong>Fotos &#8211;<\/strong> M\u00e1rio Oliveira\/Semed<\/p>\n","protected":false},"excerpt":{"rendered":"","protected":false},"author":68,"featured_media":246330,"comment_status":"closed","ping_status":"closed","sticky":false,"template":"","format":"standard","meta":{"footnotes":""},"categories":[1669],"tags":[17153,77,17154,62,17155],"acf":[],"yoast_head":"<!-- This site is optimized with the Yoast SEO plugin v23.0 - https:\/\/yoast.com\/wordpress\/plugins\/seo\/ -->\n<title>Prefeitura de Manaus refor\u00e7a compromisso com a inclus\u00e3o<\/title>\n<meta name=\"description\" content=\"A Prefeitura de Manaus marcou presen\u00e7a no evento \u201cDiagn\u00f3stico, Cuidados e Direitos: Caminhos para a Inclus\u00e3o da Pessoa com Autismo\u201d.\" \/>\n<meta name=\"robots\" content=\"index, follow, max-snippet:-1, max-image-preview:large, max-video-preview:-1\" \/>\n<link rel=\"canonical\" href=\"https:\/\/www.manaus.am.gov.br\/semcom\/acao-de-inclusao\/\" \/>\n<meta property=\"og:locale\" content=\"pt_BR\" \/>\n<meta property=\"og:type\" content=\"article\" \/>\n<meta property=\"og:title\" content=\"Prefeitura de Manaus refor\u00e7a compromisso com a inclus\u00e3o\" \/>\n<meta property=\"og:description\" content=\"A Prefeitura de Manaus marcou presen\u00e7a no evento \u201cDiagn\u00f3stico, Cuidados e Direitos: Caminhos para a Inclus\u00e3o da Pessoa com Autismo\u201d.\" \/>\n<meta property=\"og:url\" content=\"https:\/\/www.manaus.am.gov.br\/semcom\/acao-de-inclusao\/\" \/>\n<meta property=\"og:site_name\" content=\"SEMCOM\" \/>\n<meta property=\"article:published_time\" content=\"2025-09-29T23:23:19+00:00\" \/>\n<meta property=\"article:modified_time\" content=\"2025-09-29T23:23:21+00:00\" \/>\n<meta property=\"og:image\" content=\"https:\/\/www.manaus.am.gov.br\/semcom\/wp-content\/uploads\/sites\/5\/2025\/09\/IMG_5539-1024x683.jpeg\" \/>\n\t<meta property=\"og:image:width\" content=\"1024\" \/>\n\t<meta property=\"og:image:height\" content=\"683\" \/>\n\t<meta property=\"og:image:type\" content=\"image\/jpeg\" \/>\n<meta name=\"author\" content=\"bvalente\" \/>\n<meta name=\"twitter:card\" content=\"summary_large_image\" \/>\n<meta name=\"twitter:label1\" content=\"Written by\" \/>\n\t<meta name=\"twitter:data1\" content=\"bvalente\" \/>\n\t<meta name=\"twitter:label2\" content=\"Est. reading time\" \/>\n\t<meta name=\"twitter:data2\" content=\"2 minutos\" \/>\n<script type=\"application\/ld+json\" class=\"yoast-schema-graph\">{\"@context\":\"https:\/\/schema.org\",\"@graph\":[{\"@type\":\"WebPage\",\"@id\":\"https:\/\/www.manaus.am.gov.br\/semcom\/acao-de-inclusao\/\",\"url\":\"https:\/\/www.manaus.am.gov.br\/semcom\/acao-de-inclusao\/\",\"name\":\"Prefeitura de Manaus refor\u00e7a compromisso com a inclus\u00e3o\",\"isPartOf\":{\"@id\":\"https:\/\/www.manaus.am.gov.br\/semcom\/#website\"},\"primaryImageOfPage\":{\"@id\":\"https:\/\/www.manaus.am.gov.br\/semcom\/acao-de-inclusao\/#primaryimage\"},\"image\":{\"@id\":\"https:\/\/www.manaus.am.gov.br\/semcom\/acao-de-inclusao\/#primaryimage\"},\"thumbnailUrl\":\"https:\/\/www.manaus.am.gov.br\/semcom\/wp-content\/uploads\/sites\/5\/2025\/09\/IMG_5539.jpeg\",\"datePublished\":\"2025-09-29T23:23:19+00:00\",\"dateModified\":\"2025-09-29T23:23:21+00:00\",\"author\":{\"@id\":\"https:\/\/www.manaus.am.gov.br\/semcom\/#\/schema\/person\/466a0e03ae4b6062809046bd560ac955\"},\"description\":\"A Prefeitura de Manaus marcou presen\u00e7a no evento \u201cDiagn\u00f3stico, Cuidados e Direitos: Caminhos para a Inclus\u00e3o da Pessoa com Autismo\u201d.\",\"inLanguage\":\"pt-BR\",\"potentialAction\":[{\"@type\":\"ReadAction\",\"target\":[\"https:\/\/www.manaus.am.gov.br\/semcom\/acao-de-inclusao\/\"]}]},{\"@type\":\"ImageObject\",\"inLanguage\":\"pt-BR\",\"@id\":\"https:\/\/www.manaus.am.gov.br\/semcom\/acao-de-inclusao\/#primaryimage\",\"url\":\"https:\/\/www.manaus.am.gov.br\/semcom\/wp-content\/uploads\/sites\/5\/2025\/09\/IMG_5539.jpeg\",\"contentUrl\":\"https:\/\/www.manaus.am.gov.br\/semcom\/wp-content\/uploads\/sites\/5\/2025\/09\/IMG_5539.jpeg\",\"width\":6240,\"height\":4160,\"caption\":\"#paratodosverem \u2013Titular da Semed palestrando em evento da OAB-AM\"},{\"@type\":\"WebSite\",\"@id\":\"https:\/\/www.manaus.am.gov.br\/semcom\/#website\",\"url\":\"https:\/\/www.manaus.am.gov.br\/semcom\/\",\"name\":\"SEMCOM\",\"description\":\"Secretaria Municipal de Comunica\u00e7\u00e3o\",\"potentialAction\":[{\"@type\":\"SearchAction\",\"target\":{\"@type\":\"EntryPoint\",\"urlTemplate\":\"https:\/\/www.manaus.am.gov.br\/semcom\/?s={search_term_string}\"},\"query-input\":\"required name=search_term_string\"}],\"inLanguage\":\"pt-BR\"},{\"@type\":\"Person\",\"@id\":\"https:\/\/www.manaus.am.gov.br\/semcom\/#\/schema\/person\/466a0e03ae4b6062809046bd560ac955\",\"name\":\"bvalente\",\"image\":{\"@type\":\"ImageObject\",\"inLanguage\":\"pt-BR\",\"@id\":\"https:\/\/www.manaus.am.gov.br\/semcom\/#\/schema\/person\/image\/\",\"url\":\"https:\/\/secure.gravatar.com\/avatar\/3e69bc2b014bdad41adfec3a39de07d2?s=96&d=mm&r=g\",\"contentUrl\":\"https:\/\/secure.gravatar.com\/avatar\/3e69bc2b014bdad41adfec3a39de07d2?s=96&d=mm&r=g\",\"caption\":\"bvalente\"}}]}<\/script>\n<!-- \/ Yoast SEO plugin. -->","yoast_head_json":{"title":"Prefeitura de Manaus refor\u00e7a compromisso com a inclus\u00e3o","description":"A Prefeitura de Manaus marcou presen\u00e7a no evento \u201cDiagn\u00f3stico, Cuidados e Direitos: Caminhos para a Inclus\u00e3o da Pessoa com Autismo\u201d.","robots":{"index":"index","follow":"follow","max-snippet":"max-snippet:-1","max-image-preview":"max-image-preview:large","max-video-preview":"max-video-preview:-1"},"canonical":"https:\/\/www.manaus.am.gov.br\/semcom\/acao-de-inclusao\/","og_locale":"pt_BR","og_type":"article","og_title":"Prefeitura de Manaus refor\u00e7a compromisso com a inclus\u00e3o","og_description":"A Prefeitura de Manaus marcou presen\u00e7a no evento \u201cDiagn\u00f3stico, Cuidados e Direitos: Caminhos para a Inclus\u00e3o da Pessoa com Autismo\u201d.","og_url":"https:\/\/www.manaus.am.gov.br\/semcom\/acao-de-inclusao\/","og_site_name":"SEMCOM","article_published_time":"2025-09-29T23:23:19+00:00","article_modified_time":"2025-09-29T23:23:21+00:00","og_image":[{"width":1024,"height":683,"url":"https:\/\/www.manaus.am.gov.br\/semcom\/wp-content\/uploads\/sites\/5\/2025\/09\/IMG_5539-1024x683.jpeg","type":"image\/jpeg"}],"author":"bvalente","twitter_card":"summary_large_image","twitter_misc":{"Written by":"bvalente","Est. reading time":"2 minutos"},"schema":{"@context":"https:\/\/schema.org","@graph":[{"@type":"WebPage","@id":"https:\/\/www.manaus.am.gov.br\/semcom\/acao-de-inclusao\/","url":"https:\/\/www.manaus.am.gov.br\/semcom\/acao-de-inclusao\/","name":"Prefeitura de Manaus refor\u00e7a compromisso com a inclus\u00e3o","isPartOf":{"@id":"https:\/\/www.manaus.am.gov.br\/semcom\/#website"},"primaryImageOfPage":{"@id":"https:\/\/www.manaus.am.gov.br\/semcom\/acao-de-inclusao\/#primaryimage"},"image":{"@id":"https:\/\/www.manaus.am.gov.br\/semcom\/acao-de-inclusao\/#primaryimage"},"thumbnailUrl":"https:\/\/www.manaus.am.gov.br\/semcom\/wp-content\/uploads\/sites\/5\/2025\/09\/IMG_5539.jpeg","datePublished":"2025-09-29T23:23:19+00:00","dateModified":"2025-09-29T23:23:21+00:00","author":{"@id":"https:\/\/www.manaus.am.gov.br\/semcom\/#\/schema\/person\/466a0e03ae4b6062809046bd560ac955"},"description":"A Prefeitura de Manaus marcou presen\u00e7a no evento \u201cDiagn\u00f3stico, Cuidados e Direitos: Caminhos para a Inclus\u00e3o da Pessoa com Autismo\u201d.","inLanguage":"pt-BR","potentialAction":[{"@type":"ReadAction","target":["https:\/\/www.manaus.am.gov.br\/semcom\/acao-de-inclusao\/"]}]},{"@type":"ImageObject","inLanguage":"pt-BR","@id":"https:\/\/www.manaus.am.gov.br\/semcom\/acao-de-inclusao\/#primaryimage","url":"https:\/\/www.manaus.am.gov.br\/semcom\/wp-content\/uploads\/sites\/5\/2025\/09\/IMG_5539.jpeg","contentUrl":"https:\/\/www.manaus.am.gov.br\/semcom\/wp-content\/uploads\/sites\/5\/2025\/09\/IMG_5539.jpeg","width":6240,"height":4160,"caption":"#paratodosverem \u2013Titular da Semed palestrando em evento da OAB-AM"},{"@type":"WebSite","@id":"https:\/\/www.manaus.am.gov.br\/semcom\/#website","url":"https:\/\/www.manaus.am.gov.br\/semcom\/","name":"SEMCOM","description":"Secretaria Municipal de Comunica\u00e7\u00e3o","potentialAction":[{"@type":"SearchAction","target":{"@type":"EntryPoint","urlTemplate":"https:\/\/www.manaus.am.gov.br\/semcom\/?s={search_term_string}"},"query-input":"required name=search_term_string"}],"inLanguage":"pt-BR"},{"@type":"Person","@id":"https:\/\/www.manaus.am.gov.br\/semcom\/#\/schema\/person\/466a0e03ae4b6062809046bd560ac955","name":"bvalente","image":{"@type":"ImageObject","inLanguage":"pt-BR","@id":"https:\/\/www.manaus.am.gov.br\/semcom\/#\/schema\/person\/image\/","url":"https:\/\/secure.gravatar.com\/avatar\/3e69bc2b014bdad41adfec3a39de07d2?s=96&d=mm&r=g","contentUrl":"https:\/\/secure.gravatar.com\/avatar\/3e69bc2b014bdad41adfec3a39de07d2?s=96&d=mm&r=g","caption":"bvalente"}}]}},"_links":{"self":[{"href":"https:\/\/www.manaus.am.gov.br\/semcom\/wp-json\/wp\/v2\/posts\/246329"}],"collection":[{"href":"https:\/\/www.manaus.am.gov.br\/semcom\/wp-json\/wp\/v2\/posts"}],"about":[{"href":"https:\/\/www.manaus.am.gov.br\/semcom\/wp-json\/wp\/v2\/types\/post"}],"author":[{"embeddable":true,"href":"https:\/\/www.manaus.am.gov.br\/semcom\/wp-json\/wp\/v2\/users\/68"}],"replies":[{"embeddable":true,"href":"https:\/\/www.manaus.am.gov.br\/semcom\/wp-json\/wp\/v2\/comments?post=246329"}],"version-history":[{"count":0,"href":"https:\/\/www.manaus.am.gov.br\/semcom\/wp-json\/wp\/v2\/posts\/246329\/revisions"}],"wp:featuredmedia":[{"embeddable":true,"href":"https:\/\/www.manaus.am.gov.br\/semcom\/wp-json\/wp\/v2\/media\/246330"}],"wp:attachment":[{"href":"https:\/\/www.manaus.am.gov.br\/semcom\/wp-json\/wp\/v2\/media?parent=246329"}],"wp:term":[{"taxonomy":"category","embeddable":true,"href":"https:\/\/www.manaus.am.gov.br\/semcom\/wp-json\/wp\/v2\/categories?post=246329"},{"taxonomy":"post_tag","embeddable":true,"href":"https:\/\/www.manaus.am.gov.br\/semcom\/wp-json\/wp\/v2\/tags?post=246329"}],"curies":[{"name":"wp","href":"https:\/\/api.w.org\/{rel}","templated":true}]}}