{"id":246229,"date":"2025-09-26T15:17:49","date_gmt":"2025-09-26T18:17:49","guid":{"rendered":"https:\/\/www.manaus.am.gov.br\/semcom\/duque-de-caxias-transito\/"},"modified":"2025-09-26T15:17:50","modified_gmt":"2025-09-26T18:17:50","slug":"duque-de-caxias-transito","status":"publish","type":"post","link":"https:\/\/www.manaus.am.gov.br\/semcom\/duque-de-caxias-transito\/","title":{"rendered":"Prefeitura leva asfalto a Duque de Caxias devolvendo fluidez ao tr\u00e2nsito e seguran\u00e7a para pedestres"},"content":{"rendered":"\n<p>A <a href=\"https:\/\/www.instagram.com\/prefeiturademanaus\/\">Prefeitura de Manaus<\/a>, por meio da <a href=\"https:\/\/www.manaus.am.gov.br\/seminf\/\">Secretaria Municipal de Infraestrutura (Seminf)<\/a>, avan\u00e7ou, nesta sexta-feira, 26\/9, com a recupera\u00e7\u00e3o asf\u00e1ltica da avenida Duque de Caxias, no bairro Pra\u00e7a 14, zona Sul, que \u00e9 uma importante via de liga\u00e7\u00e3o com o centro da cidade. O servi\u00e7o de manuten\u00e7\u00e3o asf\u00e1ltica j\u00e1 reflete na melhoria da mobilidade urbana e na fluidez do tr\u00e1fego, beneficiando motoristas e pedestres que utilizam a regi\u00e3o diariamente.<\/p>\n\n\n\n<p>Quem passa pela avenida sente a diferen\u00e7a. O t\u00e9cnico veicular Carlisson Silva, 24, que percorre o trecho todos os dias a caminho do trabalho, destaca os benef\u00edcios da interven\u00e7\u00e3o. \u201cEssa via \u00e9 muito movimentada e um asfalto novo faz toda a diferen\u00e7a. O tr\u00e2nsito flui melhor, a gente chega mais r\u00e1pido ao destino e com mais seguran\u00e7a. S\u00f3 tenho a agradecer \u00e0 Prefeitura de Manaus por esse servi\u00e7o\u201d, disse Carlisson.<\/p>\n\n\n\n<p>O vice-prefeito e secret\u00e1rio de Obras, Renato Junior, ressaltou que a recupera\u00e7\u00e3o da Duque de Caxias \u00e9 estrat\u00e9gica para a mobilidade da cidade. \u201cUma via como essa, que concentra tr\u00e1fego intenso e conecta \u00e1reas importantes, precisa estar em boas condi\u00e7\u00f5es. O asfalto n\u00e3o s\u00f3 melhora o tr\u00e2nsito como tamb\u00e9m garante mais seguran\u00e7a para quem dirige. Esse \u00e9 o compromisso da gest\u00e3o do prefeito David Almeida, investir em infraestrutura para transformar a rotina da popula\u00e7\u00e3o\u201d, afirmou Renato Junior.<\/p>\n\n\n\n<p>A obra vai al\u00e9m da renova\u00e7\u00e3o da malha vi\u00e1ria, representa mais seguran\u00e7a, menos transtornos e maior qualidade de vida para quem depende da avenida Duque de Caxias para se deslocar entre os bairros e o centro da cidade.<\/p>\n\n\n\n<p>Com mais essa obra de&nbsp;recupera\u00e7\u00e3o asf\u00e1ltica, a Prefeitura de Manaus reafirma o compromisso de proporcionar infraestrutura de qualidade, promovendo dignidade, comodidade e bem-estar aos moradores de toda a capital.<\/p>\n\n\n\n<p>&#8212; &#8212; &#8212;<\/p>\n\n\n\n<p><strong>Texto &#8211;<\/strong> Rayana Coutinho \/ Seminf<\/p>\n\n\n\n<p><strong>Fotos &#8211;<\/strong> M\u00e1rcio Melo \/ Seminf<\/p>\n","protected":false},"excerpt":{"rendered":"","protected":false},"author":57,"featured_media":246230,"comment_status":"closed","ping_status":"closed","sticky":false,"template":"","format":"standard","meta":{"footnotes":""},"categories":[43],"tags":[10865,29,77,33],"acf":[],"yoast_head":"<!-- This site is optimized with the Yoast SEO plugin v23.0 - https:\/\/yoast.com\/wordpress\/plugins\/seo\/ -->\n<title>PMM leva asfalto a Duque de Caxias devolvendo fluidez ao tr\u00e2nsito<\/title>\n<meta name=\"description\" content=\"A Prefeitura de Manaus avan\u00e7ou com a recupera\u00e7\u00e3o asf\u00e1ltica da avenida Duque de Caxias, no bairro Pra\u00e7a 14, zona Sul.\" \/>\n<meta name=\"robots\" content=\"index, follow, max-snippet:-1, max-image-preview:large, max-video-preview:-1\" \/>\n<link rel=\"canonical\" href=\"https:\/\/www.manaus.am.gov.br\/semcom\/duque-de-caxias-transito\/\" \/>\n<meta property=\"og:locale\" content=\"pt_BR\" \/>\n<meta property=\"og:type\" content=\"article\" \/>\n<meta property=\"og:title\" content=\"PMM leva asfalto a Duque de Caxias devolvendo fluidez ao tr\u00e2nsito\" \/>\n<meta property=\"og:description\" content=\"A Prefeitura de Manaus avan\u00e7ou com a recupera\u00e7\u00e3o asf\u00e1ltica da avenida Duque de Caxias, no bairro Pra\u00e7a 14, zona Sul.\" \/>\n<meta property=\"og:url\" content=\"https:\/\/www.manaus.am.gov.br\/semcom\/duque-de-caxias-transito\/\" \/>\n<meta property=\"og:site_name\" content=\"SEMCOM\" \/>\n<meta property=\"article:published_time\" content=\"2025-09-26T18:17:49+00:00\" \/>\n<meta property=\"article:modified_time\" content=\"2025-09-26T18:17:50+00:00\" \/>\n<meta property=\"og:image\" content=\"https:\/\/www.manaus.am.gov.br\/semcom\/wp-content\/uploads\/sites\/5\/2025\/09\/Duque-de-Caxias-3-1024x683.jpg\" \/>\n\t<meta property=\"og:image:width\" content=\"1024\" \/>\n\t<meta property=\"og:image:height\" content=\"683\" \/>\n\t<meta property=\"og:image:type\" content=\"image\/jpeg\" \/>\n<meta name=\"author\" content=\"Thiago Fernando\" \/>\n<meta name=\"twitter:card\" content=\"summary_large_image\" \/>\n<meta name=\"twitter:label1\" content=\"Written by\" \/>\n\t<meta name=\"twitter:data1\" content=\"Thiago Fernando\" \/>\n\t<meta name=\"twitter:label2\" content=\"Est. reading time\" \/>\n\t<meta name=\"twitter:data2\" content=\"2 minutos\" \/>\n<script type=\"application\/ld+json\" class=\"yoast-schema-graph\">{\"@context\":\"https:\/\/schema.org\",\"@graph\":[{\"@type\":\"WebPage\",\"@id\":\"https:\/\/www.manaus.am.gov.br\/semcom\/duque-de-caxias-transito\/\",\"url\":\"https:\/\/www.manaus.am.gov.br\/semcom\/duque-de-caxias-transito\/\",\"name\":\"PMM leva asfalto a Duque de Caxias devolvendo fluidez ao tr\u00e2nsito\",\"isPartOf\":{\"@id\":\"https:\/\/www.manaus.am.gov.br\/semcom\/#website\"},\"primaryImageOfPage\":{\"@id\":\"https:\/\/www.manaus.am.gov.br\/semcom\/duque-de-caxias-transito\/#primaryimage\"},\"image\":{\"@id\":\"https:\/\/www.manaus.am.gov.br\/semcom\/duque-de-caxias-transito\/#primaryimage\"},\"thumbnailUrl\":\"https:\/\/www.manaus.am.gov.br\/semcom\/wp-content\/uploads\/sites\/5\/2025\/09\/Duque-de-Caxias-3.jpg\",\"datePublished\":\"2025-09-26T18:17:49+00:00\",\"dateModified\":\"2025-09-26T18:17:50+00:00\",\"author\":{\"@id\":\"https:\/\/www.manaus.am.gov.br\/semcom\/#\/schema\/person\/a5ee5376db6e21af026374b369f30882\"},\"description\":\"A Prefeitura de Manaus avan\u00e7ou com a recupera\u00e7\u00e3o asf\u00e1ltica da avenida Duque de Caxias, no bairro Pra\u00e7a 14, zona Sul.\",\"inLanguage\":\"pt-BR\",\"potentialAction\":[{\"@type\":\"ReadAction\",\"target\":[\"https:\/\/www.manaus.am.gov.br\/semcom\/duque-de-caxias-transito\/\"]}]},{\"@type\":\"ImageObject\",\"inLanguage\":\"pt-BR\",\"@id\":\"https:\/\/www.manaus.am.gov.br\/semcom\/duque-de-caxias-transito\/#primaryimage\",\"url\":\"https:\/\/www.manaus.am.gov.br\/semcom\/wp-content\/uploads\/sites\/5\/2025\/09\/Duque-de-Caxias-3.jpg\",\"contentUrl\":\"https:\/\/www.manaus.am.gov.br\/semcom\/wp-content\/uploads\/sites\/5\/2025\/09\/Duque-de-Caxias-3.jpg\",\"width\":4464,\"height\":2976,\"caption\":\"#paratodosverem - Servidores da PMM trabalhando na avenida Duque de Caxias\"},{\"@type\":\"WebSite\",\"@id\":\"https:\/\/www.manaus.am.gov.br\/semcom\/#website\",\"url\":\"https:\/\/www.manaus.am.gov.br\/semcom\/\",\"name\":\"SEMCOM\",\"description\":\"Secretaria Municipal de Comunica\u00e7\u00e3o\",\"potentialAction\":[{\"@type\":\"SearchAction\",\"target\":{\"@type\":\"EntryPoint\",\"urlTemplate\":\"https:\/\/www.manaus.am.gov.br\/semcom\/?s={search_term_string}\"},\"query-input\":\"required name=search_term_string\"}],\"inLanguage\":\"pt-BR\"},{\"@type\":\"Person\",\"@id\":\"https:\/\/www.manaus.am.gov.br\/semcom\/#\/schema\/person\/a5ee5376db6e21af026374b369f30882\",\"name\":\"Thiago Fernando\",\"image\":{\"@type\":\"ImageObject\",\"inLanguage\":\"pt-BR\",\"@id\":\"https:\/\/www.manaus.am.gov.br\/semcom\/#\/schema\/person\/image\/\",\"url\":\"https:\/\/secure.gravatar.com\/avatar\/f5aab8722444041451501c077052ac07?s=96&d=mm&r=g\",\"contentUrl\":\"https:\/\/secure.gravatar.com\/avatar\/f5aab8722444041451501c077052ac07?s=96&d=mm&r=g\",\"caption\":\"Thiago Fernando\"}}]}<\/script>\n<!-- \/ Yoast SEO plugin. -->","yoast_head_json":{"title":"PMM leva asfalto a Duque de Caxias devolvendo fluidez ao tr\u00e2nsito","description":"A Prefeitura de Manaus avan\u00e7ou com a recupera\u00e7\u00e3o asf\u00e1ltica da avenida Duque de Caxias, no bairro Pra\u00e7a 14, zona Sul.","robots":{"index":"index","follow":"follow","max-snippet":"max-snippet:-1","max-image-preview":"max-image-preview:large","max-video-preview":"max-video-preview:-1"},"canonical":"https:\/\/www.manaus.am.gov.br\/semcom\/duque-de-caxias-transito\/","og_locale":"pt_BR","og_type":"article","og_title":"PMM leva asfalto a Duque de Caxias devolvendo fluidez ao tr\u00e2nsito","og_description":"A Prefeitura de Manaus avan\u00e7ou com a recupera\u00e7\u00e3o asf\u00e1ltica da avenida Duque de Caxias, no bairro Pra\u00e7a 14, zona Sul.","og_url":"https:\/\/www.manaus.am.gov.br\/semcom\/duque-de-caxias-transito\/","og_site_name":"SEMCOM","article_published_time":"2025-09-26T18:17:49+00:00","article_modified_time":"2025-09-26T18:17:50+00:00","og_image":[{"width":1024,"height":683,"url":"https:\/\/www.manaus.am.gov.br\/semcom\/wp-content\/uploads\/sites\/5\/2025\/09\/Duque-de-Caxias-3-1024x683.jpg","type":"image\/jpeg"}],"author":"Thiago Fernando","twitter_card":"summary_large_image","twitter_misc":{"Written by":"Thiago Fernando","Est. reading time":"2 minutos"},"schema":{"@context":"https:\/\/schema.org","@graph":[{"@type":"WebPage","@id":"https:\/\/www.manaus.am.gov.br\/semcom\/duque-de-caxias-transito\/","url":"https:\/\/www.manaus.am.gov.br\/semcom\/duque-de-caxias-transito\/","name":"PMM leva asfalto a Duque de Caxias devolvendo fluidez ao tr\u00e2nsito","isPartOf":{"@id":"https:\/\/www.manaus.am.gov.br\/semcom\/#website"},"primaryImageOfPage":{"@id":"https:\/\/www.manaus.am.gov.br\/semcom\/duque-de-caxias-transito\/#primaryimage"},"image":{"@id":"https:\/\/www.manaus.am.gov.br\/semcom\/duque-de-caxias-transito\/#primaryimage"},"thumbnailUrl":"https:\/\/www.manaus.am.gov.br\/semcom\/wp-content\/uploads\/sites\/5\/2025\/09\/Duque-de-Caxias-3.jpg","datePublished":"2025-09-26T18:17:49+00:00","dateModified":"2025-09-26T18:17:50+00:00","author":{"@id":"https:\/\/www.manaus.am.gov.br\/semcom\/#\/schema\/person\/a5ee5376db6e21af026374b369f30882"},"description":"A Prefeitura de Manaus avan\u00e7ou com a recupera\u00e7\u00e3o asf\u00e1ltica da avenida Duque de Caxias, no bairro Pra\u00e7a 14, zona Sul.","inLanguage":"pt-BR","potentialAction":[{"@type":"ReadAction","target":["https:\/\/www.manaus.am.gov.br\/semcom\/duque-de-caxias-transito\/"]}]},{"@type":"ImageObject","inLanguage":"pt-BR","@id":"https:\/\/www.manaus.am.gov.br\/semcom\/duque-de-caxias-transito\/#primaryimage","url":"https:\/\/www.manaus.am.gov.br\/semcom\/wp-content\/uploads\/sites\/5\/2025\/09\/Duque-de-Caxias-3.jpg","contentUrl":"https:\/\/www.manaus.am.gov.br\/semcom\/wp-content\/uploads\/sites\/5\/2025\/09\/Duque-de-Caxias-3.jpg","width":4464,"height":2976,"caption":"#paratodosverem - Servidores da PMM trabalhando na avenida Duque de Caxias"},{"@type":"WebSite","@id":"https:\/\/www.manaus.am.gov.br\/semcom\/#website","url":"https:\/\/www.manaus.am.gov.br\/semcom\/","name":"SEMCOM","description":"Secretaria Municipal de Comunica\u00e7\u00e3o","potentialAction":[{"@type":"SearchAction","target":{"@type":"EntryPoint","urlTemplate":"https:\/\/www.manaus.am.gov.br\/semcom\/?s={search_term_string}"},"query-input":"required name=search_term_string"}],"inLanguage":"pt-BR"},{"@type":"Person","@id":"https:\/\/www.manaus.am.gov.br\/semcom\/#\/schema\/person\/a5ee5376db6e21af026374b369f30882","name":"Thiago Fernando","image":{"@type":"ImageObject","inLanguage":"pt-BR","@id":"https:\/\/www.manaus.am.gov.br\/semcom\/#\/schema\/person\/image\/","url":"https:\/\/secure.gravatar.com\/avatar\/f5aab8722444041451501c077052ac07?s=96&d=mm&r=g","contentUrl":"https:\/\/secure.gravatar.com\/avatar\/f5aab8722444041451501c077052ac07?s=96&d=mm&r=g","caption":"Thiago Fernando"}}]}},"_links":{"self":[{"href":"https:\/\/www.manaus.am.gov.br\/semcom\/wp-json\/wp\/v2\/posts\/246229"}],"collection":[{"href":"https:\/\/www.manaus.am.gov.br\/semcom\/wp-json\/wp\/v2\/posts"}],"about":[{"href":"https:\/\/www.manaus.am.gov.br\/semcom\/wp-json\/wp\/v2\/types\/post"}],"author":[{"embeddable":true,"href":"https:\/\/www.manaus.am.gov.br\/semcom\/wp-json\/wp\/v2\/users\/57"}],"replies":[{"embeddable":true,"href":"https:\/\/www.manaus.am.gov.br\/semcom\/wp-json\/wp\/v2\/comments?post=246229"}],"version-history":[{"count":0,"href":"https:\/\/www.manaus.am.gov.br\/semcom\/wp-json\/wp\/v2\/posts\/246229\/revisions"}],"wp:featuredmedia":[{"embeddable":true,"href":"https:\/\/www.manaus.am.gov.br\/semcom\/wp-json\/wp\/v2\/media\/246230"}],"wp:attachment":[{"href":"https:\/\/www.manaus.am.gov.br\/semcom\/wp-json\/wp\/v2\/media?parent=246229"}],"wp:term":[{"taxonomy":"category","embeddable":true,"href":"https:\/\/www.manaus.am.gov.br\/semcom\/wp-json\/wp\/v2\/categories?post=246229"},{"taxonomy":"post_tag","embeddable":true,"href":"https:\/\/www.manaus.am.gov.br\/semcom\/wp-json\/wp\/v2\/tags?post=246229"}],"curies":[{"name":"wp","href":"https:\/\/api.w.org\/{rel}","templated":true}]}}