{"id":246085,"date":"2025-09-24T11:49:32","date_gmt":"2025-09-24T14:49:32","guid":{"rendered":"https:\/\/www.manaus.am.gov.br\/semcom\/prefeitura-fdt-semanaestadualpessoaidosa\/"},"modified":"2025-09-25T10:19:34","modified_gmt":"2025-09-25T13:19:34","slug":"prefeitura-fdt-semanaestadualpessoaidosa","status":"publish","type":"post","link":"https:\/\/www.manaus.am.gov.br\/semcom\/prefeitura-fdt-semanaestadualpessoaidosa\/","title":{"rendered":"Prefeitura de Manaus realiza programa\u00e7\u00e3o especial em alus\u00e3o \u00e0 \u2018Semana Estadual da Pessoa Idosa \u2013 Manaus\u2019"},"content":{"rendered":"\n<p>A Prefeitura de Manaus, por meio da Funda\u00e7\u00e3o de Apoio ao Idoso Dr. Thomas (FDT), deu in\u00edcio, na ter\u00e7a-feira, 23\/9, \u00e0 programa\u00e7\u00e3o da \u201cSemana Estadual da Pessoa Idosa \u2013 Manaus\u201d, que acontece at\u00e9 o dia 30 de setembro, em cumprimento \u00e0 Lei n\u00ba 2.877\/2004. A iniciativa re\u00fane atividades culturais, de lazer, sa\u00fade e conviv\u00eancia, com o objetivo de valorizar a trajet\u00f3ria da popula\u00e7\u00e3o idosa.<\/p>\n\n\n\n<p>A abertura ocorreu com a palestra magna \u201cConscientiza\u00e7\u00e3o, Informa\u00e7\u00e3o, Preven\u00e7\u00e3o e Apoio sobre a Doen\u00e7a de Alzheimer\u201d, ministrada pela m\u00e9dica do Parque Municipal do Idoso (PMI), Tamires Bind\u00e1, na sede da FDT, localizada na rua Dr. Thomas, n\u00ba 798, bairro Nossa Senhora das Gra\u00e7as, zona Centro-Sul.<\/p>\n\n\n\n<p>O diretor-presidente da FDT, Eduardo Lucas, destacou a relev\u00e2ncia da programa\u00e7\u00e3o. \u201cA \u2018Semana Estadual da Pessoa Idosa \u2013 Manaus\u2019 ser\u00e1 uma oportunidade de valorizar a trajet\u00f3ria dos idosos e, ao mesmo tempo, oferecer espa\u00e7os de conviv\u00eancia, lazer e aten\u00e7\u00e3o \u00e0 sa\u00fade. Cada atividade foi planejada para proporcionar bem-estar e fortalecer a cidadania dessa popula\u00e7\u00e3o que tanto contribuiu para a nossa cidade\u201d, afirmou.<\/p>\n\n\n\n<p>A palestrante da abertura, Tamires Bind\u00e1, refor\u00e7ou a import\u00e2ncia da iniciativa.<\/p>\n\n\n\n<p>\u201c\u00c9 um momento fundamental para refletir, valorizar e fortalecer os direitos das pessoas idosas em Manaus. Valoriza a contribui\u00e7\u00e3o social, cultural e hist\u00f3rica dos idosos, combate o idadismo, incentiva a sa\u00fade e o bem-estar com a\u00e7\u00f5es de preven\u00e7\u00e3o, lazer, refor\u00e7a a rede de prote\u00e7\u00e3o e garante acesso aos direitos\u201d, destacou.<\/p>\n\n\n\n<p>Programa\u00e7\u00e3o<\/p>\n\n\n\n<p>Nesta quarta-feira, 24\/9, ser\u00e1 realizado o \u201cKaraok\u00ea no Parque\u201d, das 12h30 \u00e0s 13h30, no Parque Municipal do Idoso (PMI).<\/p>\n\n\n\n<p>J\u00e1 na quinta-feira, 25\/9, a programa\u00e7\u00e3o ter\u00e1 in\u00edcio \u00e0s 9h30 com a apresenta\u00e7\u00e3o da \u201cSeresta, Prosa &amp; Poesia\u201d, tamb\u00e9m no PMI. Ainda no mesmo dia, \u00e0s 13h30, haver\u00e1 uma palestra voltada para gerentes e l\u00edderes dos motoristas de \u00f4nibus, na Via\u00e7\u00e3o S\u00e3o Pedro, no bairro Tarum\u00e3.<\/p>\n\n\n\n<p>Na sexta, 26\/9, a partir das 8h30, a agenda incluir\u00e1 uma a\u00e7\u00e3o de embelezamento. \u00c0s 14h, acontece o \u201cBoler\u00e3o no Parque\u201d, no PMI, e, \u00e0s 15h, a comemora\u00e7\u00e3o dos aniversariantes da Institui\u00e7\u00e3o de Longa Perman\u00eancia para Idosos (ILPI).<\/p>\n\n\n\n<p>No domingo, 28, \u00e0s 6h30, a tradicional \u201cFaixa Liberada\u201d, na avenida Get\u00falio Vargas, contar\u00e1 com a participa\u00e7\u00e3o dos idosos da ILPI.<\/p>\n\n\n\n<p>A programa\u00e7\u00e3o seguir\u00e1 no dia 29, com o \u201cTorneio de Domin\u00f3\u201d, que acontecer\u00e1 na ILPI, \u00e0s 15h. O encerramento do evento acontece no dia 30\/9, com uma sess\u00e3o de cinema no mesmo local e hor\u00e1rio.<\/p>\n\n\n\n<p>&#8212; &#8212; &#8212; <\/p>\n\n\n\n<p><strong>Texto <\/strong>&#8211; Divulga\u00e7\u00e3o\/FDT<\/p>\n","protected":false},"excerpt":{"rendered":"","protected":false},"author":23,"featured_media":246086,"comment_status":"closed","ping_status":"closed","sticky":false,"template":"","format":"standard","meta":{"footnotes":""},"categories":[7843],"tags":[935,77,1001,17059],"acf":[],"yoast_head":"<!-- This site is optimized with the Yoast SEO plugin v23.0 - https:\/\/yoast.com\/wordpress\/plugins\/seo\/ -->\n<title>Prefeitura de Manaus realiza programa\u00e7\u00e3o especial em alus\u00e3o \u00e0 \u2018Semana Estadual da Pessoa Idosa \u2013 Manaus\u2019<\/title>\n<meta name=\"description\" content=\"A Prefeitura de Manaus, por meio da Funda\u00e7\u00e3o de Apoio ao Idoso Dr. Thomas (FDT), deu in\u00edcio, na ter\u00e7a-feira, 23\/9, \u00e0 programa\u00e7\u00e3o da \u201cSemana Estadual da Pessoa Idosa \u2013 Manaus\u201d, que acontece at\u00e9 o dia 30 de setembro, em cumprimento \u00e0 Lei n\u00ba 2.877\/2004.\" \/>\n<meta name=\"robots\" content=\"index, follow, max-snippet:-1, max-image-preview:large, max-video-preview:-1\" \/>\n<link rel=\"canonical\" href=\"https:\/\/www.manaus.am.gov.br\/semcom\/prefeitura-fdt-semanaestadualpessoaidosa\/\" \/>\n<meta property=\"og:locale\" content=\"pt_BR\" \/>\n<meta property=\"og:type\" content=\"article\" \/>\n<meta property=\"og:title\" content=\"Prefeitura de Manaus realiza programa\u00e7\u00e3o especial em alus\u00e3o \u00e0 \u2018Semana Estadual da Pessoa Idosa \u2013 Manaus\u2019\" \/>\n<meta property=\"og:description\" content=\"A Prefeitura de Manaus, por meio da Funda\u00e7\u00e3o de Apoio ao Idoso Dr. Thomas (FDT), deu in\u00edcio, na ter\u00e7a-feira, 23\/9, \u00e0 programa\u00e7\u00e3o da \u201cSemana Estadual da Pessoa Idosa \u2013 Manaus\u201d, que acontece at\u00e9 o dia 30 de setembro, em cumprimento \u00e0 Lei n\u00ba 2.877\/2004.\" \/>\n<meta property=\"og:url\" content=\"https:\/\/www.manaus.am.gov.br\/semcom\/prefeitura-fdt-semanaestadualpessoaidosa\/\" \/>\n<meta property=\"og:site_name\" content=\"SEMCOM\" \/>\n<meta property=\"article:published_time\" content=\"2025-09-24T14:49:32+00:00\" \/>\n<meta property=\"article:modified_time\" content=\"2025-09-25T13:19:34+00:00\" \/>\n<meta property=\"og:image\" content=\"https:\/\/www.manaus.am.gov.br\/semcom\/wp-content\/uploads\/sites\/5\/2025\/09\/WhatsApp-Image-2025-09-24-at-10.39.04-1.jpeg\" \/>\n\t<meta property=\"og:image:width\" content=\"1600\" \/>\n\t<meta property=\"og:image:height\" content=\"1200\" \/>\n\t<meta property=\"og:image:type\" content=\"image\/jpeg\" \/>\n<meta name=\"author\" content=\"Adriana Costa\" \/>\n<meta name=\"twitter:card\" content=\"summary_large_image\" \/>\n<meta name=\"twitter:label1\" content=\"Written by\" \/>\n\t<meta name=\"twitter:data1\" content=\"Adriana Costa\" \/>\n\t<meta name=\"twitter:label2\" content=\"Est. reading time\" \/>\n\t<meta name=\"twitter:data2\" content=\"3 minutos\" \/>\n<script type=\"application\/ld+json\" class=\"yoast-schema-graph\">{\"@context\":\"https:\/\/schema.org\",\"@graph\":[{\"@type\":\"WebPage\",\"@id\":\"https:\/\/www.manaus.am.gov.br\/semcom\/prefeitura-fdt-semanaestadualpessoaidosa\/\",\"url\":\"https:\/\/www.manaus.am.gov.br\/semcom\/prefeitura-fdt-semanaestadualpessoaidosa\/\",\"name\":\"Prefeitura de Manaus realiza programa\u00e7\u00e3o especial em alus\u00e3o \u00e0 \u2018Semana Estadual da Pessoa Idosa \u2013 Manaus\u2019\",\"isPartOf\":{\"@id\":\"https:\/\/www.manaus.am.gov.br\/semcom\/#website\"},\"primaryImageOfPage\":{\"@id\":\"https:\/\/www.manaus.am.gov.br\/semcom\/prefeitura-fdt-semanaestadualpessoaidosa\/#primaryimage\"},\"image\":{\"@id\":\"https:\/\/www.manaus.am.gov.br\/semcom\/prefeitura-fdt-semanaestadualpessoaidosa\/#primaryimage\"},\"thumbnailUrl\":\"https:\/\/www.manaus.am.gov.br\/semcom\/wp-content\/uploads\/sites\/5\/2025\/09\/WhatsApp-Image-2025-09-24-at-10.39.04-1.jpeg\",\"datePublished\":\"2025-09-24T14:49:32+00:00\",\"dateModified\":\"2025-09-25T13:19:34+00:00\",\"author\":{\"@id\":\"https:\/\/www.manaus.am.gov.br\/semcom\/#\/schema\/person\/4e49f4e267757a06ca072ec61b2b9968\"},\"description\":\"A Prefeitura de Manaus, por meio da Funda\u00e7\u00e3o de Apoio ao Idoso Dr. Thomas (FDT), deu in\u00edcio, na ter\u00e7a-feira, 23\/9, \u00e0 programa\u00e7\u00e3o da \u201cSemana Estadual da Pessoa Idosa \u2013 Manaus\u201d, que acontece at\u00e9 o dia 30 de setembro, em cumprimento \u00e0 Lei n\u00ba 2.877\/2004.\",\"inLanguage\":\"pt-BR\",\"potentialAction\":[{\"@type\":\"ReadAction\",\"target\":[\"https:\/\/www.manaus.am.gov.br\/semcom\/prefeitura-fdt-semanaestadualpessoaidosa\/\"]}]},{\"@type\":\"ImageObject\",\"inLanguage\":\"pt-BR\",\"@id\":\"https:\/\/www.manaus.am.gov.br\/semcom\/prefeitura-fdt-semanaestadualpessoaidosa\/#primaryimage\",\"url\":\"https:\/\/www.manaus.am.gov.br\/semcom\/wp-content\/uploads\/sites\/5\/2025\/09\/WhatsApp-Image-2025-09-24-at-10.39.04-1.jpeg\",\"contentUrl\":\"https:\/\/www.manaus.am.gov.br\/semcom\/wp-content\/uploads\/sites\/5\/2025\/09\/WhatsApp-Image-2025-09-24-at-10.39.04-1.jpeg\",\"width\":1600,\"height\":1200},{\"@type\":\"WebSite\",\"@id\":\"https:\/\/www.manaus.am.gov.br\/semcom\/#website\",\"url\":\"https:\/\/www.manaus.am.gov.br\/semcom\/\",\"name\":\"SEMCOM\",\"description\":\"Secretaria Municipal de Comunica\u00e7\u00e3o\",\"potentialAction\":[{\"@type\":\"SearchAction\",\"target\":{\"@type\":\"EntryPoint\",\"urlTemplate\":\"https:\/\/www.manaus.am.gov.br\/semcom\/?s={search_term_string}\"},\"query-input\":\"required name=search_term_string\"}],\"inLanguage\":\"pt-BR\"},{\"@type\":\"Person\",\"@id\":\"https:\/\/www.manaus.am.gov.br\/semcom\/#\/schema\/person\/4e49f4e267757a06ca072ec61b2b9968\",\"name\":\"Adriana Costa\",\"image\":{\"@type\":\"ImageObject\",\"inLanguage\":\"pt-BR\",\"@id\":\"https:\/\/www.manaus.am.gov.br\/semcom\/#\/schema\/person\/image\/\",\"url\":\"https:\/\/secure.gravatar.com\/avatar\/576258617ef7194f718179e766d57bd4?s=96&d=mm&r=g\",\"contentUrl\":\"https:\/\/secure.gravatar.com\/avatar\/576258617ef7194f718179e766d57bd4?s=96&d=mm&r=g\",\"caption\":\"Adriana Costa\"}}]}<\/script>\n<!-- \/ Yoast SEO plugin. -->","yoast_head_json":{"title":"Prefeitura de Manaus realiza programa\u00e7\u00e3o especial em alus\u00e3o \u00e0 \u2018Semana Estadual da Pessoa Idosa \u2013 Manaus\u2019","description":"A Prefeitura de Manaus, por meio da Funda\u00e7\u00e3o de Apoio ao Idoso Dr. Thomas (FDT), deu in\u00edcio, na ter\u00e7a-feira, 23\/9, \u00e0 programa\u00e7\u00e3o da \u201cSemana Estadual da Pessoa Idosa \u2013 Manaus\u201d, que acontece at\u00e9 o dia 30 de setembro, em cumprimento \u00e0 Lei n\u00ba 2.877\/2004.","robots":{"index":"index","follow":"follow","max-snippet":"max-snippet:-1","max-image-preview":"max-image-preview:large","max-video-preview":"max-video-preview:-1"},"canonical":"https:\/\/www.manaus.am.gov.br\/semcom\/prefeitura-fdt-semanaestadualpessoaidosa\/","og_locale":"pt_BR","og_type":"article","og_title":"Prefeitura de Manaus realiza programa\u00e7\u00e3o especial em alus\u00e3o \u00e0 \u2018Semana Estadual da Pessoa Idosa \u2013 Manaus\u2019","og_description":"A Prefeitura de Manaus, por meio da Funda\u00e7\u00e3o de Apoio ao Idoso Dr. Thomas (FDT), deu in\u00edcio, na ter\u00e7a-feira, 23\/9, \u00e0 programa\u00e7\u00e3o da \u201cSemana Estadual da Pessoa Idosa \u2013 Manaus\u201d, que acontece at\u00e9 o dia 30 de setembro, em cumprimento \u00e0 Lei n\u00ba 2.877\/2004.","og_url":"https:\/\/www.manaus.am.gov.br\/semcom\/prefeitura-fdt-semanaestadualpessoaidosa\/","og_site_name":"SEMCOM","article_published_time":"2025-09-24T14:49:32+00:00","article_modified_time":"2025-09-25T13:19:34+00:00","og_image":[{"width":1600,"height":1200,"url":"https:\/\/www.manaus.am.gov.br\/semcom\/wp-content\/uploads\/sites\/5\/2025\/09\/WhatsApp-Image-2025-09-24-at-10.39.04-1.jpeg","type":"image\/jpeg"}],"author":"Adriana Costa","twitter_card":"summary_large_image","twitter_misc":{"Written by":"Adriana Costa","Est. reading time":"3 minutos"},"schema":{"@context":"https:\/\/schema.org","@graph":[{"@type":"WebPage","@id":"https:\/\/www.manaus.am.gov.br\/semcom\/prefeitura-fdt-semanaestadualpessoaidosa\/","url":"https:\/\/www.manaus.am.gov.br\/semcom\/prefeitura-fdt-semanaestadualpessoaidosa\/","name":"Prefeitura de Manaus realiza programa\u00e7\u00e3o especial em alus\u00e3o \u00e0 \u2018Semana Estadual da Pessoa Idosa \u2013 Manaus\u2019","isPartOf":{"@id":"https:\/\/www.manaus.am.gov.br\/semcom\/#website"},"primaryImageOfPage":{"@id":"https:\/\/www.manaus.am.gov.br\/semcom\/prefeitura-fdt-semanaestadualpessoaidosa\/#primaryimage"},"image":{"@id":"https:\/\/www.manaus.am.gov.br\/semcom\/prefeitura-fdt-semanaestadualpessoaidosa\/#primaryimage"},"thumbnailUrl":"https:\/\/www.manaus.am.gov.br\/semcom\/wp-content\/uploads\/sites\/5\/2025\/09\/WhatsApp-Image-2025-09-24-at-10.39.04-1.jpeg","datePublished":"2025-09-24T14:49:32+00:00","dateModified":"2025-09-25T13:19:34+00:00","author":{"@id":"https:\/\/www.manaus.am.gov.br\/semcom\/#\/schema\/person\/4e49f4e267757a06ca072ec61b2b9968"},"description":"A Prefeitura de Manaus, por meio da Funda\u00e7\u00e3o de Apoio ao Idoso Dr. Thomas (FDT), deu in\u00edcio, na ter\u00e7a-feira, 23\/9, \u00e0 programa\u00e7\u00e3o da \u201cSemana Estadual da Pessoa Idosa \u2013 Manaus\u201d, que acontece at\u00e9 o dia 30 de setembro, em cumprimento \u00e0 Lei n\u00ba 2.877\/2004.","inLanguage":"pt-BR","potentialAction":[{"@type":"ReadAction","target":["https:\/\/www.manaus.am.gov.br\/semcom\/prefeitura-fdt-semanaestadualpessoaidosa\/"]}]},{"@type":"ImageObject","inLanguage":"pt-BR","@id":"https:\/\/www.manaus.am.gov.br\/semcom\/prefeitura-fdt-semanaestadualpessoaidosa\/#primaryimage","url":"https:\/\/www.manaus.am.gov.br\/semcom\/wp-content\/uploads\/sites\/5\/2025\/09\/WhatsApp-Image-2025-09-24-at-10.39.04-1.jpeg","contentUrl":"https:\/\/www.manaus.am.gov.br\/semcom\/wp-content\/uploads\/sites\/5\/2025\/09\/WhatsApp-Image-2025-09-24-at-10.39.04-1.jpeg","width":1600,"height":1200},{"@type":"WebSite","@id":"https:\/\/www.manaus.am.gov.br\/semcom\/#website","url":"https:\/\/www.manaus.am.gov.br\/semcom\/","name":"SEMCOM","description":"Secretaria Municipal de Comunica\u00e7\u00e3o","potentialAction":[{"@type":"SearchAction","target":{"@type":"EntryPoint","urlTemplate":"https:\/\/www.manaus.am.gov.br\/semcom\/?s={search_term_string}"},"query-input":"required name=search_term_string"}],"inLanguage":"pt-BR"},{"@type":"Person","@id":"https:\/\/www.manaus.am.gov.br\/semcom\/#\/schema\/person\/4e49f4e267757a06ca072ec61b2b9968","name":"Adriana Costa","image":{"@type":"ImageObject","inLanguage":"pt-BR","@id":"https:\/\/www.manaus.am.gov.br\/semcom\/#\/schema\/person\/image\/","url":"https:\/\/secure.gravatar.com\/avatar\/576258617ef7194f718179e766d57bd4?s=96&d=mm&r=g","contentUrl":"https:\/\/secure.gravatar.com\/avatar\/576258617ef7194f718179e766d57bd4?s=96&d=mm&r=g","caption":"Adriana Costa"}}]}},"_links":{"self":[{"href":"https:\/\/www.manaus.am.gov.br\/semcom\/wp-json\/wp\/v2\/posts\/246085"}],"collection":[{"href":"https:\/\/www.manaus.am.gov.br\/semcom\/wp-json\/wp\/v2\/posts"}],"about":[{"href":"https:\/\/www.manaus.am.gov.br\/semcom\/wp-json\/wp\/v2\/types\/post"}],"author":[{"embeddable":true,"href":"https:\/\/www.manaus.am.gov.br\/semcom\/wp-json\/wp\/v2\/users\/23"}],"replies":[{"embeddable":true,"href":"https:\/\/www.manaus.am.gov.br\/semcom\/wp-json\/wp\/v2\/comments?post=246085"}],"version-history":[{"count":1,"href":"https:\/\/www.manaus.am.gov.br\/semcom\/wp-json\/wp\/v2\/posts\/246085\/revisions"}],"predecessor-version":[{"id":246130,"href":"https:\/\/www.manaus.am.gov.br\/semcom\/wp-json\/wp\/v2\/posts\/246085\/revisions\/246130"}],"wp:featuredmedia":[{"embeddable":true,"href":"https:\/\/www.manaus.am.gov.br\/semcom\/wp-json\/wp\/v2\/media\/246086"}],"wp:attachment":[{"href":"https:\/\/www.manaus.am.gov.br\/semcom\/wp-json\/wp\/v2\/media?parent=246085"}],"wp:term":[{"taxonomy":"category","embeddable":true,"href":"https:\/\/www.manaus.am.gov.br\/semcom\/wp-json\/wp\/v2\/categories?post=246085"},{"taxonomy":"post_tag","embeddable":true,"href":"https:\/\/www.manaus.am.gov.br\/semcom\/wp-json\/wp\/v2\/tags?post=246085"}],"curies":[{"name":"wp","href":"https:\/\/api.w.org\/{rel}","templated":true}]}}