{"id":246072,"date":"2025-09-23T20:39:46","date_gmt":"2025-09-23T23:39:46","guid":{"rendered":"https:\/\/www.manaus.am.gov.br\/semcom\/prefeitura-selocaixagestaosustentavel\/"},"modified":"2025-09-25T10:22:03","modified_gmt":"2025-09-25T13:22:03","slug":"prefeitura-selocaixagestaosustentavel","status":"publish","type":"post","link":"https:\/\/www.manaus.am.gov.br\/semcom\/prefeitura-selocaixagestaosustentavel\/","title":{"rendered":"Prefeito David Almeida recebe \u2018Selo Caixa Gest\u00e3o Sustent\u00e1vel\u2019 por boas pr\u00e1ticas de governan\u00e7a e responsabilidade socioambiental da gest\u00e3o municipal"},"content":{"rendered":"\n<p>O prefeito de Manaus, David Almeida, recebeu, na manh\u00e3 desta ter\u00e7a-feira, 23\/9, o \u201cSelo Caixa Gest\u00e3o Sustent\u00e1vel\u201d concedido \u00e0 Prefeitura de Manaus, em solenidade no audit\u00f3rio do mirante L\u00facia Almeida, no Centro. A certifica\u00e7\u00e3o nacional avalia munic\u00edpios em 22 indicadores p\u00fablicos ligados \u00e0 governan\u00e7a, sustentabilidade e responsabilidade social (ESG \u2013 Environmental, Social and Governance).<\/p>\n\n\n\n<p>A cerim\u00f4nia reuniu autoridades municipais, representantes da Caixa Econ\u00f4mica Federal e membros do Conselho Municipal de Gest\u00e3o Estrat\u00e9gica (CMGE). O selo garante ao munic\u00edpio credibilidade nacional e acesso a condi\u00e7\u00f5es diferenciadas de financiamento, al\u00e9m de fortalecer a imagem da capital amazonense como refer\u00eancia em governan\u00e7a respons\u00e1vel, sustentabilidade ambiental e compromisso social.<\/p>\n\n\n\n<p>\u201cTodos da prefeitura est\u00e3o de parab\u00e9ns. Ser reconhecido por uma entidade como a Caixa Econ\u00f4mica Federal, que avalia o ambiental, o social e tamb\u00e9m a quest\u00e3o clim\u00e1tica, nos faz crer que estamos no caminho certo. Tudo o que fazemos \u00e9 para o bem da sociedade\u201d, afirmou o prefeito David Almeida.<\/p>\n\n\n\n<p>O gestor destacou que a certifica\u00e7\u00e3o refor\u00e7a a seriedade da administra\u00e7\u00e3o municipal e abre novas possibilidades de capta\u00e7\u00e3o de recursos. \u201cA Prefeitura de Manaus se credenciou por meio de muito trabalho e parcerias. Esse certificado pode servir para negocia\u00e7\u00f5es com organismos como o Banco Mundial, demonstrando a solidez e a qualidade com que tratamos a coisa p\u00fablica. Estamos muito felizes, porque a Caixa \u00e9 um \u00f3rg\u00e3o governamental que fomenta, incentiva e investe para que os munic\u00edpios possam crescer e se desenvolver. Em nome da prefeitura, agrade\u00e7o \u00e0 Caixa Econ\u00f4mica Federal e \u00e0 nossa equipe de gest\u00e3o, que tem feito entregas que melhoram a qualidade de vida da popula\u00e7\u00e3o\u201d, completou.<\/p>\n\n\n\n<p>O presidente do CMGE, Arnaldo Grij\u00f3, ressaltou que a conquista \u00e9 fruto de indicadores s\u00f3lidos da administra\u00e7\u00e3o municipal. \u201cEsse \u00e9 um grande pr\u00eamio para Manaus, sinal da boa gest\u00e3o que a cidade vem fazendo desde o primeiro dia de governo. O selo envolve quatro pilares: social, governan\u00e7a, ambiental e clim\u00e1tico. Hoje, a Caixa reconhece esse esfor\u00e7o, que representa melhor qualidade de vida para a popula\u00e7\u00e3o, uma cidade mais resiliente e uma transi\u00e7\u00e3o energ\u00e9tica mais justa\u201d, afirmou.<\/p>\n\n\n\n<p>Segundo Grij\u00f3, o saneamento b\u00e1sico \u00e9 uma das \u00e1reas em que Manaus mais avan\u00e7ou. \u201cHoje, temos 100% de cobertura de \u00e1gua pot\u00e1vel. Na coleta e tratamento de esgoto, quando assumimos, est\u00e1vamos em torno de 18% e a previs\u00e3o \u00e9 chegar a 38% a 40% at\u00e9 o fim de 2025. Isso integra a Agenda 2030, da ONU, que guia pol\u00edticas p\u00fablicas internacionais, e Manaus est\u00e1 alinhada a esses objetivos\u201d, destacou.<\/p>\n\n\n\n<p>A superintendente da Caixa no Amazonas, Jorinei de Freitas, detalhou os crit\u00e9rios que levaram Manaus \u00e0 conquista do selo. \u201cEsse \u00e9 um reconhecimento \u00e0s boas pr\u00e1ticas da prefeitura no que tange \u00e0 governan\u00e7a e \u00e0 sustentabilidade. S\u00e3o 22 itens avaliados pela Caixa, divididos em quatro categorias: social, ambiental, de governan\u00e7a e clim\u00e1tico. Manaus se destacou em v\u00e1rios deles, demonstrando alinhamento com as diretrizes da Caixa, que valorizam cidadania e sustentabilidade. Isso \u00e9 muito importante para n\u00f3s\u201d, disse.<\/p>\n\n\n\n<p>Entre os crit\u00e9rios avaliados est\u00e3o acesso \u00e0 \u00e1gua pot\u00e1vel, coleta seletiva, saneamento b\u00e1sico, capacidade de pagamento do munic\u00edpio, regularidade de contas p\u00fablicas, cobertura vacinal e indicadores de gest\u00e3o clim\u00e1tica.<\/p>\n\n\n\n<p>J\u00e1 a gerente regional da Caixa, Romina Moura, destacou o orgulho da institui\u00e7\u00e3o em reconhecer munic\u00edpios comprometidos com a sustentabilidade. \u201cO Selo Caixa Gest\u00e3o Sustent\u00e1vel \u00e9 um produto que nos d\u00e1 muito orgulho, porque reconhece as a\u00e7\u00f5es ESG dos munic\u00edpios que contribuem para melhorar a vida da popula\u00e7\u00e3o. Quando entregamos o selo, temos a satisfa\u00e7\u00e3o de ver o comprometimento da gest\u00e3o local com a sustentabilidade\u201d, afirmou.<\/p>\n\n\n\n<p>A cerim\u00f4nia contou com a presen\u00e7a de autoridades da Caixa Econ\u00f4mica Federal, entre elas, a gerente regional Romina Moura; o coordenador da Matriz, Danilo Borges, e o superintendente de Governo, Jardel Bentes da Rocha. Pela Prefeitura de Manaus, al\u00e9m do prefeito David Almeida, participaram secret\u00e1rios municipais, presidentes de institutos e lideran\u00e7as da gest\u00e3o.<\/p>\n\n\n\n<p>Desenvolvimento sustent\u00e1vel como eixo da gest\u00e3o<\/p>\n\n\n\n<p>Manaus, que concentra quase 80% de toda a riqueza produzida no Amazonas e figura entre os dez maiores arrecadadores de impostos do pa\u00eds, vem consolidando um modelo de crescimento econ\u00f4mico aliado \u00e0 responsabilidade socioambiental. A capital amazonense reduziu, drasticamente, o tempo m\u00e9dio de abertura de empresas de 98,7 horas, em 2019, para pouco mais de 5 horas em 2025, superando grandes centros, como S\u00e3o Paulo.<\/p>\n\n\n\n<p>Al\u00e9m disso, a prefeitura firmou parceria com o Banco Mundial e com a International Finance Corporation (IFC) para fortalecer a sa\u00fade financeira do munic\u00edpio e ampliar investimentos em projetos de infraestrutura verde, log\u00edstica reversa, valoriza\u00e7\u00e3o de res\u00edduos s\u00f3lidos e prepara\u00e7\u00e3o para o mercado de carbono.<\/p>\n\n\n\n<p>Essas a\u00e7\u00f5es est\u00e3o alinhadas ao \u201cPlano Estrat\u00e9gico Manaus Cidade Global 2033\u201d, documento que guia as metas de efici\u00eancia, efic\u00e1cia e efetividade da administra\u00e7\u00e3o municipal, e \u00e0 Agenda 2030, da ONU, refor\u00e7ada pela ades\u00e3o da capital ao programa \u201cMeu Munic\u00edpio pelos ODS\u201d.<\/p>\n\n\n\n<p>&#8212; &#8212; &#8212;<\/p>\n\n\n\n<p><strong>Texto <\/strong>&#8211; Emanuelle Baires\/Semcom-Prefeito<\/p>\n\n\n\n<p><strong>Fotos <\/strong>&#8211; Dhyeizo Lemos\/Semcom-Prefeito<\/p>\n","protected":false},"excerpt":{"rendered":"","protected":false},"author":23,"featured_media":246075,"comment_status":"closed","ping_status":"closed","sticky":false,"template":"","format":"standard","meta":{"footnotes":""},"categories":[233],"tags":[2314,484,1070,17052],"acf":[],"yoast_head":"<!-- This site is optimized with the Yoast SEO plugin v23.0 - https:\/\/yoast.com\/wordpress\/plugins\/seo\/ -->\n<title>Prefeito David Almeida recebe \u2018Selo Caixa Gest\u00e3o Sustent\u00e1vel\u2019 por boas pr\u00e1ticas de governan\u00e7a e responsabilidade socioambiental da gest\u00e3o municipal<\/title>\n<meta name=\"description\" content=\"O prefeito de Manaus, David Almeida, recebeu, na manh\u00e3 desta ter\u00e7a-feira, 23\/9, o \u201cSelo Caixa Gest\u00e3o Sustent\u00e1vel\u201d concedido \u00e0 Prefeitura de Manaus, em solenidade no audit\u00f3rio do mirante L\u00facia Almeida, no Centro.\" \/>\n<meta name=\"robots\" content=\"index, follow, max-snippet:-1, max-image-preview:large, max-video-preview:-1\" \/>\n<link rel=\"canonical\" href=\"https:\/\/www.manaus.am.gov.br\/semcom\/prefeitura-selocaixagestaosustentavel\/\" \/>\n<meta property=\"og:locale\" content=\"pt_BR\" \/>\n<meta property=\"og:type\" content=\"article\" \/>\n<meta property=\"og:title\" content=\"Prefeito David Almeida recebe \u2018Selo Caixa Gest\u00e3o Sustent\u00e1vel\u2019 por boas pr\u00e1ticas de governan\u00e7a e responsabilidade socioambiental da gest\u00e3o municipal\" \/>\n<meta property=\"og:description\" content=\"O prefeito de Manaus, David Almeida, recebeu, na manh\u00e3 desta ter\u00e7a-feira, 23\/9, o \u201cSelo Caixa Gest\u00e3o Sustent\u00e1vel\u201d concedido \u00e0 Prefeitura de Manaus, em solenidade no audit\u00f3rio do mirante L\u00facia Almeida, no Centro.\" \/>\n<meta property=\"og:url\" content=\"https:\/\/www.manaus.am.gov.br\/semcom\/prefeitura-selocaixagestaosustentavel\/\" \/>\n<meta property=\"og:site_name\" content=\"SEMCOM\" \/>\n<meta property=\"article:published_time\" content=\"2025-09-23T23:39:46+00:00\" \/>\n<meta property=\"article:modified_time\" content=\"2025-09-25T13:22:03+00:00\" \/>\n<meta property=\"og:image\" content=\"https:\/\/www.manaus.am.gov.br\/semcom\/wp-content\/uploads\/sites\/5\/2025\/09\/54807392326_c8b3acff21_c.jpg\" \/>\n\t<meta property=\"og:image:width\" content=\"799\" \/>\n\t<meta property=\"og:image:height\" content=\"533\" \/>\n\t<meta property=\"og:image:type\" content=\"image\/jpeg\" \/>\n<meta name=\"author\" content=\"Adriana Costa\" \/>\n<meta name=\"twitter:card\" content=\"summary_large_image\" \/>\n<meta name=\"twitter:label1\" content=\"Written by\" \/>\n\t<meta name=\"twitter:data1\" content=\"Adriana Costa\" \/>\n\t<meta name=\"twitter:label2\" content=\"Est. reading time\" \/>\n\t<meta name=\"twitter:data2\" content=\"5 minutos\" \/>\n<script type=\"application\/ld+json\" class=\"yoast-schema-graph\">{\"@context\":\"https:\/\/schema.org\",\"@graph\":[{\"@type\":\"WebPage\",\"@id\":\"https:\/\/www.manaus.am.gov.br\/semcom\/prefeitura-selocaixagestaosustentavel\/\",\"url\":\"https:\/\/www.manaus.am.gov.br\/semcom\/prefeitura-selocaixagestaosustentavel\/\",\"name\":\"Prefeito David Almeida recebe \u2018Selo Caixa Gest\u00e3o Sustent\u00e1vel\u2019 por boas pr\u00e1ticas de governan\u00e7a e responsabilidade socioambiental da gest\u00e3o municipal\",\"isPartOf\":{\"@id\":\"https:\/\/www.manaus.am.gov.br\/semcom\/#website\"},\"primaryImageOfPage\":{\"@id\":\"https:\/\/www.manaus.am.gov.br\/semcom\/prefeitura-selocaixagestaosustentavel\/#primaryimage\"},\"image\":{\"@id\":\"https:\/\/www.manaus.am.gov.br\/semcom\/prefeitura-selocaixagestaosustentavel\/#primaryimage\"},\"thumbnailUrl\":\"https:\/\/www.manaus.am.gov.br\/semcom\/wp-content\/uploads\/sites\/5\/2025\/09\/54807392326_c8b3acff21_c.jpg\",\"datePublished\":\"2025-09-23T23:39:46+00:00\",\"dateModified\":\"2025-09-25T13:22:03+00:00\",\"author\":{\"@id\":\"https:\/\/www.manaus.am.gov.br\/semcom\/#\/schema\/person\/4e49f4e267757a06ca072ec61b2b9968\"},\"description\":\"O prefeito de Manaus, David Almeida, recebeu, na manh\u00e3 desta ter\u00e7a-feira, 23\/9, o \u201cSelo Caixa Gest\u00e3o Sustent\u00e1vel\u201d concedido \u00e0 Prefeitura de Manaus, em solenidade no audit\u00f3rio do mirante L\u00facia Almeida, no Centro.\",\"inLanguage\":\"pt-BR\",\"potentialAction\":[{\"@type\":\"ReadAction\",\"target\":[\"https:\/\/www.manaus.am.gov.br\/semcom\/prefeitura-selocaixagestaosustentavel\/\"]}]},{\"@type\":\"ImageObject\",\"inLanguage\":\"pt-BR\",\"@id\":\"https:\/\/www.manaus.am.gov.br\/semcom\/prefeitura-selocaixagestaosustentavel\/#primaryimage\",\"url\":\"https:\/\/www.manaus.am.gov.br\/semcom\/wp-content\/uploads\/sites\/5\/2025\/09\/54807392326_c8b3acff21_c.jpg\",\"contentUrl\":\"https:\/\/www.manaus.am.gov.br\/semcom\/wp-content\/uploads\/sites\/5\/2025\/09\/54807392326_c8b3acff21_c.jpg\",\"width\":799,\"height\":533},{\"@type\":\"WebSite\",\"@id\":\"https:\/\/www.manaus.am.gov.br\/semcom\/#website\",\"url\":\"https:\/\/www.manaus.am.gov.br\/semcom\/\",\"name\":\"SEMCOM\",\"description\":\"Secretaria Municipal de Comunica\u00e7\u00e3o\",\"potentialAction\":[{\"@type\":\"SearchAction\",\"target\":{\"@type\":\"EntryPoint\",\"urlTemplate\":\"https:\/\/www.manaus.am.gov.br\/semcom\/?s={search_term_string}\"},\"query-input\":\"required name=search_term_string\"}],\"inLanguage\":\"pt-BR\"},{\"@type\":\"Person\",\"@id\":\"https:\/\/www.manaus.am.gov.br\/semcom\/#\/schema\/person\/4e49f4e267757a06ca072ec61b2b9968\",\"name\":\"Adriana Costa\",\"image\":{\"@type\":\"ImageObject\",\"inLanguage\":\"pt-BR\",\"@id\":\"https:\/\/www.manaus.am.gov.br\/semcom\/#\/schema\/person\/image\/\",\"url\":\"https:\/\/secure.gravatar.com\/avatar\/576258617ef7194f718179e766d57bd4?s=96&d=mm&r=g\",\"contentUrl\":\"https:\/\/secure.gravatar.com\/avatar\/576258617ef7194f718179e766d57bd4?s=96&d=mm&r=g\",\"caption\":\"Adriana Costa\"}}]}<\/script>\n<!-- \/ Yoast SEO plugin. -->","yoast_head_json":{"title":"Prefeito David Almeida recebe \u2018Selo Caixa Gest\u00e3o Sustent\u00e1vel\u2019 por boas pr\u00e1ticas de governan\u00e7a e responsabilidade socioambiental da gest\u00e3o municipal","description":"O prefeito de Manaus, David Almeida, recebeu, na manh\u00e3 desta ter\u00e7a-feira, 23\/9, o \u201cSelo Caixa Gest\u00e3o Sustent\u00e1vel\u201d concedido \u00e0 Prefeitura de Manaus, em solenidade no audit\u00f3rio do mirante L\u00facia Almeida, no Centro.","robots":{"index":"index","follow":"follow","max-snippet":"max-snippet:-1","max-image-preview":"max-image-preview:large","max-video-preview":"max-video-preview:-1"},"canonical":"https:\/\/www.manaus.am.gov.br\/semcom\/prefeitura-selocaixagestaosustentavel\/","og_locale":"pt_BR","og_type":"article","og_title":"Prefeito David Almeida recebe \u2018Selo Caixa Gest\u00e3o Sustent\u00e1vel\u2019 por boas pr\u00e1ticas de governan\u00e7a e responsabilidade socioambiental da gest\u00e3o municipal","og_description":"O prefeito de Manaus, David Almeida, recebeu, na manh\u00e3 desta ter\u00e7a-feira, 23\/9, o \u201cSelo Caixa Gest\u00e3o Sustent\u00e1vel\u201d concedido \u00e0 Prefeitura de Manaus, em solenidade no audit\u00f3rio do mirante L\u00facia Almeida, no Centro.","og_url":"https:\/\/www.manaus.am.gov.br\/semcom\/prefeitura-selocaixagestaosustentavel\/","og_site_name":"SEMCOM","article_published_time":"2025-09-23T23:39:46+00:00","article_modified_time":"2025-09-25T13:22:03+00:00","og_image":[{"width":799,"height":533,"url":"https:\/\/www.manaus.am.gov.br\/semcom\/wp-content\/uploads\/sites\/5\/2025\/09\/54807392326_c8b3acff21_c.jpg","type":"image\/jpeg"}],"author":"Adriana Costa","twitter_card":"summary_large_image","twitter_misc":{"Written by":"Adriana Costa","Est. reading time":"5 minutos"},"schema":{"@context":"https:\/\/schema.org","@graph":[{"@type":"WebPage","@id":"https:\/\/www.manaus.am.gov.br\/semcom\/prefeitura-selocaixagestaosustentavel\/","url":"https:\/\/www.manaus.am.gov.br\/semcom\/prefeitura-selocaixagestaosustentavel\/","name":"Prefeito David Almeida recebe \u2018Selo Caixa Gest\u00e3o Sustent\u00e1vel\u2019 por boas pr\u00e1ticas de governan\u00e7a e responsabilidade socioambiental da gest\u00e3o municipal","isPartOf":{"@id":"https:\/\/www.manaus.am.gov.br\/semcom\/#website"},"primaryImageOfPage":{"@id":"https:\/\/www.manaus.am.gov.br\/semcom\/prefeitura-selocaixagestaosustentavel\/#primaryimage"},"image":{"@id":"https:\/\/www.manaus.am.gov.br\/semcom\/prefeitura-selocaixagestaosustentavel\/#primaryimage"},"thumbnailUrl":"https:\/\/www.manaus.am.gov.br\/semcom\/wp-content\/uploads\/sites\/5\/2025\/09\/54807392326_c8b3acff21_c.jpg","datePublished":"2025-09-23T23:39:46+00:00","dateModified":"2025-09-25T13:22:03+00:00","author":{"@id":"https:\/\/www.manaus.am.gov.br\/semcom\/#\/schema\/person\/4e49f4e267757a06ca072ec61b2b9968"},"description":"O prefeito de Manaus, David Almeida, recebeu, na manh\u00e3 desta ter\u00e7a-feira, 23\/9, o \u201cSelo Caixa Gest\u00e3o Sustent\u00e1vel\u201d concedido \u00e0 Prefeitura de Manaus, em solenidade no audit\u00f3rio do mirante L\u00facia Almeida, no Centro.","inLanguage":"pt-BR","potentialAction":[{"@type":"ReadAction","target":["https:\/\/www.manaus.am.gov.br\/semcom\/prefeitura-selocaixagestaosustentavel\/"]}]},{"@type":"ImageObject","inLanguage":"pt-BR","@id":"https:\/\/www.manaus.am.gov.br\/semcom\/prefeitura-selocaixagestaosustentavel\/#primaryimage","url":"https:\/\/www.manaus.am.gov.br\/semcom\/wp-content\/uploads\/sites\/5\/2025\/09\/54807392326_c8b3acff21_c.jpg","contentUrl":"https:\/\/www.manaus.am.gov.br\/semcom\/wp-content\/uploads\/sites\/5\/2025\/09\/54807392326_c8b3acff21_c.jpg","width":799,"height":533},{"@type":"WebSite","@id":"https:\/\/www.manaus.am.gov.br\/semcom\/#website","url":"https:\/\/www.manaus.am.gov.br\/semcom\/","name":"SEMCOM","description":"Secretaria Municipal de Comunica\u00e7\u00e3o","potentialAction":[{"@type":"SearchAction","target":{"@type":"EntryPoint","urlTemplate":"https:\/\/www.manaus.am.gov.br\/semcom\/?s={search_term_string}"},"query-input":"required name=search_term_string"}],"inLanguage":"pt-BR"},{"@type":"Person","@id":"https:\/\/www.manaus.am.gov.br\/semcom\/#\/schema\/person\/4e49f4e267757a06ca072ec61b2b9968","name":"Adriana Costa","image":{"@type":"ImageObject","inLanguage":"pt-BR","@id":"https:\/\/www.manaus.am.gov.br\/semcom\/#\/schema\/person\/image\/","url":"https:\/\/secure.gravatar.com\/avatar\/576258617ef7194f718179e766d57bd4?s=96&d=mm&r=g","contentUrl":"https:\/\/secure.gravatar.com\/avatar\/576258617ef7194f718179e766d57bd4?s=96&d=mm&r=g","caption":"Adriana Costa"}}]}},"_links":{"self":[{"href":"https:\/\/www.manaus.am.gov.br\/semcom\/wp-json\/wp\/v2\/posts\/246072"}],"collection":[{"href":"https:\/\/www.manaus.am.gov.br\/semcom\/wp-json\/wp\/v2\/posts"}],"about":[{"href":"https:\/\/www.manaus.am.gov.br\/semcom\/wp-json\/wp\/v2\/types\/post"}],"author":[{"embeddable":true,"href":"https:\/\/www.manaus.am.gov.br\/semcom\/wp-json\/wp\/v2\/users\/23"}],"replies":[{"embeddable":true,"href":"https:\/\/www.manaus.am.gov.br\/semcom\/wp-json\/wp\/v2\/comments?post=246072"}],"version-history":[{"count":1,"href":"https:\/\/www.manaus.am.gov.br\/semcom\/wp-json\/wp\/v2\/posts\/246072\/revisions"}],"predecessor-version":[{"id":246074,"href":"https:\/\/www.manaus.am.gov.br\/semcom\/wp-json\/wp\/v2\/posts\/246072\/revisions\/246074"}],"wp:featuredmedia":[{"embeddable":true,"href":"https:\/\/www.manaus.am.gov.br\/semcom\/wp-json\/wp\/v2\/media\/246075"}],"wp:attachment":[{"href":"https:\/\/www.manaus.am.gov.br\/semcom\/wp-json\/wp\/v2\/media?parent=246072"}],"wp:term":[{"taxonomy":"category","embeddable":true,"href":"https:\/\/www.manaus.am.gov.br\/semcom\/wp-json\/wp\/v2\/categories?post=246072"},{"taxonomy":"post_tag","embeddable":true,"href":"https:\/\/www.manaus.am.gov.br\/semcom\/wp-json\/wp\/v2\/tags?post=246072"}],"curies":[{"name":"wp","href":"https:\/\/api.w.org\/{rel}","templated":true}]}}