{"id":246068,"date":"2025-09-23T18:40:52","date_gmt":"2025-09-23T21:40:52","guid":{"rendered":"https:\/\/www.manaus.am.gov.br\/semcom\/prefeitura-semed-encerramento-setembroamarelo\/"},"modified":"2025-09-25T10:23:33","modified_gmt":"2025-09-25T13:23:33","slug":"prefeitura-semed-encerramento-setembroamarelo","status":"publish","type":"post","link":"https:\/\/www.manaus.am.gov.br\/semcom\/prefeitura-semed-encerramento-setembroamarelo\/","title":{"rendered":"Prefeitura de Manaus promove evento do \u2018Setembro Amarelo\u2019 com participa\u00e7\u00e3o de 250 servidores"},"content":{"rendered":"\n<p>A Prefeitura de Manaus, por meio da Secretaria Municipal de Educa\u00e7\u00e3o (Semed), realizou, nesta ter\u00e7a-feira, 23\/9, o encerramento da campanha \u201cSetembro&nbsp;Amarelo\u201d, iniciativa nacional de preven\u00e7\u00e3o ao suic\u00eddio. Durante todo o m\u00eas, foram promovidas diversas atividades com foco na promo\u00e7\u00e3o da sa\u00fade mental e no incentivo \u00e0 busca por apoio emocional. O evento aconteceu no audit\u00f3rio da&nbsp;Semed, localizado no bairro Parque 10 de Novembro, zona Centro-Sul, e contou com a participa\u00e7\u00e3o de aproximadamente 250 servidores.&nbsp;<\/p>\n\n\n\n<p>O secret\u00e1rio de Educa\u00e7\u00e3o, J\u00fanior Mar, participou da atividade e destacou a import\u00e2ncia do cuidado mental e do apoio emocional.&nbsp;\u201cAcredito que a antecipa\u00e7\u00e3o \u00e9 primordial para termos mais sa\u00fade mental, sa\u00fade f\u00edsica e para que nossos servidores apresentem maior produtividade e alegria no ambiente de trabalho\u201d,&nbsp;comentou o titular da pasta.&nbsp;&nbsp;<\/p>\n\n\n\n<p>A gerente de Desenvolvimento do Servidor,&nbsp;W\u00e2nia&nbsp;Braga, explicou que, durante a campanha, s\u00e3o abordados temas al\u00e9m da preven\u00e7\u00e3o ao suic\u00eddio.&nbsp;<\/p>\n\n\n\n<p>\u201cTrazemos tamb\u00e9m outras pautas relacionadas aos transtornos mentais. Assim, ampliamos o foco para um tema maior. Com isso, a secretaria procura preservar vidas e cuidar da sa\u00fade mental dos nossos servidores. Estamos dispon\u00edveis para apoiar professores e servidores no que for necess\u00e1rio, oferecendo momentos de escuta e acolhimento\u201d, ressaltou&nbsp;W\u00e2nia.&nbsp;<\/p>\n\n\n\n<p>Entre os pontos destacados, o psic\u00f3logo&nbsp;e&nbsp;palestrante&nbsp;do evento,&nbsp;Jo\u00e3o Silva J\u00fanior,&nbsp;enfatizou que a sa\u00fade mental n\u00e3o deve ser tratada individualmente, mas, sim, de forma coletiva.&nbsp;<\/p>\n\n\n\n<p>\u201cA sa\u00fade mental n\u00e3o se constr\u00f3i sozinha,&nbsp;\u00e9 um processo que fazemos em conjunto, trabalhando e trocando informa\u00e7\u00f5es com os outros, complementando estrat\u00e9gias coletivamente. A sa\u00fade mental n\u00e3o \u00e9 apenas te\u00f3rica, \u00e9 pr\u00e1tica, di\u00e1ria e constante. N\u00e3o \u00e9 algo feito por uma \u00fanica pessoa, mas uma constru\u00e7\u00e3o coletiva, uma a\u00e7\u00e3o em grupo\u201d, destacou o psic\u00f3logo Jo\u00e3o.&nbsp;<\/p>\n\n\n\n<p>&#8212; &#8212; &#8212;<\/p>\n\n\n\n<p><strong>Texto\u00a0<\/strong>&#8211; Emerson Santos\/\u00a0Semed\u00a0<\/p>\n\n\n\n<p><strong>Foto\u00a0<\/strong>&#8211;\u00a0Eliton\u00a0Santos\/\u00a0Semed\u00a0<\/p>\n\n\n\n<p><strong>Dispon\u00edveis em <\/strong>&#8211; <a href=\"https:\/\/flic.kr\/s\/aHBqjCv4tm\">https:\/\/flic.kr\/s\/aHBqjCv4tm<\/a><\/p>\n","protected":false},"excerpt":{"rendered":"","protected":false},"author":23,"featured_media":246069,"comment_status":"closed","ping_status":"closed","sticky":false,"template":"","format":"standard","meta":{"footnotes":""},"categories":[289],"tags":[269,77,288,62,919,3137],"acf":[],"yoast_head":"<!-- This site is optimized with the Yoast SEO plugin v23.0 - https:\/\/yoast.com\/wordpress\/plugins\/seo\/ -->\n<title>Prefeitura de Manaus promove evento do \u2018Setembro Amarelo\u2019 com participa\u00e7\u00e3o de 250 servidores<\/title>\n<meta name=\"description\" content=\"A Prefeitura de Manaus, por meio da Secretaria Municipal de Educa\u00e7\u00e3o (Semed), realizou, nesta ter\u00e7a-feira, 23\/9, o encerramento da campanha \u201cSetembro Amarelo\u201d, iniciativa nacional de preven\u00e7\u00e3o ao suic\u00eddio.\" \/>\n<meta name=\"robots\" content=\"index, follow, max-snippet:-1, max-image-preview:large, max-video-preview:-1\" \/>\n<link rel=\"canonical\" href=\"https:\/\/www.manaus.am.gov.br\/semcom\/prefeitura-semed-encerramento-setembroamarelo\/\" \/>\n<meta property=\"og:locale\" content=\"pt_BR\" \/>\n<meta property=\"og:type\" content=\"article\" \/>\n<meta property=\"og:title\" content=\"Prefeitura de Manaus promove evento do \u2018Setembro Amarelo\u2019 com participa\u00e7\u00e3o de 250 servidores\" \/>\n<meta property=\"og:description\" content=\"A Prefeitura de Manaus, por meio da Secretaria Municipal de Educa\u00e7\u00e3o (Semed), realizou, nesta ter\u00e7a-feira, 23\/9, o encerramento da campanha \u201cSetembro Amarelo\u201d, iniciativa nacional de preven\u00e7\u00e3o ao suic\u00eddio.\" \/>\n<meta property=\"og:url\" content=\"https:\/\/www.manaus.am.gov.br\/semcom\/prefeitura-semed-encerramento-setembroamarelo\/\" \/>\n<meta property=\"og:site_name\" content=\"SEMCOM\" \/>\n<meta property=\"article:published_time\" content=\"2025-09-23T21:40:52+00:00\" \/>\n<meta property=\"article:modified_time\" content=\"2025-09-25T13:23:33+00:00\" \/>\n<meta property=\"og:image\" content=\"https:\/\/www.manaus.am.gov.br\/semcom\/wp-content\/uploads\/sites\/5\/2025\/09\/54807777036_6a663ba1e8_c.jpg\" \/>\n\t<meta property=\"og:image:width\" content=\"799\" \/>\n\t<meta property=\"og:image:height\" content=\"533\" \/>\n\t<meta property=\"og:image:type\" content=\"image\/jpeg\" \/>\n<meta name=\"author\" content=\"Adriana Costa\" \/>\n<meta name=\"twitter:card\" content=\"summary_large_image\" \/>\n<meta name=\"twitter:label1\" content=\"Written by\" \/>\n\t<meta name=\"twitter:data1\" content=\"Adriana Costa\" \/>\n\t<meta name=\"twitter:label2\" content=\"Est. reading time\" \/>\n\t<meta name=\"twitter:data2\" content=\"2 minutos\" \/>\n<script type=\"application\/ld+json\" class=\"yoast-schema-graph\">{\"@context\":\"https:\/\/schema.org\",\"@graph\":[{\"@type\":\"WebPage\",\"@id\":\"https:\/\/www.manaus.am.gov.br\/semcom\/prefeitura-semed-encerramento-setembroamarelo\/\",\"url\":\"https:\/\/www.manaus.am.gov.br\/semcom\/prefeitura-semed-encerramento-setembroamarelo\/\",\"name\":\"Prefeitura de Manaus promove evento do \u2018Setembro Amarelo\u2019 com participa\u00e7\u00e3o de 250 servidores\",\"isPartOf\":{\"@id\":\"https:\/\/www.manaus.am.gov.br\/semcom\/#website\"},\"primaryImageOfPage\":{\"@id\":\"https:\/\/www.manaus.am.gov.br\/semcom\/prefeitura-semed-encerramento-setembroamarelo\/#primaryimage\"},\"image\":{\"@id\":\"https:\/\/www.manaus.am.gov.br\/semcom\/prefeitura-semed-encerramento-setembroamarelo\/#primaryimage\"},\"thumbnailUrl\":\"https:\/\/www.manaus.am.gov.br\/semcom\/wp-content\/uploads\/sites\/5\/2025\/09\/54807777036_6a663ba1e8_c.jpg\",\"datePublished\":\"2025-09-23T21:40:52+00:00\",\"dateModified\":\"2025-09-25T13:23:33+00:00\",\"author\":{\"@id\":\"https:\/\/www.manaus.am.gov.br\/semcom\/#\/schema\/person\/4e49f4e267757a06ca072ec61b2b9968\"},\"description\":\"A Prefeitura de Manaus, por meio da Secretaria Municipal de Educa\u00e7\u00e3o (Semed), realizou, nesta ter\u00e7a-feira, 23\/9, o encerramento da campanha \u201cSetembro Amarelo\u201d, iniciativa nacional de preven\u00e7\u00e3o ao suic\u00eddio.\",\"inLanguage\":\"pt-BR\",\"potentialAction\":[{\"@type\":\"ReadAction\",\"target\":[\"https:\/\/www.manaus.am.gov.br\/semcom\/prefeitura-semed-encerramento-setembroamarelo\/\"]}]},{\"@type\":\"ImageObject\",\"inLanguage\":\"pt-BR\",\"@id\":\"https:\/\/www.manaus.am.gov.br\/semcom\/prefeitura-semed-encerramento-setembroamarelo\/#primaryimage\",\"url\":\"https:\/\/www.manaus.am.gov.br\/semcom\/wp-content\/uploads\/sites\/5\/2025\/09\/54807777036_6a663ba1e8_c.jpg\",\"contentUrl\":\"https:\/\/www.manaus.am.gov.br\/semcom\/wp-content\/uploads\/sites\/5\/2025\/09\/54807777036_6a663ba1e8_c.jpg\",\"width\":799,\"height\":533},{\"@type\":\"WebSite\",\"@id\":\"https:\/\/www.manaus.am.gov.br\/semcom\/#website\",\"url\":\"https:\/\/www.manaus.am.gov.br\/semcom\/\",\"name\":\"SEMCOM\",\"description\":\"Secretaria Municipal de Comunica\u00e7\u00e3o\",\"potentialAction\":[{\"@type\":\"SearchAction\",\"target\":{\"@type\":\"EntryPoint\",\"urlTemplate\":\"https:\/\/www.manaus.am.gov.br\/semcom\/?s={search_term_string}\"},\"query-input\":\"required name=search_term_string\"}],\"inLanguage\":\"pt-BR\"},{\"@type\":\"Person\",\"@id\":\"https:\/\/www.manaus.am.gov.br\/semcom\/#\/schema\/person\/4e49f4e267757a06ca072ec61b2b9968\",\"name\":\"Adriana Costa\",\"image\":{\"@type\":\"ImageObject\",\"inLanguage\":\"pt-BR\",\"@id\":\"https:\/\/www.manaus.am.gov.br\/semcom\/#\/schema\/person\/image\/\",\"url\":\"https:\/\/secure.gravatar.com\/avatar\/576258617ef7194f718179e766d57bd4?s=96&d=mm&r=g\",\"contentUrl\":\"https:\/\/secure.gravatar.com\/avatar\/576258617ef7194f718179e766d57bd4?s=96&d=mm&r=g\",\"caption\":\"Adriana Costa\"}}]}<\/script>\n<!-- \/ Yoast SEO plugin. -->","yoast_head_json":{"title":"Prefeitura de Manaus promove evento do \u2018Setembro Amarelo\u2019 com participa\u00e7\u00e3o de 250 servidores","description":"A Prefeitura de Manaus, por meio da Secretaria Municipal de Educa\u00e7\u00e3o (Semed), realizou, nesta ter\u00e7a-feira, 23\/9, o encerramento da campanha \u201cSetembro Amarelo\u201d, iniciativa nacional de preven\u00e7\u00e3o ao suic\u00eddio.","robots":{"index":"index","follow":"follow","max-snippet":"max-snippet:-1","max-image-preview":"max-image-preview:large","max-video-preview":"max-video-preview:-1"},"canonical":"https:\/\/www.manaus.am.gov.br\/semcom\/prefeitura-semed-encerramento-setembroamarelo\/","og_locale":"pt_BR","og_type":"article","og_title":"Prefeitura de Manaus promove evento do \u2018Setembro Amarelo\u2019 com participa\u00e7\u00e3o de 250 servidores","og_description":"A Prefeitura de Manaus, por meio da Secretaria Municipal de Educa\u00e7\u00e3o (Semed), realizou, nesta ter\u00e7a-feira, 23\/9, o encerramento da campanha \u201cSetembro Amarelo\u201d, iniciativa nacional de preven\u00e7\u00e3o ao suic\u00eddio.","og_url":"https:\/\/www.manaus.am.gov.br\/semcom\/prefeitura-semed-encerramento-setembroamarelo\/","og_site_name":"SEMCOM","article_published_time":"2025-09-23T21:40:52+00:00","article_modified_time":"2025-09-25T13:23:33+00:00","og_image":[{"width":799,"height":533,"url":"https:\/\/www.manaus.am.gov.br\/semcom\/wp-content\/uploads\/sites\/5\/2025\/09\/54807777036_6a663ba1e8_c.jpg","type":"image\/jpeg"}],"author":"Adriana Costa","twitter_card":"summary_large_image","twitter_misc":{"Written by":"Adriana Costa","Est. reading time":"2 minutos"},"schema":{"@context":"https:\/\/schema.org","@graph":[{"@type":"WebPage","@id":"https:\/\/www.manaus.am.gov.br\/semcom\/prefeitura-semed-encerramento-setembroamarelo\/","url":"https:\/\/www.manaus.am.gov.br\/semcom\/prefeitura-semed-encerramento-setembroamarelo\/","name":"Prefeitura de Manaus promove evento do \u2018Setembro Amarelo\u2019 com participa\u00e7\u00e3o de 250 servidores","isPartOf":{"@id":"https:\/\/www.manaus.am.gov.br\/semcom\/#website"},"primaryImageOfPage":{"@id":"https:\/\/www.manaus.am.gov.br\/semcom\/prefeitura-semed-encerramento-setembroamarelo\/#primaryimage"},"image":{"@id":"https:\/\/www.manaus.am.gov.br\/semcom\/prefeitura-semed-encerramento-setembroamarelo\/#primaryimage"},"thumbnailUrl":"https:\/\/www.manaus.am.gov.br\/semcom\/wp-content\/uploads\/sites\/5\/2025\/09\/54807777036_6a663ba1e8_c.jpg","datePublished":"2025-09-23T21:40:52+00:00","dateModified":"2025-09-25T13:23:33+00:00","author":{"@id":"https:\/\/www.manaus.am.gov.br\/semcom\/#\/schema\/person\/4e49f4e267757a06ca072ec61b2b9968"},"description":"A Prefeitura de Manaus, por meio da Secretaria Municipal de Educa\u00e7\u00e3o (Semed), realizou, nesta ter\u00e7a-feira, 23\/9, o encerramento da campanha \u201cSetembro Amarelo\u201d, iniciativa nacional de preven\u00e7\u00e3o ao suic\u00eddio.","inLanguage":"pt-BR","potentialAction":[{"@type":"ReadAction","target":["https:\/\/www.manaus.am.gov.br\/semcom\/prefeitura-semed-encerramento-setembroamarelo\/"]}]},{"@type":"ImageObject","inLanguage":"pt-BR","@id":"https:\/\/www.manaus.am.gov.br\/semcom\/prefeitura-semed-encerramento-setembroamarelo\/#primaryimage","url":"https:\/\/www.manaus.am.gov.br\/semcom\/wp-content\/uploads\/sites\/5\/2025\/09\/54807777036_6a663ba1e8_c.jpg","contentUrl":"https:\/\/www.manaus.am.gov.br\/semcom\/wp-content\/uploads\/sites\/5\/2025\/09\/54807777036_6a663ba1e8_c.jpg","width":799,"height":533},{"@type":"WebSite","@id":"https:\/\/www.manaus.am.gov.br\/semcom\/#website","url":"https:\/\/www.manaus.am.gov.br\/semcom\/","name":"SEMCOM","description":"Secretaria Municipal de Comunica\u00e7\u00e3o","potentialAction":[{"@type":"SearchAction","target":{"@type":"EntryPoint","urlTemplate":"https:\/\/www.manaus.am.gov.br\/semcom\/?s={search_term_string}"},"query-input":"required name=search_term_string"}],"inLanguage":"pt-BR"},{"@type":"Person","@id":"https:\/\/www.manaus.am.gov.br\/semcom\/#\/schema\/person\/4e49f4e267757a06ca072ec61b2b9968","name":"Adriana Costa","image":{"@type":"ImageObject","inLanguage":"pt-BR","@id":"https:\/\/www.manaus.am.gov.br\/semcom\/#\/schema\/person\/image\/","url":"https:\/\/secure.gravatar.com\/avatar\/576258617ef7194f718179e766d57bd4?s=96&d=mm&r=g","contentUrl":"https:\/\/secure.gravatar.com\/avatar\/576258617ef7194f718179e766d57bd4?s=96&d=mm&r=g","caption":"Adriana Costa"}}]}},"_links":{"self":[{"href":"https:\/\/www.manaus.am.gov.br\/semcom\/wp-json\/wp\/v2\/posts\/246068"}],"collection":[{"href":"https:\/\/www.manaus.am.gov.br\/semcom\/wp-json\/wp\/v2\/posts"}],"about":[{"href":"https:\/\/www.manaus.am.gov.br\/semcom\/wp-json\/wp\/v2\/types\/post"}],"author":[{"embeddable":true,"href":"https:\/\/www.manaus.am.gov.br\/semcom\/wp-json\/wp\/v2\/users\/23"}],"replies":[{"embeddable":true,"href":"https:\/\/www.manaus.am.gov.br\/semcom\/wp-json\/wp\/v2\/comments?post=246068"}],"version-history":[{"count":1,"href":"https:\/\/www.manaus.am.gov.br\/semcom\/wp-json\/wp\/v2\/posts\/246068\/revisions"}],"predecessor-version":[{"id":246135,"href":"https:\/\/www.manaus.am.gov.br\/semcom\/wp-json\/wp\/v2\/posts\/246068\/revisions\/246135"}],"wp:featuredmedia":[{"embeddable":true,"href":"https:\/\/www.manaus.am.gov.br\/semcom\/wp-json\/wp\/v2\/media\/246069"}],"wp:attachment":[{"href":"https:\/\/www.manaus.am.gov.br\/semcom\/wp-json\/wp\/v2\/media?parent=246068"}],"wp:term":[{"taxonomy":"category","embeddable":true,"href":"https:\/\/www.manaus.am.gov.br\/semcom\/wp-json\/wp\/v2\/categories?post=246068"},{"taxonomy":"post_tag","embeddable":true,"href":"https:\/\/www.manaus.am.gov.br\/semcom\/wp-json\/wp\/v2\/tags?post=246068"}],"curies":[{"name":"wp","href":"https:\/\/api.w.org\/{rel}","templated":true}]}}