{"id":246013,"date":"2025-09-22T21:10:33","date_gmt":"2025-09-23T00:10:33","guid":{"rendered":"https:\/\/www.manaus.am.gov.br\/semcom\/combate-a-queimadas\/"},"modified":"2025-09-22T21:35:09","modified_gmt":"2025-09-23T00:35:09","slug":"combate-a-queimadas","status":"publish","type":"post","link":"https:\/\/www.manaus.am.gov.br\/semcom\/combate-a-queimadas\/","title":{"rendered":"Prefeitura realiza a\u00e7\u00f5es de preven\u00e7\u00e3o, monitoramento e atendimento de den\u00fancias de queimadas"},"content":{"rendered":"\n<p>A Prefeitura de Manaus, por meio do Comit\u00ea Municipal de Combate \u00e0s Queimadas, composto por 10 secretarias, trabalha a\u00e7\u00f5es de forma integrada, para coibir a pr\u00e1tica de queima de res\u00edduos e de vegeta\u00e7\u00e3o, evitando a fuma\u00e7a que \u00e9 prejudicial \u00e0 sa\u00fade da popula\u00e7\u00e3o e ao meio ambiente. De 1\u00ba de julho a 21 de setembro de 2025, foram registrados apenas 4 focos de calor em Manaus, o que corresponde a 0,14% do total de 2.835 ocorr\u00eancias apontadas nos dados do Instituto Nacional de Pesquisas Espaciais (Inpe), em todo o Amazonas. <\/p>\n\n\n\n<p>\u201cMesmo Manaus n\u00e3o sendo respons\u00e1vel pelo cen\u00e1rio de fuma\u00e7a que costuma acontecer entre os meses de agosto a outubro, a gest\u00e3o do prefeito David Almeida se antecipa com campanhas orientativas, com o monitoramento, a\u00e7\u00f5es de educa\u00e7\u00e3o ambiental e de fiscaliza\u00e7\u00e3o, al\u00e9m do di\u00e1logo com os munic\u00edpios da regi\u00e3o metropolitana e com o governo do estado, com foco na qualidade de vida da popula\u00e7\u00e3o e do meio ambiente como um todo\u201d, destacou o titular da Secretaria Municipal do Meio Ambiente e Mudan\u00e7a do Clima (Semmasclima), Fransu\u00e1 Matos.<\/p>\n\n\n\n<p>Queimar res\u00edduos e vegeta\u00e7\u00e3o \u00e9 crime previsto no C\u00f3digo Ambiental de Manaus (Lei \u2116 605\/2001). A gest\u00e3o municipal disp\u00f5e de um painel de monitoramento que envolve dados do Inpe, da Semmasclima e da Secretaria Municipal de Seguran\u00e7a P\u00fablica e Defesa Social (Semseg). De acordo com informa\u00e7\u00f5es da Semmasclima, que coordena o comit\u00ea, de 1\u00ba de julho a 21 de setembro de 2025, foram recebidas 34 den\u00fancias de queimadas de pequena dimens\u00e3o, que n\u00e3o chegam a interferir no cen\u00e1rio de fuma\u00e7a, o qual costuma ocorrer entre os meses de agosto a outubro, no estado do Amazonas.<\/p>\n\n\n\n<p>Dos 2.835 focos de calor detectados pelo Inpe, 218 s\u00e3o de munic\u00edpios da Regi\u00e3o Metropolitana de Manaus (RMM) e 2.617 do interior do estado do Amazonas. As ocorr\u00eancias est\u00e3o distribu\u00eddas por munic\u00edpios como: Apu\u00ed (499), Novo Aripuan\u00e3 (337), Humait\u00e1 (296) Canutama (272), L\u00e1brea (247), Manicor\u00e9 (219), Mau\u00e9s (122), Boca do Acre (107), Pauini (70), Envira (64), Autazes (62), Borba (48), Tapau\u00e1 (45),&nbsp; Itacoatiara (39), Careiro da V\u00e1rzea (38), Alvar\u00e3es (32), Ipixuna (27), Guajar\u00e1 (25), Tef\u00e9 (21), Coari (20), Eirunep\u00e9 (20), Caapiranga (19), Manacapuru (19), Careiro Castanho (17), Beruri (14), Manaquiri (12), Uarini (11), Parintins (9), Urucurituba (9), Barreirinha (8), Juta\u00ed (8), Nova Olinda do Norte (8) Manaquiri (12), Rio Preto da Eva (8), Itapiranga (7), S\u00e3o Sebasti\u00e3o do Uatum\u00e3 (7), Itamarati (6), Presidente Figueiredo (6), Tonantins (6), Carauari (5), Nhamund\u00e1 (5), Anam\u00e3 (4), Manaus (4), Tabatinga (4), Codaj\u00e1s (3) Novo Air\u00e3o (3), Santo Ant\u00f4nio do I\u00e7\u00e1 (3), Silves (3), Urucar\u00e1 (3), Amatur\u00e1 (2), Atalaia do Norte (2), Barcelos (2), Boa Vista do Ramos (2), S\u00e3o Gabriel da Cachoeira (2), Anori (1), Bejamin Contant (1), Fonte Boa (1) e S\u00e3o Paulo de Oliven\u00e7a (1).<\/p>\n\n\n\n<p><strong>A\u00e7\u00f5es&nbsp;<\/strong><\/p>\n\n\n\n<p>A Prefeitura de Manaus possui a\u00e7\u00f5es preventivas para o enfrentamento de queimadas e de fuma\u00e7a, comprometidas com a qualidade do meio ambiente, como veicula\u00e7\u00e3o de v\u00eddeos informativos; blitze orientativas em pontos estrat\u00e9gicos da cidade; a\u00e7\u00f5es de educa\u00e7\u00e3o ambiental em escolas e comunidades onde h\u00e1 o maior registro de ocorr\u00eancias de queimadas de menores propor\u00e7\u00f5es; atividades com produtores rurais sobre o uso correto do solo, al\u00e9m do monitoramento realizado com uso de drones e da fiscaliza\u00e7\u00e3o e atendimento de den\u00fancias.<\/p>\n\n\n\n<p>Diariamente, a Semmasclima realiza a irriga\u00e7\u00e3o tanto de mudas plantadas, quanto de \u00e1reas verdes, com o objetivo de deix\u00e1-las \u00famidas, evitando um poss\u00edvel alastramento de fogo. No per\u00edodo de fuma\u00e7a, a Secretaria Municipal de Sa\u00fade (Semsa) possui protocolo espec\u00edfico com orienta\u00e7\u00f5es de uso de m\u00e1scara, refor\u00e7o na hidrata\u00e7\u00e3o, manter ambientes fechados e umidificados, evitar atividades f\u00edsicas ao ar livre e buscar ajuda m\u00e9dica em caso de dificuldade para respirar, tosse persistente, irrita\u00e7\u00e3o nos olhos ou garganta.<br><\/p>\n\n\n\n<p>O Comit\u00ea Municipal de Combate \u00e0s Queimadas \u00e9 vinculado \u00e0 Semmasclima e conta com a participa\u00e7\u00e3o deliberativa de outras nove pastas da gest\u00e3o municipal: Casa Civil, Conselho Municipal de Gest\u00e3o Estrat\u00e9gica (CMGE), Centro de Coopera\u00e7\u00e3o da Cidade (CCC), e as secretarias municipais de Limpeza Urbana (Semulsp), de Educa\u00e7\u00e3o (Semed), de Sa\u00fade (Semsa), de Seguran\u00e7a P\u00fablica e Defesa Social (Semseg), da Mulher, Assist\u00eancia Social e Cidadania (Semasc) e de Comunica\u00e7\u00e3o (Semcom).<\/p>\n\n\n\n<p><strong>Como denunciar queimadas<\/strong><\/p>\n\n\n\n<p>Para denunciar uma ocorr\u00eancia de queima de res\u00edduos ou de vegeta\u00e7\u00e3o, o primeiro passo \u00e9 fazer fotos e v\u00eddeos que comprovem a situa\u00e7\u00e3o. Em seguida, \u00e9 importante ter o endere\u00e7o completo do local e ligar para o n\u00famero 153 \u2013 da Guarda Municipal. As fotos e v\u00eddeos, bem como o localizador devem ser enviados para o WhatsApp da Guarda Municipal (92) 3675-8108. A den\u00fancia tamb\u00e9m pode ser protocolada e acompanhada por meio do site: <a href=\"http:\/\/slim.manaus.am.gov.br\">slim.manaus.am.gov.br<\/a>.&nbsp;<\/p>\n\n\n\n<p>\u2014 \u2014 \u2014<br><strong>Texto e fotos &#8211; <\/strong>Taianna Castro \/ Semmasclima<\/p>\n","protected":false},"excerpt":{"rendered":"","protected":false},"author":68,"featured_media":246014,"comment_status":"closed","ping_status":"closed","sticky":false,"template":"","format":"standard","meta":{"footnotes":""},"categories":[16790],"tags":[17035,17036,17037,77,9959],"acf":[],"yoast_head":"<!-- This site is optimized with the Yoast SEO plugin v23.0 - https:\/\/yoast.com\/wordpress\/plugins\/seo\/ -->\n<title>Prefeitura realiza a\u00e7\u00f5es de combate a queimadas<\/title>\n<meta name=\"description\" content=\"A Prefeitura de Manaus trabalha a\u00e7\u00f5es de forma integrada, para coibir a pr\u00e1tica de queima de res\u00edduos e de vegeta\u00e7\u00e3o.\" \/>\n<meta name=\"robots\" content=\"index, follow, max-snippet:-1, max-image-preview:large, max-video-preview:-1\" \/>\n<link rel=\"canonical\" href=\"https:\/\/www.manaus.am.gov.br\/semcom\/combate-a-queimadas\/\" \/>\n<meta property=\"og:locale\" content=\"pt_BR\" \/>\n<meta property=\"og:type\" content=\"article\" \/>\n<meta property=\"og:title\" content=\"Prefeitura realiza a\u00e7\u00f5es de combate a queimadas\" \/>\n<meta property=\"og:description\" content=\"A Prefeitura de Manaus trabalha a\u00e7\u00f5es de forma integrada, para coibir a pr\u00e1tica de queima de res\u00edduos e de vegeta\u00e7\u00e3o.\" \/>\n<meta property=\"og:url\" content=\"https:\/\/www.manaus.am.gov.br\/semcom\/combate-a-queimadas\/\" \/>\n<meta property=\"og:site_name\" content=\"SEMCOM\" \/>\n<meta property=\"article:published_time\" content=\"2025-09-23T00:10:33+00:00\" \/>\n<meta property=\"article:modified_time\" content=\"2025-09-23T00:35:09+00:00\" \/>\n<meta property=\"og:image\" content=\"https:\/\/www.manaus.am.gov.br\/semcom\/wp-content\/uploads\/sites\/5\/2025\/09\/20250922_153258-1024x473.jpg\" \/>\n\t<meta property=\"og:image:width\" content=\"1024\" \/>\n\t<meta property=\"og:image:height\" content=\"473\" \/>\n\t<meta property=\"og:image:type\" content=\"image\/jpeg\" \/>\n<meta name=\"author\" content=\"bvalente\" \/>\n<meta name=\"twitter:card\" content=\"summary_large_image\" \/>\n<meta name=\"twitter:label1\" content=\"Written by\" \/>\n\t<meta name=\"twitter:data1\" content=\"bvalente\" \/>\n\t<meta name=\"twitter:label2\" content=\"Est. reading time\" \/>\n\t<meta name=\"twitter:data2\" content=\"5 minutos\" \/>\n<script type=\"application\/ld+json\" class=\"yoast-schema-graph\">{\"@context\":\"https:\/\/schema.org\",\"@graph\":[{\"@type\":\"WebPage\",\"@id\":\"https:\/\/www.manaus.am.gov.br\/semcom\/combate-a-queimadas\/\",\"url\":\"https:\/\/www.manaus.am.gov.br\/semcom\/combate-a-queimadas\/\",\"name\":\"Prefeitura realiza a\u00e7\u00f5es de combate a queimadas\",\"isPartOf\":{\"@id\":\"https:\/\/www.manaus.am.gov.br\/semcom\/#website\"},\"primaryImageOfPage\":{\"@id\":\"https:\/\/www.manaus.am.gov.br\/semcom\/combate-a-queimadas\/#primaryimage\"},\"image\":{\"@id\":\"https:\/\/www.manaus.am.gov.br\/semcom\/combate-a-queimadas\/#primaryimage\"},\"thumbnailUrl\":\"https:\/\/www.manaus.am.gov.br\/semcom\/wp-content\/uploads\/sites\/5\/2025\/09\/20250922_153258.jpg\",\"datePublished\":\"2025-09-23T00:10:33+00:00\",\"dateModified\":\"2025-09-23T00:35:09+00:00\",\"author\":{\"@id\":\"https:\/\/www.manaus.am.gov.br\/semcom\/#\/schema\/person\/466a0e03ae4b6062809046bd560ac955\"},\"description\":\"A Prefeitura de Manaus trabalha a\u00e7\u00f5es de forma integrada, para coibir a pr\u00e1tica de queima de res\u00edduos e de vegeta\u00e7\u00e3o.\",\"inLanguage\":\"pt-BR\",\"potentialAction\":[{\"@type\":\"ReadAction\",\"target\":[\"https:\/\/www.manaus.am.gov.br\/semcom\/combate-a-queimadas\/\"]}]},{\"@type\":\"ImageObject\",\"inLanguage\":\"pt-BR\",\"@id\":\"https:\/\/www.manaus.am.gov.br\/semcom\/combate-a-queimadas\/#primaryimage\",\"url\":\"https:\/\/www.manaus.am.gov.br\/semcom\/wp-content\/uploads\/sites\/5\/2025\/09\/20250922_153258.jpg\",\"contentUrl\":\"https:\/\/www.manaus.am.gov.br\/semcom\/wp-content\/uploads\/sites\/5\/2025\/09\/20250922_153258.jpg\",\"width\":4000,\"height\":1848,\"caption\":\"#paratodosverem - Servidor da Semmasclima realizando o monitoramento de a\u00e7\u00f5es para coibir a pr\u00e1tica de queima de res\u00edduos e de vegeta\u00e7\u00e3o\"},{\"@type\":\"WebSite\",\"@id\":\"https:\/\/www.manaus.am.gov.br\/semcom\/#website\",\"url\":\"https:\/\/www.manaus.am.gov.br\/semcom\/\",\"name\":\"SEMCOM\",\"description\":\"Secretaria Municipal de Comunica\u00e7\u00e3o\",\"potentialAction\":[{\"@type\":\"SearchAction\",\"target\":{\"@type\":\"EntryPoint\",\"urlTemplate\":\"https:\/\/www.manaus.am.gov.br\/semcom\/?s={search_term_string}\"},\"query-input\":\"required name=search_term_string\"}],\"inLanguage\":\"pt-BR\"},{\"@type\":\"Person\",\"@id\":\"https:\/\/www.manaus.am.gov.br\/semcom\/#\/schema\/person\/466a0e03ae4b6062809046bd560ac955\",\"name\":\"bvalente\",\"image\":{\"@type\":\"ImageObject\",\"inLanguage\":\"pt-BR\",\"@id\":\"https:\/\/www.manaus.am.gov.br\/semcom\/#\/schema\/person\/image\/\",\"url\":\"https:\/\/secure.gravatar.com\/avatar\/3e69bc2b014bdad41adfec3a39de07d2?s=96&d=mm&r=g\",\"contentUrl\":\"https:\/\/secure.gravatar.com\/avatar\/3e69bc2b014bdad41adfec3a39de07d2?s=96&d=mm&r=g\",\"caption\":\"bvalente\"}}]}<\/script>\n<!-- \/ Yoast SEO plugin. -->","yoast_head_json":{"title":"Prefeitura realiza a\u00e7\u00f5es de combate a queimadas","description":"A Prefeitura de Manaus trabalha a\u00e7\u00f5es de forma integrada, para coibir a pr\u00e1tica de queima de res\u00edduos e de vegeta\u00e7\u00e3o.","robots":{"index":"index","follow":"follow","max-snippet":"max-snippet:-1","max-image-preview":"max-image-preview:large","max-video-preview":"max-video-preview:-1"},"canonical":"https:\/\/www.manaus.am.gov.br\/semcom\/combate-a-queimadas\/","og_locale":"pt_BR","og_type":"article","og_title":"Prefeitura realiza a\u00e7\u00f5es de combate a queimadas","og_description":"A Prefeitura de Manaus trabalha a\u00e7\u00f5es de forma integrada, para coibir a pr\u00e1tica de queima de res\u00edduos e de vegeta\u00e7\u00e3o.","og_url":"https:\/\/www.manaus.am.gov.br\/semcom\/combate-a-queimadas\/","og_site_name":"SEMCOM","article_published_time":"2025-09-23T00:10:33+00:00","article_modified_time":"2025-09-23T00:35:09+00:00","og_image":[{"width":1024,"height":473,"url":"https:\/\/www.manaus.am.gov.br\/semcom\/wp-content\/uploads\/sites\/5\/2025\/09\/20250922_153258-1024x473.jpg","type":"image\/jpeg"}],"author":"bvalente","twitter_card":"summary_large_image","twitter_misc":{"Written by":"bvalente","Est. reading time":"5 minutos"},"schema":{"@context":"https:\/\/schema.org","@graph":[{"@type":"WebPage","@id":"https:\/\/www.manaus.am.gov.br\/semcom\/combate-a-queimadas\/","url":"https:\/\/www.manaus.am.gov.br\/semcom\/combate-a-queimadas\/","name":"Prefeitura realiza a\u00e7\u00f5es de combate a queimadas","isPartOf":{"@id":"https:\/\/www.manaus.am.gov.br\/semcom\/#website"},"primaryImageOfPage":{"@id":"https:\/\/www.manaus.am.gov.br\/semcom\/combate-a-queimadas\/#primaryimage"},"image":{"@id":"https:\/\/www.manaus.am.gov.br\/semcom\/combate-a-queimadas\/#primaryimage"},"thumbnailUrl":"https:\/\/www.manaus.am.gov.br\/semcom\/wp-content\/uploads\/sites\/5\/2025\/09\/20250922_153258.jpg","datePublished":"2025-09-23T00:10:33+00:00","dateModified":"2025-09-23T00:35:09+00:00","author":{"@id":"https:\/\/www.manaus.am.gov.br\/semcom\/#\/schema\/person\/466a0e03ae4b6062809046bd560ac955"},"description":"A Prefeitura de Manaus trabalha a\u00e7\u00f5es de forma integrada, para coibir a pr\u00e1tica de queima de res\u00edduos e de vegeta\u00e7\u00e3o.","inLanguage":"pt-BR","potentialAction":[{"@type":"ReadAction","target":["https:\/\/www.manaus.am.gov.br\/semcom\/combate-a-queimadas\/"]}]},{"@type":"ImageObject","inLanguage":"pt-BR","@id":"https:\/\/www.manaus.am.gov.br\/semcom\/combate-a-queimadas\/#primaryimage","url":"https:\/\/www.manaus.am.gov.br\/semcom\/wp-content\/uploads\/sites\/5\/2025\/09\/20250922_153258.jpg","contentUrl":"https:\/\/www.manaus.am.gov.br\/semcom\/wp-content\/uploads\/sites\/5\/2025\/09\/20250922_153258.jpg","width":4000,"height":1848,"caption":"#paratodosverem - Servidor da Semmasclima realizando o monitoramento de a\u00e7\u00f5es para coibir a pr\u00e1tica de queima de res\u00edduos e de vegeta\u00e7\u00e3o"},{"@type":"WebSite","@id":"https:\/\/www.manaus.am.gov.br\/semcom\/#website","url":"https:\/\/www.manaus.am.gov.br\/semcom\/","name":"SEMCOM","description":"Secretaria Municipal de Comunica\u00e7\u00e3o","potentialAction":[{"@type":"SearchAction","target":{"@type":"EntryPoint","urlTemplate":"https:\/\/www.manaus.am.gov.br\/semcom\/?s={search_term_string}"},"query-input":"required name=search_term_string"}],"inLanguage":"pt-BR"},{"@type":"Person","@id":"https:\/\/www.manaus.am.gov.br\/semcom\/#\/schema\/person\/466a0e03ae4b6062809046bd560ac955","name":"bvalente","image":{"@type":"ImageObject","inLanguage":"pt-BR","@id":"https:\/\/www.manaus.am.gov.br\/semcom\/#\/schema\/person\/image\/","url":"https:\/\/secure.gravatar.com\/avatar\/3e69bc2b014bdad41adfec3a39de07d2?s=96&d=mm&r=g","contentUrl":"https:\/\/secure.gravatar.com\/avatar\/3e69bc2b014bdad41adfec3a39de07d2?s=96&d=mm&r=g","caption":"bvalente"}}]}},"_links":{"self":[{"href":"https:\/\/www.manaus.am.gov.br\/semcom\/wp-json\/wp\/v2\/posts\/246013"}],"collection":[{"href":"https:\/\/www.manaus.am.gov.br\/semcom\/wp-json\/wp\/v2\/posts"}],"about":[{"href":"https:\/\/www.manaus.am.gov.br\/semcom\/wp-json\/wp\/v2\/types\/post"}],"author":[{"embeddable":true,"href":"https:\/\/www.manaus.am.gov.br\/semcom\/wp-json\/wp\/v2\/users\/68"}],"replies":[{"embeddable":true,"href":"https:\/\/www.manaus.am.gov.br\/semcom\/wp-json\/wp\/v2\/comments?post=246013"}],"version-history":[{"count":2,"href":"https:\/\/www.manaus.am.gov.br\/semcom\/wp-json\/wp\/v2\/posts\/246013\/revisions"}],"predecessor-version":[{"id":246016,"href":"https:\/\/www.manaus.am.gov.br\/semcom\/wp-json\/wp\/v2\/posts\/246013\/revisions\/246016"}],"wp:featuredmedia":[{"embeddable":true,"href":"https:\/\/www.manaus.am.gov.br\/semcom\/wp-json\/wp\/v2\/media\/246014"}],"wp:attachment":[{"href":"https:\/\/www.manaus.am.gov.br\/semcom\/wp-json\/wp\/v2\/media?parent=246013"}],"wp:term":[{"taxonomy":"category","embeddable":true,"href":"https:\/\/www.manaus.am.gov.br\/semcom\/wp-json\/wp\/v2\/categories?post=246013"},{"taxonomy":"post_tag","embeddable":true,"href":"https:\/\/www.manaus.am.gov.br\/semcom\/wp-json\/wp\/v2\/tags?post=246013"}],"curies":[{"name":"wp","href":"https:\/\/api.w.org\/{rel}","templated":true}]}}