{"id":245974,"date":"2025-09-21T17:17:07","date_gmt":"2025-09-21T21:17:07","guid":{"rendered":"https:\/\/www.manaus.am.gov.br\/semcom\/visita-familias-residencial-carlos-braga\/"},"modified":"2025-09-21T18:35:30","modified_gmt":"2025-09-21T21:35:30","slug":"visita-familias-residencial-carlos-braga","status":"publish","type":"post","link":"https:\/\/www.manaus.am.gov.br\/semcom\/visita-familias-residencial-carlos-braga\/","title":{"rendered":"Prefeito David Almeida acompanha visita de fam\u00edlias ao residencial Carlos Braga e anuncia entrega da primeira etapa em novembro"},"content":{"rendered":"\n<p>O prefeito de Manaus, David Almeida, acompanhou, neste domingo, 21\/9, a visita de cerca de 160 fam\u00edlias ao residencial Carlos Braga, na zona Oeste, que contar\u00e1 com 576 apartamentos constru\u00eddos em parceria entre a Prefeitura de Manaus e o governo federal, por meio do programa \u201cMinha Casa, Minha Vida\u201d. A primeira etapa, com 192 unidades, ser\u00e1 entregue em novembro deste ano. O vice-prefeito Renato J\u00fanior e o secret\u00e1rio municipal de Habita\u00e7\u00e3o e Assuntos Fundi\u00e1rios (Semhaf), Jesus Alves, participaram da agenda.<\/p>\n\n\n\n<p>A sele\u00e7\u00e3o dos benefici\u00e1rios segue em an\u00e1lise pela Caixa Econ\u00f4mica Federal, que \u00e9 respons\u00e1vel pela valida\u00e7\u00e3o final das condicionalidades do programa. Os que n\u00e3o forem contemplados por meio do \u201cMinha Casa, Minha Vida\u201d, ser\u00e3o beneficiados por meio do Programa de Acelera\u00e7\u00e3o do Crescimento (PAC) Calamidade.<\/p>\n\n\n\n<p>As fam\u00edlias que conheceram o empreendimento neste domingo foram selecionadas por terem sido atingidas por trag\u00e9dias ambientais recentes, como os desmoronamentos ocorridos na comunidade Pingo d\u2019\u00c1gua, em 2023, e no bairro Reden\u00e7\u00e3o, em 2025. \u201c\u00c9 um sonho que se torna realidade. Estamos muito felizes porque em novembro j\u00e1 vamos entregar o primeiro habitacional, o Carlos Braga, que simboliza dignidade e um novo come\u00e7o para essas fam\u00edlias\u201d, destacou o prefeito.<\/p>\n\n\n\n<p>O conjunto habitacional \u00e9 um dos empreendimentos mais modernos do programa na capital, com apartamentos verticalizados, varanda e \u00e1rea de lazer. Para David Almeida, o modelo representa o futuro do planejamento urbano de Manaus. \u201cN\u00f3s queremos verticalizar a cidade de Manaus, porque assim fica mais f\u00e1cil administrar e oferecer infraestrutura adequada. Estamos mudando uma realidade que \u00e9 fruto de mais de 40 anos de ocupa\u00e7\u00f5es desordenadas\u201d, explicou.<\/p>\n\n\n\n<p>O titular da Semhaf, Jesus Alves, refor\u00e7ou que a gest\u00e3o trabalha para assegurar que todas as fam\u00edlias contempladas tenham condi\u00e7\u00f5es de iniciar uma nova vida com dignidade.<\/p>\n\n\n\n<p>\u201cO prefeito determinou que trabalh\u00e1ssemos para garantir que todas as fam\u00edlias contempladas recebam n\u00e3o apenas um apartamento, mas condi\u00e7\u00f5es reais de recome\u00e7ar a vida com dignidade. O chamamento p\u00fablico foi pensado exatamente para apoiar aquelas que mais precisam, assegurando que todas tenham acesso a esse benef\u00edcio de forma completa\u201d, afirmou.<\/p>\n\n\n\n<p>Al\u00e9m do residencial Carlos Braga, a Prefeitura de Manaus j\u00e1 tem em andamento outros projetos habitacionais, como os residenciais deputado M\u00e1rio Haddad, Parque Riachuelo, Santa Etelvina e Lago Azul. Ao todo, s\u00e3o 12 empreendimentos em execu\u00e7\u00e3o, que v\u00e3o somar mais de 4.700 novas moradias at\u00e9 2026, com perspectiva de expans\u00e3o para mais 3 mil unidades nos anos seguintes.<\/p>\n\n\n\n<p>\u201cManaus foi a cidade que mais recebeu moradias na primeira etapa do programa \u2018Minha Casa, Minha Vida\u2019. Esse \u00e9 um passo concreto para diminuir o d\u00e9ficit habitacional, tirar fam\u00edlias de \u00e1reas de risco e oferecer qualidade de vida a nossa popula\u00e7\u00e3o\u201d, ressaltou David Almeida.<\/p>\n\n\n\n<p>Com a entrega do residencial Carlos Braga e dos demais conjuntos em andamento, a prefeitura refor\u00e7a o eixo de habita\u00e7\u00e3o e inclus\u00e3o social da gest\u00e3o David Almeida, promovendo cidadania, seguran\u00e7a e dignidade para milhares de fam\u00edlias manauaras.<\/p>\n\n\n\n<figure class=\"wp-block-image size-large\"><img loading=\"lazy\" decoding=\"async\" width=\"1024\" height=\"683\" src=\"https:\/\/www.manaus.am.gov.br\/semcom\/wp-content\/uploads\/sites\/5\/2025\/09\/54802724030_ba3c19fe5c_k-1024x683.jpg\" alt=\"\" class=\"wp-image-245976\" srcset=\"https:\/\/www.manaus.am.gov.br\/semcom\/wp-content\/uploads\/sites\/5\/2025\/09\/54802724030_ba3c19fe5c_k-1024x683.jpg 1024w, https:\/\/www.manaus.am.gov.br\/semcom\/wp-content\/uploads\/sites\/5\/2025\/09\/54802724030_ba3c19fe5c_k-300x200.jpg 300w, https:\/\/www.manaus.am.gov.br\/semcom\/wp-content\/uploads\/sites\/5\/2025\/09\/54802724030_ba3c19fe5c_k-768x512.jpg 768w, https:\/\/www.manaus.am.gov.br\/semcom\/wp-content\/uploads\/sites\/5\/2025\/09\/54802724030_ba3c19fe5c_k-1536x1024.jpg 1536w, https:\/\/www.manaus.am.gov.br\/semcom\/wp-content\/uploads\/sites\/5\/2025\/09\/54802724030_ba3c19fe5c_k.jpg 2047w\" sizes=\"(max-width: 1024px) 100vw, 1024px\" \/><\/figure>\n\n\n\n<p>&#8212; &#8212; &#8212;<\/p>\n\n\n\n<p><strong>Texto &#8211;<\/strong> Emanuelle Baires\/Semcom-Prefeito e Leonardo Fierro\/Semhaf<\/p>\n\n\n\n<p><strong>Fotos &#8211;<\/strong> Dhyeizo Lemos\/Semcom-Prefeito e Cl\u00f3vis Miranda\/Semcom<\/p>\n\n\n\n<p><strong>Dispon\u00edveis em &#8211; <\/strong><a href=\"https:\/\/flic.kr\/s\/aHBqjCuN9o\">https:\/\/flic.kr\/s\/aHBqjCuN9o<\/a><\/p>\n","protected":false},"excerpt":{"rendered":"","protected":false},"author":39,"featured_media":245979,"comment_status":"closed","ping_status":"closed","sticky":false,"template":"","format":"standard","meta":{"footnotes":""},"categories":[400],"tags":[35,17018,77,16124,5352,17019],"acf":[],"yoast_head":"<!-- This site is optimized with the Yoast SEO plugin v23.0 - https:\/\/yoast.com\/wordpress\/plugins\/seo\/ -->\n<title>Prefeito acompanha visita de fam\u00edlias ao residencial Carlos Braga<\/title>\n<meta name=\"description\" content=\"Prefeito David Almeida acompanha visita de fam\u00edlias ao residencial Carlos Braga e anuncia entrega da primeira etapa em novembro.\" \/>\n<meta name=\"robots\" content=\"index, follow, max-snippet:-1, max-image-preview:large, max-video-preview:-1\" \/>\n<link rel=\"canonical\" href=\"https:\/\/www.manaus.am.gov.br\/semcom\/visita-familias-residencial-carlos-braga\/\" \/>\n<meta property=\"og:locale\" content=\"pt_BR\" \/>\n<meta property=\"og:type\" content=\"article\" \/>\n<meta property=\"og:title\" content=\"Prefeito acompanha visita de fam\u00edlias ao residencial Carlos Braga\" \/>\n<meta property=\"og:description\" content=\"Prefeito David Almeida acompanha visita de fam\u00edlias ao residencial Carlos Braga e anuncia entrega da primeira etapa em novembro.\" \/>\n<meta property=\"og:url\" content=\"https:\/\/www.manaus.am.gov.br\/semcom\/visita-familias-residencial-carlos-braga\/\" \/>\n<meta property=\"og:site_name\" content=\"SEMCOM\" \/>\n<meta property=\"article:published_time\" content=\"2025-09-21T21:17:07+00:00\" \/>\n<meta property=\"article:modified_time\" content=\"2025-09-21T21:35:30+00:00\" \/>\n<meta property=\"og:image\" content=\"https:\/\/www.manaus.am.gov.br\/semcom\/wp-content\/uploads\/sites\/5\/2025\/09\/54802728360_b95abbd758_k.jpg\" \/>\n\t<meta property=\"og:image:width\" content=\"2047\" \/>\n\t<meta property=\"og:image:height\" content=\"1365\" \/>\n\t<meta property=\"og:image:type\" content=\"image\/jpeg\" \/>\n<meta name=\"author\" content=\"Bruna Greco\" \/>\n<meta name=\"twitter:card\" content=\"summary_large_image\" \/>\n<meta name=\"twitter:label1\" content=\"Written by\" \/>\n\t<meta name=\"twitter:data1\" content=\"Bruna Greco\" \/>\n\t<meta name=\"twitter:label2\" content=\"Est. reading time\" \/>\n\t<meta name=\"twitter:data2\" content=\"4 minutos\" \/>\n<script type=\"application\/ld+json\" class=\"yoast-schema-graph\">{\"@context\":\"https:\/\/schema.org\",\"@graph\":[{\"@type\":\"WebPage\",\"@id\":\"https:\/\/www.manaus.am.gov.br\/semcom\/visita-familias-residencial-carlos-braga\/\",\"url\":\"https:\/\/www.manaus.am.gov.br\/semcom\/visita-familias-residencial-carlos-braga\/\",\"name\":\"Prefeito acompanha visita de fam\u00edlias ao residencial Carlos Braga\",\"isPartOf\":{\"@id\":\"https:\/\/www.manaus.am.gov.br\/semcom\/#website\"},\"primaryImageOfPage\":{\"@id\":\"https:\/\/www.manaus.am.gov.br\/semcom\/visita-familias-residencial-carlos-braga\/#primaryimage\"},\"image\":{\"@id\":\"https:\/\/www.manaus.am.gov.br\/semcom\/visita-familias-residencial-carlos-braga\/#primaryimage\"},\"thumbnailUrl\":\"https:\/\/www.manaus.am.gov.br\/semcom\/wp-content\/uploads\/sites\/5\/2025\/09\/WhatsApp-Image-2025-09-21-at-17.32.01.jpeg\",\"datePublished\":\"2025-09-21T21:17:07+00:00\",\"dateModified\":\"2025-09-21T21:35:30+00:00\",\"author\":{\"@id\":\"https:\/\/www.manaus.am.gov.br\/semcom\/#\/schema\/person\/05d223aea2bf115f9883a6ff3683d81b\"},\"description\":\"Prefeito David Almeida acompanha visita de fam\u00edlias ao residencial Carlos Braga e anuncia entrega da primeira etapa em novembro.\",\"inLanguage\":\"pt-BR\",\"potentialAction\":[{\"@type\":\"ReadAction\",\"target\":[\"https:\/\/www.manaus.am.gov.br\/semcom\/visita-familias-residencial-carlos-braga\/\"]}]},{\"@type\":\"ImageObject\",\"inLanguage\":\"pt-BR\",\"@id\":\"https:\/\/www.manaus.am.gov.br\/semcom\/visita-familias-residencial-carlos-braga\/#primaryimage\",\"url\":\"https:\/\/www.manaus.am.gov.br\/semcom\/wp-content\/uploads\/sites\/5\/2025\/09\/WhatsApp-Image-2025-09-21-at-17.32.01.jpeg\",\"contentUrl\":\"https:\/\/www.manaus.am.gov.br\/semcom\/wp-content\/uploads\/sites\/5\/2025\/09\/WhatsApp-Image-2025-09-21-at-17.32.01.jpeg\",\"width\":4160,\"height\":2774,\"caption\":\"#paratodosverem - Prefeito de Manaus, David Almeida, discursando durante visita das fam\u00edlias atingidas por trag\u00e9dias ambientais recentes ao residencial Carlos Braga\"},{\"@type\":\"WebSite\",\"@id\":\"https:\/\/www.manaus.am.gov.br\/semcom\/#website\",\"url\":\"https:\/\/www.manaus.am.gov.br\/semcom\/\",\"name\":\"SEMCOM\",\"description\":\"Secretaria Municipal de Comunica\u00e7\u00e3o\",\"potentialAction\":[{\"@type\":\"SearchAction\",\"target\":{\"@type\":\"EntryPoint\",\"urlTemplate\":\"https:\/\/www.manaus.am.gov.br\/semcom\/?s={search_term_string}\"},\"query-input\":\"required name=search_term_string\"}],\"inLanguage\":\"pt-BR\"},{\"@type\":\"Person\",\"@id\":\"https:\/\/www.manaus.am.gov.br\/semcom\/#\/schema\/person\/05d223aea2bf115f9883a6ff3683d81b\",\"name\":\"Bruna Greco\",\"image\":{\"@type\":\"ImageObject\",\"inLanguage\":\"pt-BR\",\"@id\":\"https:\/\/www.manaus.am.gov.br\/semcom\/#\/schema\/person\/image\/\",\"url\":\"https:\/\/secure.gravatar.com\/avatar\/9c877d1a6adc2a055330e5c09a8653ce?s=96&d=mm&r=g\",\"contentUrl\":\"https:\/\/secure.gravatar.com\/avatar\/9c877d1a6adc2a055330e5c09a8653ce?s=96&d=mm&r=g\",\"caption\":\"Bruna Greco\"}}]}<\/script>\n<!-- \/ Yoast SEO plugin. -->","yoast_head_json":{"title":"Prefeito acompanha visita de fam\u00edlias ao residencial Carlos Braga","description":"Prefeito David Almeida acompanha visita de fam\u00edlias ao residencial Carlos Braga e anuncia entrega da primeira etapa em novembro.","robots":{"index":"index","follow":"follow","max-snippet":"max-snippet:-1","max-image-preview":"max-image-preview:large","max-video-preview":"max-video-preview:-1"},"canonical":"https:\/\/www.manaus.am.gov.br\/semcom\/visita-familias-residencial-carlos-braga\/","og_locale":"pt_BR","og_type":"article","og_title":"Prefeito acompanha visita de fam\u00edlias ao residencial Carlos Braga","og_description":"Prefeito David Almeida acompanha visita de fam\u00edlias ao residencial Carlos Braga e anuncia entrega da primeira etapa em novembro.","og_url":"https:\/\/www.manaus.am.gov.br\/semcom\/visita-familias-residencial-carlos-braga\/","og_site_name":"SEMCOM","article_published_time":"2025-09-21T21:17:07+00:00","article_modified_time":"2025-09-21T21:35:30+00:00","og_image":[{"width":2047,"height":1365,"url":"https:\/\/www.manaus.am.gov.br\/semcom\/wp-content\/uploads\/sites\/5\/2025\/09\/54802728360_b95abbd758_k.jpg","type":"image\/jpeg"}],"author":"Bruna Greco","twitter_card":"summary_large_image","twitter_misc":{"Written by":"Bruna Greco","Est. reading time":"4 minutos"},"schema":{"@context":"https:\/\/schema.org","@graph":[{"@type":"WebPage","@id":"https:\/\/www.manaus.am.gov.br\/semcom\/visita-familias-residencial-carlos-braga\/","url":"https:\/\/www.manaus.am.gov.br\/semcom\/visita-familias-residencial-carlos-braga\/","name":"Prefeito acompanha visita de fam\u00edlias ao residencial Carlos Braga","isPartOf":{"@id":"https:\/\/www.manaus.am.gov.br\/semcom\/#website"},"primaryImageOfPage":{"@id":"https:\/\/www.manaus.am.gov.br\/semcom\/visita-familias-residencial-carlos-braga\/#primaryimage"},"image":{"@id":"https:\/\/www.manaus.am.gov.br\/semcom\/visita-familias-residencial-carlos-braga\/#primaryimage"},"thumbnailUrl":"https:\/\/www.manaus.am.gov.br\/semcom\/wp-content\/uploads\/sites\/5\/2025\/09\/WhatsApp-Image-2025-09-21-at-17.32.01.jpeg","datePublished":"2025-09-21T21:17:07+00:00","dateModified":"2025-09-21T21:35:30+00:00","author":{"@id":"https:\/\/www.manaus.am.gov.br\/semcom\/#\/schema\/person\/05d223aea2bf115f9883a6ff3683d81b"},"description":"Prefeito David Almeida acompanha visita de fam\u00edlias ao residencial Carlos Braga e anuncia entrega da primeira etapa em novembro.","inLanguage":"pt-BR","potentialAction":[{"@type":"ReadAction","target":["https:\/\/www.manaus.am.gov.br\/semcom\/visita-familias-residencial-carlos-braga\/"]}]},{"@type":"ImageObject","inLanguage":"pt-BR","@id":"https:\/\/www.manaus.am.gov.br\/semcom\/visita-familias-residencial-carlos-braga\/#primaryimage","url":"https:\/\/www.manaus.am.gov.br\/semcom\/wp-content\/uploads\/sites\/5\/2025\/09\/WhatsApp-Image-2025-09-21-at-17.32.01.jpeg","contentUrl":"https:\/\/www.manaus.am.gov.br\/semcom\/wp-content\/uploads\/sites\/5\/2025\/09\/WhatsApp-Image-2025-09-21-at-17.32.01.jpeg","width":4160,"height":2774,"caption":"#paratodosverem - Prefeito de Manaus, David Almeida, discursando durante visita das fam\u00edlias atingidas por trag\u00e9dias ambientais recentes ao residencial Carlos Braga"},{"@type":"WebSite","@id":"https:\/\/www.manaus.am.gov.br\/semcom\/#website","url":"https:\/\/www.manaus.am.gov.br\/semcom\/","name":"SEMCOM","description":"Secretaria Municipal de Comunica\u00e7\u00e3o","potentialAction":[{"@type":"SearchAction","target":{"@type":"EntryPoint","urlTemplate":"https:\/\/www.manaus.am.gov.br\/semcom\/?s={search_term_string}"},"query-input":"required name=search_term_string"}],"inLanguage":"pt-BR"},{"@type":"Person","@id":"https:\/\/www.manaus.am.gov.br\/semcom\/#\/schema\/person\/05d223aea2bf115f9883a6ff3683d81b","name":"Bruna Greco","image":{"@type":"ImageObject","inLanguage":"pt-BR","@id":"https:\/\/www.manaus.am.gov.br\/semcom\/#\/schema\/person\/image\/","url":"https:\/\/secure.gravatar.com\/avatar\/9c877d1a6adc2a055330e5c09a8653ce?s=96&d=mm&r=g","contentUrl":"https:\/\/secure.gravatar.com\/avatar\/9c877d1a6adc2a055330e5c09a8653ce?s=96&d=mm&r=g","caption":"Bruna Greco"}}]}},"_links":{"self":[{"href":"https:\/\/www.manaus.am.gov.br\/semcom\/wp-json\/wp\/v2\/posts\/245974"}],"collection":[{"href":"https:\/\/www.manaus.am.gov.br\/semcom\/wp-json\/wp\/v2\/posts"}],"about":[{"href":"https:\/\/www.manaus.am.gov.br\/semcom\/wp-json\/wp\/v2\/types\/post"}],"author":[{"embeddable":true,"href":"https:\/\/www.manaus.am.gov.br\/semcom\/wp-json\/wp\/v2\/users\/39"}],"replies":[{"embeddable":true,"href":"https:\/\/www.manaus.am.gov.br\/semcom\/wp-json\/wp\/v2\/comments?post=245974"}],"version-history":[{"count":3,"href":"https:\/\/www.manaus.am.gov.br\/semcom\/wp-json\/wp\/v2\/posts\/245974\/revisions"}],"predecessor-version":[{"id":245980,"href":"https:\/\/www.manaus.am.gov.br\/semcom\/wp-json\/wp\/v2\/posts\/245974\/revisions\/245980"}],"wp:featuredmedia":[{"embeddable":true,"href":"https:\/\/www.manaus.am.gov.br\/semcom\/wp-json\/wp\/v2\/media\/245979"}],"wp:attachment":[{"href":"https:\/\/www.manaus.am.gov.br\/semcom\/wp-json\/wp\/v2\/media?parent=245974"}],"wp:term":[{"taxonomy":"category","embeddable":true,"href":"https:\/\/www.manaus.am.gov.br\/semcom\/wp-json\/wp\/v2\/categories?post=245974"},{"taxonomy":"post_tag","embeddable":true,"href":"https:\/\/www.manaus.am.gov.br\/semcom\/wp-json\/wp\/v2\/tags?post=245974"}],"curies":[{"name":"wp","href":"https:\/\/api.w.org\/{rel}","templated":true}]}}