{"id":245934,"date":"2025-09-20T13:16:45","date_gmt":"2025-09-20T17:16:45","guid":{"rendered":"https:\/\/www.manaus.am.gov.br\/semcom\/semulsp-participa-clean-up-day\/"},"modified":"2025-09-20T13:16:45","modified_gmt":"2025-09-20T17:16:45","slug":"semulsp-participa-clean-up-day","status":"publish","type":"post","link":"https:\/\/www.manaus.am.gov.br\/semcom\/semulsp-participa-clean-up-day\/","title":{"rendered":"Prefeitura de Manaus participa do \u2018Clean Up Day\u2019 com garis da alegria e equipes de educa\u00e7\u00e3o ambiental"},"content":{"rendered":"\n<p>A Prefeitura de Manaus, por meio da Secretaria Municipal de Limpeza Urbana (Semulsp), participou, neste s\u00e1bado, 20\/9, do \u201cClean Up Day\u201d, movimento global promovido pela VINCI Airports, que re\u00fane milh\u00f5es de volunt\u00e1rios em mais de 190 pa\u00edses para promover conscientiza\u00e7\u00e3o ambiental.<\/p>\n\n\n\n<p>Em Manaus, as a\u00e7\u00f5es se concentraram nos arredores do aeroporto internacional Eduardo Gomes, com pontos de mobiliza\u00e7\u00e3o na avenida do Turismo e no residencial Torquato Tapaj\u00f3s, na zona Oeste, e ainda se estenderam \u00e0 orla do Amarelinho, no bairro Educandos.<\/p>\n\n\n\n<p>Os garis da alegria interagiram de forma l\u00fadica com as crian\u00e7as presentes com os volunt\u00e1rios, levando mensagens de cidadania e conscientiza\u00e7\u00e3o atrav\u00e9s da m\u00fasica. J\u00e1 os educadores ambientais da Semulsp ajudaram os volunt\u00e1rios na coleta de res\u00edduos s\u00f3lidos e recicl\u00e1veis e realizaram abordagens de sensibiliza\u00e7\u00e3o junto aos lojistas na avenida Torquato Tapaj\u00f3s, orientando sobre descarte correto e as pr\u00e1ticas de reciclagem.<\/p>\n\n\n\n<p>O secret\u00e1rio da Semulsp, Sab\u00e1 Reis, destacou a import\u00e2ncia da parceria da prefeitura no movimento global. \u201cO \u2018Clean Up Day\u2019 \u00e9 um chamado mundial para o cuidado com o meio ambiente. Manaus, mais uma vez, mostra que est\u00e1 presente, com alegria, responsabilidade e compromisso com a sustentabilidade\u201d, afirmou.<\/p>\n\n\n\n<p><strong>Reconhecimento<\/strong><\/p>\n\n\n\n<p>A coordenadora de Meio Ambiente da VINCI Airports, Elisabeth Cavalcante, refor\u00e7ou o impacto da a\u00e7\u00e3o conjunta.<\/p>\n\n\n\n<p>\u201cO Clean Up Day s\u00f3 foi poss\u00edvel porque tivemos apoio da Semulsp, da Organiza\u00e7\u00e3o das Na\u00e7\u00f5es Unidas (ONU) e de v\u00e1rias organiza\u00e7\u00f5es locais. Nosso objetivo \u00e9 realizar educa\u00e7\u00e3o ambiental de forma pr\u00e1tica e mostrar como atitudes simples fazem diferen\u00e7a. Hoje, recolhemos cerca de duas toneladas de res\u00edduos nos arredores do aeroporto, com pontos na avenida do Turismo e no residencial Torquato Tapaj\u00f3s. Esse volume preocupa, porque al\u00e9m da polui\u00e7\u00e3o e dos danos \u00e0 biodiversidade, o lixo pode atrair a fauna e gerar risco de colis\u00e3o com aeronaves. Agradecemos especialmente \u00e0 Semulsp e a todos os volunt\u00e1rios por esse esfor\u00e7o conjunto\u201d, enfatizou a coordenadora.<\/p>\n\n\n\n<figure class=\"wp-block-image size-large\"><img loading=\"lazy\" decoding=\"async\" width=\"1024\" height=\"768\" src=\"https:\/\/www.manaus.am.gov.br\/semcom\/wp-content\/uploads\/sites\/5\/2025\/09\/Movimento-global-7-1024x768.jpeg\" alt=\"\" class=\"wp-image-245935\" srcset=\"https:\/\/www.manaus.am.gov.br\/semcom\/wp-content\/uploads\/sites\/5\/2025\/09\/Movimento-global-7-1024x768.jpeg 1024w, https:\/\/www.manaus.am.gov.br\/semcom\/wp-content\/uploads\/sites\/5\/2025\/09\/Movimento-global-7-300x225.jpeg 300w, https:\/\/www.manaus.am.gov.br\/semcom\/wp-content\/uploads\/sites\/5\/2025\/09\/Movimento-global-7-768x576.jpeg 768w, https:\/\/www.manaus.am.gov.br\/semcom\/wp-content\/uploads\/sites\/5\/2025\/09\/Movimento-global-7.jpeg 1280w\" sizes=\"(max-width: 1024px) 100vw, 1024px\" \/><\/figure>\n\n\n\n<p><strong>Servi\u00e7os permanentes<\/strong><\/p>\n\n\n\n<p>A Semulsp mant\u00e9m equipes de educa\u00e7\u00e3o ambiental em escolas, comunidades e espa\u00e7os p\u00fablicos, promovendo campanhas de conscientiza\u00e7\u00e3o para mudan\u00e7a de h\u00e1bitos. O \u00f3rg\u00e3o tamb\u00e9m coordena o programa de coleta seletiva, em parceria com cooperativas de catadores, garantindo destina\u00e7\u00e3o adequada de res\u00edduos recicl\u00e1veis e fomentando a economia circular.<\/p>\n\n\n\n<p>Outro trabalho de destaque \u00e9 o combate \u00e0s lixeiras irregulares, com remo\u00e7\u00e3o di\u00e1ria de focos clandestinos de lixo em todas as zonas da cidade, associando a\u00e7\u00e3o de campo e orienta\u00e7\u00e3o \u00e0 popula\u00e7\u00e3o.<\/p>\n\n\n\n<p>A popula\u00e7\u00e3o pode colaborar com a gest\u00e3o acionando o Disk Semulsp, pelos n\u00fameros (92) 98842-1202 \/ 1276 \/ 1277 \/ 4738, canal dispon\u00edvel para solicitar servi\u00e7os de limpeza, denunciar descarte irregular e pedir recolhimento de res\u00edduos volumosos.<\/p>\n\n\n\n<figure class=\"wp-block-image size-large\"><img loading=\"lazy\" decoding=\"async\" width=\"1024\" height=\"768\" src=\"https:\/\/www.manaus.am.gov.br\/semcom\/wp-content\/uploads\/sites\/5\/2025\/09\/Movimento-global-9-1024x768.jpeg\" alt=\"\" class=\"wp-image-245936\" srcset=\"https:\/\/www.manaus.am.gov.br\/semcom\/wp-content\/uploads\/sites\/5\/2025\/09\/Movimento-global-9-1024x768.jpeg 1024w, https:\/\/www.manaus.am.gov.br\/semcom\/wp-content\/uploads\/sites\/5\/2025\/09\/Movimento-global-9-300x225.jpeg 300w, https:\/\/www.manaus.am.gov.br\/semcom\/wp-content\/uploads\/sites\/5\/2025\/09\/Movimento-global-9-768x576.jpeg 768w, https:\/\/www.manaus.am.gov.br\/semcom\/wp-content\/uploads\/sites\/5\/2025\/09\/Movimento-global-9-1536x1152.jpeg 1536w, https:\/\/www.manaus.am.gov.br\/semcom\/wp-content\/uploads\/sites\/5\/2025\/09\/Movimento-global-9.jpeg 1600w\" sizes=\"(max-width: 1024px) 100vw, 1024px\" \/><\/figure>\n\n\n\n<p>&#8212; &#8212; &#8212;<\/p>\n\n\n\n<p><strong>Texto &#8211;<\/strong> Dora Tupinamb\u00e1\/Semulsp<\/p>\n\n\n\n<p><strong>Fotos<\/strong> \u2013 Divulga\u00e7\u00e3o\/Semulsp<\/p>\n","protected":false},"excerpt":{"rendered":"","protected":false},"author":39,"featured_media":245937,"comment_status":"closed","ping_status":"closed","sticky":false,"template":"","format":"standard","meta":{"footnotes":""},"categories":[594],"tags":[17003,17004,6462,17005,77,17006,301],"acf":[],"yoast_head":"<!-- This site is optimized with the Yoast SEO plugin v23.0 - https:\/\/yoast.com\/wordpress\/plugins\/seo\/ -->\n<title>Prefeitura de Manaus participa do \u2018Clean Up Day\u2019<\/title>\n<meta name=\"description\" content=\"Prefeitura de Manaus, por meio da Semulsp, participa do \u2018Clean Up Day\u2019 com garis da alegria e equipes de educa\u00e7\u00e3o ambiental.\" \/>\n<meta name=\"robots\" content=\"index, follow, max-snippet:-1, max-image-preview:large, max-video-preview:-1\" \/>\n<link rel=\"canonical\" href=\"https:\/\/www.manaus.am.gov.br\/semcom\/semulsp-participa-clean-up-day\/\" \/>\n<meta property=\"og:locale\" content=\"pt_BR\" \/>\n<meta property=\"og:type\" content=\"article\" \/>\n<meta property=\"og:title\" content=\"Prefeitura de Manaus participa do \u2018Clean Up Day\u2019\" \/>\n<meta property=\"og:description\" content=\"Prefeitura de Manaus, por meio da Semulsp, participa do \u2018Clean Up Day\u2019 com garis da alegria e equipes de educa\u00e7\u00e3o ambiental.\" \/>\n<meta property=\"og:url\" content=\"https:\/\/www.manaus.am.gov.br\/semcom\/semulsp-participa-clean-up-day\/\" \/>\n<meta property=\"og:site_name\" content=\"SEMCOM\" \/>\n<meta property=\"article:published_time\" content=\"2025-09-20T17:16:45+00:00\" \/>\n<meta property=\"og:image\" content=\"https:\/\/www.manaus.am.gov.br\/semcom\/wp-content\/uploads\/sites\/5\/2025\/09\/Movimento-global-1.jpeg\" \/>\n\t<meta property=\"og:image:width\" content=\"1280\" \/>\n\t<meta property=\"og:image:height\" content=\"720\" \/>\n\t<meta property=\"og:image:type\" content=\"image\/jpeg\" \/>\n<meta name=\"author\" content=\"Bruna Greco\" \/>\n<meta name=\"twitter:card\" content=\"summary_large_image\" \/>\n<meta name=\"twitter:label1\" content=\"Written by\" \/>\n\t<meta name=\"twitter:data1\" content=\"Bruna Greco\" \/>\n\t<meta name=\"twitter:label2\" content=\"Est. reading time\" \/>\n\t<meta name=\"twitter:data2\" content=\"3 minutos\" \/>\n<script type=\"application\/ld+json\" class=\"yoast-schema-graph\">{\"@context\":\"https:\/\/schema.org\",\"@graph\":[{\"@type\":\"WebPage\",\"@id\":\"https:\/\/www.manaus.am.gov.br\/semcom\/semulsp-participa-clean-up-day\/\",\"url\":\"https:\/\/www.manaus.am.gov.br\/semcom\/semulsp-participa-clean-up-day\/\",\"name\":\"Prefeitura de Manaus participa do \u2018Clean Up Day\u2019\",\"isPartOf\":{\"@id\":\"https:\/\/www.manaus.am.gov.br\/semcom\/#website\"},\"primaryImageOfPage\":{\"@id\":\"https:\/\/www.manaus.am.gov.br\/semcom\/semulsp-participa-clean-up-day\/#primaryimage\"},\"image\":{\"@id\":\"https:\/\/www.manaus.am.gov.br\/semcom\/semulsp-participa-clean-up-day\/#primaryimage\"},\"thumbnailUrl\":\"https:\/\/www.manaus.am.gov.br\/semcom\/wp-content\/uploads\/sites\/5\/2025\/09\/Movimento-global-1.jpeg\",\"datePublished\":\"2025-09-20T17:16:45+00:00\",\"dateModified\":\"2025-09-20T17:16:45+00:00\",\"author\":{\"@id\":\"https:\/\/www.manaus.am.gov.br\/semcom\/#\/schema\/person\/05d223aea2bf115f9883a6ff3683d81b\"},\"description\":\"Prefeitura de Manaus, por meio da Semulsp, participa do \u2018Clean Up Day\u2019 com garis da alegria e equipes de educa\u00e7\u00e3o ambiental.\",\"inLanguage\":\"pt-BR\",\"potentialAction\":[{\"@type\":\"ReadAction\",\"target\":[\"https:\/\/www.manaus.am.gov.br\/semcom\/semulsp-participa-clean-up-day\/\"]}]},{\"@type\":\"ImageObject\",\"inLanguage\":\"pt-BR\",\"@id\":\"https:\/\/www.manaus.am.gov.br\/semcom\/semulsp-participa-clean-up-day\/#primaryimage\",\"url\":\"https:\/\/www.manaus.am.gov.br\/semcom\/wp-content\/uploads\/sites\/5\/2025\/09\/Movimento-global-1.jpeg\",\"contentUrl\":\"https:\/\/www.manaus.am.gov.br\/semcom\/wp-content\/uploads\/sites\/5\/2025\/09\/Movimento-global-1.jpeg\",\"width\":1280,\"height\":720,\"caption\":\"#paratodosverem - Garis da alegria e e equipes de educa\u00e7\u00e3o ambiental da Semulsp reunidos com crian\u00e7as presente no movimento globol \\\"Clean Up Day\\\", no aeroporto internacional Eduardo Gomes\"},{\"@type\":\"WebSite\",\"@id\":\"https:\/\/www.manaus.am.gov.br\/semcom\/#website\",\"url\":\"https:\/\/www.manaus.am.gov.br\/semcom\/\",\"name\":\"SEMCOM\",\"description\":\"Secretaria Municipal de Comunica\u00e7\u00e3o\",\"potentialAction\":[{\"@type\":\"SearchAction\",\"target\":{\"@type\":\"EntryPoint\",\"urlTemplate\":\"https:\/\/www.manaus.am.gov.br\/semcom\/?s={search_term_string}\"},\"query-input\":\"required name=search_term_string\"}],\"inLanguage\":\"pt-BR\"},{\"@type\":\"Person\",\"@id\":\"https:\/\/www.manaus.am.gov.br\/semcom\/#\/schema\/person\/05d223aea2bf115f9883a6ff3683d81b\",\"name\":\"Bruna Greco\",\"image\":{\"@type\":\"ImageObject\",\"inLanguage\":\"pt-BR\",\"@id\":\"https:\/\/www.manaus.am.gov.br\/semcom\/#\/schema\/person\/image\/\",\"url\":\"https:\/\/secure.gravatar.com\/avatar\/9c877d1a6adc2a055330e5c09a8653ce?s=96&d=mm&r=g\",\"contentUrl\":\"https:\/\/secure.gravatar.com\/avatar\/9c877d1a6adc2a055330e5c09a8653ce?s=96&d=mm&r=g\",\"caption\":\"Bruna Greco\"}}]}<\/script>\n<!-- \/ Yoast SEO plugin. -->","yoast_head_json":{"title":"Prefeitura de Manaus participa do \u2018Clean Up Day\u2019","description":"Prefeitura de Manaus, por meio da Semulsp, participa do \u2018Clean Up Day\u2019 com garis da alegria e equipes de educa\u00e7\u00e3o ambiental.","robots":{"index":"index","follow":"follow","max-snippet":"max-snippet:-1","max-image-preview":"max-image-preview:large","max-video-preview":"max-video-preview:-1"},"canonical":"https:\/\/www.manaus.am.gov.br\/semcom\/semulsp-participa-clean-up-day\/","og_locale":"pt_BR","og_type":"article","og_title":"Prefeitura de Manaus participa do \u2018Clean Up Day\u2019","og_description":"Prefeitura de Manaus, por meio da Semulsp, participa do \u2018Clean Up Day\u2019 com garis da alegria e equipes de educa\u00e7\u00e3o ambiental.","og_url":"https:\/\/www.manaus.am.gov.br\/semcom\/semulsp-participa-clean-up-day\/","og_site_name":"SEMCOM","article_published_time":"2025-09-20T17:16:45+00:00","og_image":[{"width":1280,"height":720,"url":"https:\/\/www.manaus.am.gov.br\/semcom\/wp-content\/uploads\/sites\/5\/2025\/09\/Movimento-global-1.jpeg","type":"image\/jpeg"}],"author":"Bruna Greco","twitter_card":"summary_large_image","twitter_misc":{"Written by":"Bruna Greco","Est. reading time":"3 minutos"},"schema":{"@context":"https:\/\/schema.org","@graph":[{"@type":"WebPage","@id":"https:\/\/www.manaus.am.gov.br\/semcom\/semulsp-participa-clean-up-day\/","url":"https:\/\/www.manaus.am.gov.br\/semcom\/semulsp-participa-clean-up-day\/","name":"Prefeitura de Manaus participa do \u2018Clean Up Day\u2019","isPartOf":{"@id":"https:\/\/www.manaus.am.gov.br\/semcom\/#website"},"primaryImageOfPage":{"@id":"https:\/\/www.manaus.am.gov.br\/semcom\/semulsp-participa-clean-up-day\/#primaryimage"},"image":{"@id":"https:\/\/www.manaus.am.gov.br\/semcom\/semulsp-participa-clean-up-day\/#primaryimage"},"thumbnailUrl":"https:\/\/www.manaus.am.gov.br\/semcom\/wp-content\/uploads\/sites\/5\/2025\/09\/Movimento-global-1.jpeg","datePublished":"2025-09-20T17:16:45+00:00","dateModified":"2025-09-20T17:16:45+00:00","author":{"@id":"https:\/\/www.manaus.am.gov.br\/semcom\/#\/schema\/person\/05d223aea2bf115f9883a6ff3683d81b"},"description":"Prefeitura de Manaus, por meio da Semulsp, participa do \u2018Clean Up Day\u2019 com garis da alegria e equipes de educa\u00e7\u00e3o ambiental.","inLanguage":"pt-BR","potentialAction":[{"@type":"ReadAction","target":["https:\/\/www.manaus.am.gov.br\/semcom\/semulsp-participa-clean-up-day\/"]}]},{"@type":"ImageObject","inLanguage":"pt-BR","@id":"https:\/\/www.manaus.am.gov.br\/semcom\/semulsp-participa-clean-up-day\/#primaryimage","url":"https:\/\/www.manaus.am.gov.br\/semcom\/wp-content\/uploads\/sites\/5\/2025\/09\/Movimento-global-1.jpeg","contentUrl":"https:\/\/www.manaus.am.gov.br\/semcom\/wp-content\/uploads\/sites\/5\/2025\/09\/Movimento-global-1.jpeg","width":1280,"height":720,"caption":"#paratodosverem - Garis da alegria e e equipes de educa\u00e7\u00e3o ambiental da Semulsp reunidos com crian\u00e7as presente no movimento globol \"Clean Up Day\", no aeroporto internacional Eduardo Gomes"},{"@type":"WebSite","@id":"https:\/\/www.manaus.am.gov.br\/semcom\/#website","url":"https:\/\/www.manaus.am.gov.br\/semcom\/","name":"SEMCOM","description":"Secretaria Municipal de Comunica\u00e7\u00e3o","potentialAction":[{"@type":"SearchAction","target":{"@type":"EntryPoint","urlTemplate":"https:\/\/www.manaus.am.gov.br\/semcom\/?s={search_term_string}"},"query-input":"required name=search_term_string"}],"inLanguage":"pt-BR"},{"@type":"Person","@id":"https:\/\/www.manaus.am.gov.br\/semcom\/#\/schema\/person\/05d223aea2bf115f9883a6ff3683d81b","name":"Bruna Greco","image":{"@type":"ImageObject","inLanguage":"pt-BR","@id":"https:\/\/www.manaus.am.gov.br\/semcom\/#\/schema\/person\/image\/","url":"https:\/\/secure.gravatar.com\/avatar\/9c877d1a6adc2a055330e5c09a8653ce?s=96&d=mm&r=g","contentUrl":"https:\/\/secure.gravatar.com\/avatar\/9c877d1a6adc2a055330e5c09a8653ce?s=96&d=mm&r=g","caption":"Bruna Greco"}}]}},"_links":{"self":[{"href":"https:\/\/www.manaus.am.gov.br\/semcom\/wp-json\/wp\/v2\/posts\/245934"}],"collection":[{"href":"https:\/\/www.manaus.am.gov.br\/semcom\/wp-json\/wp\/v2\/posts"}],"about":[{"href":"https:\/\/www.manaus.am.gov.br\/semcom\/wp-json\/wp\/v2\/types\/post"}],"author":[{"embeddable":true,"href":"https:\/\/www.manaus.am.gov.br\/semcom\/wp-json\/wp\/v2\/users\/39"}],"replies":[{"embeddable":true,"href":"https:\/\/www.manaus.am.gov.br\/semcom\/wp-json\/wp\/v2\/comments?post=245934"}],"version-history":[{"count":1,"href":"https:\/\/www.manaus.am.gov.br\/semcom\/wp-json\/wp\/v2\/posts\/245934\/revisions"}],"predecessor-version":[{"id":245938,"href":"https:\/\/www.manaus.am.gov.br\/semcom\/wp-json\/wp\/v2\/posts\/245934\/revisions\/245938"}],"wp:featuredmedia":[{"embeddable":true,"href":"https:\/\/www.manaus.am.gov.br\/semcom\/wp-json\/wp\/v2\/media\/245937"}],"wp:attachment":[{"href":"https:\/\/www.manaus.am.gov.br\/semcom\/wp-json\/wp\/v2\/media?parent=245934"}],"wp:term":[{"taxonomy":"category","embeddable":true,"href":"https:\/\/www.manaus.am.gov.br\/semcom\/wp-json\/wp\/v2\/categories?post=245934"},{"taxonomy":"post_tag","embeddable":true,"href":"https:\/\/www.manaus.am.gov.br\/semcom\/wp-json\/wp\/v2\/tags?post=245934"}],"curies":[{"name":"wp","href":"https:\/\/api.w.org\/{rel}","templated":true}]}}