{"id":245885,"date":"2025-09-19T12:38:42","date_gmt":"2025-09-19T16:38:42","guid":{"rendered":"https:\/\/www.manaus.am.gov.br\/semcom\/inscricoes-ultima-turma-salto-aceleradora\/"},"modified":"2025-09-19T12:38:42","modified_gmt":"2025-09-19T16:38:42","slug":"inscricoes-ultima-turma-salto-aceleradora","status":"publish","type":"post","link":"https:\/\/www.manaus.am.gov.br\/semcom\/inscricoes-ultima-turma-salto-aceleradora\/","title":{"rendered":"Prefeitura abre inscri\u00e7\u00f5es para \u00faltima turma do programa \u2018Salto &#8211; Aceleradora\u2019 de capacita\u00e7\u00e3o empreendedora"},"content":{"rendered":"\n<p>A Prefeitura de Manaus, por meio da Secretaria Municipal do Trabalho, Empreendedorismo e Inova\u00e7\u00e3o (Semtepi), em parceria com Impact Hub, est\u00e1 com inscri\u00e7\u00f5es abertas para a \u00faltima turma deste ano do programa \u201cSalto \u2013 Aceleradora\u201d, que oferece capacita\u00e7\u00e3o intensiva para quem deseja impulsionar seus neg\u00f3cios. As inscri\u00e7\u00f5es seguem at\u00e9 o dia 26\/9.<\/p>\n\n\n\n<p>Ser\u00e3o dez encontros de imers\u00e3o com conte\u00fados voltados para o desenvolvimento de empreendedores locais, abordando temas como marketing, finan\u00e7as e an\u00e1lise de mercado. Al\u00e9m das aulas, os participantes ter\u00e3o acesso a mentorias individuais, rede de contatos, ferramentas de gest\u00e3o e a possibilidade de concorrer a capital semente, destinado aos melhores projetos apresentados em&nbsp;<em>pitchs<\/em>.<\/p>\n\n\n\n<p>\u201cEstamos muito felizes em abrir as inscri\u00e7\u00f5es para a \u00faltima turma do Salto em 2025. Este \u00e9 um programa que j\u00e1 transformou a vida de muitos empreendedores manauaras, oferecendo conhecimento pr\u00e1tico, rede de contatos e at\u00e9 capital semente para quem se destaca. Queremos que cada vez mais pessoas tenham a oportunidade de estruturar seus neg\u00f3cios e alcan\u00e7ar novos patamares\u201d, disse o secret\u00e1rio da Semtepi, Alonso Oliveira.&nbsp;<\/p>\n\n\n\n<p>As inscri\u00e7\u00f5es podem ser feitas pelo link:<a href=\"https:\/\/forms.gle\/v1RuWKBaDjDFSqzp6\" target=\"_blank\" rel=\"noreferrer noopener\">\u00a0https:\/\/forms.gle\/v1RuWKBaDjDFSqzp6<\/a>. Os interessados passar\u00e3o por uma an\u00e1lise de perfil. Os selecionados ser\u00e3o contatados por liga\u00e7\u00e3o ou mensagem para confirmar a participa\u00e7\u00e3o.<\/p>\n\n\n\n<figure class=\"wp-block-image size-large\"><img loading=\"lazy\" decoding=\"async\" width=\"1024\" height=\"768\" src=\"https:\/\/www.manaus.am.gov.br\/semcom\/wp-content\/uploads\/sites\/5\/2025\/09\/a0866c3f-ec8e-4acb-885f-8a0a21062218-1024x768.jpeg\" alt=\"\" class=\"wp-image-245887\" srcset=\"https:\/\/www.manaus.am.gov.br\/semcom\/wp-content\/uploads\/sites\/5\/2025\/09\/a0866c3f-ec8e-4acb-885f-8a0a21062218-1024x768.jpeg 1024w, https:\/\/www.manaus.am.gov.br\/semcom\/wp-content\/uploads\/sites\/5\/2025\/09\/a0866c3f-ec8e-4acb-885f-8a0a21062218-300x225.jpeg 300w, https:\/\/www.manaus.am.gov.br\/semcom\/wp-content\/uploads\/sites\/5\/2025\/09\/a0866c3f-ec8e-4acb-885f-8a0a21062218-768x576.jpeg 768w, https:\/\/www.manaus.am.gov.br\/semcom\/wp-content\/uploads\/sites\/5\/2025\/09\/a0866c3f-ec8e-4acb-885f-8a0a21062218-1536x1152.jpeg 1536w, https:\/\/www.manaus.am.gov.br\/semcom\/wp-content\/uploads\/sites\/5\/2025\/09\/a0866c3f-ec8e-4acb-885f-8a0a21062218-2048x1536.jpeg 2048w\" sizes=\"(max-width: 1024px) 100vw, 1024px\" \/><\/figure>\n\n\n\n<p>&#8212; &#8212; &#8212;&nbsp;<\/p>\n\n\n\n<p><strong>Texto<\/strong>\u00a0&#8211; Asafe Augusto\/Semtepi<\/p>\n\n\n\n<p><strong>Fotos\u00a0<\/strong>&#8211; Fabiane Monteiro\/Semtepi<\/p>\n","protected":false},"excerpt":{"rendered":"","protected":false},"author":39,"featured_media":245886,"comment_status":"closed","ping_status":"closed","sticky":false,"template":"","format":"standard","meta":{"footnotes":""},"categories":[24],"tags":[16983,757,77,16984,22,16582],"acf":[],"yoast_head":"<!-- This site is optimized with the Yoast SEO plugin v23.0 - https:\/\/yoast.com\/wordpress\/plugins\/seo\/ -->\n<title>Prefeitura abre inscri\u00e7\u00f5es para \u00faltima turma do \u2018Salto - Aceleradora\u2019<\/title>\n<meta name=\"description\" content=\"Prefeitura abre inscri\u00e7\u00f5es para \u00faltima turma do programa \u2018Salto - Aceleradora\u2019 de capacita\u00e7\u00e3o empreendedora\" \/>\n<meta name=\"robots\" content=\"index, follow, max-snippet:-1, max-image-preview:large, max-video-preview:-1\" \/>\n<link rel=\"canonical\" href=\"https:\/\/www.manaus.am.gov.br\/semcom\/inscricoes-ultima-turma-salto-aceleradora\/\" \/>\n<meta property=\"og:locale\" content=\"pt_BR\" \/>\n<meta property=\"og:type\" content=\"article\" \/>\n<meta property=\"og:title\" content=\"Prefeitura abre inscri\u00e7\u00f5es para \u00faltima turma do \u2018Salto - Aceleradora\u2019\" \/>\n<meta property=\"og:description\" content=\"Prefeitura abre inscri\u00e7\u00f5es para \u00faltima turma do programa \u2018Salto - Aceleradora\u2019 de capacita\u00e7\u00e3o empreendedora\" \/>\n<meta property=\"og:url\" content=\"https:\/\/www.manaus.am.gov.br\/semcom\/inscricoes-ultima-turma-salto-aceleradora\/\" \/>\n<meta property=\"og:site_name\" content=\"SEMCOM\" \/>\n<meta property=\"article:published_time\" content=\"2025-09-19T16:38:42+00:00\" \/>\n<meta property=\"og:image\" content=\"https:\/\/www.manaus.am.gov.br\/semcom\/wp-content\/uploads\/sites\/5\/2025\/09\/86bfd4bc-993d-42f5-ab58-9a8a8ccf2ddb-1024x768.jpeg\" \/>\n\t<meta property=\"og:image:width\" content=\"1024\" \/>\n\t<meta property=\"og:image:height\" content=\"768\" \/>\n\t<meta property=\"og:image:type\" content=\"image\/jpeg\" \/>\n<meta name=\"author\" content=\"Bruna Greco\" \/>\n<meta name=\"twitter:card\" content=\"summary_large_image\" \/>\n<meta name=\"twitter:label1\" content=\"Written by\" \/>\n\t<meta name=\"twitter:data1\" content=\"Bruna Greco\" \/>\n\t<meta name=\"twitter:label2\" content=\"Est. reading time\" \/>\n\t<meta name=\"twitter:data2\" content=\"2 minutos\" \/>\n<script type=\"application\/ld+json\" class=\"yoast-schema-graph\">{\"@context\":\"https:\/\/schema.org\",\"@graph\":[{\"@type\":\"WebPage\",\"@id\":\"https:\/\/www.manaus.am.gov.br\/semcom\/inscricoes-ultima-turma-salto-aceleradora\/\",\"url\":\"https:\/\/www.manaus.am.gov.br\/semcom\/inscricoes-ultima-turma-salto-aceleradora\/\",\"name\":\"Prefeitura abre inscri\u00e7\u00f5es para \u00faltima turma do \u2018Salto - Aceleradora\u2019\",\"isPartOf\":{\"@id\":\"https:\/\/www.manaus.am.gov.br\/semcom\/#website\"},\"primaryImageOfPage\":{\"@id\":\"https:\/\/www.manaus.am.gov.br\/semcom\/inscricoes-ultima-turma-salto-aceleradora\/#primaryimage\"},\"image\":{\"@id\":\"https:\/\/www.manaus.am.gov.br\/semcom\/inscricoes-ultima-turma-salto-aceleradora\/#primaryimage\"},\"thumbnailUrl\":\"https:\/\/www.manaus.am.gov.br\/semcom\/wp-content\/uploads\/sites\/5\/2025\/09\/86bfd4bc-993d-42f5-ab58-9a8a8ccf2ddb.jpeg\",\"datePublished\":\"2025-09-19T16:38:42+00:00\",\"dateModified\":\"2025-09-19T16:38:42+00:00\",\"author\":{\"@id\":\"https:\/\/www.manaus.am.gov.br\/semcom\/#\/schema\/person\/05d223aea2bf115f9883a6ff3683d81b\"},\"description\":\"Prefeitura abre inscri\u00e7\u00f5es para \u00faltima turma do programa \u2018Salto - Aceleradora\u2019 de capacita\u00e7\u00e3o empreendedora\",\"inLanguage\":\"pt-BR\",\"potentialAction\":[{\"@type\":\"ReadAction\",\"target\":[\"https:\/\/www.manaus.am.gov.br\/semcom\/inscricoes-ultima-turma-salto-aceleradora\/\"]}]},{\"@type\":\"ImageObject\",\"inLanguage\":\"pt-BR\",\"@id\":\"https:\/\/www.manaus.am.gov.br\/semcom\/inscricoes-ultima-turma-salto-aceleradora\/#primaryimage\",\"url\":\"https:\/\/www.manaus.am.gov.br\/semcom\/wp-content\/uploads\/sites\/5\/2025\/09\/86bfd4bc-993d-42f5-ab58-9a8a8ccf2ddb.jpeg\",\"contentUrl\":\"https:\/\/www.manaus.am.gov.br\/semcom\/wp-content\/uploads\/sites\/5\/2025\/09\/86bfd4bc-993d-42f5-ab58-9a8a8ccf2ddb.jpeg\",\"width\":4032,\"height\":3024,\"caption\":\"#paratodosverem - Participantes do programa \\\"Salto - Aceleradora\\\" promovido pela Semtepi\"},{\"@type\":\"WebSite\",\"@id\":\"https:\/\/www.manaus.am.gov.br\/semcom\/#website\",\"url\":\"https:\/\/www.manaus.am.gov.br\/semcom\/\",\"name\":\"SEMCOM\",\"description\":\"Secretaria Municipal de Comunica\u00e7\u00e3o\",\"potentialAction\":[{\"@type\":\"SearchAction\",\"target\":{\"@type\":\"EntryPoint\",\"urlTemplate\":\"https:\/\/www.manaus.am.gov.br\/semcom\/?s={search_term_string}\"},\"query-input\":\"required name=search_term_string\"}],\"inLanguage\":\"pt-BR\"},{\"@type\":\"Person\",\"@id\":\"https:\/\/www.manaus.am.gov.br\/semcom\/#\/schema\/person\/05d223aea2bf115f9883a6ff3683d81b\",\"name\":\"Bruna Greco\",\"image\":{\"@type\":\"ImageObject\",\"inLanguage\":\"pt-BR\",\"@id\":\"https:\/\/www.manaus.am.gov.br\/semcom\/#\/schema\/person\/image\/\",\"url\":\"https:\/\/secure.gravatar.com\/avatar\/9c877d1a6adc2a055330e5c09a8653ce?s=96&d=mm&r=g\",\"contentUrl\":\"https:\/\/secure.gravatar.com\/avatar\/9c877d1a6adc2a055330e5c09a8653ce?s=96&d=mm&r=g\",\"caption\":\"Bruna Greco\"}}]}<\/script>\n<!-- \/ Yoast SEO plugin. -->","yoast_head_json":{"title":"Prefeitura abre inscri\u00e7\u00f5es para \u00faltima turma do \u2018Salto - Aceleradora\u2019","description":"Prefeitura abre inscri\u00e7\u00f5es para \u00faltima turma do programa \u2018Salto - Aceleradora\u2019 de capacita\u00e7\u00e3o empreendedora","robots":{"index":"index","follow":"follow","max-snippet":"max-snippet:-1","max-image-preview":"max-image-preview:large","max-video-preview":"max-video-preview:-1"},"canonical":"https:\/\/www.manaus.am.gov.br\/semcom\/inscricoes-ultima-turma-salto-aceleradora\/","og_locale":"pt_BR","og_type":"article","og_title":"Prefeitura abre inscri\u00e7\u00f5es para \u00faltima turma do \u2018Salto - Aceleradora\u2019","og_description":"Prefeitura abre inscri\u00e7\u00f5es para \u00faltima turma do programa \u2018Salto - Aceleradora\u2019 de capacita\u00e7\u00e3o empreendedora","og_url":"https:\/\/www.manaus.am.gov.br\/semcom\/inscricoes-ultima-turma-salto-aceleradora\/","og_site_name":"SEMCOM","article_published_time":"2025-09-19T16:38:42+00:00","og_image":[{"width":1024,"height":768,"url":"https:\/\/www.manaus.am.gov.br\/semcom\/wp-content\/uploads\/sites\/5\/2025\/09\/86bfd4bc-993d-42f5-ab58-9a8a8ccf2ddb-1024x768.jpeg","type":"image\/jpeg"}],"author":"Bruna Greco","twitter_card":"summary_large_image","twitter_misc":{"Written by":"Bruna Greco","Est. reading time":"2 minutos"},"schema":{"@context":"https:\/\/schema.org","@graph":[{"@type":"WebPage","@id":"https:\/\/www.manaus.am.gov.br\/semcom\/inscricoes-ultima-turma-salto-aceleradora\/","url":"https:\/\/www.manaus.am.gov.br\/semcom\/inscricoes-ultima-turma-salto-aceleradora\/","name":"Prefeitura abre inscri\u00e7\u00f5es para \u00faltima turma do \u2018Salto - Aceleradora\u2019","isPartOf":{"@id":"https:\/\/www.manaus.am.gov.br\/semcom\/#website"},"primaryImageOfPage":{"@id":"https:\/\/www.manaus.am.gov.br\/semcom\/inscricoes-ultima-turma-salto-aceleradora\/#primaryimage"},"image":{"@id":"https:\/\/www.manaus.am.gov.br\/semcom\/inscricoes-ultima-turma-salto-aceleradora\/#primaryimage"},"thumbnailUrl":"https:\/\/www.manaus.am.gov.br\/semcom\/wp-content\/uploads\/sites\/5\/2025\/09\/86bfd4bc-993d-42f5-ab58-9a8a8ccf2ddb.jpeg","datePublished":"2025-09-19T16:38:42+00:00","dateModified":"2025-09-19T16:38:42+00:00","author":{"@id":"https:\/\/www.manaus.am.gov.br\/semcom\/#\/schema\/person\/05d223aea2bf115f9883a6ff3683d81b"},"description":"Prefeitura abre inscri\u00e7\u00f5es para \u00faltima turma do programa \u2018Salto - Aceleradora\u2019 de capacita\u00e7\u00e3o empreendedora","inLanguage":"pt-BR","potentialAction":[{"@type":"ReadAction","target":["https:\/\/www.manaus.am.gov.br\/semcom\/inscricoes-ultima-turma-salto-aceleradora\/"]}]},{"@type":"ImageObject","inLanguage":"pt-BR","@id":"https:\/\/www.manaus.am.gov.br\/semcom\/inscricoes-ultima-turma-salto-aceleradora\/#primaryimage","url":"https:\/\/www.manaus.am.gov.br\/semcom\/wp-content\/uploads\/sites\/5\/2025\/09\/86bfd4bc-993d-42f5-ab58-9a8a8ccf2ddb.jpeg","contentUrl":"https:\/\/www.manaus.am.gov.br\/semcom\/wp-content\/uploads\/sites\/5\/2025\/09\/86bfd4bc-993d-42f5-ab58-9a8a8ccf2ddb.jpeg","width":4032,"height":3024,"caption":"#paratodosverem - Participantes do programa \"Salto - Aceleradora\" promovido pela Semtepi"},{"@type":"WebSite","@id":"https:\/\/www.manaus.am.gov.br\/semcom\/#website","url":"https:\/\/www.manaus.am.gov.br\/semcom\/","name":"SEMCOM","description":"Secretaria Municipal de Comunica\u00e7\u00e3o","potentialAction":[{"@type":"SearchAction","target":{"@type":"EntryPoint","urlTemplate":"https:\/\/www.manaus.am.gov.br\/semcom\/?s={search_term_string}"},"query-input":"required name=search_term_string"}],"inLanguage":"pt-BR"},{"@type":"Person","@id":"https:\/\/www.manaus.am.gov.br\/semcom\/#\/schema\/person\/05d223aea2bf115f9883a6ff3683d81b","name":"Bruna Greco","image":{"@type":"ImageObject","inLanguage":"pt-BR","@id":"https:\/\/www.manaus.am.gov.br\/semcom\/#\/schema\/person\/image\/","url":"https:\/\/secure.gravatar.com\/avatar\/9c877d1a6adc2a055330e5c09a8653ce?s=96&d=mm&r=g","contentUrl":"https:\/\/secure.gravatar.com\/avatar\/9c877d1a6adc2a055330e5c09a8653ce?s=96&d=mm&r=g","caption":"Bruna Greco"}}]}},"_links":{"self":[{"href":"https:\/\/www.manaus.am.gov.br\/semcom\/wp-json\/wp\/v2\/posts\/245885"}],"collection":[{"href":"https:\/\/www.manaus.am.gov.br\/semcom\/wp-json\/wp\/v2\/posts"}],"about":[{"href":"https:\/\/www.manaus.am.gov.br\/semcom\/wp-json\/wp\/v2\/types\/post"}],"author":[{"embeddable":true,"href":"https:\/\/www.manaus.am.gov.br\/semcom\/wp-json\/wp\/v2\/users\/39"}],"replies":[{"embeddable":true,"href":"https:\/\/www.manaus.am.gov.br\/semcom\/wp-json\/wp\/v2\/comments?post=245885"}],"version-history":[{"count":1,"href":"https:\/\/www.manaus.am.gov.br\/semcom\/wp-json\/wp\/v2\/posts\/245885\/revisions"}],"predecessor-version":[{"id":245888,"href":"https:\/\/www.manaus.am.gov.br\/semcom\/wp-json\/wp\/v2\/posts\/245885\/revisions\/245888"}],"wp:featuredmedia":[{"embeddable":true,"href":"https:\/\/www.manaus.am.gov.br\/semcom\/wp-json\/wp\/v2\/media\/245886"}],"wp:attachment":[{"href":"https:\/\/www.manaus.am.gov.br\/semcom\/wp-json\/wp\/v2\/media?parent=245885"}],"wp:term":[{"taxonomy":"category","embeddable":true,"href":"https:\/\/www.manaus.am.gov.br\/semcom\/wp-json\/wp\/v2\/categories?post=245885"},{"taxonomy":"post_tag","embeddable":true,"href":"https:\/\/www.manaus.am.gov.br\/semcom\/wp-json\/wp\/v2\/tags?post=245885"}],"curies":[{"name":"wp","href":"https:\/\/api.w.org\/{rel}","templated":true}]}}