{"id":245803,"date":"2025-09-18T14:40:58","date_gmt":"2025-09-18T18:40:58","guid":{"rendered":"https:\/\/www.manaus.am.gov.br\/semcom\/ageman-multa-aguas-de-manaus-descumprimento-contrato-obra\/"},"modified":"2025-09-18T14:40:58","modified_gmt":"2025-09-18T18:40:58","slug":"ageman-multa-aguas-de-manaus-descumprimento-contrato-obra","status":"publish","type":"post","link":"https:\/\/www.manaus.am.gov.br\/semcom\/ageman-multa-aguas-de-manaus-descumprimento-contrato-obra\/","title":{"rendered":"Ageman multa \u00c1guas de Manaus por descumprimento ao contrato de concess\u00e3o em obras nos bairros da Paz, Cidade de Deus e Col\u00f4nia Terra Nova"},"content":{"rendered":"\n<p>A Ag\u00eancia Reguladora dos Servi\u00e7os P\u00fablicos Delegados do Munic\u00edpio de Manaus (Ageman) multou a empresa \u00c1guas de Manaus em R$ 1,5 milh\u00e3o referente a tr\u00eas autos de infra\u00e7\u00e3o por descumprimento do contrato de concess\u00e3o de abastecimento de \u00e1gua e esgotamento sanit\u00e1rio referente \u00e0 m\u00e1 qualidade dos servi\u00e7os.<\/p>\n\n\n\n<p>Os problemas foram identificados pelas equipes do \u00f3rg\u00e3o regulador, durante vistoria t\u00e9cnica realizada no bairro da Paz, zona Oeste, comunidade Alfredo Nascimento, no bairro Cidade de Deus e Col\u00f4nia Terra Nova, no Viver Melhor 4, na zona Norte da capital.<\/p>\n\n\n\n<p>\u201cCumprir o contrato de concess\u00e3o n\u00e3o \u00e9 uma op\u00e7\u00e3o para a empresa. Diante de falhas repetidas e do descumprimento de prazos para corrigir vazamentos, recompor vias e normalizar o abastecimento, aplicamos as penalidades previstas que somam R$ 1,5 milh\u00e3o. A prioridade da Ageman \u00e9 o usu\u00e1rio, exigimos solu\u00e7\u00f5es definitivas, com prazos, metas e qualidade t\u00e9cnica. Manteremos a nossa fiscaliza\u00e7\u00e3o de forma permanente nessas \u00e1reas e tamb\u00e9m em outras da nossa cidade e, em caso de reincid\u00eancia, adotaremos novas medidas cab\u00edveis, sempre na forma da lei, assegurando o direito \u00e0 ampla defesa e o contradit\u00f3rio\u201d, destacou o diretor-presidente da Ageman, Elson Andrade.<\/p>\n\n\n\n<p><br>No bairro da Paz, os t\u00e9cnicos registraram a ocorr\u00eancia de dois vazamentos na rua Henoch Reis. A empresa tinha um prazo de 24 horas para sanar o problema e prestar informa\u00e7\u00f5es sobre os procedimentos adotados, o que n\u00e3o ocorreu no tempo exigido pela Ageman e a demora resultou na aplica\u00e7\u00e3o de multa no valor de R$ 566 mil.<\/p>\n\n\n\n<p>Na comunidade Alfredo Nascimento, no bairro Cidade de Deus, a equipe t\u00e9cnica da Ageman constatou que, em diversas ruas e avenidas, os servi\u00e7os de recomposi\u00e7\u00e3o do asfalto nos trechos onde houve a implanta\u00e7\u00e3o da rede de esgotamento sanit\u00e1rio ficaram com a qualidade comprometida.<\/p>\n\n\n\n<p>Diante do problema, a Ageman notificou a concession\u00e1ria e concedeu um prazo de cinco dias \u00fateis para a empresa sanar as irregularidades e prestar informa\u00e7\u00f5es sobre os procedimentos adotados, o que tamb\u00e9m n\u00e3o ocorreu no tempo exigido pelo \u00f3rg\u00e3o regulador. Nesse caso, o auto de infra\u00e7\u00e3o foi no valor de R$ 488 mil.<\/p>\n\n\n\n<p>J\u00e1 no Viver Melhor 4, no bairro Col\u00f4nia Terra Nova, a fiscaliza\u00e7\u00e3o recebeu informa\u00e7\u00f5es divulgadas em ve\u00edculos de comunica\u00e7\u00e3o com relatos de usu\u00e1rios sobre desabastecimento e baixa press\u00e3o de \u00e1gua, mesmo a empresa j\u00e1 tendo realizado servi\u00e7os de melhoria na \u00e1rea, configurando a persist\u00eancia do problema. A empresa foi notificada para agir no prazo de 48 horas, o que n\u00e3o foi atendido novamente pela concession\u00e1ria. A multa aplicada foi de R$ 488 mil.<\/p>\n\n\n\n<p>A concession\u00e1ria tem 30 dias para pagar as multas ou 15 dias para apresentar recurso administrativo. A Ageman segue acompanhando a situa\u00e7\u00e3o junto aos moradores das \u00e1reas e \u00e0 concession\u00e1ria.<\/p>\n\n\n\n<p>A ag\u00eancia disponibiliza seus canais de divulga\u00e7\u00e3o para que os usu\u00e1rios reportem problemas relacionados \u00e0 m\u00e1 qualidade dos servi\u00e7os essenciais regulados. As reclama\u00e7\u00f5es podem ser registradas na Ouvidoria da Ageman pelo WhatsApp 98842-2919 e 98410-3247, al\u00e9m do e-mail\u00a0<a href=\"mailto:ouvidoria.ageman2@gmail.com\" target=\"_blank\" rel=\"noreferrer noopener\">ouvidoria.ageman2@gmail.com<\/a>\u00a0e ainda pelo 0800-092-3511.<\/p>\n\n\n\n<figure class=\"wp-block-image size-large\"><img loading=\"lazy\" decoding=\"async\" width=\"1024\" height=\"576\" src=\"https:\/\/www.manaus.am.gov.br\/semcom\/wp-content\/uploads\/sites\/5\/2025\/09\/Rua-3-1024x576.jpg\" alt=\"\" class=\"wp-image-245804\" srcset=\"https:\/\/www.manaus.am.gov.br\/semcom\/wp-content\/uploads\/sites\/5\/2025\/09\/Rua-3-1024x576.jpg 1024w, https:\/\/www.manaus.am.gov.br\/semcom\/wp-content\/uploads\/sites\/5\/2025\/09\/Rua-3-300x169.jpg 300w, https:\/\/www.manaus.am.gov.br\/semcom\/wp-content\/uploads\/sites\/5\/2025\/09\/Rua-3-768x432.jpg 768w, https:\/\/www.manaus.am.gov.br\/semcom\/wp-content\/uploads\/sites\/5\/2025\/09\/Rua-3-1536x864.jpg 1536w, https:\/\/www.manaus.am.gov.br\/semcom\/wp-content\/uploads\/sites\/5\/2025\/09\/Rua-3.jpg 1599w\" sizes=\"(max-width: 1024px) 100vw, 1024px\" \/><\/figure>\n\n\n\n<p>&#8212; &#8212; &#8212;<\/p>\n\n\n\n<p><strong>Texto &#8211;<\/strong>\u00a0Tereza Te\u00f3filo\/Ageman<\/p>\n\n\n\n<p><strong>Fotos \u2013 <\/strong>Divulga\u00e7\u00e3o\/Ageman<\/p>\n","protected":false},"excerpt":{"rendered":"","protected":false},"author":39,"featured_media":245805,"comment_status":"closed","ping_status":"closed","sticky":false,"template":"","format":"standard","meta":{"footnotes":""},"categories":[5701],"tags":[215,11,3979,79,16949,16950,77],"acf":[],"yoast_head":"<!-- This site is optimized with the Yoast SEO plugin v23.0 - https:\/\/yoast.com\/wordpress\/plugins\/seo\/ -->\n<title>Ageman multa \u00c1guas de Manaus por irregularidades<\/title>\n<meta name=\"description\" content=\"Ageman multa \u00c1guas de Manaus por descumprimento ao contrato de concess\u00e3o em obras nos bairros da Paz, Cidade de Deus e Col\u00f4nia Terra Nova.\" \/>\n<meta name=\"robots\" content=\"index, follow, max-snippet:-1, max-image-preview:large, max-video-preview:-1\" \/>\n<link rel=\"canonical\" href=\"https:\/\/www.manaus.am.gov.br\/semcom\/ageman-multa-aguas-de-manaus-descumprimento-contrato-obra\/\" \/>\n<meta property=\"og:locale\" content=\"pt_BR\" \/>\n<meta property=\"og:type\" content=\"article\" \/>\n<meta property=\"og:title\" content=\"Ageman multa \u00c1guas de Manaus por irregularidades\" \/>\n<meta property=\"og:description\" content=\"Ageman multa \u00c1guas de Manaus por descumprimento ao contrato de concess\u00e3o em obras nos bairros da Paz, Cidade de Deus e Col\u00f4nia Terra Nova.\" \/>\n<meta property=\"og:url\" content=\"https:\/\/www.manaus.am.gov.br\/semcom\/ageman-multa-aguas-de-manaus-descumprimento-contrato-obra\/\" \/>\n<meta property=\"og:site_name\" content=\"SEMCOM\" \/>\n<meta property=\"article:published_time\" content=\"2025-09-18T18:40:58+00:00\" \/>\n<meta property=\"og:image\" content=\"https:\/\/www.manaus.am.gov.br\/semcom\/wp-content\/uploads\/sites\/5\/2025\/09\/Rua-Ondas.jpg\" \/>\n\t<meta property=\"og:image:width\" content=\"1599\" \/>\n\t<meta property=\"og:image:height\" content=\"899\" \/>\n\t<meta property=\"og:image:type\" content=\"image\/jpeg\" \/>\n<meta name=\"author\" content=\"Bruna Greco\" \/>\n<meta name=\"twitter:card\" content=\"summary_large_image\" \/>\n<meta name=\"twitter:label1\" content=\"Written by\" \/>\n\t<meta name=\"twitter:data1\" content=\"Bruna Greco\" \/>\n\t<meta name=\"twitter:label2\" content=\"Est. reading time\" \/>\n\t<meta name=\"twitter:data2\" content=\"4 minutos\" \/>\n<script type=\"application\/ld+json\" class=\"yoast-schema-graph\">{\"@context\":\"https:\/\/schema.org\",\"@graph\":[{\"@type\":\"WebPage\",\"@id\":\"https:\/\/www.manaus.am.gov.br\/semcom\/ageman-multa-aguas-de-manaus-descumprimento-contrato-obra\/\",\"url\":\"https:\/\/www.manaus.am.gov.br\/semcom\/ageman-multa-aguas-de-manaus-descumprimento-contrato-obra\/\",\"name\":\"Ageman multa \u00c1guas de Manaus por irregularidades\",\"isPartOf\":{\"@id\":\"https:\/\/www.manaus.am.gov.br\/semcom\/#website\"},\"primaryImageOfPage\":{\"@id\":\"https:\/\/www.manaus.am.gov.br\/semcom\/ageman-multa-aguas-de-manaus-descumprimento-contrato-obra\/#primaryimage\"},\"image\":{\"@id\":\"https:\/\/www.manaus.am.gov.br\/semcom\/ageman-multa-aguas-de-manaus-descumprimento-contrato-obra\/#primaryimage\"},\"thumbnailUrl\":\"https:\/\/www.manaus.am.gov.br\/semcom\/wp-content\/uploads\/sites\/5\/2025\/09\/Rua-Ondas.jpg\",\"datePublished\":\"2025-09-18T18:40:58+00:00\",\"dateModified\":\"2025-09-18T18:40:58+00:00\",\"author\":{\"@id\":\"https:\/\/www.manaus.am.gov.br\/semcom\/#\/schema\/person\/05d223aea2bf115f9883a6ff3683d81b\"},\"description\":\"Ageman multa \u00c1guas de Manaus por descumprimento ao contrato de concess\u00e3o em obras nos bairros da Paz, Cidade de Deus e Col\u00f4nia Terra Nova.\",\"inLanguage\":\"pt-BR\",\"potentialAction\":[{\"@type\":\"ReadAction\",\"target\":[\"https:\/\/www.manaus.am.gov.br\/semcom\/ageman-multa-aguas-de-manaus-descumprimento-contrato-obra\/\"]}]},{\"@type\":\"ImageObject\",\"inLanguage\":\"pt-BR\",\"@id\":\"https:\/\/www.manaus.am.gov.br\/semcom\/ageman-multa-aguas-de-manaus-descumprimento-contrato-obra\/#primaryimage\",\"url\":\"https:\/\/www.manaus.am.gov.br\/semcom\/wp-content\/uploads\/sites\/5\/2025\/09\/Rua-Ondas.jpg\",\"contentUrl\":\"https:\/\/www.manaus.am.gov.br\/semcom\/wp-content\/uploads\/sites\/5\/2025\/09\/Rua-Ondas.jpg\",\"width\":1599,\"height\":899,\"caption\":\"#paratodosverem - M\u00e1 qualidade de servi\u00e7o realizado pela concession\u00e1ria \u00c1gua de Manaus na rua Ondas, no bairro Cidade de Deus\"},{\"@type\":\"WebSite\",\"@id\":\"https:\/\/www.manaus.am.gov.br\/semcom\/#website\",\"url\":\"https:\/\/www.manaus.am.gov.br\/semcom\/\",\"name\":\"SEMCOM\",\"description\":\"Secretaria Municipal de Comunica\u00e7\u00e3o\",\"potentialAction\":[{\"@type\":\"SearchAction\",\"target\":{\"@type\":\"EntryPoint\",\"urlTemplate\":\"https:\/\/www.manaus.am.gov.br\/semcom\/?s={search_term_string}\"},\"query-input\":\"required name=search_term_string\"}],\"inLanguage\":\"pt-BR\"},{\"@type\":\"Person\",\"@id\":\"https:\/\/www.manaus.am.gov.br\/semcom\/#\/schema\/person\/05d223aea2bf115f9883a6ff3683d81b\",\"name\":\"Bruna Greco\",\"image\":{\"@type\":\"ImageObject\",\"inLanguage\":\"pt-BR\",\"@id\":\"https:\/\/www.manaus.am.gov.br\/semcom\/#\/schema\/person\/image\/\",\"url\":\"https:\/\/secure.gravatar.com\/avatar\/9c877d1a6adc2a055330e5c09a8653ce?s=96&d=mm&r=g\",\"contentUrl\":\"https:\/\/secure.gravatar.com\/avatar\/9c877d1a6adc2a055330e5c09a8653ce?s=96&d=mm&r=g\",\"caption\":\"Bruna Greco\"}}]}<\/script>\n<!-- \/ Yoast SEO plugin. -->","yoast_head_json":{"title":"Ageman multa \u00c1guas de Manaus por irregularidades","description":"Ageman multa \u00c1guas de Manaus por descumprimento ao contrato de concess\u00e3o em obras nos bairros da Paz, Cidade de Deus e Col\u00f4nia Terra Nova.","robots":{"index":"index","follow":"follow","max-snippet":"max-snippet:-1","max-image-preview":"max-image-preview:large","max-video-preview":"max-video-preview:-1"},"canonical":"https:\/\/www.manaus.am.gov.br\/semcom\/ageman-multa-aguas-de-manaus-descumprimento-contrato-obra\/","og_locale":"pt_BR","og_type":"article","og_title":"Ageman multa \u00c1guas de Manaus por irregularidades","og_description":"Ageman multa \u00c1guas de Manaus por descumprimento ao contrato de concess\u00e3o em obras nos bairros da Paz, Cidade de Deus e Col\u00f4nia Terra Nova.","og_url":"https:\/\/www.manaus.am.gov.br\/semcom\/ageman-multa-aguas-de-manaus-descumprimento-contrato-obra\/","og_site_name":"SEMCOM","article_published_time":"2025-09-18T18:40:58+00:00","og_image":[{"width":1599,"height":899,"url":"https:\/\/www.manaus.am.gov.br\/semcom\/wp-content\/uploads\/sites\/5\/2025\/09\/Rua-Ondas.jpg","type":"image\/jpeg"}],"author":"Bruna Greco","twitter_card":"summary_large_image","twitter_misc":{"Written by":"Bruna Greco","Est. reading time":"4 minutos"},"schema":{"@context":"https:\/\/schema.org","@graph":[{"@type":"WebPage","@id":"https:\/\/www.manaus.am.gov.br\/semcom\/ageman-multa-aguas-de-manaus-descumprimento-contrato-obra\/","url":"https:\/\/www.manaus.am.gov.br\/semcom\/ageman-multa-aguas-de-manaus-descumprimento-contrato-obra\/","name":"Ageman multa \u00c1guas de Manaus por irregularidades","isPartOf":{"@id":"https:\/\/www.manaus.am.gov.br\/semcom\/#website"},"primaryImageOfPage":{"@id":"https:\/\/www.manaus.am.gov.br\/semcom\/ageman-multa-aguas-de-manaus-descumprimento-contrato-obra\/#primaryimage"},"image":{"@id":"https:\/\/www.manaus.am.gov.br\/semcom\/ageman-multa-aguas-de-manaus-descumprimento-contrato-obra\/#primaryimage"},"thumbnailUrl":"https:\/\/www.manaus.am.gov.br\/semcom\/wp-content\/uploads\/sites\/5\/2025\/09\/Rua-Ondas.jpg","datePublished":"2025-09-18T18:40:58+00:00","dateModified":"2025-09-18T18:40:58+00:00","author":{"@id":"https:\/\/www.manaus.am.gov.br\/semcom\/#\/schema\/person\/05d223aea2bf115f9883a6ff3683d81b"},"description":"Ageman multa \u00c1guas de Manaus por descumprimento ao contrato de concess\u00e3o em obras nos bairros da Paz, Cidade de Deus e Col\u00f4nia Terra Nova.","inLanguage":"pt-BR","potentialAction":[{"@type":"ReadAction","target":["https:\/\/www.manaus.am.gov.br\/semcom\/ageman-multa-aguas-de-manaus-descumprimento-contrato-obra\/"]}]},{"@type":"ImageObject","inLanguage":"pt-BR","@id":"https:\/\/www.manaus.am.gov.br\/semcom\/ageman-multa-aguas-de-manaus-descumprimento-contrato-obra\/#primaryimage","url":"https:\/\/www.manaus.am.gov.br\/semcom\/wp-content\/uploads\/sites\/5\/2025\/09\/Rua-Ondas.jpg","contentUrl":"https:\/\/www.manaus.am.gov.br\/semcom\/wp-content\/uploads\/sites\/5\/2025\/09\/Rua-Ondas.jpg","width":1599,"height":899,"caption":"#paratodosverem - M\u00e1 qualidade de servi\u00e7o realizado pela concession\u00e1ria \u00c1gua de Manaus na rua Ondas, no bairro Cidade de Deus"},{"@type":"WebSite","@id":"https:\/\/www.manaus.am.gov.br\/semcom\/#website","url":"https:\/\/www.manaus.am.gov.br\/semcom\/","name":"SEMCOM","description":"Secretaria Municipal de Comunica\u00e7\u00e3o","potentialAction":[{"@type":"SearchAction","target":{"@type":"EntryPoint","urlTemplate":"https:\/\/www.manaus.am.gov.br\/semcom\/?s={search_term_string}"},"query-input":"required name=search_term_string"}],"inLanguage":"pt-BR"},{"@type":"Person","@id":"https:\/\/www.manaus.am.gov.br\/semcom\/#\/schema\/person\/05d223aea2bf115f9883a6ff3683d81b","name":"Bruna Greco","image":{"@type":"ImageObject","inLanguage":"pt-BR","@id":"https:\/\/www.manaus.am.gov.br\/semcom\/#\/schema\/person\/image\/","url":"https:\/\/secure.gravatar.com\/avatar\/9c877d1a6adc2a055330e5c09a8653ce?s=96&d=mm&r=g","contentUrl":"https:\/\/secure.gravatar.com\/avatar\/9c877d1a6adc2a055330e5c09a8653ce?s=96&d=mm&r=g","caption":"Bruna Greco"}}]}},"_links":{"self":[{"href":"https:\/\/www.manaus.am.gov.br\/semcom\/wp-json\/wp\/v2\/posts\/245803"}],"collection":[{"href":"https:\/\/www.manaus.am.gov.br\/semcom\/wp-json\/wp\/v2\/posts"}],"about":[{"href":"https:\/\/www.manaus.am.gov.br\/semcom\/wp-json\/wp\/v2\/types\/post"}],"author":[{"embeddable":true,"href":"https:\/\/www.manaus.am.gov.br\/semcom\/wp-json\/wp\/v2\/users\/39"}],"replies":[{"embeddable":true,"href":"https:\/\/www.manaus.am.gov.br\/semcom\/wp-json\/wp\/v2\/comments?post=245803"}],"version-history":[{"count":1,"href":"https:\/\/www.manaus.am.gov.br\/semcom\/wp-json\/wp\/v2\/posts\/245803\/revisions"}],"predecessor-version":[{"id":245806,"href":"https:\/\/www.manaus.am.gov.br\/semcom\/wp-json\/wp\/v2\/posts\/245803\/revisions\/245806"}],"wp:featuredmedia":[{"embeddable":true,"href":"https:\/\/www.manaus.am.gov.br\/semcom\/wp-json\/wp\/v2\/media\/245805"}],"wp:attachment":[{"href":"https:\/\/www.manaus.am.gov.br\/semcom\/wp-json\/wp\/v2\/media?parent=245803"}],"wp:term":[{"taxonomy":"category","embeddable":true,"href":"https:\/\/www.manaus.am.gov.br\/semcom\/wp-json\/wp\/v2\/categories?post=245803"},{"taxonomy":"post_tag","embeddable":true,"href":"https:\/\/www.manaus.am.gov.br\/semcom\/wp-json\/wp\/v2\/tags?post=245803"}],"curies":[{"name":"wp","href":"https:\/\/api.w.org\/{rel}","templated":true}]}}