{"id":245795,"date":"2025-09-18T13:41:06","date_gmt":"2025-09-18T17:41:06","guid":{"rendered":"https:\/\/www.manaus.am.gov.br\/semcom\/capacitacao-atendimento-populacao-situacao-vulnerabilidade-social\/"},"modified":"2025-09-18T13:41:06","modified_gmt":"2025-09-18T17:41:06","slug":"capacitacao-atendimento-populacao-situacao-vulnerabilidade-social","status":"publish","type":"post","link":"https:\/\/www.manaus.am.gov.br\/semcom\/capacitacao-atendimento-populacao-situacao-vulnerabilidade-social\/","title":{"rendered":"Prefeitura de Manaus capacita servidores para atendimento \u00e0 popula\u00e7\u00e3o em situa\u00e7\u00e3o de vulnerabilidade social"},"content":{"rendered":"\n<p>A Prefeitura de Manaus, por meio da Secretaria Municipal da Mulher, Assist\u00eancia Social e Cidadania (Semasc), promoveu, nesta quinta-feira, 18\/9, um treinamento voltado \u00e0 qualifica\u00e7\u00e3o dos servidores que atuam na&nbsp;abordagem social.&nbsp;A capacita\u00e7\u00e3o, que ocorreu no mirante L\u00facia Almeida, no Centro, zona Sul, teve como objetivo fortalecer e aprimorar os servi\u00e7os municipais direcionado \u00e0s pessoas em situa\u00e7\u00e3o de vulnerabilidade social, especialmente \u00e0quelas em situa\u00e7\u00e3o de rua.<\/p>\n\n\n\n<p>Participaram da a\u00e7\u00e3o equipes de diversos setores da Semasc, como o Departamento de Prote\u00e7\u00e3o Social Especial (DPSE), o Departamento de Prote\u00e7\u00e3o Social B\u00e1sica (DPSB), servidores de abrigos, representantes da Guarda Municipal, al\u00e9m de profissionais do Centro de Refer\u00eancia de Assist\u00eancia Social (Cras) e do Centro de Refer\u00eancia Especializado de Assist\u00eancia Social (Creas).<\/p>\n\n\n\n<p>De acordo com a subsecret\u00e1ria da Semasc, Dermi Rayol, a capacita\u00e7\u00e3o \u00e9 essencial para garantir um atendimento mais humano e eficaz \u00e0 popula\u00e7\u00e3o em situa\u00e7\u00e3o de rua.<\/p>\n\n\n\n<p>\u201cQuando conseguimos encaminhar algu\u00e9m para um abrigo, com todo o suporte que a secretaria oferece, ou quando essa pessoa conquista um emprego por meio do trabalho da nossa equipe, \u00e9 uma grande satisfa\u00e7\u00e3o. Manaus est\u00e1 prestes a viver um novo momento com a inaugura\u00e7\u00e3o da Casa de Passagem e do Centro Pop. Por isso, \u00e9 fundamental termos uma equipe cada vez mais preparada para oferecer o suporte necess\u00e1rio \u00e0queles que mais precisam\u201d, destacou.<\/p>\n\n\n\n<p>Para a gerente do Servi\u00e7o Especializado em Abordagem Social, Cl\u00edcia Lima, a forma\u00e7\u00e3o representa uma oportunidade importante de atualiza\u00e7\u00e3o e sensibiliza\u00e7\u00e3o das equipes. \u201cEste \u00e9 um momento dedicado a ampliar o conhecimento das equipes que atuam diretamente com pessoas em situa\u00e7\u00e3o de vulnerabilidade. Estamos refor\u00e7ando a import\u00e2ncia da empatia, da escuta qualificada e das boas pr\u00e1ticas na abordagem social, contribuindo para um atendimento mais humanizado e eficiente\u201d, concluiu.<\/p>\n\n\n\n<p>A iniciativa integra uma s\u00e9rie de a\u00e7\u00f5es da Semasc para aprimorar o acolhimento e a reinser\u00e7\u00e3o social de pessoas em situa\u00e7\u00e3o de rua.<\/p>\n\n\n\n<figure class=\"wp-block-image size-large\"><img loading=\"lazy\" decoding=\"async\" width=\"1024\" height=\"683\" src=\"https:\/\/www.manaus.am.gov.br\/semcom\/wp-content\/uploads\/sites\/5\/2025\/09\/IMG_3865-1024x683.jpg\" alt=\"\" class=\"wp-image-245796\" srcset=\"https:\/\/www.manaus.am.gov.br\/semcom\/wp-content\/uploads\/sites\/5\/2025\/09\/IMG_3865-1024x683.jpg 1024w, https:\/\/www.manaus.am.gov.br\/semcom\/wp-content\/uploads\/sites\/5\/2025\/09\/IMG_3865-300x200.jpg 300w, https:\/\/www.manaus.am.gov.br\/semcom\/wp-content\/uploads\/sites\/5\/2025\/09\/IMG_3865-768x512.jpg 768w, https:\/\/www.manaus.am.gov.br\/semcom\/wp-content\/uploads\/sites\/5\/2025\/09\/IMG_3865-1536x1024.jpg 1536w, https:\/\/www.manaus.am.gov.br\/semcom\/wp-content\/uploads\/sites\/5\/2025\/09\/IMG_3865-2048x1365.jpg 2048w\" sizes=\"(max-width: 1024px) 100vw, 1024px\" \/><\/figure>\n\n\n\n<p>&#8212; &#8212; &#8212;<\/p>\n\n\n\n<p><strong>Texto &#8211;\u00a0<\/strong>Maria Fernanda Rodrigues\/Semasc<strong><br>Fotos &#8211; <\/strong>Diego Lima\/Semasc<\/p>\n","protected":false},"excerpt":{"rendered":"","protected":false},"author":39,"featured_media":245797,"comment_status":"closed","ping_status":"closed","sticky":false,"template":"","format":"standard","meta":{"footnotes":""},"categories":[176],"tags":[388,16945,77,153,16946],"acf":[],"yoast_head":"<!-- This site is optimized with the Yoast SEO plugin v23.0 - https:\/\/yoast.com\/wordpress\/plugins\/seo\/ -->\n<title>Capacita\u00e7\u00e3o para atendimento \u00e0 popula\u00e7\u00e3o em situa\u00e7\u00e3o de vulnerabilidade social<\/title>\n<meta name=\"description\" content=\"Prefeitura de Manaus capacita servidores para atendimento \u00e0 popula\u00e7\u00e3o em situa\u00e7\u00e3o de vulnerabilidade social.\" \/>\n<meta name=\"robots\" content=\"index, follow, max-snippet:-1, max-image-preview:large, max-video-preview:-1\" \/>\n<link rel=\"canonical\" href=\"https:\/\/www.manaus.am.gov.br\/semcom\/capacitacao-atendimento-populacao-situacao-vulnerabilidade-social\/\" \/>\n<meta property=\"og:locale\" content=\"pt_BR\" \/>\n<meta property=\"og:type\" content=\"article\" \/>\n<meta property=\"og:title\" content=\"Capacita\u00e7\u00e3o para atendimento \u00e0 popula\u00e7\u00e3o em situa\u00e7\u00e3o de vulnerabilidade social\" \/>\n<meta property=\"og:description\" content=\"Prefeitura de Manaus capacita servidores para atendimento \u00e0 popula\u00e7\u00e3o em situa\u00e7\u00e3o de vulnerabilidade social.\" \/>\n<meta property=\"og:url\" content=\"https:\/\/www.manaus.am.gov.br\/semcom\/capacitacao-atendimento-populacao-situacao-vulnerabilidade-social\/\" \/>\n<meta property=\"og:site_name\" content=\"SEMCOM\" \/>\n<meta property=\"article:published_time\" content=\"2025-09-18T17:41:06+00:00\" \/>\n<meta property=\"og:image\" content=\"https:\/\/www.manaus.am.gov.br\/semcom\/wp-content\/uploads\/sites\/5\/2025\/09\/456.jpg\" \/>\n\t<meta property=\"og:image:width\" content=\"648\" \/>\n\t<meta property=\"og:image:height\" content=\"483\" \/>\n\t<meta property=\"og:image:type\" content=\"image\/jpeg\" \/>\n<meta name=\"author\" content=\"Bruna Greco\" \/>\n<meta name=\"twitter:card\" content=\"summary_large_image\" \/>\n<meta name=\"twitter:label1\" content=\"Written by\" \/>\n\t<meta name=\"twitter:data1\" content=\"Bruna Greco\" \/>\n\t<meta name=\"twitter:label2\" content=\"Est. reading time\" \/>\n\t<meta name=\"twitter:data2\" content=\"3 minutos\" \/>\n<script type=\"application\/ld+json\" class=\"yoast-schema-graph\">{\"@context\":\"https:\/\/schema.org\",\"@graph\":[{\"@type\":\"WebPage\",\"@id\":\"https:\/\/www.manaus.am.gov.br\/semcom\/capacitacao-atendimento-populacao-situacao-vulnerabilidade-social\/\",\"url\":\"https:\/\/www.manaus.am.gov.br\/semcom\/capacitacao-atendimento-populacao-situacao-vulnerabilidade-social\/\",\"name\":\"Capacita\u00e7\u00e3o para atendimento \u00e0 popula\u00e7\u00e3o em situa\u00e7\u00e3o de vulnerabilidade social\",\"isPartOf\":{\"@id\":\"https:\/\/www.manaus.am.gov.br\/semcom\/#website\"},\"primaryImageOfPage\":{\"@id\":\"https:\/\/www.manaus.am.gov.br\/semcom\/capacitacao-atendimento-populacao-situacao-vulnerabilidade-social\/#primaryimage\"},\"image\":{\"@id\":\"https:\/\/www.manaus.am.gov.br\/semcom\/capacitacao-atendimento-populacao-situacao-vulnerabilidade-social\/#primaryimage\"},\"thumbnailUrl\":\"https:\/\/www.manaus.am.gov.br\/semcom\/wp-content\/uploads\/sites\/5\/2025\/09\/456.jpg\",\"datePublished\":\"2025-09-18T17:41:06+00:00\",\"dateModified\":\"2025-09-18T17:41:06+00:00\",\"author\":{\"@id\":\"https:\/\/www.manaus.am.gov.br\/semcom\/#\/schema\/person\/05d223aea2bf115f9883a6ff3683d81b\"},\"description\":\"Prefeitura de Manaus capacita servidores para atendimento \u00e0 popula\u00e7\u00e3o em situa\u00e7\u00e3o de vulnerabilidade social.\",\"inLanguage\":\"pt-BR\",\"potentialAction\":[{\"@type\":\"ReadAction\",\"target\":[\"https:\/\/www.manaus.am.gov.br\/semcom\/capacitacao-atendimento-populacao-situacao-vulnerabilidade-social\/\"]}]},{\"@type\":\"ImageObject\",\"inLanguage\":\"pt-BR\",\"@id\":\"https:\/\/www.manaus.am.gov.br\/semcom\/capacitacao-atendimento-populacao-situacao-vulnerabilidade-social\/#primaryimage\",\"url\":\"https:\/\/www.manaus.am.gov.br\/semcom\/wp-content\/uploads\/sites\/5\/2025\/09\/456.jpg\",\"contentUrl\":\"https:\/\/www.manaus.am.gov.br\/semcom\/wp-content\/uploads\/sites\/5\/2025\/09\/456.jpg\",\"width\":648,\"height\":483,\"caption\":\"#paratodosverem - Servidores da Semasc participando de capacita\u00e7\u00e3o para realizar atendimento \u00e0 popula\u00e7\u00e3o em vulnerabilidade social\"},{\"@type\":\"WebSite\",\"@id\":\"https:\/\/www.manaus.am.gov.br\/semcom\/#website\",\"url\":\"https:\/\/www.manaus.am.gov.br\/semcom\/\",\"name\":\"SEMCOM\",\"description\":\"Secretaria Municipal de Comunica\u00e7\u00e3o\",\"potentialAction\":[{\"@type\":\"SearchAction\",\"target\":{\"@type\":\"EntryPoint\",\"urlTemplate\":\"https:\/\/www.manaus.am.gov.br\/semcom\/?s={search_term_string}\"},\"query-input\":\"required name=search_term_string\"}],\"inLanguage\":\"pt-BR\"},{\"@type\":\"Person\",\"@id\":\"https:\/\/www.manaus.am.gov.br\/semcom\/#\/schema\/person\/05d223aea2bf115f9883a6ff3683d81b\",\"name\":\"Bruna Greco\",\"image\":{\"@type\":\"ImageObject\",\"inLanguage\":\"pt-BR\",\"@id\":\"https:\/\/www.manaus.am.gov.br\/semcom\/#\/schema\/person\/image\/\",\"url\":\"https:\/\/secure.gravatar.com\/avatar\/9c877d1a6adc2a055330e5c09a8653ce?s=96&d=mm&r=g\",\"contentUrl\":\"https:\/\/secure.gravatar.com\/avatar\/9c877d1a6adc2a055330e5c09a8653ce?s=96&d=mm&r=g\",\"caption\":\"Bruna Greco\"}}]}<\/script>\n<!-- \/ Yoast SEO plugin. -->","yoast_head_json":{"title":"Capacita\u00e7\u00e3o para atendimento \u00e0 popula\u00e7\u00e3o em situa\u00e7\u00e3o de vulnerabilidade social","description":"Prefeitura de Manaus capacita servidores para atendimento \u00e0 popula\u00e7\u00e3o em situa\u00e7\u00e3o de vulnerabilidade social.","robots":{"index":"index","follow":"follow","max-snippet":"max-snippet:-1","max-image-preview":"max-image-preview:large","max-video-preview":"max-video-preview:-1"},"canonical":"https:\/\/www.manaus.am.gov.br\/semcom\/capacitacao-atendimento-populacao-situacao-vulnerabilidade-social\/","og_locale":"pt_BR","og_type":"article","og_title":"Capacita\u00e7\u00e3o para atendimento \u00e0 popula\u00e7\u00e3o em situa\u00e7\u00e3o de vulnerabilidade social","og_description":"Prefeitura de Manaus capacita servidores para atendimento \u00e0 popula\u00e7\u00e3o em situa\u00e7\u00e3o de vulnerabilidade social.","og_url":"https:\/\/www.manaus.am.gov.br\/semcom\/capacitacao-atendimento-populacao-situacao-vulnerabilidade-social\/","og_site_name":"SEMCOM","article_published_time":"2025-09-18T17:41:06+00:00","og_image":[{"width":648,"height":483,"url":"https:\/\/www.manaus.am.gov.br\/semcom\/wp-content\/uploads\/sites\/5\/2025\/09\/456.jpg","type":"image\/jpeg"}],"author":"Bruna Greco","twitter_card":"summary_large_image","twitter_misc":{"Written by":"Bruna Greco","Est. reading time":"3 minutos"},"schema":{"@context":"https:\/\/schema.org","@graph":[{"@type":"WebPage","@id":"https:\/\/www.manaus.am.gov.br\/semcom\/capacitacao-atendimento-populacao-situacao-vulnerabilidade-social\/","url":"https:\/\/www.manaus.am.gov.br\/semcom\/capacitacao-atendimento-populacao-situacao-vulnerabilidade-social\/","name":"Capacita\u00e7\u00e3o para atendimento \u00e0 popula\u00e7\u00e3o em situa\u00e7\u00e3o de vulnerabilidade social","isPartOf":{"@id":"https:\/\/www.manaus.am.gov.br\/semcom\/#website"},"primaryImageOfPage":{"@id":"https:\/\/www.manaus.am.gov.br\/semcom\/capacitacao-atendimento-populacao-situacao-vulnerabilidade-social\/#primaryimage"},"image":{"@id":"https:\/\/www.manaus.am.gov.br\/semcom\/capacitacao-atendimento-populacao-situacao-vulnerabilidade-social\/#primaryimage"},"thumbnailUrl":"https:\/\/www.manaus.am.gov.br\/semcom\/wp-content\/uploads\/sites\/5\/2025\/09\/456.jpg","datePublished":"2025-09-18T17:41:06+00:00","dateModified":"2025-09-18T17:41:06+00:00","author":{"@id":"https:\/\/www.manaus.am.gov.br\/semcom\/#\/schema\/person\/05d223aea2bf115f9883a6ff3683d81b"},"description":"Prefeitura de Manaus capacita servidores para atendimento \u00e0 popula\u00e7\u00e3o em situa\u00e7\u00e3o de vulnerabilidade social.","inLanguage":"pt-BR","potentialAction":[{"@type":"ReadAction","target":["https:\/\/www.manaus.am.gov.br\/semcom\/capacitacao-atendimento-populacao-situacao-vulnerabilidade-social\/"]}]},{"@type":"ImageObject","inLanguage":"pt-BR","@id":"https:\/\/www.manaus.am.gov.br\/semcom\/capacitacao-atendimento-populacao-situacao-vulnerabilidade-social\/#primaryimage","url":"https:\/\/www.manaus.am.gov.br\/semcom\/wp-content\/uploads\/sites\/5\/2025\/09\/456.jpg","contentUrl":"https:\/\/www.manaus.am.gov.br\/semcom\/wp-content\/uploads\/sites\/5\/2025\/09\/456.jpg","width":648,"height":483,"caption":"#paratodosverem - Servidores da Semasc participando de capacita\u00e7\u00e3o para realizar atendimento \u00e0 popula\u00e7\u00e3o em vulnerabilidade social"},{"@type":"WebSite","@id":"https:\/\/www.manaus.am.gov.br\/semcom\/#website","url":"https:\/\/www.manaus.am.gov.br\/semcom\/","name":"SEMCOM","description":"Secretaria Municipal de Comunica\u00e7\u00e3o","potentialAction":[{"@type":"SearchAction","target":{"@type":"EntryPoint","urlTemplate":"https:\/\/www.manaus.am.gov.br\/semcom\/?s={search_term_string}"},"query-input":"required name=search_term_string"}],"inLanguage":"pt-BR"},{"@type":"Person","@id":"https:\/\/www.manaus.am.gov.br\/semcom\/#\/schema\/person\/05d223aea2bf115f9883a6ff3683d81b","name":"Bruna Greco","image":{"@type":"ImageObject","inLanguage":"pt-BR","@id":"https:\/\/www.manaus.am.gov.br\/semcom\/#\/schema\/person\/image\/","url":"https:\/\/secure.gravatar.com\/avatar\/9c877d1a6adc2a055330e5c09a8653ce?s=96&d=mm&r=g","contentUrl":"https:\/\/secure.gravatar.com\/avatar\/9c877d1a6adc2a055330e5c09a8653ce?s=96&d=mm&r=g","caption":"Bruna Greco"}}]}},"_links":{"self":[{"href":"https:\/\/www.manaus.am.gov.br\/semcom\/wp-json\/wp\/v2\/posts\/245795"}],"collection":[{"href":"https:\/\/www.manaus.am.gov.br\/semcom\/wp-json\/wp\/v2\/posts"}],"about":[{"href":"https:\/\/www.manaus.am.gov.br\/semcom\/wp-json\/wp\/v2\/types\/post"}],"author":[{"embeddable":true,"href":"https:\/\/www.manaus.am.gov.br\/semcom\/wp-json\/wp\/v2\/users\/39"}],"replies":[{"embeddable":true,"href":"https:\/\/www.manaus.am.gov.br\/semcom\/wp-json\/wp\/v2\/comments?post=245795"}],"version-history":[{"count":1,"href":"https:\/\/www.manaus.am.gov.br\/semcom\/wp-json\/wp\/v2\/posts\/245795\/revisions"}],"predecessor-version":[{"id":245798,"href":"https:\/\/www.manaus.am.gov.br\/semcom\/wp-json\/wp\/v2\/posts\/245795\/revisions\/245798"}],"wp:featuredmedia":[{"embeddable":true,"href":"https:\/\/www.manaus.am.gov.br\/semcom\/wp-json\/wp\/v2\/media\/245797"}],"wp:attachment":[{"href":"https:\/\/www.manaus.am.gov.br\/semcom\/wp-json\/wp\/v2\/media?parent=245795"}],"wp:term":[{"taxonomy":"category","embeddable":true,"href":"https:\/\/www.manaus.am.gov.br\/semcom\/wp-json\/wp\/v2\/categories?post=245795"},{"taxonomy":"post_tag","embeddable":true,"href":"https:\/\/www.manaus.am.gov.br\/semcom\/wp-json\/wp\/v2\/tags?post=245795"}],"curies":[{"name":"wp","href":"https:\/\/api.w.org\/{rel}","templated":true}]}}