{"id":245762,"date":"2025-09-17T17:14:13","date_gmt":"2025-09-17T20:14:13","guid":{"rendered":"https:\/\/www.manaus.am.gov.br\/semcom\/bolsa-universidade-2026\/"},"modified":"2025-09-17T17:14:15","modified_gmt":"2025-09-17T20:14:15","slug":"bolsa-universidade-2026","status":"publish","type":"post","link":"https:\/\/www.manaus.am.gov.br\/semcom\/bolsa-universidade-2026\/","title":{"rendered":"Prefeito David Almeida lan\u00e7a edital do Bolsa Universidade 2026 com mais de 40 mil oportunidades de gradua\u00e7\u00e3o em Manaus"},"content":{"rendered":"\n<p>O prefeito de Manaus, David Almeida, lan\u00e7ou, nesta quarta-feira, 17\/9, no audit\u00f3rio da Prefeitura de Manaus, na Compensa, zona Oeste, o edital do Programa Bolsa Universidade (PBU) 2026, coordenado pela Escola de Servi\u00e7o P\u00fablico Municipal e Inclus\u00e3o Socioeducacional (Espi), vinculada \u00e0 Secretaria Municipal de Administra\u00e7\u00e3o, Planejamento e Gest\u00e3o (Semad). O programa vai oferecer 40.388 vagas de acesso ao ensino superior no primeiro semestre do pr\u00f3ximo ano, em institui\u00e7\u00f5es particulares de ensino.<\/p>\n\n\n\n<p>\u201cEstamos abrindo mais de 40 mil oportunidades de bolsas, entre integrais e parciais. A educa\u00e7\u00e3o \u00e9 a melhor ferramenta de transforma\u00e7\u00e3o de vidas e inclus\u00e3o social. \u00c9 por meio dela que oferecemos chances reais de mudan\u00e7a de futuro para milhares de fam\u00edlias em Manaus\u201d, afirmou o prefeito David Almeida, durante a solenidade.<\/p>\n\n\n\n<p>O diretor da Espi, Aurilex Moreira, refor\u00e7ou o car\u00e1ter inclusivo do programa. \u201cEstamos oferecendo oportunidades para milhares de pessoas, contemplando idosos, PcDs e jovens que sonham com o ensino superior. O Bolsa Universidade n\u00e3o \u00e9 apenas acesso ao mercado de trabalho, \u00e9 transforma\u00e7\u00e3o social por meio da educa\u00e7\u00e3o\u201d, destacou.<\/p>\n\n\n\n<p>Um dos momentos mais emocionantes foi a participa\u00e7\u00e3o da bolsista Alcicleide Brasil, de 67 anos, que iniciou a vida adulta sem saber ler e escrever e hoje est\u00e1 prestes a se formar em Direito. \u201cEu enfrentei muitas dificuldades, mas nunca desisti. Se eu consegui chegar at\u00e9 aqui, qualquer pessoa pode. O Bolsa Universidade mudou a minha vida e pode mudar a de muitas outras fam\u00edlias\u201d, declarou.<\/p>\n\n\n\n<p>As bolsas est\u00e3o distribu\u00eddas em tr\u00eas modalidades: 100% (integrais), 75% e 50%, al\u00e9m da categoria volunt\u00e1ria, em que n\u00e3o h\u00e1 compensa\u00e7\u00e3o tribut\u00e1ria. Do total, 40.388 s\u00e3o para ampla concorr\u00eancia, 2.286 destinadas a Pessoas com Defici\u00eancia (PcDs) e 1.053 para pessoas acima de 60 anos que desejam iniciar uma gradua\u00e7\u00e3o.<\/p>\n\n\n\n<p>O edital contempla 73 cursos, sendo 37 de bacharelado, oito de licenciatura e 28 tecn\u00f3logos, em 15 institui\u00e7\u00f5es privadas de ensino superior, que juntas somam 24 unidades espalhadas por Manaus.<\/p>\n\n\n\n<p>As inscri\u00e7\u00f5es estar\u00e3o abertas das 10h do dia 22\/9 at\u00e9 as 13h do dia 2\/10, com prazo de dez dias. O edital completo ser\u00e1 publicado no Di\u00e1rio Oficial do Munic\u00edpio (DOM) ainda nesta quarta-feira, 17\/9, a partir das 22h.<\/p>\n\n\n\n<p><strong>Inclus\u00e3o e crit\u00e9rios<\/strong><\/p>\n\n\n\n<p>Para participar, o candidato deve: ser brasileiro nato ou naturalizado e residente em Manaus; ter renda familiar per capita de at\u00e9 1,5 sal\u00e1rio m\u00ednimo; estar regularmente matriculado ou apto a se matricular em uma das institui\u00e7\u00f5es parceiras; ter ensino m\u00e9dio completo ou equivalente; n\u00e3o possuir diploma de n\u00edvel superior; n\u00e3o estar matriculado em institui\u00e7\u00e3o p\u00fablica de ensino superior ou ser benefici\u00e1rio de outros programas de gradua\u00e7\u00e3o.<\/p>\n\n\n\n<p><strong>Expans\u00e3o al\u00e9m das atribui\u00e7\u00f5es constitucionais<\/strong><\/p>\n\n\n\n<p>Apesar de a responsabilidade constitucional da prefeitura se concentrar na educa\u00e7\u00e3o infantil e no ensino fundamental, David Almeida ressaltou que a gest\u00e3o municipal vai al\u00e9m do que determina a lei.<br><br>\u201cA maior universidade de Manaus hoje \u00e9 a prefeitura, com o Bolsa Universidade. Esse programa \u00e9 uma das maiores iniciativas do Brasil em inclus\u00e3o educacional, porque d\u00e1 oportunidade real para quem mais precisa\u201d, concluiu o prefeito.<\/p>\n\n\n\n<p>O PBU integra o conjunto de pol\u00edticas de inclus\u00e3o socioeducacional da prefeitura, que tamb\u00e9m contempla o Bolsa P\u00f3s-Gradua\u00e7\u00e3o (PBPG) e o Bolsa Idiomas (PBI), ampliando a forma\u00e7\u00e3o acad\u00eamica e profissional dos manauaras.<\/p>\n\n\n\n<p>\u2014 \u2014 \u2014<br><strong>Texto &#8211;<\/strong> Emanuelle Baires\/Semcom-Prefeito e Sandra Monteiro \/ Semad<br><strong>Fotos &#8211;\u00a0 <\/strong>Dhyeizo Lemos\/Semcom-Prefeito e Cl\u00f3vis Miranda \/ Semcom<br><strong>Dispon\u00edveis em &#8211;<\/strong><a href=\"https:\/\/flic.kr\/s\/aHBqjCurN5\">https:\/\/flic.kr\/s\/aHBqjCurN5<\/a><\/p>\n","protected":false},"excerpt":{"rendered":"","protected":false},"author":68,"featured_media":245763,"comment_status":"closed","ping_status":"closed","sticky":false,"template":"","format":"standard","meta":{"footnotes":""},"categories":[3051],"tags":[16926,35,16927,77],"acf":[],"yoast_head":"<!-- This site is optimized with the Yoast SEO plugin v23.0 - https:\/\/yoast.com\/wordpress\/plugins\/seo\/ -->\n<title>Prefeito David Almeida lan\u00e7a edital do Bolsa Universidade 2026<\/title>\n<meta name=\"description\" content=\"O prefeito David Almeida lan\u00e7ou o edital do Programa Bolsa Universidade (PBU) 2026, com mais de 40 mil oportunidades de gradua\u00e7\u00e3o em Manaus.\" \/>\n<meta name=\"robots\" content=\"index, follow, max-snippet:-1, max-image-preview:large, max-video-preview:-1\" \/>\n<link rel=\"canonical\" href=\"https:\/\/www.manaus.am.gov.br\/semcom\/bolsa-universidade-2026\/\" \/>\n<meta property=\"og:locale\" content=\"pt_BR\" \/>\n<meta property=\"og:type\" content=\"article\" \/>\n<meta property=\"og:title\" content=\"Prefeito David Almeida lan\u00e7a edital do Bolsa Universidade 2026\" \/>\n<meta property=\"og:description\" content=\"O prefeito David Almeida lan\u00e7ou o edital do Programa Bolsa Universidade (PBU) 2026, com mais de 40 mil oportunidades de gradua\u00e7\u00e3o em Manaus.\" \/>\n<meta property=\"og:url\" content=\"https:\/\/www.manaus.am.gov.br\/semcom\/bolsa-universidade-2026\/\" \/>\n<meta property=\"og:site_name\" content=\"SEMCOM\" \/>\n<meta property=\"article:published_time\" content=\"2025-09-17T20:14:13+00:00\" \/>\n<meta property=\"article:modified_time\" content=\"2025-09-17T20:14:15+00:00\" \/>\n<meta property=\"og:image\" content=\"https:\/\/www.manaus.am.gov.br\/semcom\/wp-content\/uploads\/sites\/5\/2025\/09\/54794190295_1b23f68a3b_c.jpg\" \/>\n\t<meta property=\"og:image:width\" content=\"799\" \/>\n\t<meta property=\"og:image:height\" content=\"533\" \/>\n\t<meta property=\"og:image:type\" content=\"image\/jpeg\" \/>\n<meta name=\"author\" content=\"bvalente\" \/>\n<meta name=\"twitter:card\" content=\"summary_large_image\" \/>\n<meta name=\"twitter:label1\" content=\"Written by\" \/>\n\t<meta name=\"twitter:data1\" content=\"bvalente\" \/>\n\t<meta name=\"twitter:label2\" content=\"Est. reading time\" \/>\n\t<meta name=\"twitter:data2\" content=\"4 minutos\" \/>\n<script type=\"application\/ld+json\" class=\"yoast-schema-graph\">{\"@context\":\"https:\/\/schema.org\",\"@graph\":[{\"@type\":\"WebPage\",\"@id\":\"https:\/\/www.manaus.am.gov.br\/semcom\/bolsa-universidade-2026\/\",\"url\":\"https:\/\/www.manaus.am.gov.br\/semcom\/bolsa-universidade-2026\/\",\"name\":\"Prefeito David Almeida lan\u00e7a edital do Bolsa Universidade 2026\",\"isPartOf\":{\"@id\":\"https:\/\/www.manaus.am.gov.br\/semcom\/#website\"},\"primaryImageOfPage\":{\"@id\":\"https:\/\/www.manaus.am.gov.br\/semcom\/bolsa-universidade-2026\/#primaryimage\"},\"image\":{\"@id\":\"https:\/\/www.manaus.am.gov.br\/semcom\/bolsa-universidade-2026\/#primaryimage\"},\"thumbnailUrl\":\"https:\/\/www.manaus.am.gov.br\/semcom\/wp-content\/uploads\/sites\/5\/2025\/09\/54794190295_1b23f68a3b_c.jpg\",\"datePublished\":\"2025-09-17T20:14:13+00:00\",\"dateModified\":\"2025-09-17T20:14:15+00:00\",\"author\":{\"@id\":\"https:\/\/www.manaus.am.gov.br\/semcom\/#\/schema\/person\/466a0e03ae4b6062809046bd560ac955\"},\"description\":\"O prefeito David Almeida lan\u00e7ou o edital do Programa Bolsa Universidade (PBU) 2026, com mais de 40 mil oportunidades de gradua\u00e7\u00e3o em Manaus.\",\"inLanguage\":\"pt-BR\",\"potentialAction\":[{\"@type\":\"ReadAction\",\"target\":[\"https:\/\/www.manaus.am.gov.br\/semcom\/bolsa-universidade-2026\/\"]}]},{\"@type\":\"ImageObject\",\"inLanguage\":\"pt-BR\",\"@id\":\"https:\/\/www.manaus.am.gov.br\/semcom\/bolsa-universidade-2026\/#primaryimage\",\"url\":\"https:\/\/www.manaus.am.gov.br\/semcom\/wp-content\/uploads\/sites\/5\/2025\/09\/54794190295_1b23f68a3b_c.jpg\",\"contentUrl\":\"https:\/\/www.manaus.am.gov.br\/semcom\/wp-content\/uploads\/sites\/5\/2025\/09\/54794190295_1b23f68a3b_c.jpg\",\"width\":799,\"height\":533,\"caption\":\"#paratodosverem \u2013Prefeito David Almeida com representantes do programa Bolsa Universidade\"},{\"@type\":\"WebSite\",\"@id\":\"https:\/\/www.manaus.am.gov.br\/semcom\/#website\",\"url\":\"https:\/\/www.manaus.am.gov.br\/semcom\/\",\"name\":\"SEMCOM\",\"description\":\"Secretaria Municipal de Comunica\u00e7\u00e3o\",\"potentialAction\":[{\"@type\":\"SearchAction\",\"target\":{\"@type\":\"EntryPoint\",\"urlTemplate\":\"https:\/\/www.manaus.am.gov.br\/semcom\/?s={search_term_string}\"},\"query-input\":\"required name=search_term_string\"}],\"inLanguage\":\"pt-BR\"},{\"@type\":\"Person\",\"@id\":\"https:\/\/www.manaus.am.gov.br\/semcom\/#\/schema\/person\/466a0e03ae4b6062809046bd560ac955\",\"name\":\"bvalente\",\"image\":{\"@type\":\"ImageObject\",\"inLanguage\":\"pt-BR\",\"@id\":\"https:\/\/www.manaus.am.gov.br\/semcom\/#\/schema\/person\/image\/\",\"url\":\"https:\/\/secure.gravatar.com\/avatar\/3e69bc2b014bdad41adfec3a39de07d2?s=96&d=mm&r=g\",\"contentUrl\":\"https:\/\/secure.gravatar.com\/avatar\/3e69bc2b014bdad41adfec3a39de07d2?s=96&d=mm&r=g\",\"caption\":\"bvalente\"}}]}<\/script>\n<!-- \/ Yoast SEO plugin. -->","yoast_head_json":{"title":"Prefeito David Almeida lan\u00e7a edital do Bolsa Universidade 2026","description":"O prefeito David Almeida lan\u00e7ou o edital do Programa Bolsa Universidade (PBU) 2026, com mais de 40 mil oportunidades de gradua\u00e7\u00e3o em Manaus.","robots":{"index":"index","follow":"follow","max-snippet":"max-snippet:-1","max-image-preview":"max-image-preview:large","max-video-preview":"max-video-preview:-1"},"canonical":"https:\/\/www.manaus.am.gov.br\/semcom\/bolsa-universidade-2026\/","og_locale":"pt_BR","og_type":"article","og_title":"Prefeito David Almeida lan\u00e7a edital do Bolsa Universidade 2026","og_description":"O prefeito David Almeida lan\u00e7ou o edital do Programa Bolsa Universidade (PBU) 2026, com mais de 40 mil oportunidades de gradua\u00e7\u00e3o em Manaus.","og_url":"https:\/\/www.manaus.am.gov.br\/semcom\/bolsa-universidade-2026\/","og_site_name":"SEMCOM","article_published_time":"2025-09-17T20:14:13+00:00","article_modified_time":"2025-09-17T20:14:15+00:00","og_image":[{"width":799,"height":533,"url":"https:\/\/www.manaus.am.gov.br\/semcom\/wp-content\/uploads\/sites\/5\/2025\/09\/54794190295_1b23f68a3b_c.jpg","type":"image\/jpeg"}],"author":"bvalente","twitter_card":"summary_large_image","twitter_misc":{"Written by":"bvalente","Est. reading time":"4 minutos"},"schema":{"@context":"https:\/\/schema.org","@graph":[{"@type":"WebPage","@id":"https:\/\/www.manaus.am.gov.br\/semcom\/bolsa-universidade-2026\/","url":"https:\/\/www.manaus.am.gov.br\/semcom\/bolsa-universidade-2026\/","name":"Prefeito David Almeida lan\u00e7a edital do Bolsa Universidade 2026","isPartOf":{"@id":"https:\/\/www.manaus.am.gov.br\/semcom\/#website"},"primaryImageOfPage":{"@id":"https:\/\/www.manaus.am.gov.br\/semcom\/bolsa-universidade-2026\/#primaryimage"},"image":{"@id":"https:\/\/www.manaus.am.gov.br\/semcom\/bolsa-universidade-2026\/#primaryimage"},"thumbnailUrl":"https:\/\/www.manaus.am.gov.br\/semcom\/wp-content\/uploads\/sites\/5\/2025\/09\/54794190295_1b23f68a3b_c.jpg","datePublished":"2025-09-17T20:14:13+00:00","dateModified":"2025-09-17T20:14:15+00:00","author":{"@id":"https:\/\/www.manaus.am.gov.br\/semcom\/#\/schema\/person\/466a0e03ae4b6062809046bd560ac955"},"description":"O prefeito David Almeida lan\u00e7ou o edital do Programa Bolsa Universidade (PBU) 2026, com mais de 40 mil oportunidades de gradua\u00e7\u00e3o em Manaus.","inLanguage":"pt-BR","potentialAction":[{"@type":"ReadAction","target":["https:\/\/www.manaus.am.gov.br\/semcom\/bolsa-universidade-2026\/"]}]},{"@type":"ImageObject","inLanguage":"pt-BR","@id":"https:\/\/www.manaus.am.gov.br\/semcom\/bolsa-universidade-2026\/#primaryimage","url":"https:\/\/www.manaus.am.gov.br\/semcom\/wp-content\/uploads\/sites\/5\/2025\/09\/54794190295_1b23f68a3b_c.jpg","contentUrl":"https:\/\/www.manaus.am.gov.br\/semcom\/wp-content\/uploads\/sites\/5\/2025\/09\/54794190295_1b23f68a3b_c.jpg","width":799,"height":533,"caption":"#paratodosverem \u2013Prefeito David Almeida com representantes do programa Bolsa Universidade"},{"@type":"WebSite","@id":"https:\/\/www.manaus.am.gov.br\/semcom\/#website","url":"https:\/\/www.manaus.am.gov.br\/semcom\/","name":"SEMCOM","description":"Secretaria Municipal de Comunica\u00e7\u00e3o","potentialAction":[{"@type":"SearchAction","target":{"@type":"EntryPoint","urlTemplate":"https:\/\/www.manaus.am.gov.br\/semcom\/?s={search_term_string}"},"query-input":"required name=search_term_string"}],"inLanguage":"pt-BR"},{"@type":"Person","@id":"https:\/\/www.manaus.am.gov.br\/semcom\/#\/schema\/person\/466a0e03ae4b6062809046bd560ac955","name":"bvalente","image":{"@type":"ImageObject","inLanguage":"pt-BR","@id":"https:\/\/www.manaus.am.gov.br\/semcom\/#\/schema\/person\/image\/","url":"https:\/\/secure.gravatar.com\/avatar\/3e69bc2b014bdad41adfec3a39de07d2?s=96&d=mm&r=g","contentUrl":"https:\/\/secure.gravatar.com\/avatar\/3e69bc2b014bdad41adfec3a39de07d2?s=96&d=mm&r=g","caption":"bvalente"}}]}},"_links":{"self":[{"href":"https:\/\/www.manaus.am.gov.br\/semcom\/wp-json\/wp\/v2\/posts\/245762"}],"collection":[{"href":"https:\/\/www.manaus.am.gov.br\/semcom\/wp-json\/wp\/v2\/posts"}],"about":[{"href":"https:\/\/www.manaus.am.gov.br\/semcom\/wp-json\/wp\/v2\/types\/post"}],"author":[{"embeddable":true,"href":"https:\/\/www.manaus.am.gov.br\/semcom\/wp-json\/wp\/v2\/users\/68"}],"replies":[{"embeddable":true,"href":"https:\/\/www.manaus.am.gov.br\/semcom\/wp-json\/wp\/v2\/comments?post=245762"}],"version-history":[{"count":0,"href":"https:\/\/www.manaus.am.gov.br\/semcom\/wp-json\/wp\/v2\/posts\/245762\/revisions"}],"wp:featuredmedia":[{"embeddable":true,"href":"https:\/\/www.manaus.am.gov.br\/semcom\/wp-json\/wp\/v2\/media\/245763"}],"wp:attachment":[{"href":"https:\/\/www.manaus.am.gov.br\/semcom\/wp-json\/wp\/v2\/media?parent=245762"}],"wp:term":[{"taxonomy":"category","embeddable":true,"href":"https:\/\/www.manaus.am.gov.br\/semcom\/wp-json\/wp\/v2\/categories?post=245762"},{"taxonomy":"post_tag","embeddable":true,"href":"https:\/\/www.manaus.am.gov.br\/semcom\/wp-json\/wp\/v2\/tags?post=245762"}],"curies":[{"name":"wp","href":"https:\/\/api.w.org\/{rel}","templated":true}]}}