{"id":245748,"date":"2025-09-17T15:42:09","date_gmt":"2025-09-17T19:42:09","guid":{"rendered":"https:\/\/www.manaus.am.gov.br\/semcom\/defesa-civil-alerta\/"},"modified":"2025-09-17T16:55:20","modified_gmt":"2025-09-17T19:55:20","slug":"defesa-civil-alerta","status":"publish","type":"post","link":"https:\/\/www.manaus.am.gov.br\/semcom\/defesa-civil-alerta\/","title":{"rendered":"Prefeitura de Manaus informa popula\u00e7\u00e3o sobre teste do sistema \u2018Defesa Civil Alerta\u2019 neste s\u00e1bado"},"content":{"rendered":"\n<p>A Prefeitura de Manaus, por meio da Secretaria Executiva de Prote\u00e7\u00e3o e Defesa Civil do munic\u00edpio, vinculada \u00e0 Secretaria Municipal de Seguran\u00e7a P\u00fablica e Defesa Social (Semseg), informa \u00e0 popula\u00e7\u00e3o que ser\u00e1 realizado, neste s\u00e1bado, 20\/9, um teste de implanta\u00e7\u00e3o do sistema nacional \u201cDefesa Civil Alerta\u201d. O sistema, que j\u00e1 foi implantado em outras regi\u00f5es do pa\u00eds, entrar\u00e1 em funcionamento na regi\u00e3o Norte.<\/p>\n\n\n\n<p>O \u201cDefesa Civil Alerta\u201d foi criado pela Ag\u00eancia Nacional de Telecomunica\u00e7\u00f5es (Anatel) em parceria com o Minist\u00e9rio das Comunica\u00e7\u00f5es (MCom), com objetivo de emitir alertas sonoros e visuais informando a popula\u00e7\u00e3o sobre a imin\u00eancia de risco de desastres naturais, como alagamentos, enxurradas, enchentes, deslizamentos de terra e vendavais.<\/p>\n\n\n\n<p>O secret\u00e1rio-executivo de Defesa Civil do munic\u00edpio, Lima J\u00fanior, afirma que esse sistema \u00e9 um grande avan\u00e7o para a cidade de Manaus, pois a metade da popula\u00e7\u00e3o do Estado vive na capital. \u201cSer\u00e1 um teste, n\u00e3o entrem em p\u00e2nico. \u00c9 uma situa\u00e7\u00e3o apenas de teste para verificar realmente o funcionamento da plataforma, que ser\u00e1 implantada pelo governo federal, em conjunto com o Estado e munic\u00edpio\u201d, orientou.<\/p>\n\n\n\n<p>O teste est\u00e1 previsto para o per\u00edodo da tarde, conforme cronograma estabelecido pela Secretaria Nacional de Prote\u00e7\u00e3o e Defesa Civil. A popula\u00e7\u00e3o vai receber um alerta sonoro junto a uma mensagem indicando que se trata de uma demonstra\u00e7\u00e3o. \u201cVoc\u00ea vai receber o sinal sonoro ou o seu telefone vai vibrar. O que voc\u00ea estiver fazendo ou se estiver em uma liga\u00e7\u00e3o, voc\u00ea vai receber essa mensagem. Alerta de demonstra\u00e7\u00e3o Defesa Civil\u201d, explicou Lima J\u00fanior.<\/p>\n\n\n\n<figure class=\"wp-block-image size-full\"><img loading=\"lazy\" decoding=\"async\" width=\"799\" height=\"533\" src=\"https:\/\/www.manaus.am.gov.br\/semcom\/wp-content\/uploads\/sites\/5\/2025\/09\/Defesa-Civil-Alerta-2.jpg\" alt=\"\" class=\"wp-image-245749\" srcset=\"https:\/\/www.manaus.am.gov.br\/semcom\/wp-content\/uploads\/sites\/5\/2025\/09\/Defesa-Civil-Alerta-2.jpg 799w, https:\/\/www.manaus.am.gov.br\/semcom\/wp-content\/uploads\/sites\/5\/2025\/09\/Defesa-Civil-Alerta-2-300x200.jpg 300w, https:\/\/www.manaus.am.gov.br\/semcom\/wp-content\/uploads\/sites\/5\/2025\/09\/Defesa-Civil-Alerta-2-768x512.jpg 768w\" sizes=\"(max-width: 799px) 100vw, 799px\" \/><\/figure>\n\n\n\n<p>O sistema vai ser complementar \u00e0s outras ferramentas de alertas de emerg\u00eancia da Defesa Civil, como SMS, TV por assinatura, Whatsapp, Telegram e Google Public Alerts. A diferen\u00e7a \u00e9 que o \u201cDefesa Civil Alerta\u201d n\u00e3o precisa de cadastro pr\u00e9vio, sendo apenas necess\u00e1rio que os celulares tenham sistema Android ou IOS lan\u00e7ados a partir de 2020 e com cobertura de telefonia m\u00f3vel com tecnologia 4G ou 5G.<\/p>\n\n\n\n<p>Neste in\u00edcio de implanta\u00e7\u00e3o do sistema na regi\u00e3o Norte, os Estados v\u00e3o emitir os alertas, mas os agentes da Defesa Civil do munic\u00edpio j\u00e1 est\u00e3o recebendo capacita\u00e7\u00e3o para operarem o sistema em Manaus, sendo a primeira capital do Norte a operar a plataforma.&nbsp;<\/p>\n\n\n\n<p><strong>Tipos de Alerta<\/strong><\/p>\n\n\n\n<p>Quando estiver em pleno funcionamento, o sistema vai emitir dois tipos de alertas: Extremo e Severo. O alerta extremo \u00e9 o n\u00edvel mais cr\u00edtico, que acionar\u00e1 um sinal sonoro no celular semelhante a uma sirene, ainda que o aparelho esteja no modo silencioso, o que vai permitir maior efici\u00eancia do alerta nas situa\u00e7\u00f5es de risco.<\/p>\n\n\n\n<p>O alerta severo indica que a urg\u00eancia n\u00e3o \u00e9 imediata e a popula\u00e7\u00e3o tem um tempo maior para se proteger. Nesse caso, o sinal sonoro ser\u00e1 um \u201cbeep\u201d similar ao do SMS.<\/p>\n\n\n\n<p><strong>Crit\u00e9rios<\/strong><\/p>\n\n\n\n<p>Para o uso do alerta extremo, a Defesa Civil vai identificar que a situa\u00e7\u00e3o \u00e9 de amea\u00e7a \u00e0 integridade f\u00edsica ou \u00e0 propriedade, que requer imediata evacua\u00e7\u00e3o ou busca por um abrigo. O alerta severo indica possibilidade de ocorr\u00eancia de eventos adversos que ir\u00e3o atingir de forma severa a localidade, em no m\u00e1ximo duas horas, que amea\u00e7a a integridade f\u00edsica ou a propriedade, que requer prepara\u00e7\u00e3o para evacua\u00e7\u00e3o ou busca de um abrigo.<\/p>\n\n\n\n<p>&#8212; &#8212; &#8212;<\/p>\n\n\n\n<p><strong>Texto<\/strong> &#8211; Geraldo Farias \/ Semcom<\/p>\n\n\n\n<p><strong>Fotos<\/strong> &#8211; Jo\u00e3o Viana \/ Semcom<\/p>\n","protected":false},"excerpt":{"rendered":"","protected":false},"author":57,"featured_media":245750,"comment_status":"closed","ping_status":"closed","sticky":false,"template":"","format":"standard","meta":{"footnotes":""},"categories":[6005],"tags":[16919,77,349,5296],"acf":[],"yoast_head":"<!-- This site is optimized with the Yoast SEO plugin v23.0 - https:\/\/yoast.com\/wordpress\/plugins\/seo\/ -->\n<title>PMM informa sobre teste do \u2018Defesa Civil Alerta\u2019 neste s\u00e1bado<\/title>\n<meta name=\"description\" content=\"A Prefeitura informa \u00e0 popula\u00e7\u00e3o que ser\u00e1 realizado, neste s\u00e1bado, 20\/9, um teste de implanta\u00e7\u00e3o do sistema nacional \u201cDefesa Civil Alerta\u201d.\" \/>\n<meta name=\"robots\" content=\"index, follow, max-snippet:-1, max-image-preview:large, max-video-preview:-1\" \/>\n<link rel=\"canonical\" href=\"https:\/\/www.manaus.am.gov.br\/semcom\/defesa-civil-alerta\/\" \/>\n<meta property=\"og:locale\" content=\"pt_BR\" \/>\n<meta property=\"og:type\" content=\"article\" \/>\n<meta property=\"og:title\" content=\"PMM informa sobre teste do \u2018Defesa Civil Alerta\u2019 neste s\u00e1bado\" \/>\n<meta property=\"og:description\" content=\"A Prefeitura informa \u00e0 popula\u00e7\u00e3o que ser\u00e1 realizado, neste s\u00e1bado, 20\/9, um teste de implanta\u00e7\u00e3o do sistema nacional \u201cDefesa Civil Alerta\u201d.\" \/>\n<meta property=\"og:url\" content=\"https:\/\/www.manaus.am.gov.br\/semcom\/defesa-civil-alerta\/\" \/>\n<meta property=\"og:site_name\" content=\"SEMCOM\" \/>\n<meta property=\"article:published_time\" content=\"2025-09-17T19:42:09+00:00\" \/>\n<meta property=\"article:modified_time\" content=\"2025-09-17T19:55:20+00:00\" \/>\n<meta property=\"og:image\" content=\"https:\/\/www.manaus.am.gov.br\/semcom\/wp-content\/uploads\/sites\/5\/2025\/09\/Defesa-Civil-Alerta-4.jpg\" \/>\n\t<meta property=\"og:image:width\" content=\"799\" \/>\n\t<meta property=\"og:image:height\" content=\"533\" \/>\n\t<meta property=\"og:image:type\" content=\"image\/jpeg\" \/>\n<meta name=\"author\" content=\"Thiago Fernando\" \/>\n<meta name=\"twitter:card\" content=\"summary_large_image\" \/>\n<meta name=\"twitter:label1\" content=\"Written by\" \/>\n\t<meta name=\"twitter:data1\" content=\"Thiago Fernando\" \/>\n\t<meta name=\"twitter:label2\" content=\"Est. reading time\" \/>\n\t<meta name=\"twitter:data2\" content=\"4 minutos\" \/>\n<script type=\"application\/ld+json\" class=\"yoast-schema-graph\">{\"@context\":\"https:\/\/schema.org\",\"@graph\":[{\"@type\":\"WebPage\",\"@id\":\"https:\/\/www.manaus.am.gov.br\/semcom\/defesa-civil-alerta\/\",\"url\":\"https:\/\/www.manaus.am.gov.br\/semcom\/defesa-civil-alerta\/\",\"name\":\"PMM informa sobre teste do \u2018Defesa Civil Alerta\u2019 neste s\u00e1bado\",\"isPartOf\":{\"@id\":\"https:\/\/www.manaus.am.gov.br\/semcom\/#website\"},\"primaryImageOfPage\":{\"@id\":\"https:\/\/www.manaus.am.gov.br\/semcom\/defesa-civil-alerta\/#primaryimage\"},\"image\":{\"@id\":\"https:\/\/www.manaus.am.gov.br\/semcom\/defesa-civil-alerta\/#primaryimage\"},\"thumbnailUrl\":\"https:\/\/www.manaus.am.gov.br\/semcom\/wp-content\/uploads\/sites\/5\/2025\/09\/Defesa-Civil-Alerta-4.jpg\",\"datePublished\":\"2025-09-17T19:42:09+00:00\",\"dateModified\":\"2025-09-17T19:55:20+00:00\",\"author\":{\"@id\":\"https:\/\/www.manaus.am.gov.br\/semcom\/#\/schema\/person\/a5ee5376db6e21af026374b369f30882\"},\"description\":\"A Prefeitura informa \u00e0 popula\u00e7\u00e3o que ser\u00e1 realizado, neste s\u00e1bado, 20\/9, um teste de implanta\u00e7\u00e3o do sistema nacional \u201cDefesa Civil Alerta\u201d.\",\"inLanguage\":\"pt-BR\",\"potentialAction\":[{\"@type\":\"ReadAction\",\"target\":[\"https:\/\/www.manaus.am.gov.br\/semcom\/defesa-civil-alerta\/\"]}]},{\"@type\":\"ImageObject\",\"inLanguage\":\"pt-BR\",\"@id\":\"https:\/\/www.manaus.am.gov.br\/semcom\/defesa-civil-alerta\/#primaryimage\",\"url\":\"https:\/\/www.manaus.am.gov.br\/semcom\/wp-content\/uploads\/sites\/5\/2025\/09\/Defesa-Civil-Alerta-4.jpg\",\"contentUrl\":\"https:\/\/www.manaus.am.gov.br\/semcom\/wp-content\/uploads\/sites\/5\/2025\/09\/Defesa-Civil-Alerta-4.jpg\",\"width\":799,\"height\":533,\"caption\":\"#Paratodosverem - Servidor da Defesa Civil atuando em uma viela\"},{\"@type\":\"WebSite\",\"@id\":\"https:\/\/www.manaus.am.gov.br\/semcom\/#website\",\"url\":\"https:\/\/www.manaus.am.gov.br\/semcom\/\",\"name\":\"SEMCOM\",\"description\":\"Secretaria Municipal de Comunica\u00e7\u00e3o\",\"potentialAction\":[{\"@type\":\"SearchAction\",\"target\":{\"@type\":\"EntryPoint\",\"urlTemplate\":\"https:\/\/www.manaus.am.gov.br\/semcom\/?s={search_term_string}\"},\"query-input\":\"required name=search_term_string\"}],\"inLanguage\":\"pt-BR\"},{\"@type\":\"Person\",\"@id\":\"https:\/\/www.manaus.am.gov.br\/semcom\/#\/schema\/person\/a5ee5376db6e21af026374b369f30882\",\"name\":\"Thiago Fernando\",\"image\":{\"@type\":\"ImageObject\",\"inLanguage\":\"pt-BR\",\"@id\":\"https:\/\/www.manaus.am.gov.br\/semcom\/#\/schema\/person\/image\/\",\"url\":\"https:\/\/secure.gravatar.com\/avatar\/f5aab8722444041451501c077052ac07?s=96&d=mm&r=g\",\"contentUrl\":\"https:\/\/secure.gravatar.com\/avatar\/f5aab8722444041451501c077052ac07?s=96&d=mm&r=g\",\"caption\":\"Thiago Fernando\"}}]}<\/script>\n<!-- \/ Yoast SEO plugin. -->","yoast_head_json":{"title":"PMM informa sobre teste do \u2018Defesa Civil Alerta\u2019 neste s\u00e1bado","description":"A Prefeitura informa \u00e0 popula\u00e7\u00e3o que ser\u00e1 realizado, neste s\u00e1bado, 20\/9, um teste de implanta\u00e7\u00e3o do sistema nacional \u201cDefesa Civil Alerta\u201d.","robots":{"index":"index","follow":"follow","max-snippet":"max-snippet:-1","max-image-preview":"max-image-preview:large","max-video-preview":"max-video-preview:-1"},"canonical":"https:\/\/www.manaus.am.gov.br\/semcom\/defesa-civil-alerta\/","og_locale":"pt_BR","og_type":"article","og_title":"PMM informa sobre teste do \u2018Defesa Civil Alerta\u2019 neste s\u00e1bado","og_description":"A Prefeitura informa \u00e0 popula\u00e7\u00e3o que ser\u00e1 realizado, neste s\u00e1bado, 20\/9, um teste de implanta\u00e7\u00e3o do sistema nacional \u201cDefesa Civil Alerta\u201d.","og_url":"https:\/\/www.manaus.am.gov.br\/semcom\/defesa-civil-alerta\/","og_site_name":"SEMCOM","article_published_time":"2025-09-17T19:42:09+00:00","article_modified_time":"2025-09-17T19:55:20+00:00","og_image":[{"width":799,"height":533,"url":"https:\/\/www.manaus.am.gov.br\/semcom\/wp-content\/uploads\/sites\/5\/2025\/09\/Defesa-Civil-Alerta-4.jpg","type":"image\/jpeg"}],"author":"Thiago Fernando","twitter_card":"summary_large_image","twitter_misc":{"Written by":"Thiago Fernando","Est. reading time":"4 minutos"},"schema":{"@context":"https:\/\/schema.org","@graph":[{"@type":"WebPage","@id":"https:\/\/www.manaus.am.gov.br\/semcom\/defesa-civil-alerta\/","url":"https:\/\/www.manaus.am.gov.br\/semcom\/defesa-civil-alerta\/","name":"PMM informa sobre teste do \u2018Defesa Civil Alerta\u2019 neste s\u00e1bado","isPartOf":{"@id":"https:\/\/www.manaus.am.gov.br\/semcom\/#website"},"primaryImageOfPage":{"@id":"https:\/\/www.manaus.am.gov.br\/semcom\/defesa-civil-alerta\/#primaryimage"},"image":{"@id":"https:\/\/www.manaus.am.gov.br\/semcom\/defesa-civil-alerta\/#primaryimage"},"thumbnailUrl":"https:\/\/www.manaus.am.gov.br\/semcom\/wp-content\/uploads\/sites\/5\/2025\/09\/Defesa-Civil-Alerta-4.jpg","datePublished":"2025-09-17T19:42:09+00:00","dateModified":"2025-09-17T19:55:20+00:00","author":{"@id":"https:\/\/www.manaus.am.gov.br\/semcom\/#\/schema\/person\/a5ee5376db6e21af026374b369f30882"},"description":"A Prefeitura informa \u00e0 popula\u00e7\u00e3o que ser\u00e1 realizado, neste s\u00e1bado, 20\/9, um teste de implanta\u00e7\u00e3o do sistema nacional \u201cDefesa Civil Alerta\u201d.","inLanguage":"pt-BR","potentialAction":[{"@type":"ReadAction","target":["https:\/\/www.manaus.am.gov.br\/semcom\/defesa-civil-alerta\/"]}]},{"@type":"ImageObject","inLanguage":"pt-BR","@id":"https:\/\/www.manaus.am.gov.br\/semcom\/defesa-civil-alerta\/#primaryimage","url":"https:\/\/www.manaus.am.gov.br\/semcom\/wp-content\/uploads\/sites\/5\/2025\/09\/Defesa-Civil-Alerta-4.jpg","contentUrl":"https:\/\/www.manaus.am.gov.br\/semcom\/wp-content\/uploads\/sites\/5\/2025\/09\/Defesa-Civil-Alerta-4.jpg","width":799,"height":533,"caption":"#Paratodosverem - Servidor da Defesa Civil atuando em uma viela"},{"@type":"WebSite","@id":"https:\/\/www.manaus.am.gov.br\/semcom\/#website","url":"https:\/\/www.manaus.am.gov.br\/semcom\/","name":"SEMCOM","description":"Secretaria Municipal de Comunica\u00e7\u00e3o","potentialAction":[{"@type":"SearchAction","target":{"@type":"EntryPoint","urlTemplate":"https:\/\/www.manaus.am.gov.br\/semcom\/?s={search_term_string}"},"query-input":"required name=search_term_string"}],"inLanguage":"pt-BR"},{"@type":"Person","@id":"https:\/\/www.manaus.am.gov.br\/semcom\/#\/schema\/person\/a5ee5376db6e21af026374b369f30882","name":"Thiago Fernando","image":{"@type":"ImageObject","inLanguage":"pt-BR","@id":"https:\/\/www.manaus.am.gov.br\/semcom\/#\/schema\/person\/image\/","url":"https:\/\/secure.gravatar.com\/avatar\/f5aab8722444041451501c077052ac07?s=96&d=mm&r=g","contentUrl":"https:\/\/secure.gravatar.com\/avatar\/f5aab8722444041451501c077052ac07?s=96&d=mm&r=g","caption":"Thiago Fernando"}}]}},"_links":{"self":[{"href":"https:\/\/www.manaus.am.gov.br\/semcom\/wp-json\/wp\/v2\/posts\/245748"}],"collection":[{"href":"https:\/\/www.manaus.am.gov.br\/semcom\/wp-json\/wp\/v2\/posts"}],"about":[{"href":"https:\/\/www.manaus.am.gov.br\/semcom\/wp-json\/wp\/v2\/types\/post"}],"author":[{"embeddable":true,"href":"https:\/\/www.manaus.am.gov.br\/semcom\/wp-json\/wp\/v2\/users\/57"}],"replies":[{"embeddable":true,"href":"https:\/\/www.manaus.am.gov.br\/semcom\/wp-json\/wp\/v2\/comments?post=245748"}],"version-history":[{"count":3,"href":"https:\/\/www.manaus.am.gov.br\/semcom\/wp-json\/wp\/v2\/posts\/245748\/revisions"}],"predecessor-version":[{"id":245753,"href":"https:\/\/www.manaus.am.gov.br\/semcom\/wp-json\/wp\/v2\/posts\/245748\/revisions\/245753"}],"wp:featuredmedia":[{"embeddable":true,"href":"https:\/\/www.manaus.am.gov.br\/semcom\/wp-json\/wp\/v2\/media\/245750"}],"wp:attachment":[{"href":"https:\/\/www.manaus.am.gov.br\/semcom\/wp-json\/wp\/v2\/media?parent=245748"}],"wp:term":[{"taxonomy":"category","embeddable":true,"href":"https:\/\/www.manaus.am.gov.br\/semcom\/wp-json\/wp\/v2\/categories?post=245748"},{"taxonomy":"post_tag","embeddable":true,"href":"https:\/\/www.manaus.am.gov.br\/semcom\/wp-json\/wp\/v2\/tags?post=245748"}],"curies":[{"name":"wp","href":"https:\/\/api.w.org\/{rel}","templated":true}]}}