{"id":245687,"date":"2025-09-16T17:42:53","date_gmt":"2025-09-16T21:42:53","guid":{"rendered":"https:\/\/www.manaus.am.gov.br\/semcom\/entrega-de-600-registros-definitivos\/"},"modified":"2025-09-16T18:50:26","modified_gmt":"2025-09-16T21:50:26","slug":"entrega-de-600-registros-definitivos","status":"publish","type":"post","link":"https:\/\/www.manaus.am.gov.br\/semcom\/entrega-de-600-registros-definitivos\/","title":{"rendered":"Prefeito David Almeida realiza entrega hist\u00f3rica no Morro da Liberdade e gest\u00e3o ultrapassa marca de 12 mil registros de im\u00f3veis entregues"},"content":{"rendered":"\n<p>O prefeito de Manaus, David Almeida, realizou, nesta ter\u00e7a-feira, 16\/9, um dos atos mais simb\u00f3licos de sua gest\u00e3o: a entrega de 600 registros definitivos de im\u00f3veis a fam\u00edlias do bairro Morro da Liberdade, zona Sul da capital. A cerim\u00f4nia, realizada na quadra da escola de samba Reino Unido da Liberdade, marcou um momento hist\u00f3rico para a comunidade, que aguardava pelo direito pleno \u00e0 propriedade h\u00e1 133 anos, e fez com que a atual gest\u00e3o ultrapassasse a marca de 12 mil registros entregues desde 2023.<\/p>\n\n\n\n<p>A iniciativa faz parte do maior programa de regulariza\u00e7\u00e3o fundi\u00e1ria da hist\u00f3ria da cidade, coordenado pela Secretaria Municipal de Habita\u00e7\u00e3o e Assuntos Fundi\u00e1rios (Semhaf). A a\u00e7\u00e3o garante seguran\u00e7a jur\u00eddica, cidadania e dignidade \u00e0s fam\u00edlias, al\u00e9m de possibilitar acesso a cr\u00e9dito, valoriza\u00e7\u00e3o patrimonial e investimentos.<\/p>\n\n\n\n<p>\u201cEste \u00e9 o sonho de v\u00e1rias gera\u00e7\u00f5es. Meus av\u00f3s, meus pais e tantos moradores que j\u00e1 descansaram esperaram por este momento. Hoje, fazemos justi\u00e7a social, entregando n\u00e3o apenas um t\u00edtulo, mas o registro de im\u00f3veis devidamente cartorializado, o que d\u00e1 \u00e0s fam\u00edlias o direito real sobre suas propriedades\u201d, destacou o prefeito David Almeida, ao lembrar hist\u00f3rias de antigos moradores e citar a centen\u00e1ria Dona Ant\u00f4nia, presente \u00e0 solenidade.<\/p>\n\n\n\n<p>O prefeito tamb\u00e9m fez um apelo \u00e0 comunidade para que mais moradores concluam seus cadastros junto \u00e0 Prefeitura. \u201cS\u00e3o 1.700 lotes no bairro, mas apenas 750 acreditaram neste processo. Muitos pensaram que seria mais uma promessa sem resultado. Estamos aqui provando que \u00e9 poss\u00edvel mudar essa realidade e transformar a vida das fam\u00edlias\u201d, refor\u00e7ou.<\/p>\n\n\n\n<p>O secret\u00e1rio da Semhaf, Jesus Alves, ressaltou a relev\u00e2ncia da cria\u00e7\u00e3o da pasta, em junho de 2023, como marco para enfrentar os desafios habitacionais de Manaus. \u201cNossa cidade tem um dos maiores d\u00e9ficits habitacionais do pa\u00eds e milhares de im\u00f3veis irregulares. Hoje, ap\u00f3s mais de um s\u00e9culo de espera e de promessas n\u00e3o cumpridas, entregamos registros definitivos, garantindo \u00e0s fam\u00edlias n\u00e3o apenas a posse, mas a propriedade legal. Foi determina\u00e7\u00e3o do prefeito que o bairro onde nasceu fosse priorizado. E hoje celebramos juntos essa conquista hist\u00f3rica\u201d, afirmou.<\/p>\n\n\n\n<p>Emocionada, a moradora Dona Darcy, 68 anos, agradeceu pela conquista coletiva. \u201cEu vi esse menino crescer. Ele corria pela minha rua, vivia brincando, alegre, amigo de todos e, hoje, ele \u00e9 um grande homem de Deus e, igual a n\u00f3s, do povo tamb\u00e9m\u201d, disse.<\/p>\n\n\n\n<figure class=\"wp-block-image size-full is-resized\"><img loading=\"lazy\" decoding=\"async\" width=\"799\" height=\"533\" src=\"https:\/\/www.manaus.am.gov.br\/semcom\/wp-content\/uploads\/sites\/5\/2025\/09\/WhatsApp-Image-2025-09-16-at-17.35.43.jpeg\" alt=\"\" class=\"wp-image-245688\" style=\"width:799px;height:auto\" srcset=\"https:\/\/www.manaus.am.gov.br\/semcom\/wp-content\/uploads\/sites\/5\/2025\/09\/WhatsApp-Image-2025-09-16-at-17.35.43.jpeg 799w, https:\/\/www.manaus.am.gov.br\/semcom\/wp-content\/uploads\/sites\/5\/2025\/09\/WhatsApp-Image-2025-09-16-at-17.35.43-300x200.jpeg 300w, https:\/\/www.manaus.am.gov.br\/semcom\/wp-content\/uploads\/sites\/5\/2025\/09\/WhatsApp-Image-2025-09-16-at-17.35.43-768x512.jpeg 768w\" sizes=\"(max-width: 799px) 100vw, 799px\" \/><\/figure>\n\n\n\n<p>O programa de regulariza\u00e7\u00e3o fundi\u00e1ria da Prefeitura de Manaus envolve um conjunto de a\u00e7\u00f5es t\u00e9cnicas, jur\u00eddicas e sociais, que v\u00e3o desde o levantamento topogr\u00e1fico at\u00e9 a entrega do registro em cart\u00f3rio, conferindo validade plena \u00e0s escrituras. Diferente de gest\u00f5es anteriores, os t\u00edtulos j\u00e1 s\u00e3o entregues com registro oficial, evitando que o cidad\u00e3o tenha custos e tr\u00e2mites adicionais.<\/p>\n\n\n\n<p><strong>Tradi\u00e7\u00e3o e mem\u00f3ria<\/strong><\/p>\n\n\n\n<p>Fundado em 1892, o Morro da Liberdade \u00e9 um dos bairros mais tradicionais de Manaus, conhecido pela sua organiza\u00e7\u00e3o social e forte identidade cultural. O local \u00e9 ber\u00e7o de manifesta\u00e7\u00f5es populares, religiosas e art\u00edsticas, abrigando s\u00edmbolos como a escola de samba Reino Unido da Liberdade, palco da solenidade.<\/p>\n\n\n\n<p>\u201cHoje \u00e9 um dia hist\u00f3rico n\u00e3o s\u00f3 para o Morro da Liberdade, mas para toda Manaus. Estamos realizando um sonho centen\u00e1rio, transformando vidas e cumprindo nosso compromisso de garantir justi\u00e7a social e dignidade \u00e0s fam\u00edlias da nossa cidade\u201d, concluiu o prefeito David Almeida.<\/p>\n\n\n\n<p><strong>&#8212; &#8212; &#8212;<\/strong><br><strong>Texto &#8211; <\/strong>Emanuelle Baires \/ Semcom-Prefeito e Leonardo Fierro \/ Semhaf<br><strong>Fotos &#8211; <\/strong>Dhyeizo Lemos \/ Semcom-Prefeito<br><strong>Dispon\u00edveis em \u2013 <\/strong><a href=\"https:\/\/flic.kr\/s\/aHBqjCuh6C\"><strong>h<\/strong>ttps:\/\/flic.kr\/s\/aHBqjCuh6C<\/a><strong>&nbsp;<\/strong><\/p>\n","protected":false},"excerpt":{"rendered":"","protected":false},"author":68,"featured_media":245689,"comment_status":"closed","ping_status":"closed","sticky":false,"template":"","format":"standard","meta":{"footnotes":""},"categories":[400],"tags":[35,16900,77],"acf":[],"yoast_head":"<!-- This site is optimized with the Yoast SEO plugin v23.0 - https:\/\/yoast.com\/wordpress\/plugins\/seo\/ -->\n<title>David Almeida realiza entrega hist\u00f3rica no Morro da Liberdade<\/title>\n<meta name=\"description\" content=\"O prefeito de Manaus, David Almeida, realizou a entrega de 600 registros definitivos de im\u00f3veis a fam\u00edlias do bairro Morro da Liberdade.\" \/>\n<meta name=\"robots\" content=\"index, follow, max-snippet:-1, max-image-preview:large, max-video-preview:-1\" \/>\n<link rel=\"canonical\" href=\"https:\/\/www.manaus.am.gov.br\/semcom\/entrega-de-600-registros-definitivos\/\" \/>\n<meta property=\"og:locale\" content=\"pt_BR\" \/>\n<meta property=\"og:type\" content=\"article\" \/>\n<meta property=\"og:title\" content=\"David Almeida realiza entrega hist\u00f3rica no Morro da Liberdade\" \/>\n<meta property=\"og:description\" content=\"O prefeito de Manaus, David Almeida, realizou a entrega de 600 registros definitivos de im\u00f3veis a fam\u00edlias do bairro Morro da Liberdade.\" \/>\n<meta property=\"og:url\" content=\"https:\/\/www.manaus.am.gov.br\/semcom\/entrega-de-600-registros-definitivos\/\" \/>\n<meta property=\"og:site_name\" content=\"SEMCOM\" \/>\n<meta property=\"article:published_time\" content=\"2025-09-16T21:42:53+00:00\" \/>\n<meta property=\"article:modified_time\" content=\"2025-09-16T21:50:26+00:00\" \/>\n<meta property=\"og:image\" content=\"https:\/\/www.manaus.am.gov.br\/semcom\/wp-content\/uploads\/sites\/5\/2025\/09\/WhatsApp-Image-2025-09-16-at-17.35.43-1.jpeg\" \/>\n\t<meta property=\"og:image:width\" content=\"799\" \/>\n\t<meta property=\"og:image:height\" content=\"533\" \/>\n\t<meta property=\"og:image:type\" content=\"image\/jpeg\" \/>\n<meta name=\"author\" content=\"bvalente\" \/>\n<meta name=\"twitter:card\" content=\"summary_large_image\" \/>\n<meta name=\"twitter:label1\" content=\"Written by\" \/>\n\t<meta name=\"twitter:data1\" content=\"bvalente\" \/>\n\t<meta name=\"twitter:label2\" content=\"Est. reading time\" \/>\n\t<meta name=\"twitter:data2\" content=\"1 minuto\" \/>\n<script type=\"application\/ld+json\" class=\"yoast-schema-graph\">{\"@context\":\"https:\/\/schema.org\",\"@graph\":[{\"@type\":\"WebPage\",\"@id\":\"https:\/\/www.manaus.am.gov.br\/semcom\/entrega-de-600-registros-definitivos\/\",\"url\":\"https:\/\/www.manaus.am.gov.br\/semcom\/entrega-de-600-registros-definitivos\/\",\"name\":\"David Almeida realiza entrega hist\u00f3rica no Morro da Liberdade\",\"isPartOf\":{\"@id\":\"https:\/\/www.manaus.am.gov.br\/semcom\/#website\"},\"primaryImageOfPage\":{\"@id\":\"https:\/\/www.manaus.am.gov.br\/semcom\/entrega-de-600-registros-definitivos\/#primaryimage\"},\"image\":{\"@id\":\"https:\/\/www.manaus.am.gov.br\/semcom\/entrega-de-600-registros-definitivos\/#primaryimage\"},\"thumbnailUrl\":\"https:\/\/www.manaus.am.gov.br\/semcom\/wp-content\/uploads\/sites\/5\/2025\/09\/WhatsApp-Image-2025-09-16-at-17.35.43-1.jpeg\",\"datePublished\":\"2025-09-16T21:42:53+00:00\",\"dateModified\":\"2025-09-16T21:50:26+00:00\",\"author\":{\"@id\":\"https:\/\/www.manaus.am.gov.br\/semcom\/#\/schema\/person\/466a0e03ae4b6062809046bd560ac955\"},\"description\":\"O prefeito de Manaus, David Almeida, realizou a entrega de 600 registros definitivos de im\u00f3veis a fam\u00edlias do bairro Morro da Liberdade.\",\"inLanguage\":\"pt-BR\",\"potentialAction\":[{\"@type\":\"ReadAction\",\"target\":[\"https:\/\/www.manaus.am.gov.br\/semcom\/entrega-de-600-registros-definitivos\/\"]}]},{\"@type\":\"ImageObject\",\"inLanguage\":\"pt-BR\",\"@id\":\"https:\/\/www.manaus.am.gov.br\/semcom\/entrega-de-600-registros-definitivos\/#primaryimage\",\"url\":\"https:\/\/www.manaus.am.gov.br\/semcom\/wp-content\/uploads\/sites\/5\/2025\/09\/WhatsApp-Image-2025-09-16-at-17.35.43-1.jpeg\",\"contentUrl\":\"https:\/\/www.manaus.am.gov.br\/semcom\/wp-content\/uploads\/sites\/5\/2025\/09\/WhatsApp-Image-2025-09-16-at-17.35.43-1.jpeg\",\"width\":799,\"height\":533},{\"@type\":\"WebSite\",\"@id\":\"https:\/\/www.manaus.am.gov.br\/semcom\/#website\",\"url\":\"https:\/\/www.manaus.am.gov.br\/semcom\/\",\"name\":\"SEMCOM\",\"description\":\"Secretaria Municipal de Comunica\u00e7\u00e3o\",\"potentialAction\":[{\"@type\":\"SearchAction\",\"target\":{\"@type\":\"EntryPoint\",\"urlTemplate\":\"https:\/\/www.manaus.am.gov.br\/semcom\/?s={search_term_string}\"},\"query-input\":\"required name=search_term_string\"}],\"inLanguage\":\"pt-BR\"},{\"@type\":\"Person\",\"@id\":\"https:\/\/www.manaus.am.gov.br\/semcom\/#\/schema\/person\/466a0e03ae4b6062809046bd560ac955\",\"name\":\"bvalente\",\"image\":{\"@type\":\"ImageObject\",\"inLanguage\":\"pt-BR\",\"@id\":\"https:\/\/www.manaus.am.gov.br\/semcom\/#\/schema\/person\/image\/\",\"url\":\"https:\/\/secure.gravatar.com\/avatar\/3e69bc2b014bdad41adfec3a39de07d2?s=96&d=mm&r=g\",\"contentUrl\":\"https:\/\/secure.gravatar.com\/avatar\/3e69bc2b014bdad41adfec3a39de07d2?s=96&d=mm&r=g\",\"caption\":\"bvalente\"}}]}<\/script>\n<!-- \/ Yoast SEO plugin. -->","yoast_head_json":{"title":"David Almeida realiza entrega hist\u00f3rica no Morro da Liberdade","description":"O prefeito de Manaus, David Almeida, realizou a entrega de 600 registros definitivos de im\u00f3veis a fam\u00edlias do bairro Morro da Liberdade.","robots":{"index":"index","follow":"follow","max-snippet":"max-snippet:-1","max-image-preview":"max-image-preview:large","max-video-preview":"max-video-preview:-1"},"canonical":"https:\/\/www.manaus.am.gov.br\/semcom\/entrega-de-600-registros-definitivos\/","og_locale":"pt_BR","og_type":"article","og_title":"David Almeida realiza entrega hist\u00f3rica no Morro da Liberdade","og_description":"O prefeito de Manaus, David Almeida, realizou a entrega de 600 registros definitivos de im\u00f3veis a fam\u00edlias do bairro Morro da Liberdade.","og_url":"https:\/\/www.manaus.am.gov.br\/semcom\/entrega-de-600-registros-definitivos\/","og_site_name":"SEMCOM","article_published_time":"2025-09-16T21:42:53+00:00","article_modified_time":"2025-09-16T21:50:26+00:00","og_image":[{"width":799,"height":533,"url":"https:\/\/www.manaus.am.gov.br\/semcom\/wp-content\/uploads\/sites\/5\/2025\/09\/WhatsApp-Image-2025-09-16-at-17.35.43-1.jpeg","type":"image\/jpeg"}],"author":"bvalente","twitter_card":"summary_large_image","twitter_misc":{"Written by":"bvalente","Est. reading time":"1 minuto"},"schema":{"@context":"https:\/\/schema.org","@graph":[{"@type":"WebPage","@id":"https:\/\/www.manaus.am.gov.br\/semcom\/entrega-de-600-registros-definitivos\/","url":"https:\/\/www.manaus.am.gov.br\/semcom\/entrega-de-600-registros-definitivos\/","name":"David Almeida realiza entrega hist\u00f3rica no Morro da Liberdade","isPartOf":{"@id":"https:\/\/www.manaus.am.gov.br\/semcom\/#website"},"primaryImageOfPage":{"@id":"https:\/\/www.manaus.am.gov.br\/semcom\/entrega-de-600-registros-definitivos\/#primaryimage"},"image":{"@id":"https:\/\/www.manaus.am.gov.br\/semcom\/entrega-de-600-registros-definitivos\/#primaryimage"},"thumbnailUrl":"https:\/\/www.manaus.am.gov.br\/semcom\/wp-content\/uploads\/sites\/5\/2025\/09\/WhatsApp-Image-2025-09-16-at-17.35.43-1.jpeg","datePublished":"2025-09-16T21:42:53+00:00","dateModified":"2025-09-16T21:50:26+00:00","author":{"@id":"https:\/\/www.manaus.am.gov.br\/semcom\/#\/schema\/person\/466a0e03ae4b6062809046bd560ac955"},"description":"O prefeito de Manaus, David Almeida, realizou a entrega de 600 registros definitivos de im\u00f3veis a fam\u00edlias do bairro Morro da Liberdade.","inLanguage":"pt-BR","potentialAction":[{"@type":"ReadAction","target":["https:\/\/www.manaus.am.gov.br\/semcom\/entrega-de-600-registros-definitivos\/"]}]},{"@type":"ImageObject","inLanguage":"pt-BR","@id":"https:\/\/www.manaus.am.gov.br\/semcom\/entrega-de-600-registros-definitivos\/#primaryimage","url":"https:\/\/www.manaus.am.gov.br\/semcom\/wp-content\/uploads\/sites\/5\/2025\/09\/WhatsApp-Image-2025-09-16-at-17.35.43-1.jpeg","contentUrl":"https:\/\/www.manaus.am.gov.br\/semcom\/wp-content\/uploads\/sites\/5\/2025\/09\/WhatsApp-Image-2025-09-16-at-17.35.43-1.jpeg","width":799,"height":533},{"@type":"WebSite","@id":"https:\/\/www.manaus.am.gov.br\/semcom\/#website","url":"https:\/\/www.manaus.am.gov.br\/semcom\/","name":"SEMCOM","description":"Secretaria Municipal de Comunica\u00e7\u00e3o","potentialAction":[{"@type":"SearchAction","target":{"@type":"EntryPoint","urlTemplate":"https:\/\/www.manaus.am.gov.br\/semcom\/?s={search_term_string}"},"query-input":"required name=search_term_string"}],"inLanguage":"pt-BR"},{"@type":"Person","@id":"https:\/\/www.manaus.am.gov.br\/semcom\/#\/schema\/person\/466a0e03ae4b6062809046bd560ac955","name":"bvalente","image":{"@type":"ImageObject","inLanguage":"pt-BR","@id":"https:\/\/www.manaus.am.gov.br\/semcom\/#\/schema\/person\/image\/","url":"https:\/\/secure.gravatar.com\/avatar\/3e69bc2b014bdad41adfec3a39de07d2?s=96&d=mm&r=g","contentUrl":"https:\/\/secure.gravatar.com\/avatar\/3e69bc2b014bdad41adfec3a39de07d2?s=96&d=mm&r=g","caption":"bvalente"}}]}},"_links":{"self":[{"href":"https:\/\/www.manaus.am.gov.br\/semcom\/wp-json\/wp\/v2\/posts\/245687"}],"collection":[{"href":"https:\/\/www.manaus.am.gov.br\/semcom\/wp-json\/wp\/v2\/posts"}],"about":[{"href":"https:\/\/www.manaus.am.gov.br\/semcom\/wp-json\/wp\/v2\/types\/post"}],"author":[{"embeddable":true,"href":"https:\/\/www.manaus.am.gov.br\/semcom\/wp-json\/wp\/v2\/users\/68"}],"replies":[{"embeddable":true,"href":"https:\/\/www.manaus.am.gov.br\/semcom\/wp-json\/wp\/v2\/comments?post=245687"}],"version-history":[{"count":11,"href":"https:\/\/www.manaus.am.gov.br\/semcom\/wp-json\/wp\/v2\/posts\/245687\/revisions"}],"predecessor-version":[{"id":245700,"href":"https:\/\/www.manaus.am.gov.br\/semcom\/wp-json\/wp\/v2\/posts\/245687\/revisions\/245700"}],"wp:featuredmedia":[{"embeddable":true,"href":"https:\/\/www.manaus.am.gov.br\/semcom\/wp-json\/wp\/v2\/media\/245689"}],"wp:attachment":[{"href":"https:\/\/www.manaus.am.gov.br\/semcom\/wp-json\/wp\/v2\/media?parent=245687"}],"wp:term":[{"taxonomy":"category","embeddable":true,"href":"https:\/\/www.manaus.am.gov.br\/semcom\/wp-json\/wp\/v2\/categories?post=245687"},{"taxonomy":"post_tag","embeddable":true,"href":"https:\/\/www.manaus.am.gov.br\/semcom\/wp-json\/wp\/v2\/tags?post=245687"}],"curies":[{"name":"wp","href":"https:\/\/api.w.org\/{rel}","templated":true}]}}